{"id":11297,"date":"2022-08-22T07:40:00","date_gmt":"2022-08-22T05:40:00","guid":{"rendered":"https:\/\/www.asajacyl.com\/palencia\/?p=11297"},"modified":"2022-08-19T07:50:51","modified_gmt":"2022-08-19T05:50:51","slug":"el-fega-asigna-los-derechos-de-la-reserva-nacional-de-la-pac-2021","status":"publish","type":"post","link":"https:\/\/www.asajacyl.com\/palencia\/asaja-palencia-informa\/el-fega-asigna-los-derechos-de-la-reserva-nacional-de-la-pac-2021","title":{"rendered":"El FEGA asigna los derechos de la reserva nacional de la PAC 2021"},"content":{"rendered":"\n<p>El Fondo Espa\u00f1ol de Garant\u00eda Agraria (FEGA) ha asignado derechos de pago b\u00e1sico de la reserva nacional, relativos a la PAC 2021, por importe de 13,8 millones de euros, que beneficiar\u00e1n a 2.506 agricultores y ganaderos, de los que 2.129 son j\u00f3venes, que en este caso han percibido 11,8 millones de euros (5.554,28 euros de media por beneficiario).<\/p>\n\n\n\n<p>En Castilla y Le\u00f3n han habido un total de 603 perceptores (24% del total nacional) de estos derechos de la reserva nacional, por un importe de 3,5 millones de euros (25,6% del total nacional), lo que hace una media de 5.874,27 euros por perceptor.<\/p>\n\n\n\n<p><\/p>\n","protected":false},"excerpt":{"rendered":"<p>El Fondo Espa\u00f1ol de Garant\u00eda Agraria (FEGA) ha asignado derechos de pago b\u00e1sico de la reserva nacional, relativos a la PAC 2021, por importe de 13,8 millones de euros, que beneficiar\u00e1n a 2.506 agricultores y ganaderos, de los que 2.129 son j\u00f3venes, que en este caso han percibido 11,8 millones de euros (5.554,28 euros de [&hellip;]<\/p>\n","protected":false},"author":9,"featured_media":6098,"comment_status":"open","ping_status":"open","sticky":false,"template":"","format":"standard","meta":{"footnotes":""},"categories":[9,29,28],"tags":[],"yoast_head":"<!-- This site is optimized with the Yoast SEO plugin v24.5 - https:\/\/yoast.com\/wordpress\/plugins\/seo\/ -->\n<title>El FEGA asigna los derechos de la reserva nacional de la PAC 2021 - ASAJA Palencia<\/title>\n<meta name=\"description\" content=\"El Fondo Espa\u00f1ol de Garant\u00eda Agraria (FEGA) ha asignado derechos de pago b\u00e1sico de la reserva nacional, relativos a la PAC 2021, por importe de 13,8\" \/>\n<meta name=\"robots\" content=\"index, follow, max-snippet:-1, max-image-preview:large, max-video-preview:-1\" \/>\n<link rel=\"canonical\" href=\"https:\/\/www.asajacyl.com\/palencia\/asaja-palencia-informa\/el-fega-asigna-los-derechos-de-la-reserva-nacional-de-la-pac-2021\" \/>\n<meta property=\"og:locale\" content=\"es_ES\" \/>\n<meta property=\"og:type\" content=\"article\" \/>\n<meta property=\"og:title\" content=\"El FEGA asigna los derechos de la reserva nacional de la PAC 2021 - ASAJA Palencia\" \/>\n<meta property=\"og:description\" content=\"El Fondo Espa\u00f1ol de Garant\u00eda Agraria (FEGA) ha asignado derechos de pago b\u00e1sico de la reserva nacional, relativos a la PAC 2021, por importe de 13,8\" \/>\n<meta property=\"og:url\" content=\"https:\/\/www.asajacyl.com\/palencia\/asaja-palencia-informa\/el-fega-asigna-los-derechos-de-la-reserva-nacional-de-la-pac-2021\" \/>\n<meta property=\"og:site_name\" content=\"ASAJA Palencia\" \/>\n<meta property=\"article:published_time\" content=\"2022-08-22T05:40:00+00:00\" \/>\n<meta property=\"og:image\" content=\"https:\/\/www.asajacyl.com\/palencia\/wp-content\/uploads\/sites\/3\/2019\/04\/grupo-palencia-congreso-j\u00f3venes-1.jpg\" \/>\n\t<meta property=\"og:image:width\" content=\"1328\" \/>\n\t<meta property=\"og:image:height\" content=\"747\" \/>\n\t<meta property=\"og:image:type\" content=\"image\/jpeg\" \/>\n<meta name=\"author\" content=\"Administrador\" \/>\n<meta name=\"twitter:card\" content=\"summary_large_image\" \/>\n<meta name=\"twitter:label1\" content=\"Escrito por\" \/>\n\t<meta name=\"twitter:data1\" content=\"Administrador\" \/>\n\t<meta name=\"twitter:label2\" content=\"Tiempo de lectura\" \/>\n\t<meta name=\"twitter:data2\" content=\"1 minuto\" \/>\n<script type=\"application\/ld+json\" class=\"yoast-schema-graph\">{\"@context\":\"https:\/\/schema.org\",\"@graph\":[{\"@type\":\"WebPage\",\"@id\":\"https:\/\/www.asajacyl.com\/palencia\/asaja-palencia-informa\/el-fega-asigna-los-derechos-de-la-reserva-nacional-de-la-pac-2021\",\"url\":\"https:\/\/www.asajacyl.com\/palencia\/asaja-palencia-informa\/el-fega-asigna-los-derechos-de-la-reserva-nacional-de-la-pac-2021\",\"name\":\"El FEGA asigna los derechos de la reserva nacional de la PAC 2021 - ASAJA Palencia\",\"isPartOf\":{\"@id\":\"https:\/\/www.asajacyl.com\/palencia\/#website\"},\"primaryImageOfPage\":{\"@id\":\"https:\/\/www.asajacyl.com\/palencia\/asaja-palencia-informa\/el-fega-asigna-los-derechos-de-la-reserva-nacional-de-la-pac-2021#primaryimage\"},\"image\":{\"@id\":\"https:\/\/www.asajacyl.com\/palencia\/asaja-palencia-informa\/el-fega-asigna-los-derechos-de-la-reserva-nacional-de-la-pac-2021#primaryimage\"},\"thumbnailUrl\":\"https:\/\/www.asajacyl.com\/palencia\/wp-content\/uploads\/sites\/3\/2019\/04\/grupo-palencia-congreso-j\u00f3venes-1.jpg\",\"datePublished\":\"2022-08-22T05:40:00+00:00\",\"author\":{\"@id\":\"https:\/\/www.asajacyl.com\/palencia\/#\/schema\/person\/3ab17aeb03527485c317557fae64aab1\"},\"description\":\"El Fondo Espa\u00f1ol de Garant\u00eda Agraria (FEGA) ha asignado derechos de pago b\u00e1sico de la reserva nacional, relativos a la PAC 2021, por importe de 13,8\",\"breadcrumb\":{\"@id\":\"https:\/\/www.asajacyl.com\/palencia\/asaja-palencia-informa\/el-fega-asigna-los-derechos-de-la-reserva-nacional-de-la-pac-2021#breadcrumb\"},\"inLanguage\":\"es\",\"potentialAction\":[{\"@type\":\"ReadAction\",\"target\":[\"https:\/\/www.asajacyl.com\/palencia\/asaja-palencia-informa\/el-fega-asigna-los-derechos-de-la-reserva-nacional-de-la-pac-2021\"]}]},{\"@type\":\"ImageObject\",\"inLanguage\":\"es\",\"@id\":\"https:\/\/www.asajacyl.com\/palencia\/asaja-palencia-informa\/el-fega-asigna-los-derechos-de-la-reserva-nacional-de-la-pac-2021#primaryimage\",\"url\":\"https:\/\/www.asajacyl.com\/palencia\/wp-content\/uploads\/sites\/3\/2019\/04\/grupo-palencia-congreso-j\u00f3venes-1.jpg\",\"contentUrl\":\"https:\/\/www.asajacyl.com\/palencia\/wp-content\/uploads\/sites\/3\/2019\/04\/grupo-palencia-congreso-j\u00f3venes-1.jpg\",\"width\":1328,\"height\":747},{\"@type\":\"BreadcrumbList\",\"@id\":\"https:\/\/www.asajacyl.com\/palencia\/asaja-palencia-informa\/el-fega-asigna-los-derechos-de-la-reserva-nacional-de-la-pac-2021#breadcrumb\",\"itemListElement\":[{\"@type\":\"ListItem\",\"position\":1,\"name\":\"Portada\",\"item\":\"https:\/\/www.asajacyl.com\/palencia\/\"},{\"@type\":\"ListItem\",\"position\":2,\"name\":\"El FEGA asigna los derechos de la reserva nacional de la PAC 2021\"}]},{\"@type\":\"WebSite\",\"@id\":\"https:\/\/www.asajacyl.com\/palencia\/#website\",\"url\":\"https:\/\/www.asajacyl.com\/palencia\/\",\"name\":\"ASAJA Palencia\",\"description\":\"Otro sitio m\u00e1s de Provincias ASAJA Castilla y Le\u00f3n\",\"potentialAction\":[{\"@type\":\"SearchAction\",\"target\":{\"@type\":\"EntryPoint\",\"urlTemplate\":\"https:\/\/www.asajacyl.com\/palencia\/?s={search_term_string}\"},\"query-input\":{\"@type\":\"PropertyValueSpecification\",\"valueRequired\":true,\"valueName\":\"search_term_string\"}}],\"inLanguage\":\"es\"},{\"@type\":\"Person\",\"@id\":\"https:\/\/www.asajacyl.com\/palencia\/#\/schema\/person\/3ab17aeb03527485c317557fae64aab1\",\"name\":\"Administrador\",\"image\":{\"@type\":\"ImageObject\",\"inLanguage\":\"es\",\"@id\":\"https:\/\/www.asajacyl.com\/palencia\/#\/schema\/person\/image\/\",\"url\":\"https:\/\/secure.gravatar.com\/avatar\/517384810d242ca9e38c180f3c9fb973?s=96&d=mm&r=g\",\"contentUrl\":\"https:\/\/secure.gravatar.com\/avatar\/517384810d242ca9e38c180f3c9fb973?s=96&d=mm&r=g\",\"caption\":\"Administrador\"},\"url\":\"https:\/\/www.asajacyl.com\/palencia\/author\/carlosrm\"}]}<\/script>\n<!-- \/ Yoast SEO plugin. -->","yoast_head_json":{"title":"El FEGA asigna los derechos de la reserva nacional de la PAC 2021 - ASAJA Palencia","description":"El Fondo Espa\u00f1ol de Garant\u00eda Agraria (FEGA) ha asignado derechos de pago b\u00e1sico de la reserva nacional, relativos a la PAC 2021, por importe de 13,8","robots":{"index":"index","follow":"follow","max-snippet":"max-snippet:-1","max-image-preview":"max-image-preview:large","max-video-preview":"max-video-preview:-1"},"canonical":"https:\/\/www.asajacyl.com\/palencia\/asaja-palencia-informa\/el-fega-asigna-los-derechos-de-la-reserva-nacional-de-la-pac-2021","og_locale":"es_ES","og_type":"article","og_title":"El FEGA asigna los derechos de la reserva nacional de la PAC 2021 - ASAJA Palencia","og_description":"El Fondo Espa\u00f1ol de Garant\u00eda Agraria (FEGA) ha asignado derechos de pago b\u00e1sico de la reserva nacional, relativos a la PAC 2021, por importe de 13,8","og_url":"https:\/\/www.asajacyl.com\/palencia\/asaja-palencia-informa\/el-fega-asigna-los-derechos-de-la-reserva-nacional-de-la-pac-2021","og_site_name":"ASAJA Palencia","article_published_time":"2022-08-22T05:40:00+00:00","og_image":[{"width":1328,"height":747,"url":"https:\/\/www.asajacyl.com\/palencia\/wp-content\/uploads\/sites\/3\/2019\/04\/grupo-palencia-congreso-j\u00f3venes-1.jpg","type":"image\/jpeg"}],"author":"Administrador","twitter_card":"summary_large_image","twitter_misc":{"Escrito por":"Administrador","Tiempo de lectura":"1 minuto"},"schema":{"@context":"https:\/\/schema.org","@graph":[{"@type":"WebPage","@id":"https:\/\/www.asajacyl.com\/palencia\/asaja-palencia-informa\/el-fega-asigna-los-derechos-de-la-reserva-nacional-de-la-pac-2021","url":"https:\/\/www.asajacyl.com\/palencia\/asaja-palencia-informa\/el-fega-asigna-los-derechos-de-la-reserva-nacional-de-la-pac-2021","name":"El FEGA asigna los derechos de la reserva nacional de la PAC 2021 - ASAJA Palencia","isPartOf":{"@id":"https:\/\/www.asajacyl.com\/palencia\/#website"},"primaryImageOfPage":{"@id":"https:\/\/www.asajacyl.com\/palencia\/asaja-palencia-informa\/el-fega-asigna-los-derechos-de-la-reserva-nacional-de-la-pac-2021#primaryimage"},"image":{"@id":"https:\/\/www.asajacyl.com\/palencia\/asaja-palencia-informa\/el-fega-asigna-los-derechos-de-la-reserva-nacional-de-la-pac-2021#primaryimage"},"thumbnailUrl":"https:\/\/www.asajacyl.com\/palencia\/wp-content\/uploads\/sites\/3\/2019\/04\/grupo-palencia-congreso-j\u00f3venes-1.jpg","datePublished":"2022-08-22T05:40:00+00:00","author":{"@id":"https:\/\/www.asajacyl.com\/palencia\/#\/schema\/person\/3ab17aeb03527485c317557fae64aab1"},"description":"El Fondo Espa\u00f1ol de Garant\u00eda Agraria (FEGA) ha asignado derechos de pago b\u00e1sico de la reserva nacional, relativos a la PAC 2021, por importe de 13,8","breadcrumb":{"@id":"https:\/\/www.asajacyl.com\/palencia\/asaja-palencia-informa\/el-fega-asigna-los-derechos-de-la-reserva-nacional-de-la-pac-2021#breadcrumb"},"inLanguage":"es","potentialAction":[{"@type":"ReadAction","target":["https:\/\/www.asajacyl.com\/palencia\/asaja-palencia-informa\/el-fega-asigna-los-derechos-de-la-reserva-nacional-de-la-pac-2021"]}]},{"@type":"ImageObject","inLanguage":"es","@id":"https:\/\/www.asajacyl.com\/palencia\/asaja-palencia-informa\/el-fega-asigna-los-derechos-de-la-reserva-nacional-de-la-pac-2021#primaryimage","url":"https:\/\/www.asajacyl.com\/palencia\/wp-content\/uploads\/sites\/3\/2019\/04\/grupo-palencia-congreso-j\u00f3venes-1.jpg","contentUrl":"https:\/\/www.asajacyl.com\/palencia\/wp-content\/uploads\/sites\/3\/2019\/04\/grupo-palencia-congreso-j\u00f3venes-1.jpg","width":1328,"height":747},{"@type":"BreadcrumbList","@id":"https:\/\/www.asajacyl.com\/palencia\/asaja-palencia-informa\/el-fega-asigna-los-derechos-de-la-reserva-nacional-de-la-pac-2021#breadcrumb","itemListElement":[{"@type":"ListItem","position":1,"name":"Portada","item":"https:\/\/www.asajacyl.com\/palencia\/"},{"@type":"ListItem","position":2,"name":"El FEGA asigna los derechos de la reserva nacional de la PAC 2021"}]},{"@type":"WebSite","@id":"https:\/\/www.asajacyl.com\/palencia\/#website","url":"https:\/\/www.asajacyl.com\/palencia\/","name":"ASAJA Palencia","description":"Otro sitio m\u00e1s de Provincias ASAJA Castilla y Le\u00f3n","potentialAction":[{"@type":"SearchAction","target":{"@type":"EntryPoint","urlTemplate":"https:\/\/www.asajacyl.com\/palencia\/?s={search_term_string}"},"query-input":{"@type":"PropertyValueSpecification","valueRequired":true,"valueName":"search_term_string"}}],"inLanguage":"es"},{"@type":"Person","@id":"https:\/\/www.asajacyl.com\/palencia\/#\/schema\/person\/3ab17aeb03527485c317557fae64aab1","name":"Administrador","image":{"@type":"ImageObject","inLanguage":"es","@id":"https:\/\/www.asajacyl.com\/palencia\/#\/schema\/person\/image\/","url":"https:\/\/secure.gravatar.com\/avatar\/517384810d242ca9e38c180f3c9fb973?s=96&d=mm&r=g","contentUrl":"https:\/\/secure.gravatar.com\/avatar\/517384810d242ca9e38c180f3c9fb973?s=96&d=mm&r=g","caption":"Administrador"},"url":"https:\/\/www.asajacyl.com\/palencia\/author\/carlosrm"}]}},"_links":{"self":[{"href":"https:\/\/www.asajacyl.com\/palencia\/wp-json\/wp\/v2\/posts\/11297"}],"collection":[{"href":"https:\/\/www.asajacyl.com\/palencia\/wp-json\/wp\/v2\/posts"}],"about":[{"href":"https:\/\/www.asajacyl.com\/palencia\/wp-json\/wp\/v2\/types\/post"}],"author":[{"embeddable":true,"href":"https:\/\/www.asajacyl.com\/palencia\/wp-json\/wp\/v2\/users\/9"}],"replies":[{"embeddable":true,"href":"https:\/\/www.asajacyl.com\/palencia\/wp-json\/wp\/v2\/comments?post=11297"}],"version-history":[{"count":1,"href":"https:\/\/www.asajacyl.com\/palencia\/wp-json\/wp\/v2\/posts\/11297\/revisions"}],"predecessor-version":[{"id":11298,"href":"https:\/\/www.asajacyl.com\/palencia\/wp-json\/wp\/v2\/posts\/11297\/revisions\/11298"}],"wp:featuredmedia":[{"embeddable":true,"href":"https:\/\/www.asajacyl.com\/palencia\/wp-json\/wp\/v2\/media\/6098"}],"wp:attachment":[{"href":"https:\/\/www.asajacyl.com\/palencia\/wp-json\/wp\/v2\/media?parent=11297"}],"wp:term":[{"taxonomy":"category","embeddable":true,"href":"https:\/\/www.asajacyl.com\/palencia\/wp-json\/wp\/v2\/categories?post=11297"},{"taxonomy":"post_tag","embeddable":true,"href":"https:\/\/www.asajacyl.com\/palencia\/wp-json\/wp\/v2\/tags?post=11297"}],"curies":[{"name":"wp","href":"https:\/\/api.w.org\/{rel}","templated":true}]}}