{"id":11301,"date":"2022-08-23T10:46:00","date_gmt":"2022-08-23T08:46:00","guid":{"rendered":"https:\/\/www.asajacyl.com\/palencia\/?p=11301"},"modified":"2022-08-19T10:55:14","modified_gmt":"2022-08-19T08:55:14","slug":"los-regantes-se-sienten-demonizados-por-el-miteco","status":"publish","type":"post","link":"https:\/\/www.asajacyl.com\/palencia\/asaja-palencia-informa\/los-regantes-se-sienten-demonizados-por-el-miteco","title":{"rendered":"Los regantes se sienten demonizados por el MITECO"},"content":{"rendered":"\n<p>La Federaci\u00f3n Nacional de Comunidades de Regantes (FENACORE), tras las declaraciones de Hugo Mor\u00e1n, secretario de estado de Medio Ambiente, haya demandado la reducci\u00f3n de las hect\u00e1reas de regad\u00edo, ha acusado al Ministerio de Transici\u00f3n Ecol\u00f3gica (MITECO) de demonizar al sector del regad\u00edo a cuenta de la sequ\u00eda que se est\u00e1 viviendo de forma general en Espa\u00f1a y buscando eludir sus propias responsabilidades.<\/p>\n\n\n\n<p>Los regantes recuerdan que el sector se dedica a producir alimentos mientras los grupos ecologistas parecen haber orquestado una campa\u00f1a en su contra frente a la opini\u00f3n p\u00fablica, aprovechando las bajas reservas de las diferentes cuencas espa\u00f1olas.<\/p>\n\n\n\n<p>FENACORE recuerda que la prioridad del uso del agua es para el abastecimiento humano y que se deben construir m\u00e1s embalses para hacer el m\u00e1ximo acopio de agua posible para hacer frente a los per\u00edodos de escasez.<\/p>\n","protected":false},"excerpt":{"rendered":"<p>La Federaci\u00f3n Nacional de Comunidades de Regantes (FENACORE), tras las declaraciones de Hugo Mor\u00e1n, secretario de estado de Medio Ambiente, haya demandado la reducci\u00f3n de las hect\u00e1reas de regad\u00edo, ha acusado al Ministerio de Transici\u00f3n Ecol\u00f3gica (MITECO) de demonizar al sector del regad\u00edo a cuenta de la sequ\u00eda que se est\u00e1 viviendo de forma general [&hellip;]<\/p>\n","protected":false},"author":9,"featured_media":11302,"comment_status":"open","ping_status":"open","sticky":false,"template":"","format":"standard","meta":{"footnotes":""},"categories":[9,29,28],"tags":[],"yoast_head":"<!-- This site is optimized with the Yoast SEO plugin v24.5 - https:\/\/yoast.com\/wordpress\/plugins\/seo\/ -->\n<title>Los regantes se sienten demonizados por el MITECO - ASAJA Palencia<\/title>\n<meta name=\"description\" content=\"La Federaci\u00f3n Nacional de Comunidades de Regantes (FENACORE), tras las declaraciones de Hugo Mor\u00e1n, secretario de estado de Medio Ambiente, haya demandado\" \/>\n<meta name=\"robots\" content=\"index, follow, max-snippet:-1, max-image-preview:large, max-video-preview:-1\" \/>\n<link rel=\"canonical\" href=\"https:\/\/www.asajacyl.com\/palencia\/asaja-palencia-informa\/los-regantes-se-sienten-demonizados-por-el-miteco\" \/>\n<meta property=\"og:locale\" content=\"es_ES\" \/>\n<meta property=\"og:type\" content=\"article\" \/>\n<meta property=\"og:title\" content=\"Los regantes se sienten demonizados por el MITECO - ASAJA Palencia\" \/>\n<meta property=\"og:description\" content=\"La Federaci\u00f3n Nacional de Comunidades de Regantes (FENACORE), tras las declaraciones de Hugo Mor\u00e1n, secretario de estado de Medio Ambiente, haya demandado\" \/>\n<meta property=\"og:url\" content=\"https:\/\/www.asajacyl.com\/palencia\/asaja-palencia-informa\/los-regantes-se-sienten-demonizados-por-el-miteco\" \/>\n<meta property=\"og:site_name\" content=\"ASAJA Palencia\" \/>\n<meta property=\"article:published_time\" content=\"2022-08-23T08:46:00+00:00\" \/>\n<meta property=\"og:image\" content=\"https:\/\/www.asajacyl.com\/palencia\/wp-content\/uploads\/sites\/3\/2022\/08\/EMBALSE-PALENCIA.jpg\" \/>\n\t<meta property=\"og:image:width\" content=\"1170\" \/>\n\t<meta property=\"og:image:height\" content=\"1535\" \/>\n\t<meta property=\"og:image:type\" content=\"image\/jpeg\" \/>\n<meta name=\"author\" content=\"Administrador\" \/>\n<meta name=\"twitter:card\" content=\"summary_large_image\" \/>\n<meta name=\"twitter:label1\" content=\"Escrito por\" \/>\n\t<meta name=\"twitter:data1\" content=\"Administrador\" \/>\n\t<meta name=\"twitter:label2\" content=\"Tiempo de lectura\" \/>\n\t<meta name=\"twitter:data2\" content=\"1 minuto\" \/>\n<script type=\"application\/ld+json\" class=\"yoast-schema-graph\">{\"@context\":\"https:\/\/schema.org\",\"@graph\":[{\"@type\":\"WebPage\",\"@id\":\"https:\/\/www.asajacyl.com\/palencia\/asaja-palencia-informa\/los-regantes-se-sienten-demonizados-por-el-miteco\",\"url\":\"https:\/\/www.asajacyl.com\/palencia\/asaja-palencia-informa\/los-regantes-se-sienten-demonizados-por-el-miteco\",\"name\":\"Los regantes se sienten demonizados por el MITECO - ASAJA Palencia\",\"isPartOf\":{\"@id\":\"https:\/\/www.asajacyl.com\/palencia\/#website\"},\"primaryImageOfPage\":{\"@id\":\"https:\/\/www.asajacyl.com\/palencia\/asaja-palencia-informa\/los-regantes-se-sienten-demonizados-por-el-miteco#primaryimage\"},\"image\":{\"@id\":\"https:\/\/www.asajacyl.com\/palencia\/asaja-palencia-informa\/los-regantes-se-sienten-demonizados-por-el-miteco#primaryimage\"},\"thumbnailUrl\":\"https:\/\/www.asajacyl.com\/palencia\/wp-content\/uploads\/sites\/3\/2022\/08\/EMBALSE-PALENCIA.jpg\",\"datePublished\":\"2022-08-23T08:46:00+00:00\",\"author\":{\"@id\":\"https:\/\/www.asajacyl.com\/palencia\/#\/schema\/person\/3ab17aeb03527485c317557fae64aab1\"},\"description\":\"La Federaci\u00f3n Nacional de Comunidades de Regantes (FENACORE), tras las declaraciones de Hugo Mor\u00e1n, secretario de estado de Medio Ambiente, haya demandado\",\"breadcrumb\":{\"@id\":\"https:\/\/www.asajacyl.com\/palencia\/asaja-palencia-informa\/los-regantes-se-sienten-demonizados-por-el-miteco#breadcrumb\"},\"inLanguage\":\"es\",\"potentialAction\":[{\"@type\":\"ReadAction\",\"target\":[\"https:\/\/www.asajacyl.com\/palencia\/asaja-palencia-informa\/los-regantes-se-sienten-demonizados-por-el-miteco\"]}]},{\"@type\":\"ImageObject\",\"inLanguage\":\"es\",\"@id\":\"https:\/\/www.asajacyl.com\/palencia\/asaja-palencia-informa\/los-regantes-se-sienten-demonizados-por-el-miteco#primaryimage\",\"url\":\"https:\/\/www.asajacyl.com\/palencia\/wp-content\/uploads\/sites\/3\/2022\/08\/EMBALSE-PALENCIA.jpg\",\"contentUrl\":\"https:\/\/www.asajacyl.com\/palencia\/wp-content\/uploads\/sites\/3\/2022\/08\/EMBALSE-PALENCIA.jpg\",\"width\":1170,\"height\":1535},{\"@type\":\"BreadcrumbList\",\"@id\":\"https:\/\/www.asajacyl.com\/palencia\/asaja-palencia-informa\/los-regantes-se-sienten-demonizados-por-el-miteco#breadcrumb\",\"itemListElement\":[{\"@type\":\"ListItem\",\"position\":1,\"name\":\"Portada\",\"item\":\"https:\/\/www.asajacyl.com\/palencia\/\"},{\"@type\":\"ListItem\",\"position\":2,\"name\":\"Los regantes se sienten demonizados por el MITECO\"}]},{\"@type\":\"WebSite\",\"@id\":\"https:\/\/www.asajacyl.com\/palencia\/#website\",\"url\":\"https:\/\/www.asajacyl.com\/palencia\/\",\"name\":\"ASAJA Palencia\",\"description\":\"Otro sitio m\u00e1s de Provincias ASAJA Castilla y Le\u00f3n\",\"potentialAction\":[{\"@type\":\"SearchAction\",\"target\":{\"@type\":\"EntryPoint\",\"urlTemplate\":\"https:\/\/www.asajacyl.com\/palencia\/?s={search_term_string}\"},\"query-input\":{\"@type\":\"PropertyValueSpecification\",\"valueRequired\":true,\"valueName\":\"search_term_string\"}}],\"inLanguage\":\"es\"},{\"@type\":\"Person\",\"@id\":\"https:\/\/www.asajacyl.com\/palencia\/#\/schema\/person\/3ab17aeb03527485c317557fae64aab1\",\"name\":\"Administrador\",\"image\":{\"@type\":\"ImageObject\",\"inLanguage\":\"es\",\"@id\":\"https:\/\/www.asajacyl.com\/palencia\/#\/schema\/person\/image\/\",\"url\":\"https:\/\/secure.gravatar.com\/avatar\/517384810d242ca9e38c180f3c9fb973?s=96&d=mm&r=g\",\"contentUrl\":\"https:\/\/secure.gravatar.com\/avatar\/517384810d242ca9e38c180f3c9fb973?s=96&d=mm&r=g\",\"caption\":\"Administrador\"},\"url\":\"https:\/\/www.asajacyl.com\/palencia\/author\/carlosrm\"}]}<\/script>\n<!-- \/ Yoast SEO plugin. -->","yoast_head_json":{"title":"Los regantes se sienten demonizados por el MITECO - ASAJA Palencia","description":"La Federaci\u00f3n Nacional de Comunidades de Regantes (FENACORE), tras las declaraciones de Hugo Mor\u00e1n, secretario de estado de Medio Ambiente, haya demandado","robots":{"index":"index","follow":"follow","max-snippet":"max-snippet:-1","max-image-preview":"max-image-preview:large","max-video-preview":"max-video-preview:-1"},"canonical":"https:\/\/www.asajacyl.com\/palencia\/asaja-palencia-informa\/los-regantes-se-sienten-demonizados-por-el-miteco","og_locale":"es_ES","og_type":"article","og_title":"Los regantes se sienten demonizados por el MITECO - ASAJA Palencia","og_description":"La Federaci\u00f3n Nacional de Comunidades de Regantes (FENACORE), tras las declaraciones de Hugo Mor\u00e1n, secretario de estado de Medio Ambiente, haya demandado","og_url":"https:\/\/www.asajacyl.com\/palencia\/asaja-palencia-informa\/los-regantes-se-sienten-demonizados-por-el-miteco","og_site_name":"ASAJA Palencia","article_published_time":"2022-08-23T08:46:00+00:00","og_image":[{"width":1170,"height":1535,"url":"https:\/\/www.asajacyl.com\/palencia\/wp-content\/uploads\/sites\/3\/2022\/08\/EMBALSE-PALENCIA.jpg","type":"image\/jpeg"}],"author":"Administrador","twitter_card":"summary_large_image","twitter_misc":{"Escrito por":"Administrador","Tiempo de lectura":"1 minuto"},"schema":{"@context":"https:\/\/schema.org","@graph":[{"@type":"WebPage","@id":"https:\/\/www.asajacyl.com\/palencia\/asaja-palencia-informa\/los-regantes-se-sienten-demonizados-por-el-miteco","url":"https:\/\/www.asajacyl.com\/palencia\/asaja-palencia-informa\/los-regantes-se-sienten-demonizados-por-el-miteco","name":"Los regantes se sienten demonizados por el MITECO - ASAJA Palencia","isPartOf":{"@id":"https:\/\/www.asajacyl.com\/palencia\/#website"},"primaryImageOfPage":{"@id":"https:\/\/www.asajacyl.com\/palencia\/asaja-palencia-informa\/los-regantes-se-sienten-demonizados-por-el-miteco#primaryimage"},"image":{"@id":"https:\/\/www.asajacyl.com\/palencia\/asaja-palencia-informa\/los-regantes-se-sienten-demonizados-por-el-miteco#primaryimage"},"thumbnailUrl":"https:\/\/www.asajacyl.com\/palencia\/wp-content\/uploads\/sites\/3\/2022\/08\/EMBALSE-PALENCIA.jpg","datePublished":"2022-08-23T08:46:00+00:00","author":{"@id":"https:\/\/www.asajacyl.com\/palencia\/#\/schema\/person\/3ab17aeb03527485c317557fae64aab1"},"description":"La Federaci\u00f3n Nacional de Comunidades de Regantes (FENACORE), tras las declaraciones de Hugo Mor\u00e1n, secretario de estado de Medio Ambiente, haya demandado","breadcrumb":{"@id":"https:\/\/www.asajacyl.com\/palencia\/asaja-palencia-informa\/los-regantes-se-sienten-demonizados-por-el-miteco#breadcrumb"},"inLanguage":"es","potentialAction":[{"@type":"ReadAction","target":["https:\/\/www.asajacyl.com\/palencia\/asaja-palencia-informa\/los-regantes-se-sienten-demonizados-por-el-miteco"]}]},{"@type":"ImageObject","inLanguage":"es","@id":"https:\/\/www.asajacyl.com\/palencia\/asaja-palencia-informa\/los-regantes-se-sienten-demonizados-por-el-miteco#primaryimage","url":"https:\/\/www.asajacyl.com\/palencia\/wp-content\/uploads\/sites\/3\/2022\/08\/EMBALSE-PALENCIA.jpg","contentUrl":"https:\/\/www.asajacyl.com\/palencia\/wp-content\/uploads\/sites\/3\/2022\/08\/EMBALSE-PALENCIA.jpg","width":1170,"height":1535},{"@type":"BreadcrumbList","@id":"https:\/\/www.asajacyl.com\/palencia\/asaja-palencia-informa\/los-regantes-se-sienten-demonizados-por-el-miteco#breadcrumb","itemListElement":[{"@type":"ListItem","position":1,"name":"Portada","item":"https:\/\/www.asajacyl.com\/palencia\/"},{"@type":"ListItem","position":2,"name":"Los regantes se sienten demonizados por el MITECO"}]},{"@type":"WebSite","@id":"https:\/\/www.asajacyl.com\/palencia\/#website","url":"https:\/\/www.asajacyl.com\/palencia\/","name":"ASAJA Palencia","description":"Otro sitio m\u00e1s de Provincias ASAJA Castilla y Le\u00f3n","potentialAction":[{"@type":"SearchAction","target":{"@type":"EntryPoint","urlTemplate":"https:\/\/www.asajacyl.com\/palencia\/?s={search_term_string}"},"query-input":{"@type":"PropertyValueSpecification","valueRequired":true,"valueName":"search_term_string"}}],"inLanguage":"es"},{"@type":"Person","@id":"https:\/\/www.asajacyl.com\/palencia\/#\/schema\/person\/3ab17aeb03527485c317557fae64aab1","name":"Administrador","image":{"@type":"ImageObject","inLanguage":"es","@id":"https:\/\/www.asajacyl.com\/palencia\/#\/schema\/person\/image\/","url":"https:\/\/secure.gravatar.com\/avatar\/517384810d242ca9e38c180f3c9fb973?s=96&d=mm&r=g","contentUrl":"https:\/\/secure.gravatar.com\/avatar\/517384810d242ca9e38c180f3c9fb973?s=96&d=mm&r=g","caption":"Administrador"},"url":"https:\/\/www.asajacyl.com\/palencia\/author\/carlosrm"}]}},"_links":{"self":[{"href":"https:\/\/www.asajacyl.com\/palencia\/wp-json\/wp\/v2\/posts\/11301"}],"collection":[{"href":"https:\/\/www.asajacyl.com\/palencia\/wp-json\/wp\/v2\/posts"}],"about":[{"href":"https:\/\/www.asajacyl.com\/palencia\/wp-json\/wp\/v2\/types\/post"}],"author":[{"embeddable":true,"href":"https:\/\/www.asajacyl.com\/palencia\/wp-json\/wp\/v2\/users\/9"}],"replies":[{"embeddable":true,"href":"https:\/\/www.asajacyl.com\/palencia\/wp-json\/wp\/v2\/comments?post=11301"}],"version-history":[{"count":1,"href":"https:\/\/www.asajacyl.com\/palencia\/wp-json\/wp\/v2\/posts\/11301\/revisions"}],"predecessor-version":[{"id":11303,"href":"https:\/\/www.asajacyl.com\/palencia\/wp-json\/wp\/v2\/posts\/11301\/revisions\/11303"}],"wp:featuredmedia":[{"embeddable":true,"href":"https:\/\/www.asajacyl.com\/palencia\/wp-json\/wp\/v2\/media\/11302"}],"wp:attachment":[{"href":"https:\/\/www.asajacyl.com\/palencia\/wp-json\/wp\/v2\/media?parent=11301"}],"wp:term":[{"taxonomy":"category","embeddable":true,"href":"https:\/\/www.asajacyl.com\/palencia\/wp-json\/wp\/v2\/categories?post=11301"},{"taxonomy":"post_tag","embeddable":true,"href":"https:\/\/www.asajacyl.com\/palencia\/wp-json\/wp\/v2\/tags?post=11301"}],"curies":[{"name":"wp","href":"https:\/\/api.w.org\/{rel}","templated":true}]}}