{"id":11307,"date":"2022-08-25T11:16:00","date_gmt":"2022-08-25T09:16:00","guid":{"rendered":"https:\/\/www.asajacyl.com\/palencia\/?p=11307"},"modified":"2022-08-19T11:57:50","modified_gmt":"2022-08-19T09:57:50","slug":"se-aprueba-la-estrategia-del-lobo-sin-la-aprobacion-de-las-regiones-mas-afectadas-por-el","status":"publish","type":"post","link":"https:\/\/www.asajacyl.com\/palencia\/asaja-palencia-informa\/se-aprueba-la-estrategia-del-lobo-sin-la-aprobacion-de-las-regiones-mas-afectadas-por-el","title":{"rendered":"Se aprueba la Estrategia del Lobo sin el benepl\u00e1cito de las regiones m\u00e1s afectadas por \u00e9l"},"content":{"rendered":"\n<p>La Conferencia sectorial de Medio Ambiente, donde se re\u00fanen las diversas autonom\u00edas con el Gobierno, ha aprobado la \u00abEstrategia para la convivencia de las actividades del medio rural con el lobo y su conservaci\u00f3n\u00bb con el voto en contra de Castilla y Le\u00f3n y Galicia, que albergan aproximadamente el 90% de las manadas, y no habi\u00e9ndose tenido en cuenta las principales alegaciones de nuestra regi\u00f3n.<\/p>\n\n\n\n<p>Seg\u00fan el MITECO, dicha estrategia busca territorializar los fondos para pagar los da\u00f1os al ganado, impulsar un nuevo censo nacional y activar un protocolo para la autorizaci\u00f3n de excepciones para la extracci\u00f3n selectiva de ejemplares. <\/p>\n\n\n\n<p>Como indica el texto de la estrategia, Castilla y Le\u00f3n albergaba seg\u00fan el censo coordinado de 2013-2014 el 60,2% de las manadas (algunas compartidas con otras autonom\u00edas), que ascend\u00edan a 179 manadas (siendo 16 las compartidas), ahora el censo debe ser mucho mayor. Entre 2018 y 2021, mediante la caza se extrajeron 205 ejemplares y se realizaron 14 extracciones excepcionales al sur del Duero y una al Norte. Hay que recordar que la caza ahora mismo est\u00e1 paralizado debido a la inclusi\u00f3n del lobo en el Listado de Especies Silvestres en R\u00e9gimen de Protecci\u00f3n Especial (LESPRE) el pasado a\u00f1o.<\/p>\n\n\n\n<p>Los datos sobre los da\u00f1os que produce el lobo en Castilla y Le\u00f3n son los siguientes:<\/p>\n\n\n\n<figure class=\"wp-block-table aligncenter is-style-stripes\"><table><tbody><tr><td class=\"has-text-align-center\" data-align=\"center\"><strong>A\u00d1O<\/strong><\/td><td class=\"has-text-align-center\" data-align=\"center\"><strong>N\u00ba DE INCIDENTES<\/strong><\/td><td class=\"has-text-align-center\" data-align=\"center\"><strong>ANIMALES AFECTADOS<\/strong><\/td><td class=\"has-text-align-center\" data-align=\"center\"><strong>ANIMALES INDEMNIZADOS<\/strong><\/td><td class=\"has-text-align-center\" data-align=\"center\"><strong>INDEMNIZACIONES (\u20ac)<\/strong><\/td><td><\/td><\/tr><tr><td class=\"has-text-align-center\" data-align=\"center\">2016<\/td><td class=\"has-text-align-center\" data-align=\"center\">1.910<\/td><td class=\"has-text-align-center\" data-align=\"center\">3.486<\/td><td class=\"has-text-align-center\" data-align=\"center\">2.148<\/td><td class=\"has-text-align-center\" data-align=\"center\">736.008<\/td><td><\/td><\/tr><tr><td class=\"has-text-align-center\" data-align=\"center\">2017<\/td><td class=\"has-text-align-center\" data-align=\"center\">1.989<\/td><td class=\"has-text-align-center\" data-align=\"center\">2.982<\/td><td class=\"has-text-align-center\" data-align=\"center\">2.621<\/td><td class=\"has-text-align-center\" data-align=\"center\">886.609<\/td><td><\/td><\/tr><tr><td class=\"has-text-align-center\" data-align=\"center\">2018<\/td><td class=\"has-text-align-center\" data-align=\"center\">2.609<\/td><td class=\"has-text-align-center\" data-align=\"center\">3.738<\/td><td class=\"has-text-align-center\" data-align=\"center\">2.969<\/td><td class=\"has-text-align-center\" data-align=\"center\">1.132.395<\/td><td><\/td><\/tr><tr><td class=\"has-text-align-center\" data-align=\"center\">2019<\/td><td class=\"has-text-align-center\" data-align=\"center\">2.579<\/td><td class=\"has-text-align-center\" data-align=\"center\">3.774<\/td><td class=\"has-text-align-center\" data-align=\"center\">3.096<\/td><td class=\"has-text-align-center\" data-align=\"center\">1.270.721<\/td><td><\/td><\/tr><tr><td class=\"has-text-align-center\" data-align=\"center\">2020<\/td><td class=\"has-text-align-center\" data-align=\"center\">2.647<\/td><td class=\"has-text-align-center\" data-align=\"center\">3.838<\/td><td class=\"has-text-align-center\" data-align=\"center\">3.838<\/td><td class=\"has-text-align-center\" data-align=\"center\">1.593.606<\/td><td><\/td><\/tr><tr><td class=\"has-text-align-center\" data-align=\"center\">2021<\/td><td class=\"has-text-align-center\" data-align=\"center\">2.669<\/td><td class=\"has-text-align-center\" data-align=\"center\">4.296<\/td><td class=\"has-text-align-center\" data-align=\"center\">4.287<\/td><td class=\"has-text-align-center\" data-align=\"center\">1.805.024 (primer semestre)<\/td><td><\/td><\/tr><\/tbody><\/table><\/figure>\n\n\n\n<p>En Palencia, el \u00faltimo dato data de 2020, donde se produjeron 56 ataques oficiales. Cabe recordar que hay muchos ataques que oficialmente no existen ya que los ganaderos no siempre comunican estos ataques y hay casos en que los animales han desaparecido.<\/p>\n\n\n\n<p>En la zona de Bra\u00f1osera existe una manada que adem\u00e1s de producir da\u00f1os en la zona se ha cebado con una explotaci\u00f3n de cabras de la raza blanca serrana, catalogada por el MAPA como en peligro de extinci\u00f3n. Desde ASAJA-Palencia se ha solicitado en reiteradas ocasiones que se realice un control de dichos lobos sin haber obtenido hasta ahora una respuesta positiva por parte de la Consejer\u00eda de Medio Ambiente, que a su vez depende de los permisos del MITECO, quiz\u00e1 ha llegado el momento de que este ministerio demuestre que realmente quiere realizar una extracci\u00f3n selectiva de ejemplares de lobo y no s\u00f3lo ha a\u00f1adido esas cuestiones en la estrategia de cara a la galer\u00eda y no se va a realizar en la pr\u00e1ctica.<\/p>\n","protected":false},"excerpt":{"rendered":"<p>La Conferencia sectorial de Medio Ambiente, donde se re\u00fanen las diversas autonom\u00edas con el Gobierno, ha aprobado la \u00abEstrategia para la convivencia de las actividades del medio rural con el lobo y su conservaci\u00f3n\u00bb con el voto en contra de Castilla y Le\u00f3n y Galicia, que albergan aproximadamente el 90% de las manadas, y no [&hellip;]<\/p>\n","protected":false},"author":9,"featured_media":8757,"comment_status":"open","ping_status":"open","sticky":false,"template":"","format":"standard","meta":{"footnotes":""},"categories":[9,29,28],"tags":[],"yoast_head":"<!-- This site is optimized with the Yoast SEO plugin v24.5 - https:\/\/yoast.com\/wordpress\/plugins\/seo\/ -->\n<title>Se aprueba la Estrategia del Lobo sin el benepl\u00e1cito de las regiones m\u00e1s afectadas por \u00e9l - ASAJA Palencia<\/title>\n<meta name=\"description\" content=\"La Conferencia sectorial de Medio Ambiente, donde se re\u00fanen las diversas autonom\u00edas con el Gobierno, ha aprobado la &quot;Estrategia para la convivencia de las\" \/>\n<meta name=\"robots\" content=\"index, follow, max-snippet:-1, max-image-preview:large, max-video-preview:-1\" \/>\n<link rel=\"canonical\" href=\"https:\/\/www.asajacyl.com\/palencia\/asaja-palencia-informa\/se-aprueba-la-estrategia-del-lobo-sin-la-aprobacion-de-las-regiones-mas-afectadas-por-el\" \/>\n<meta property=\"og:locale\" content=\"es_ES\" \/>\n<meta property=\"og:type\" content=\"article\" \/>\n<meta property=\"og:title\" content=\"Se aprueba la Estrategia del Lobo sin el benepl\u00e1cito de las regiones m\u00e1s afectadas por \u00e9l - ASAJA Palencia\" \/>\n<meta property=\"og:description\" content=\"La Conferencia sectorial de Medio Ambiente, donde se re\u00fanen las diversas autonom\u00edas con el Gobierno, ha aprobado la &quot;Estrategia para la convivencia de las\" \/>\n<meta property=\"og:url\" content=\"https:\/\/www.asajacyl.com\/palencia\/asaja-palencia-informa\/se-aprueba-la-estrategia-del-lobo-sin-la-aprobacion-de-las-regiones-mas-afectadas-por-el\" \/>\n<meta property=\"og:site_name\" content=\"ASAJA Palencia\" \/>\n<meta property=\"article:published_time\" content=\"2022-08-25T09:16:00+00:00\" \/>\n<meta property=\"og:image\" content=\"https:\/\/www.asajacyl.com\/palencia\/wp-content\/uploads\/sites\/3\/2021\/08\/LOBO-VALBERZOSO.jpg\" \/>\n\t<meta property=\"og:image:width\" content=\"1600\" \/>\n\t<meta property=\"og:image:height\" content=\"1202\" \/>\n\t<meta property=\"og:image:type\" content=\"image\/jpeg\" \/>\n<meta name=\"author\" content=\"Administrador\" \/>\n<meta name=\"twitter:card\" content=\"summary_large_image\" \/>\n<meta name=\"twitter:label1\" content=\"Escrito por\" \/>\n\t<meta name=\"twitter:data1\" content=\"Administrador\" \/>\n\t<meta name=\"twitter:label2\" content=\"Tiempo de lectura\" \/>\n\t<meta name=\"twitter:data2\" content=\"2 minutos\" \/>\n<script type=\"application\/ld+json\" class=\"yoast-schema-graph\">{\"@context\":\"https:\/\/schema.org\",\"@graph\":[{\"@type\":\"WebPage\",\"@id\":\"https:\/\/www.asajacyl.com\/palencia\/asaja-palencia-informa\/se-aprueba-la-estrategia-del-lobo-sin-la-aprobacion-de-las-regiones-mas-afectadas-por-el\",\"url\":\"https:\/\/www.asajacyl.com\/palencia\/asaja-palencia-informa\/se-aprueba-la-estrategia-del-lobo-sin-la-aprobacion-de-las-regiones-mas-afectadas-por-el\",\"name\":\"Se aprueba la Estrategia del Lobo sin el benepl\u00e1cito de las regiones m\u00e1s afectadas por \u00e9l - ASAJA Palencia\",\"isPartOf\":{\"@id\":\"https:\/\/www.asajacyl.com\/palencia\/#website\"},\"primaryImageOfPage\":{\"@id\":\"https:\/\/www.asajacyl.com\/palencia\/asaja-palencia-informa\/se-aprueba-la-estrategia-del-lobo-sin-la-aprobacion-de-las-regiones-mas-afectadas-por-el#primaryimage\"},\"image\":{\"@id\":\"https:\/\/www.asajacyl.com\/palencia\/asaja-palencia-informa\/se-aprueba-la-estrategia-del-lobo-sin-la-aprobacion-de-las-regiones-mas-afectadas-por-el#primaryimage\"},\"thumbnailUrl\":\"https:\/\/www.asajacyl.com\/palencia\/wp-content\/uploads\/sites\/3\/2021\/08\/LOBO-VALBERZOSO.jpg\",\"datePublished\":\"2022-08-25T09:16:00+00:00\",\"author\":{\"@id\":\"https:\/\/www.asajacyl.com\/palencia\/#\/schema\/person\/3ab17aeb03527485c317557fae64aab1\"},\"description\":\"La Conferencia sectorial de Medio Ambiente, donde se re\u00fanen las diversas autonom\u00edas con el Gobierno, ha aprobado la \\\"Estrategia para la convivencia de las\",\"breadcrumb\":{\"@id\":\"https:\/\/www.asajacyl.com\/palencia\/asaja-palencia-informa\/se-aprueba-la-estrategia-del-lobo-sin-la-aprobacion-de-las-regiones-mas-afectadas-por-el#breadcrumb\"},\"inLanguage\":\"es\",\"potentialAction\":[{\"@type\":\"ReadAction\",\"target\":[\"https:\/\/www.asajacyl.com\/palencia\/asaja-palencia-informa\/se-aprueba-la-estrategia-del-lobo-sin-la-aprobacion-de-las-regiones-mas-afectadas-por-el\"]}]},{\"@type\":\"ImageObject\",\"inLanguage\":\"es\",\"@id\":\"https:\/\/www.asajacyl.com\/palencia\/asaja-palencia-informa\/se-aprueba-la-estrategia-del-lobo-sin-la-aprobacion-de-las-regiones-mas-afectadas-por-el#primaryimage\",\"url\":\"https:\/\/www.asajacyl.com\/palencia\/wp-content\/uploads\/sites\/3\/2021\/08\/LOBO-VALBERZOSO.jpg\",\"contentUrl\":\"https:\/\/www.asajacyl.com\/palencia\/wp-content\/uploads\/sites\/3\/2021\/08\/LOBO-VALBERZOSO.jpg\",\"width\":1600,\"height\":1202},{\"@type\":\"BreadcrumbList\",\"@id\":\"https:\/\/www.asajacyl.com\/palencia\/asaja-palencia-informa\/se-aprueba-la-estrategia-del-lobo-sin-la-aprobacion-de-las-regiones-mas-afectadas-por-el#breadcrumb\",\"itemListElement\":[{\"@type\":\"ListItem\",\"position\":1,\"name\":\"Portada\",\"item\":\"https:\/\/www.asajacyl.com\/palencia\/\"},{\"@type\":\"ListItem\",\"position\":2,\"name\":\"Se aprueba la Estrategia del Lobo sin el benepl\u00e1cito de las regiones m\u00e1s afectadas por \u00e9l\"}]},{\"@type\":\"WebSite\",\"@id\":\"https:\/\/www.asajacyl.com\/palencia\/#website\",\"url\":\"https:\/\/www.asajacyl.com\/palencia\/\",\"name\":\"ASAJA Palencia\",\"description\":\"Otro sitio m\u00e1s de Provincias ASAJA Castilla y Le\u00f3n\",\"potentialAction\":[{\"@type\":\"SearchAction\",\"target\":{\"@type\":\"EntryPoint\",\"urlTemplate\":\"https:\/\/www.asajacyl.com\/palencia\/?s={search_term_string}\"},\"query-input\":{\"@type\":\"PropertyValueSpecification\",\"valueRequired\":true,\"valueName\":\"search_term_string\"}}],\"inLanguage\":\"es\"},{\"@type\":\"Person\",\"@id\":\"https:\/\/www.asajacyl.com\/palencia\/#\/schema\/person\/3ab17aeb03527485c317557fae64aab1\",\"name\":\"Administrador\",\"image\":{\"@type\":\"ImageObject\",\"inLanguage\":\"es\",\"@id\":\"https:\/\/www.asajacyl.com\/palencia\/#\/schema\/person\/image\/\",\"url\":\"https:\/\/secure.gravatar.com\/avatar\/517384810d242ca9e38c180f3c9fb973?s=96&d=mm&r=g\",\"contentUrl\":\"https:\/\/secure.gravatar.com\/avatar\/517384810d242ca9e38c180f3c9fb973?s=96&d=mm&r=g\",\"caption\":\"Administrador\"},\"url\":\"https:\/\/www.asajacyl.com\/palencia\/author\/carlosrm\"}]}<\/script>\n<!-- \/ Yoast SEO plugin. -->","yoast_head_json":{"title":"Se aprueba la Estrategia del Lobo sin el benepl\u00e1cito de las regiones m\u00e1s afectadas por \u00e9l - ASAJA Palencia","description":"La Conferencia sectorial de Medio Ambiente, donde se re\u00fanen las diversas autonom\u00edas con el Gobierno, ha aprobado la \"Estrategia para la convivencia de las","robots":{"index":"index","follow":"follow","max-snippet":"max-snippet:-1","max-image-preview":"max-image-preview:large","max-video-preview":"max-video-preview:-1"},"canonical":"https:\/\/www.asajacyl.com\/palencia\/asaja-palencia-informa\/se-aprueba-la-estrategia-del-lobo-sin-la-aprobacion-de-las-regiones-mas-afectadas-por-el","og_locale":"es_ES","og_type":"article","og_title":"Se aprueba la Estrategia del Lobo sin el benepl\u00e1cito de las regiones m\u00e1s afectadas por \u00e9l - ASAJA Palencia","og_description":"La Conferencia sectorial de Medio Ambiente, donde se re\u00fanen las diversas autonom\u00edas con el Gobierno, ha aprobado la \"Estrategia para la convivencia de las","og_url":"https:\/\/www.asajacyl.com\/palencia\/asaja-palencia-informa\/se-aprueba-la-estrategia-del-lobo-sin-la-aprobacion-de-las-regiones-mas-afectadas-por-el","og_site_name":"ASAJA Palencia","article_published_time":"2022-08-25T09:16:00+00:00","og_image":[{"width":1600,"height":1202,"url":"https:\/\/www.asajacyl.com\/palencia\/wp-content\/uploads\/sites\/3\/2021\/08\/LOBO-VALBERZOSO.jpg","type":"image\/jpeg"}],"author":"Administrador","twitter_card":"summary_large_image","twitter_misc":{"Escrito por":"Administrador","Tiempo de lectura":"2 minutos"},"schema":{"@context":"https:\/\/schema.org","@graph":[{"@type":"WebPage","@id":"https:\/\/www.asajacyl.com\/palencia\/asaja-palencia-informa\/se-aprueba-la-estrategia-del-lobo-sin-la-aprobacion-de-las-regiones-mas-afectadas-por-el","url":"https:\/\/www.asajacyl.com\/palencia\/asaja-palencia-informa\/se-aprueba-la-estrategia-del-lobo-sin-la-aprobacion-de-las-regiones-mas-afectadas-por-el","name":"Se aprueba la Estrategia del Lobo sin el benepl\u00e1cito de las regiones m\u00e1s afectadas por \u00e9l - ASAJA Palencia","isPartOf":{"@id":"https:\/\/www.asajacyl.com\/palencia\/#website"},"primaryImageOfPage":{"@id":"https:\/\/www.asajacyl.com\/palencia\/asaja-palencia-informa\/se-aprueba-la-estrategia-del-lobo-sin-la-aprobacion-de-las-regiones-mas-afectadas-por-el#primaryimage"},"image":{"@id":"https:\/\/www.asajacyl.com\/palencia\/asaja-palencia-informa\/se-aprueba-la-estrategia-del-lobo-sin-la-aprobacion-de-las-regiones-mas-afectadas-por-el#primaryimage"},"thumbnailUrl":"https:\/\/www.asajacyl.com\/palencia\/wp-content\/uploads\/sites\/3\/2021\/08\/LOBO-VALBERZOSO.jpg","datePublished":"2022-08-25T09:16:00+00:00","author":{"@id":"https:\/\/www.asajacyl.com\/palencia\/#\/schema\/person\/3ab17aeb03527485c317557fae64aab1"},"description":"La Conferencia sectorial de Medio Ambiente, donde se re\u00fanen las diversas autonom\u00edas con el Gobierno, ha aprobado la \"Estrategia para la convivencia de las","breadcrumb":{"@id":"https:\/\/www.asajacyl.com\/palencia\/asaja-palencia-informa\/se-aprueba-la-estrategia-del-lobo-sin-la-aprobacion-de-las-regiones-mas-afectadas-por-el#breadcrumb"},"inLanguage":"es","potentialAction":[{"@type":"ReadAction","target":["https:\/\/www.asajacyl.com\/palencia\/asaja-palencia-informa\/se-aprueba-la-estrategia-del-lobo-sin-la-aprobacion-de-las-regiones-mas-afectadas-por-el"]}]},{"@type":"ImageObject","inLanguage":"es","@id":"https:\/\/www.asajacyl.com\/palencia\/asaja-palencia-informa\/se-aprueba-la-estrategia-del-lobo-sin-la-aprobacion-de-las-regiones-mas-afectadas-por-el#primaryimage","url":"https:\/\/www.asajacyl.com\/palencia\/wp-content\/uploads\/sites\/3\/2021\/08\/LOBO-VALBERZOSO.jpg","contentUrl":"https:\/\/www.asajacyl.com\/palencia\/wp-content\/uploads\/sites\/3\/2021\/08\/LOBO-VALBERZOSO.jpg","width":1600,"height":1202},{"@type":"BreadcrumbList","@id":"https:\/\/www.asajacyl.com\/palencia\/asaja-palencia-informa\/se-aprueba-la-estrategia-del-lobo-sin-la-aprobacion-de-las-regiones-mas-afectadas-por-el#breadcrumb","itemListElement":[{"@type":"ListItem","position":1,"name":"Portada","item":"https:\/\/www.asajacyl.com\/palencia\/"},{"@type":"ListItem","position":2,"name":"Se aprueba la Estrategia del Lobo sin el benepl\u00e1cito de las regiones m\u00e1s afectadas por \u00e9l"}]},{"@type":"WebSite","@id":"https:\/\/www.asajacyl.com\/palencia\/#website","url":"https:\/\/www.asajacyl.com\/palencia\/","name":"ASAJA Palencia","description":"Otro sitio m\u00e1s de Provincias ASAJA Castilla y Le\u00f3n","potentialAction":[{"@type":"SearchAction","target":{"@type":"EntryPoint","urlTemplate":"https:\/\/www.asajacyl.com\/palencia\/?s={search_term_string}"},"query-input":{"@type":"PropertyValueSpecification","valueRequired":true,"valueName":"search_term_string"}}],"inLanguage":"es"},{"@type":"Person","@id":"https:\/\/www.asajacyl.com\/palencia\/#\/schema\/person\/3ab17aeb03527485c317557fae64aab1","name":"Administrador","image":{"@type":"ImageObject","inLanguage":"es","@id":"https:\/\/www.asajacyl.com\/palencia\/#\/schema\/person\/image\/","url":"https:\/\/secure.gravatar.com\/avatar\/517384810d242ca9e38c180f3c9fb973?s=96&d=mm&r=g","contentUrl":"https:\/\/secure.gravatar.com\/avatar\/517384810d242ca9e38c180f3c9fb973?s=96&d=mm&r=g","caption":"Administrador"},"url":"https:\/\/www.asajacyl.com\/palencia\/author\/carlosrm"}]}},"_links":{"self":[{"href":"https:\/\/www.asajacyl.com\/palencia\/wp-json\/wp\/v2\/posts\/11307"}],"collection":[{"href":"https:\/\/www.asajacyl.com\/palencia\/wp-json\/wp\/v2\/posts"}],"about":[{"href":"https:\/\/www.asajacyl.com\/palencia\/wp-json\/wp\/v2\/types\/post"}],"author":[{"embeddable":true,"href":"https:\/\/www.asajacyl.com\/palencia\/wp-json\/wp\/v2\/users\/9"}],"replies":[{"embeddable":true,"href":"https:\/\/www.asajacyl.com\/palencia\/wp-json\/wp\/v2\/comments?post=11307"}],"version-history":[{"count":3,"href":"https:\/\/www.asajacyl.com\/palencia\/wp-json\/wp\/v2\/posts\/11307\/revisions"}],"predecessor-version":[{"id":11330,"href":"https:\/\/www.asajacyl.com\/palencia\/wp-json\/wp\/v2\/posts\/11307\/revisions\/11330"}],"wp:featuredmedia":[{"embeddable":true,"href":"https:\/\/www.asajacyl.com\/palencia\/wp-json\/wp\/v2\/media\/8757"}],"wp:attachment":[{"href":"https:\/\/www.asajacyl.com\/palencia\/wp-json\/wp\/v2\/media?parent=11307"}],"wp:term":[{"taxonomy":"category","embeddable":true,"href":"https:\/\/www.asajacyl.com\/palencia\/wp-json\/wp\/v2\/categories?post=11307"},{"taxonomy":"post_tag","embeddable":true,"href":"https:\/\/www.asajacyl.com\/palencia\/wp-json\/wp\/v2\/tags?post=11307"}],"curies":[{"name":"wp","href":"https:\/\/api.w.org\/{rel}","templated":true}]}}