{"id":11311,"date":"2022-09-02T14:03:00","date_gmt":"2022-09-02T12:03:00","guid":{"rendered":"https:\/\/www.asajacyl.com\/palencia\/?p=11311"},"modified":"2022-08-26T10:15:49","modified_gmt":"2022-08-26T08:15:49","slug":"investigadores-afirman-que-la-peninsula-iberica-esta-sufriendo-las-peores-sequias-de-los-ultimos-1-200-anos","status":"publish","type":"post","link":"https:\/\/www.asajacyl.com\/palencia\/asaja-palencia-informa\/investigadores-afirman-que-la-peninsula-iberica-esta-sufriendo-las-peores-sequias-de-los-ultimos-1-200-anos","title":{"rendered":"Investigadores afirman que la pen\u00ednsula ib\u00e9rica est\u00e1 sufriendo las peores sequ\u00edas de los \u00faltimos 1.200 a\u00f1os"},"content":{"rendered":"\n<p>Investigadores de la Instituci\u00f3n Oceanogr\u00e1fica Woods Hole, con sede en Estados Unidos, afirman en un estudio, publicado en la revista Nature Geoscience, que la persistente falta de lluvias que peri\u00f3dicamente ocurre en la pen\u00ednsula ib\u00e9rica se debe al comportamiento del anticicl\u00f3n de las Azores de manera que, cuando \u00e9ste aumenta de tama\u00f1o, la expansi\u00f3n hace que las lluvias se desv\u00eden de Espa\u00f1a y Portugal. Los modelos utilizados indican que cuando el anticicl\u00f3n tiene un aumento sustancial se pueden reducir las precipitaciones pr\u00e1cticamente en un tercio.<\/p>\n\n\n\n<p>Seg\u00fan indica el documento, el hombre afecta al clima desde aproximadamente 1850, con la Revoluci\u00f3n Industrial, y los cambios que est\u00e1 habiendo desde entonces no tienen precedentes en los \u00faltimos 1.200 a\u00f1os, algo que han deducido estudiando las estalagmitas de la cueva Buraca Gloriosa (Portugal).<\/p>\n\n\n\n<p>La investigaci\u00f3n indica que en los \u00faltimos 12 siglos los per\u00edodos de gran expansi\u00f3n del anticicl\u00f3n de las Azores se produc\u00edan uno de cada diez a\u00f1os. En el siglo XX, estos crecimientos del anticicl\u00f3n se produjeron con mayor frecuencia, concretamente una vez cada siete a\u00f1os. Por \u00faltimo, en los 25 a\u00f1os que van de 1980 a 2005 la frecuencia aument\u00f3 a una gran expansi\u00f3n del anticicl\u00f3n cada cuatro a\u00f1os, lo que indica que la nuestra pen\u00ednsula est\u00e1 experimentando las peores sequ\u00edas de los \u00faltimos 1.200 a\u00f1os.<\/p>\n","protected":false},"excerpt":{"rendered":"<p>Investigadores de la Instituci\u00f3n Oceanogr\u00e1fica Woods Hole, con sede en Estados Unidos, afirman en un estudio, publicado en la revista Nature Geoscience, que la persistente falta de lluvias que peri\u00f3dicamente ocurre en la pen\u00ednsula ib\u00e9rica se debe al comportamiento del anticicl\u00f3n de las Azores de manera que, cuando \u00e9ste aumenta de tama\u00f1o, la expansi\u00f3n hace [&hellip;]<\/p>\n","protected":false},"author":9,"featured_media":11312,"comment_status":"open","ping_status":"open","sticky":false,"template":"","format":"standard","meta":{"footnotes":""},"categories":[9,29,28],"tags":[],"yoast_head":"<!-- This site is optimized with the Yoast SEO plugin v24.5 - https:\/\/yoast.com\/wordpress\/plugins\/seo\/ -->\n<title>Investigadores afirman que la pen\u00ednsula ib\u00e9rica est\u00e1 sufriendo las peores sequ\u00edas de los \u00faltimos 1.200 a\u00f1os - ASAJA Palencia<\/title>\n<meta name=\"description\" content=\"Investigadores de la Instituci\u00f3n Oceanogr\u00e1fica Woods Hole, con sede en Estados Unidos, afirman en un estudio, publicado en la revista Nature Geoscience,\" \/>\n<meta name=\"robots\" content=\"index, follow, max-snippet:-1, max-image-preview:large, max-video-preview:-1\" \/>\n<link rel=\"canonical\" href=\"https:\/\/www.asajacyl.com\/palencia\/asaja-palencia-informa\/investigadores-afirman-que-la-peninsula-iberica-esta-sufriendo-las-peores-sequias-de-los-ultimos-1-200-anos\" \/>\n<meta property=\"og:locale\" content=\"es_ES\" \/>\n<meta property=\"og:type\" content=\"article\" \/>\n<meta property=\"og:title\" content=\"Investigadores afirman que la pen\u00ednsula ib\u00e9rica est\u00e1 sufriendo las peores sequ\u00edas de los \u00faltimos 1.200 a\u00f1os - ASAJA Palencia\" \/>\n<meta property=\"og:description\" content=\"Investigadores de la Instituci\u00f3n Oceanogr\u00e1fica Woods Hole, con sede en Estados Unidos, afirman en un estudio, publicado en la revista Nature Geoscience,\" \/>\n<meta property=\"og:url\" content=\"https:\/\/www.asajacyl.com\/palencia\/asaja-palencia-informa\/investigadores-afirman-que-la-peninsula-iberica-esta-sufriendo-las-peores-sequias-de-los-ultimos-1-200-anos\" \/>\n<meta property=\"og:site_name\" content=\"ASAJA Palencia\" \/>\n<meta property=\"article:published_time\" content=\"2022-09-02T12:03:00+00:00\" \/>\n<meta property=\"og:image\" content=\"https:\/\/www.asajacyl.com\/palencia\/wp-content\/uploads\/sites\/3\/2022\/08\/CUEVAS-e1660911607492.jpg\" \/>\n\t<meta property=\"og:image:width\" content=\"1200\" \/>\n\t<meta property=\"og:image:height\" content=\"675\" \/>\n\t<meta property=\"og:image:type\" content=\"image\/jpeg\" \/>\n<meta name=\"author\" content=\"Administrador\" \/>\n<meta name=\"twitter:card\" content=\"summary_large_image\" \/>\n<meta name=\"twitter:label1\" content=\"Escrito por\" \/>\n\t<meta name=\"twitter:data1\" content=\"Administrador\" \/>\n\t<meta name=\"twitter:label2\" content=\"Tiempo de lectura\" \/>\n\t<meta name=\"twitter:data2\" content=\"1 minuto\" \/>\n<script type=\"application\/ld+json\" class=\"yoast-schema-graph\">{\"@context\":\"https:\/\/schema.org\",\"@graph\":[{\"@type\":\"WebPage\",\"@id\":\"https:\/\/www.asajacyl.com\/palencia\/asaja-palencia-informa\/investigadores-afirman-que-la-peninsula-iberica-esta-sufriendo-las-peores-sequias-de-los-ultimos-1-200-anos\",\"url\":\"https:\/\/www.asajacyl.com\/palencia\/asaja-palencia-informa\/investigadores-afirman-que-la-peninsula-iberica-esta-sufriendo-las-peores-sequias-de-los-ultimos-1-200-anos\",\"name\":\"Investigadores afirman que la pen\u00ednsula ib\u00e9rica est\u00e1 sufriendo las peores sequ\u00edas de los \u00faltimos 1.200 a\u00f1os - ASAJA Palencia\",\"isPartOf\":{\"@id\":\"https:\/\/www.asajacyl.com\/palencia\/#website\"},\"primaryImageOfPage\":{\"@id\":\"https:\/\/www.asajacyl.com\/palencia\/asaja-palencia-informa\/investigadores-afirman-que-la-peninsula-iberica-esta-sufriendo-las-peores-sequias-de-los-ultimos-1-200-anos#primaryimage\"},\"image\":{\"@id\":\"https:\/\/www.asajacyl.com\/palencia\/asaja-palencia-informa\/investigadores-afirman-que-la-peninsula-iberica-esta-sufriendo-las-peores-sequias-de-los-ultimos-1-200-anos#primaryimage\"},\"thumbnailUrl\":\"https:\/\/www.asajacyl.com\/palencia\/wp-content\/uploads\/sites\/3\/2022\/08\/CUEVAS-e1660911607492.jpg\",\"datePublished\":\"2022-09-02T12:03:00+00:00\",\"author\":{\"@id\":\"https:\/\/www.asajacyl.com\/palencia\/#\/schema\/person\/3ab17aeb03527485c317557fae64aab1\"},\"description\":\"Investigadores de la Instituci\u00f3n Oceanogr\u00e1fica Woods Hole, con sede en Estados Unidos, afirman en un estudio, publicado en la revista Nature Geoscience,\",\"breadcrumb\":{\"@id\":\"https:\/\/www.asajacyl.com\/palencia\/asaja-palencia-informa\/investigadores-afirman-que-la-peninsula-iberica-esta-sufriendo-las-peores-sequias-de-los-ultimos-1-200-anos#breadcrumb\"},\"inLanguage\":\"es\",\"potentialAction\":[{\"@type\":\"ReadAction\",\"target\":[\"https:\/\/www.asajacyl.com\/palencia\/asaja-palencia-informa\/investigadores-afirman-que-la-peninsula-iberica-esta-sufriendo-las-peores-sequias-de-los-ultimos-1-200-anos\"]}]},{\"@type\":\"ImageObject\",\"inLanguage\":\"es\",\"@id\":\"https:\/\/www.asajacyl.com\/palencia\/asaja-palencia-informa\/investigadores-afirman-que-la-peninsula-iberica-esta-sufriendo-las-peores-sequias-de-los-ultimos-1-200-anos#primaryimage\",\"url\":\"https:\/\/www.asajacyl.com\/palencia\/wp-content\/uploads\/sites\/3\/2022\/08\/CUEVAS-e1660911607492.jpg\",\"contentUrl\":\"https:\/\/www.asajacyl.com\/palencia\/wp-content\/uploads\/sites\/3\/2022\/08\/CUEVAS-e1660911607492.jpg\",\"width\":1200,\"height\":675},{\"@type\":\"BreadcrumbList\",\"@id\":\"https:\/\/www.asajacyl.com\/palencia\/asaja-palencia-informa\/investigadores-afirman-que-la-peninsula-iberica-esta-sufriendo-las-peores-sequias-de-los-ultimos-1-200-anos#breadcrumb\",\"itemListElement\":[{\"@type\":\"ListItem\",\"position\":1,\"name\":\"Portada\",\"item\":\"https:\/\/www.asajacyl.com\/palencia\/\"},{\"@type\":\"ListItem\",\"position\":2,\"name\":\"Investigadores afirman que la pen\u00ednsula ib\u00e9rica est\u00e1 sufriendo las peores sequ\u00edas de los \u00faltimos 1.200 a\u00f1os\"}]},{\"@type\":\"WebSite\",\"@id\":\"https:\/\/www.asajacyl.com\/palencia\/#website\",\"url\":\"https:\/\/www.asajacyl.com\/palencia\/\",\"name\":\"ASAJA Palencia\",\"description\":\"Otro sitio m\u00e1s de Provincias ASAJA Castilla y Le\u00f3n\",\"potentialAction\":[{\"@type\":\"SearchAction\",\"target\":{\"@type\":\"EntryPoint\",\"urlTemplate\":\"https:\/\/www.asajacyl.com\/palencia\/?s={search_term_string}\"},\"query-input\":{\"@type\":\"PropertyValueSpecification\",\"valueRequired\":true,\"valueName\":\"search_term_string\"}}],\"inLanguage\":\"es\"},{\"@type\":\"Person\",\"@id\":\"https:\/\/www.asajacyl.com\/palencia\/#\/schema\/person\/3ab17aeb03527485c317557fae64aab1\",\"name\":\"Administrador\",\"image\":{\"@type\":\"ImageObject\",\"inLanguage\":\"es\",\"@id\":\"https:\/\/www.asajacyl.com\/palencia\/#\/schema\/person\/image\/\",\"url\":\"https:\/\/secure.gravatar.com\/avatar\/517384810d242ca9e38c180f3c9fb973?s=96&d=mm&r=g\",\"contentUrl\":\"https:\/\/secure.gravatar.com\/avatar\/517384810d242ca9e38c180f3c9fb973?s=96&d=mm&r=g\",\"caption\":\"Administrador\"},\"url\":\"https:\/\/www.asajacyl.com\/palencia\/author\/carlosrm\"}]}<\/script>\n<!-- \/ Yoast SEO plugin. -->","yoast_head_json":{"title":"Investigadores afirman que la pen\u00ednsula ib\u00e9rica est\u00e1 sufriendo las peores sequ\u00edas de los \u00faltimos 1.200 a\u00f1os - ASAJA Palencia","description":"Investigadores de la Instituci\u00f3n Oceanogr\u00e1fica Woods Hole, con sede en Estados Unidos, afirman en un estudio, publicado en la revista Nature Geoscience,","robots":{"index":"index","follow":"follow","max-snippet":"max-snippet:-1","max-image-preview":"max-image-preview:large","max-video-preview":"max-video-preview:-1"},"canonical":"https:\/\/www.asajacyl.com\/palencia\/asaja-palencia-informa\/investigadores-afirman-que-la-peninsula-iberica-esta-sufriendo-las-peores-sequias-de-los-ultimos-1-200-anos","og_locale":"es_ES","og_type":"article","og_title":"Investigadores afirman que la pen\u00ednsula ib\u00e9rica est\u00e1 sufriendo las peores sequ\u00edas de los \u00faltimos 1.200 a\u00f1os - ASAJA Palencia","og_description":"Investigadores de la Instituci\u00f3n Oceanogr\u00e1fica Woods Hole, con sede en Estados Unidos, afirman en un estudio, publicado en la revista Nature Geoscience,","og_url":"https:\/\/www.asajacyl.com\/palencia\/asaja-palencia-informa\/investigadores-afirman-que-la-peninsula-iberica-esta-sufriendo-las-peores-sequias-de-los-ultimos-1-200-anos","og_site_name":"ASAJA Palencia","article_published_time":"2022-09-02T12:03:00+00:00","og_image":[{"width":1200,"height":675,"url":"https:\/\/www.asajacyl.com\/palencia\/wp-content\/uploads\/sites\/3\/2022\/08\/CUEVAS-e1660911607492.jpg","type":"image\/jpeg"}],"author":"Administrador","twitter_card":"summary_large_image","twitter_misc":{"Escrito por":"Administrador","Tiempo de lectura":"1 minuto"},"schema":{"@context":"https:\/\/schema.org","@graph":[{"@type":"WebPage","@id":"https:\/\/www.asajacyl.com\/palencia\/asaja-palencia-informa\/investigadores-afirman-que-la-peninsula-iberica-esta-sufriendo-las-peores-sequias-de-los-ultimos-1-200-anos","url":"https:\/\/www.asajacyl.com\/palencia\/asaja-palencia-informa\/investigadores-afirman-que-la-peninsula-iberica-esta-sufriendo-las-peores-sequias-de-los-ultimos-1-200-anos","name":"Investigadores afirman que la pen\u00ednsula ib\u00e9rica est\u00e1 sufriendo las peores sequ\u00edas de los \u00faltimos 1.200 a\u00f1os - ASAJA Palencia","isPartOf":{"@id":"https:\/\/www.asajacyl.com\/palencia\/#website"},"primaryImageOfPage":{"@id":"https:\/\/www.asajacyl.com\/palencia\/asaja-palencia-informa\/investigadores-afirman-que-la-peninsula-iberica-esta-sufriendo-las-peores-sequias-de-los-ultimos-1-200-anos#primaryimage"},"image":{"@id":"https:\/\/www.asajacyl.com\/palencia\/asaja-palencia-informa\/investigadores-afirman-que-la-peninsula-iberica-esta-sufriendo-las-peores-sequias-de-los-ultimos-1-200-anos#primaryimage"},"thumbnailUrl":"https:\/\/www.asajacyl.com\/palencia\/wp-content\/uploads\/sites\/3\/2022\/08\/CUEVAS-e1660911607492.jpg","datePublished":"2022-09-02T12:03:00+00:00","author":{"@id":"https:\/\/www.asajacyl.com\/palencia\/#\/schema\/person\/3ab17aeb03527485c317557fae64aab1"},"description":"Investigadores de la Instituci\u00f3n Oceanogr\u00e1fica Woods Hole, con sede en Estados Unidos, afirman en un estudio, publicado en la revista Nature Geoscience,","breadcrumb":{"@id":"https:\/\/www.asajacyl.com\/palencia\/asaja-palencia-informa\/investigadores-afirman-que-la-peninsula-iberica-esta-sufriendo-las-peores-sequias-de-los-ultimos-1-200-anos#breadcrumb"},"inLanguage":"es","potentialAction":[{"@type":"ReadAction","target":["https:\/\/www.asajacyl.com\/palencia\/asaja-palencia-informa\/investigadores-afirman-que-la-peninsula-iberica-esta-sufriendo-las-peores-sequias-de-los-ultimos-1-200-anos"]}]},{"@type":"ImageObject","inLanguage":"es","@id":"https:\/\/www.asajacyl.com\/palencia\/asaja-palencia-informa\/investigadores-afirman-que-la-peninsula-iberica-esta-sufriendo-las-peores-sequias-de-los-ultimos-1-200-anos#primaryimage","url":"https:\/\/www.asajacyl.com\/palencia\/wp-content\/uploads\/sites\/3\/2022\/08\/CUEVAS-e1660911607492.jpg","contentUrl":"https:\/\/www.asajacyl.com\/palencia\/wp-content\/uploads\/sites\/3\/2022\/08\/CUEVAS-e1660911607492.jpg","width":1200,"height":675},{"@type":"BreadcrumbList","@id":"https:\/\/www.asajacyl.com\/palencia\/asaja-palencia-informa\/investigadores-afirman-que-la-peninsula-iberica-esta-sufriendo-las-peores-sequias-de-los-ultimos-1-200-anos#breadcrumb","itemListElement":[{"@type":"ListItem","position":1,"name":"Portada","item":"https:\/\/www.asajacyl.com\/palencia\/"},{"@type":"ListItem","position":2,"name":"Investigadores afirman que la pen\u00ednsula ib\u00e9rica est\u00e1 sufriendo las peores sequ\u00edas de los \u00faltimos 1.200 a\u00f1os"}]},{"@type":"WebSite","@id":"https:\/\/www.asajacyl.com\/palencia\/#website","url":"https:\/\/www.asajacyl.com\/palencia\/","name":"ASAJA Palencia","description":"Otro sitio m\u00e1s de Provincias ASAJA Castilla y Le\u00f3n","potentialAction":[{"@type":"SearchAction","target":{"@type":"EntryPoint","urlTemplate":"https:\/\/www.asajacyl.com\/palencia\/?s={search_term_string}"},"query-input":{"@type":"PropertyValueSpecification","valueRequired":true,"valueName":"search_term_string"}}],"inLanguage":"es"},{"@type":"Person","@id":"https:\/\/www.asajacyl.com\/palencia\/#\/schema\/person\/3ab17aeb03527485c317557fae64aab1","name":"Administrador","image":{"@type":"ImageObject","inLanguage":"es","@id":"https:\/\/www.asajacyl.com\/palencia\/#\/schema\/person\/image\/","url":"https:\/\/secure.gravatar.com\/avatar\/517384810d242ca9e38c180f3c9fb973?s=96&d=mm&r=g","contentUrl":"https:\/\/secure.gravatar.com\/avatar\/517384810d242ca9e38c180f3c9fb973?s=96&d=mm&r=g","caption":"Administrador"},"url":"https:\/\/www.asajacyl.com\/palencia\/author\/carlosrm"}]}},"_links":{"self":[{"href":"https:\/\/www.asajacyl.com\/palencia\/wp-json\/wp\/v2\/posts\/11311"}],"collection":[{"href":"https:\/\/www.asajacyl.com\/palencia\/wp-json\/wp\/v2\/posts"}],"about":[{"href":"https:\/\/www.asajacyl.com\/palencia\/wp-json\/wp\/v2\/types\/post"}],"author":[{"embeddable":true,"href":"https:\/\/www.asajacyl.com\/palencia\/wp-json\/wp\/v2\/users\/9"}],"replies":[{"embeddable":true,"href":"https:\/\/www.asajacyl.com\/palencia\/wp-json\/wp\/v2\/comments?post=11311"}],"version-history":[{"count":2,"href":"https:\/\/www.asajacyl.com\/palencia\/wp-json\/wp\/v2\/posts\/11311\/revisions"}],"predecessor-version":[{"id":11331,"href":"https:\/\/www.asajacyl.com\/palencia\/wp-json\/wp\/v2\/posts\/11311\/revisions\/11331"}],"wp:featuredmedia":[{"embeddable":true,"href":"https:\/\/www.asajacyl.com\/palencia\/wp-json\/wp\/v2\/media\/11312"}],"wp:attachment":[{"href":"https:\/\/www.asajacyl.com\/palencia\/wp-json\/wp\/v2\/media?parent=11311"}],"wp:term":[{"taxonomy":"category","embeddable":true,"href":"https:\/\/www.asajacyl.com\/palencia\/wp-json\/wp\/v2\/categories?post=11311"},{"taxonomy":"post_tag","embeddable":true,"href":"https:\/\/www.asajacyl.com\/palencia\/wp-json\/wp\/v2\/tags?post=11311"}],"curies":[{"name":"wp","href":"https:\/\/api.w.org\/{rel}","templated":true}]}}