{"id":11346,"date":"2022-08-29T14:04:00","date_gmt":"2022-08-29T12:04:00","guid":{"rendered":"https:\/\/www.asajacyl.com\/palencia\/?p=11346"},"modified":"2022-08-25T14:14:59","modified_gmt":"2022-08-25T12:14:59","slug":"la-dgt-solo-enviara-comunicaciones-electronicas-a-las-personas-juridicas","status":"publish","type":"post","link":"https:\/\/www.asajacyl.com\/palencia\/asaja-palencia-informa\/la-dgt-solo-enviara-comunicaciones-electronicas-a-las-personas-juridicas","title":{"rendered":"La DGT s\u00f3lo enviar\u00e1 comunicaciones electr\u00f3nicas a las personas jur\u00eddicas"},"content":{"rendered":"\n<p>La Direcci\u00f3n General de Tr\u00e1fico ha iniciado una campa\u00f1a para que las personas jur\u00eddicas reciban de forma electr\u00f3nica las notificaciones relacionadas con los procedimientos sancionadores de tr\u00e1fico. A partir del d\u00eda 1 de noviembre dejar\u00e1n de enviar notificaciones por correo ordinario por lo que antes de dicha fecha, las personas jur\u00eddicas deben tramitar su alta en la \u00abDirecci\u00f3n Electr\u00f3nica Vial\u00bb.<\/p>\n\n\n\n<p>Para tramitar el alta se debe acceder a la <a href=\"https:\/\/sedeapl.dgt.gob.es:9443\/WEB_NTRA_CONSULTA\/suscripcionNostraIdiomaPostback.faces?idioma=es\">web de la DGT<\/a> usando el certificado digital de la persona jur\u00eddica en cuesti\u00f3n. A continuaci\u00f3n se debe introducir un correo electr\u00f3nico y un n\u00famero de tel\u00e9fono m\u00f3vil, ya que en ambos se informar\u00e1 de la puesta a disposici\u00f3n de comunicaciones a estas personas jur\u00eddicas. Posteriormente se aceptan las categor\u00edas que el sistema ha seleccionado y se finaliza el proceso.<\/p>\n\n\n\n<p>El alta en esta plataforma tambi\u00e9n es posible para las personas f\u00edsicas aunque en este caso es un procedimiento voluntario. <\/p>\n","protected":false},"excerpt":{"rendered":"<p>La Direcci\u00f3n General de Tr\u00e1fico ha iniciado una campa\u00f1a para que las personas jur\u00eddicas reciban de forma electr\u00f3nica las notificaciones relacionadas con los procedimientos sancionadores de tr\u00e1fico. A partir del d\u00eda 1 de noviembre dejar\u00e1n de enviar notificaciones por correo ordinario por lo que antes de dicha fecha, las personas jur\u00eddicas deben tramitar su alta [&hellip;]<\/p>\n","protected":false},"author":9,"featured_media":11347,"comment_status":"open","ping_status":"open","sticky":false,"template":"","format":"standard","meta":{"footnotes":""},"categories":[9,29,28],"tags":[],"yoast_head":"<!-- This site is optimized with the Yoast SEO plugin v24.5 - https:\/\/yoast.com\/wordpress\/plugins\/seo\/ -->\n<title>La DGT s\u00f3lo enviar\u00e1 comunicaciones electr\u00f3nicas a las personas jur\u00eddicas - ASAJA Palencia<\/title>\n<meta name=\"description\" content=\"La Direcci\u00f3n General de Tr\u00e1fico ha iniciado una campa\u00f1a para que las personas jur\u00eddicas reciban de forma electr\u00f3nica las notificaciones relacionadas con\" \/>\n<meta name=\"robots\" content=\"index, follow, max-snippet:-1, max-image-preview:large, max-video-preview:-1\" \/>\n<link rel=\"canonical\" href=\"https:\/\/www.asajacyl.com\/palencia\/asaja-palencia-informa\/la-dgt-solo-enviara-comunicaciones-electronicas-a-las-personas-juridicas\" \/>\n<meta property=\"og:locale\" content=\"es_ES\" \/>\n<meta property=\"og:type\" content=\"article\" \/>\n<meta property=\"og:title\" content=\"La DGT s\u00f3lo enviar\u00e1 comunicaciones electr\u00f3nicas a las personas jur\u00eddicas - ASAJA Palencia\" \/>\n<meta property=\"og:description\" content=\"La Direcci\u00f3n General de Tr\u00e1fico ha iniciado una campa\u00f1a para que las personas jur\u00eddicas reciban de forma electr\u00f3nica las notificaciones relacionadas con\" \/>\n<meta property=\"og:url\" content=\"https:\/\/www.asajacyl.com\/palencia\/asaja-palencia-informa\/la-dgt-solo-enviara-comunicaciones-electronicas-a-las-personas-juridicas\" \/>\n<meta property=\"og:site_name\" content=\"ASAJA Palencia\" \/>\n<meta property=\"article:published_time\" content=\"2022-08-29T12:04:00+00:00\" \/>\n<meta property=\"og:image\" content=\"https:\/\/www.asajacyl.com\/palencia\/wp-content\/uploads\/sites\/3\/2022\/08\/DGT.jpg\" \/>\n\t<meta property=\"og:image:width\" content=\"1279\" \/>\n\t<meta property=\"og:image:height\" content=\"631\" \/>\n\t<meta property=\"og:image:type\" content=\"image\/jpeg\" \/>\n<meta name=\"author\" content=\"Administrador\" \/>\n<meta name=\"twitter:card\" content=\"summary_large_image\" \/>\n<meta name=\"twitter:label1\" content=\"Escrito por\" \/>\n\t<meta name=\"twitter:data1\" content=\"Administrador\" \/>\n\t<meta name=\"twitter:label2\" content=\"Tiempo de lectura\" \/>\n\t<meta name=\"twitter:data2\" content=\"1 minuto\" \/>\n<script type=\"application\/ld+json\" class=\"yoast-schema-graph\">{\"@context\":\"https:\/\/schema.org\",\"@graph\":[{\"@type\":\"WebPage\",\"@id\":\"https:\/\/www.asajacyl.com\/palencia\/asaja-palencia-informa\/la-dgt-solo-enviara-comunicaciones-electronicas-a-las-personas-juridicas\",\"url\":\"https:\/\/www.asajacyl.com\/palencia\/asaja-palencia-informa\/la-dgt-solo-enviara-comunicaciones-electronicas-a-las-personas-juridicas\",\"name\":\"La DGT s\u00f3lo enviar\u00e1 comunicaciones electr\u00f3nicas a las personas jur\u00eddicas - ASAJA Palencia\",\"isPartOf\":{\"@id\":\"https:\/\/www.asajacyl.com\/palencia\/#website\"},\"primaryImageOfPage\":{\"@id\":\"https:\/\/www.asajacyl.com\/palencia\/asaja-palencia-informa\/la-dgt-solo-enviara-comunicaciones-electronicas-a-las-personas-juridicas#primaryimage\"},\"image\":{\"@id\":\"https:\/\/www.asajacyl.com\/palencia\/asaja-palencia-informa\/la-dgt-solo-enviara-comunicaciones-electronicas-a-las-personas-juridicas#primaryimage\"},\"thumbnailUrl\":\"https:\/\/www.asajacyl.com\/palencia\/wp-content\/uploads\/sites\/3\/2022\/08\/DGT.jpg\",\"datePublished\":\"2022-08-29T12:04:00+00:00\",\"author\":{\"@id\":\"https:\/\/www.asajacyl.com\/palencia\/#\/schema\/person\/3ab17aeb03527485c317557fae64aab1\"},\"description\":\"La Direcci\u00f3n General de Tr\u00e1fico ha iniciado una campa\u00f1a para que las personas jur\u00eddicas reciban de forma electr\u00f3nica las notificaciones relacionadas con\",\"breadcrumb\":{\"@id\":\"https:\/\/www.asajacyl.com\/palencia\/asaja-palencia-informa\/la-dgt-solo-enviara-comunicaciones-electronicas-a-las-personas-juridicas#breadcrumb\"},\"inLanguage\":\"es\",\"potentialAction\":[{\"@type\":\"ReadAction\",\"target\":[\"https:\/\/www.asajacyl.com\/palencia\/asaja-palencia-informa\/la-dgt-solo-enviara-comunicaciones-electronicas-a-las-personas-juridicas\"]}]},{\"@type\":\"ImageObject\",\"inLanguage\":\"es\",\"@id\":\"https:\/\/www.asajacyl.com\/palencia\/asaja-palencia-informa\/la-dgt-solo-enviara-comunicaciones-electronicas-a-las-personas-juridicas#primaryimage\",\"url\":\"https:\/\/www.asajacyl.com\/palencia\/wp-content\/uploads\/sites\/3\/2022\/08\/DGT.jpg\",\"contentUrl\":\"https:\/\/www.asajacyl.com\/palencia\/wp-content\/uploads\/sites\/3\/2022\/08\/DGT.jpg\",\"width\":1279,\"height\":631},{\"@type\":\"BreadcrumbList\",\"@id\":\"https:\/\/www.asajacyl.com\/palencia\/asaja-palencia-informa\/la-dgt-solo-enviara-comunicaciones-electronicas-a-las-personas-juridicas#breadcrumb\",\"itemListElement\":[{\"@type\":\"ListItem\",\"position\":1,\"name\":\"Portada\",\"item\":\"https:\/\/www.asajacyl.com\/palencia\/\"},{\"@type\":\"ListItem\",\"position\":2,\"name\":\"La DGT s\u00f3lo enviar\u00e1 comunicaciones electr\u00f3nicas a las personas jur\u00eddicas\"}]},{\"@type\":\"WebSite\",\"@id\":\"https:\/\/www.asajacyl.com\/palencia\/#website\",\"url\":\"https:\/\/www.asajacyl.com\/palencia\/\",\"name\":\"ASAJA Palencia\",\"description\":\"Otro sitio m\u00e1s de Provincias ASAJA Castilla y Le\u00f3n\",\"potentialAction\":[{\"@type\":\"SearchAction\",\"target\":{\"@type\":\"EntryPoint\",\"urlTemplate\":\"https:\/\/www.asajacyl.com\/palencia\/?s={search_term_string}\"},\"query-input\":{\"@type\":\"PropertyValueSpecification\",\"valueRequired\":true,\"valueName\":\"search_term_string\"}}],\"inLanguage\":\"es\"},{\"@type\":\"Person\",\"@id\":\"https:\/\/www.asajacyl.com\/palencia\/#\/schema\/person\/3ab17aeb03527485c317557fae64aab1\",\"name\":\"Administrador\",\"image\":{\"@type\":\"ImageObject\",\"inLanguage\":\"es\",\"@id\":\"https:\/\/www.asajacyl.com\/palencia\/#\/schema\/person\/image\/\",\"url\":\"https:\/\/secure.gravatar.com\/avatar\/517384810d242ca9e38c180f3c9fb973?s=96&d=mm&r=g\",\"contentUrl\":\"https:\/\/secure.gravatar.com\/avatar\/517384810d242ca9e38c180f3c9fb973?s=96&d=mm&r=g\",\"caption\":\"Administrador\"},\"url\":\"https:\/\/www.asajacyl.com\/palencia\/author\/carlosrm\"}]}<\/script>\n<!-- \/ Yoast SEO plugin. -->","yoast_head_json":{"title":"La DGT s\u00f3lo enviar\u00e1 comunicaciones electr\u00f3nicas a las personas jur\u00eddicas - ASAJA Palencia","description":"La Direcci\u00f3n General de Tr\u00e1fico ha iniciado una campa\u00f1a para que las personas jur\u00eddicas reciban de forma electr\u00f3nica las notificaciones relacionadas con","robots":{"index":"index","follow":"follow","max-snippet":"max-snippet:-1","max-image-preview":"max-image-preview:large","max-video-preview":"max-video-preview:-1"},"canonical":"https:\/\/www.asajacyl.com\/palencia\/asaja-palencia-informa\/la-dgt-solo-enviara-comunicaciones-electronicas-a-las-personas-juridicas","og_locale":"es_ES","og_type":"article","og_title":"La DGT s\u00f3lo enviar\u00e1 comunicaciones electr\u00f3nicas a las personas jur\u00eddicas - ASAJA Palencia","og_description":"La Direcci\u00f3n General de Tr\u00e1fico ha iniciado una campa\u00f1a para que las personas jur\u00eddicas reciban de forma electr\u00f3nica las notificaciones relacionadas con","og_url":"https:\/\/www.asajacyl.com\/palencia\/asaja-palencia-informa\/la-dgt-solo-enviara-comunicaciones-electronicas-a-las-personas-juridicas","og_site_name":"ASAJA Palencia","article_published_time":"2022-08-29T12:04:00+00:00","og_image":[{"width":1279,"height":631,"url":"https:\/\/www.asajacyl.com\/palencia\/wp-content\/uploads\/sites\/3\/2022\/08\/DGT.jpg","type":"image\/jpeg"}],"author":"Administrador","twitter_card":"summary_large_image","twitter_misc":{"Escrito por":"Administrador","Tiempo de lectura":"1 minuto"},"schema":{"@context":"https:\/\/schema.org","@graph":[{"@type":"WebPage","@id":"https:\/\/www.asajacyl.com\/palencia\/asaja-palencia-informa\/la-dgt-solo-enviara-comunicaciones-electronicas-a-las-personas-juridicas","url":"https:\/\/www.asajacyl.com\/palencia\/asaja-palencia-informa\/la-dgt-solo-enviara-comunicaciones-electronicas-a-las-personas-juridicas","name":"La DGT s\u00f3lo enviar\u00e1 comunicaciones electr\u00f3nicas a las personas jur\u00eddicas - ASAJA Palencia","isPartOf":{"@id":"https:\/\/www.asajacyl.com\/palencia\/#website"},"primaryImageOfPage":{"@id":"https:\/\/www.asajacyl.com\/palencia\/asaja-palencia-informa\/la-dgt-solo-enviara-comunicaciones-electronicas-a-las-personas-juridicas#primaryimage"},"image":{"@id":"https:\/\/www.asajacyl.com\/palencia\/asaja-palencia-informa\/la-dgt-solo-enviara-comunicaciones-electronicas-a-las-personas-juridicas#primaryimage"},"thumbnailUrl":"https:\/\/www.asajacyl.com\/palencia\/wp-content\/uploads\/sites\/3\/2022\/08\/DGT.jpg","datePublished":"2022-08-29T12:04:00+00:00","author":{"@id":"https:\/\/www.asajacyl.com\/palencia\/#\/schema\/person\/3ab17aeb03527485c317557fae64aab1"},"description":"La Direcci\u00f3n General de Tr\u00e1fico ha iniciado una campa\u00f1a para que las personas jur\u00eddicas reciban de forma electr\u00f3nica las notificaciones relacionadas con","breadcrumb":{"@id":"https:\/\/www.asajacyl.com\/palencia\/asaja-palencia-informa\/la-dgt-solo-enviara-comunicaciones-electronicas-a-las-personas-juridicas#breadcrumb"},"inLanguage":"es","potentialAction":[{"@type":"ReadAction","target":["https:\/\/www.asajacyl.com\/palencia\/asaja-palencia-informa\/la-dgt-solo-enviara-comunicaciones-electronicas-a-las-personas-juridicas"]}]},{"@type":"ImageObject","inLanguage":"es","@id":"https:\/\/www.asajacyl.com\/palencia\/asaja-palencia-informa\/la-dgt-solo-enviara-comunicaciones-electronicas-a-las-personas-juridicas#primaryimage","url":"https:\/\/www.asajacyl.com\/palencia\/wp-content\/uploads\/sites\/3\/2022\/08\/DGT.jpg","contentUrl":"https:\/\/www.asajacyl.com\/palencia\/wp-content\/uploads\/sites\/3\/2022\/08\/DGT.jpg","width":1279,"height":631},{"@type":"BreadcrumbList","@id":"https:\/\/www.asajacyl.com\/palencia\/asaja-palencia-informa\/la-dgt-solo-enviara-comunicaciones-electronicas-a-las-personas-juridicas#breadcrumb","itemListElement":[{"@type":"ListItem","position":1,"name":"Portada","item":"https:\/\/www.asajacyl.com\/palencia\/"},{"@type":"ListItem","position":2,"name":"La DGT s\u00f3lo enviar\u00e1 comunicaciones electr\u00f3nicas a las personas jur\u00eddicas"}]},{"@type":"WebSite","@id":"https:\/\/www.asajacyl.com\/palencia\/#website","url":"https:\/\/www.asajacyl.com\/palencia\/","name":"ASAJA Palencia","description":"Otro sitio m\u00e1s de Provincias ASAJA Castilla y Le\u00f3n","potentialAction":[{"@type":"SearchAction","target":{"@type":"EntryPoint","urlTemplate":"https:\/\/www.asajacyl.com\/palencia\/?s={search_term_string}"},"query-input":{"@type":"PropertyValueSpecification","valueRequired":true,"valueName":"search_term_string"}}],"inLanguage":"es"},{"@type":"Person","@id":"https:\/\/www.asajacyl.com\/palencia\/#\/schema\/person\/3ab17aeb03527485c317557fae64aab1","name":"Administrador","image":{"@type":"ImageObject","inLanguage":"es","@id":"https:\/\/www.asajacyl.com\/palencia\/#\/schema\/person\/image\/","url":"https:\/\/secure.gravatar.com\/avatar\/517384810d242ca9e38c180f3c9fb973?s=96&d=mm&r=g","contentUrl":"https:\/\/secure.gravatar.com\/avatar\/517384810d242ca9e38c180f3c9fb973?s=96&d=mm&r=g","caption":"Administrador"},"url":"https:\/\/www.asajacyl.com\/palencia\/author\/carlosrm"}]}},"_links":{"self":[{"href":"https:\/\/www.asajacyl.com\/palencia\/wp-json\/wp\/v2\/posts\/11346"}],"collection":[{"href":"https:\/\/www.asajacyl.com\/palencia\/wp-json\/wp\/v2\/posts"}],"about":[{"href":"https:\/\/www.asajacyl.com\/palencia\/wp-json\/wp\/v2\/types\/post"}],"author":[{"embeddable":true,"href":"https:\/\/www.asajacyl.com\/palencia\/wp-json\/wp\/v2\/users\/9"}],"replies":[{"embeddable":true,"href":"https:\/\/www.asajacyl.com\/palencia\/wp-json\/wp\/v2\/comments?post=11346"}],"version-history":[{"count":1,"href":"https:\/\/www.asajacyl.com\/palencia\/wp-json\/wp\/v2\/posts\/11346\/revisions"}],"predecessor-version":[{"id":11348,"href":"https:\/\/www.asajacyl.com\/palencia\/wp-json\/wp\/v2\/posts\/11346\/revisions\/11348"}],"wp:featuredmedia":[{"embeddable":true,"href":"https:\/\/www.asajacyl.com\/palencia\/wp-json\/wp\/v2\/media\/11347"}],"wp:attachment":[{"href":"https:\/\/www.asajacyl.com\/palencia\/wp-json\/wp\/v2\/media?parent=11346"}],"wp:term":[{"taxonomy":"category","embeddable":true,"href":"https:\/\/www.asajacyl.com\/palencia\/wp-json\/wp\/v2\/categories?post=11346"},{"taxonomy":"post_tag","embeddable":true,"href":"https:\/\/www.asajacyl.com\/palencia\/wp-json\/wp\/v2\/tags?post=11346"}],"curies":[{"name":"wp","href":"https:\/\/api.w.org\/{rel}","templated":true}]}}