{"id":11349,"date":"2022-09-01T14:24:00","date_gmt":"2022-09-01T12:24:00","guid":{"rendered":"https:\/\/www.asajacyl.com\/palencia\/?p=11349"},"modified":"2022-08-25T14:39:33","modified_gmt":"2022-08-25T12:39:33","slug":"provacuno-amplia-el-plazo-de-su-certamen-de-fotografia","status":"publish","type":"post","link":"https:\/\/www.asajacyl.com\/palencia\/asaja-palencia-informa\/provacuno-amplia-el-plazo-de-su-certamen-de-fotografia","title":{"rendered":"Provacuno ampl\u00eda el plazo de su certamen de fotograf\u00eda"},"content":{"rendered":"\n<p>Con el t\u00edtulo de \u00abObjetivo Vacuno\u00bb la interprofesional de la carne de vacuno espa\u00f1ola (Provacuno) convoc\u00f3 su concurso de fotograf\u00eda, del que se cumple la tercera edici\u00f3n. Este concurso pretende dar visibilidad, al trabajo de los ganaderos, industriales y comercializadores, al medido rural y a la propia carne de vacuno y se realizar\u00e1 una exposici\u00f3n con los trabajos premiados en los tres cert\u00e1menes realizados hasta la fecha.<\/p>\n\n\n\n<p>Hay tres categor\u00edas en las que se pueden presentar trabajos:<\/p>\n\n\n\n<ul><li>Meme. Donde se buscan frases graciosas o simp\u00e1ticas sobre la carne.<\/li><li>Consumo de carne de vacuno y ocio. Se pretende mostrar c\u00f3mo la carne es algo m\u00e1s que un alimento de alta calidad nutricional, econ\u00f3mico y de gran tradici\u00f3n en Espa\u00f1a.<\/li><li>Ganader\u00eda, industria y medio rural. En esta categor\u00eda las fotograf\u00edas deben reflejar el orgullo del sector vacuno de carne.<\/li><\/ul>\n\n\n\n<p>Todos aquellos que est\u00e9n interesados en participar pueden entrar en el siguiente <a href=\"http:\/\/www.provacuno.es\/objetivovacuno\">enlace<\/a> y optar\u00e1n a premios de hasta 500 euros.<\/p>\n","protected":false},"excerpt":{"rendered":"<p>Con el t\u00edtulo de \u00abObjetivo Vacuno\u00bb la interprofesional de la carne de vacuno espa\u00f1ola (Provacuno) convoc\u00f3 su concurso de fotograf\u00eda, del que se cumple la tercera edici\u00f3n. Este concurso pretende dar visibilidad, al trabajo de los ganaderos, industriales y comercializadores, al medido rural y a la propia carne de vacuno y se realizar\u00e1 una exposici\u00f3n [&hellip;]<\/p>\n","protected":false},"author":9,"featured_media":11350,"comment_status":"open","ping_status":"open","sticky":false,"template":"","format":"standard","meta":{"footnotes":""},"categories":[9,29,28],"tags":[],"yoast_head":"<!-- This site is optimized with the Yoast SEO plugin v24.5 - https:\/\/yoast.com\/wordpress\/plugins\/seo\/ -->\n<title>Provacuno ampl\u00eda el plazo de su certamen de fotograf\u00eda - ASAJA Palencia<\/title>\n<meta name=\"description\" content=\"Con el t\u00edtulo de &quot;Objetivo Vacuno&quot; la interprofesional de la carne de vacuno espa\u00f1ola (Provacuno) convoc\u00f3 su concurso de fotograf\u00eda, del que se cumple la\" \/>\n<meta name=\"robots\" content=\"index, follow, max-snippet:-1, max-image-preview:large, max-video-preview:-1\" \/>\n<link rel=\"canonical\" href=\"https:\/\/www.asajacyl.com\/palencia\/asaja-palencia-informa\/provacuno-amplia-el-plazo-de-su-certamen-de-fotografia\" \/>\n<meta property=\"og:locale\" content=\"es_ES\" \/>\n<meta property=\"og:type\" content=\"article\" \/>\n<meta property=\"og:title\" content=\"Provacuno ampl\u00eda el plazo de su certamen de fotograf\u00eda - ASAJA Palencia\" \/>\n<meta property=\"og:description\" content=\"Con el t\u00edtulo de &quot;Objetivo Vacuno&quot; la interprofesional de la carne de vacuno espa\u00f1ola (Provacuno) convoc\u00f3 su concurso de fotograf\u00eda, del que se cumple la\" \/>\n<meta property=\"og:url\" content=\"https:\/\/www.asajacyl.com\/palencia\/asaja-palencia-informa\/provacuno-amplia-el-plazo-de-su-certamen-de-fotografia\" \/>\n<meta property=\"og:site_name\" content=\"ASAJA Palencia\" \/>\n<meta property=\"article:published_time\" content=\"2022-09-01T12:24:00+00:00\" \/>\n<meta property=\"og:image\" content=\"https:\/\/www.asajacyl.com\/palencia\/wp-content\/uploads\/sites\/3\/2022\/08\/PROVACUNO.jpg\" \/>\n\t<meta property=\"og:image:width\" content=\"1900\" \/>\n\t<meta property=\"og:image:height\" content=\"1576\" \/>\n\t<meta property=\"og:image:type\" content=\"image\/jpeg\" \/>\n<meta name=\"author\" content=\"Administrador\" \/>\n<meta name=\"twitter:card\" content=\"summary_large_image\" \/>\n<meta name=\"twitter:label1\" content=\"Escrito por\" \/>\n\t<meta name=\"twitter:data1\" content=\"Administrador\" \/>\n\t<meta name=\"twitter:label2\" content=\"Tiempo de lectura\" \/>\n\t<meta name=\"twitter:data2\" content=\"1 minuto\" \/>\n<script type=\"application\/ld+json\" class=\"yoast-schema-graph\">{\"@context\":\"https:\/\/schema.org\",\"@graph\":[{\"@type\":\"WebPage\",\"@id\":\"https:\/\/www.asajacyl.com\/palencia\/asaja-palencia-informa\/provacuno-amplia-el-plazo-de-su-certamen-de-fotografia\",\"url\":\"https:\/\/www.asajacyl.com\/palencia\/asaja-palencia-informa\/provacuno-amplia-el-plazo-de-su-certamen-de-fotografia\",\"name\":\"Provacuno ampl\u00eda el plazo de su certamen de fotograf\u00eda - ASAJA Palencia\",\"isPartOf\":{\"@id\":\"https:\/\/www.asajacyl.com\/palencia\/#website\"},\"primaryImageOfPage\":{\"@id\":\"https:\/\/www.asajacyl.com\/palencia\/asaja-palencia-informa\/provacuno-amplia-el-plazo-de-su-certamen-de-fotografia#primaryimage\"},\"image\":{\"@id\":\"https:\/\/www.asajacyl.com\/palencia\/asaja-palencia-informa\/provacuno-amplia-el-plazo-de-su-certamen-de-fotografia#primaryimage\"},\"thumbnailUrl\":\"https:\/\/www.asajacyl.com\/palencia\/wp-content\/uploads\/sites\/3\/2022\/08\/PROVACUNO.jpg\",\"datePublished\":\"2022-09-01T12:24:00+00:00\",\"author\":{\"@id\":\"https:\/\/www.asajacyl.com\/palencia\/#\/schema\/person\/3ab17aeb03527485c317557fae64aab1\"},\"description\":\"Con el t\u00edtulo de \\\"Objetivo Vacuno\\\" la interprofesional de la carne de vacuno espa\u00f1ola (Provacuno) convoc\u00f3 su concurso de fotograf\u00eda, del que se cumple la\",\"breadcrumb\":{\"@id\":\"https:\/\/www.asajacyl.com\/palencia\/asaja-palencia-informa\/provacuno-amplia-el-plazo-de-su-certamen-de-fotografia#breadcrumb\"},\"inLanguage\":\"es\",\"potentialAction\":[{\"@type\":\"ReadAction\",\"target\":[\"https:\/\/www.asajacyl.com\/palencia\/asaja-palencia-informa\/provacuno-amplia-el-plazo-de-su-certamen-de-fotografia\"]}]},{\"@type\":\"ImageObject\",\"inLanguage\":\"es\",\"@id\":\"https:\/\/www.asajacyl.com\/palencia\/asaja-palencia-informa\/provacuno-amplia-el-plazo-de-su-certamen-de-fotografia#primaryimage\",\"url\":\"https:\/\/www.asajacyl.com\/palencia\/wp-content\/uploads\/sites\/3\/2022\/08\/PROVACUNO.jpg\",\"contentUrl\":\"https:\/\/www.asajacyl.com\/palencia\/wp-content\/uploads\/sites\/3\/2022\/08\/PROVACUNO.jpg\",\"width\":1900,\"height\":1576},{\"@type\":\"BreadcrumbList\",\"@id\":\"https:\/\/www.asajacyl.com\/palencia\/asaja-palencia-informa\/provacuno-amplia-el-plazo-de-su-certamen-de-fotografia#breadcrumb\",\"itemListElement\":[{\"@type\":\"ListItem\",\"position\":1,\"name\":\"Portada\",\"item\":\"https:\/\/www.asajacyl.com\/palencia\/\"},{\"@type\":\"ListItem\",\"position\":2,\"name\":\"Provacuno ampl\u00eda el plazo de su certamen de fotograf\u00eda\"}]},{\"@type\":\"WebSite\",\"@id\":\"https:\/\/www.asajacyl.com\/palencia\/#website\",\"url\":\"https:\/\/www.asajacyl.com\/palencia\/\",\"name\":\"ASAJA Palencia\",\"description\":\"Otro sitio m\u00e1s de Provincias ASAJA Castilla y Le\u00f3n\",\"potentialAction\":[{\"@type\":\"SearchAction\",\"target\":{\"@type\":\"EntryPoint\",\"urlTemplate\":\"https:\/\/www.asajacyl.com\/palencia\/?s={search_term_string}\"},\"query-input\":{\"@type\":\"PropertyValueSpecification\",\"valueRequired\":true,\"valueName\":\"search_term_string\"}}],\"inLanguage\":\"es\"},{\"@type\":\"Person\",\"@id\":\"https:\/\/www.asajacyl.com\/palencia\/#\/schema\/person\/3ab17aeb03527485c317557fae64aab1\",\"name\":\"Administrador\",\"image\":{\"@type\":\"ImageObject\",\"inLanguage\":\"es\",\"@id\":\"https:\/\/www.asajacyl.com\/palencia\/#\/schema\/person\/image\/\",\"url\":\"https:\/\/secure.gravatar.com\/avatar\/517384810d242ca9e38c180f3c9fb973?s=96&d=mm&r=g\",\"contentUrl\":\"https:\/\/secure.gravatar.com\/avatar\/517384810d242ca9e38c180f3c9fb973?s=96&d=mm&r=g\",\"caption\":\"Administrador\"},\"url\":\"https:\/\/www.asajacyl.com\/palencia\/author\/carlosrm\"}]}<\/script>\n<!-- \/ Yoast SEO plugin. -->","yoast_head_json":{"title":"Provacuno ampl\u00eda el plazo de su certamen de fotograf\u00eda - ASAJA Palencia","description":"Con el t\u00edtulo de \"Objetivo Vacuno\" la interprofesional de la carne de vacuno espa\u00f1ola (Provacuno) convoc\u00f3 su concurso de fotograf\u00eda, del que se cumple la","robots":{"index":"index","follow":"follow","max-snippet":"max-snippet:-1","max-image-preview":"max-image-preview:large","max-video-preview":"max-video-preview:-1"},"canonical":"https:\/\/www.asajacyl.com\/palencia\/asaja-palencia-informa\/provacuno-amplia-el-plazo-de-su-certamen-de-fotografia","og_locale":"es_ES","og_type":"article","og_title":"Provacuno ampl\u00eda el plazo de su certamen de fotograf\u00eda - ASAJA Palencia","og_description":"Con el t\u00edtulo de \"Objetivo Vacuno\" la interprofesional de la carne de vacuno espa\u00f1ola (Provacuno) convoc\u00f3 su concurso de fotograf\u00eda, del que se cumple la","og_url":"https:\/\/www.asajacyl.com\/palencia\/asaja-palencia-informa\/provacuno-amplia-el-plazo-de-su-certamen-de-fotografia","og_site_name":"ASAJA Palencia","article_published_time":"2022-09-01T12:24:00+00:00","og_image":[{"width":1900,"height":1576,"url":"https:\/\/www.asajacyl.com\/palencia\/wp-content\/uploads\/sites\/3\/2022\/08\/PROVACUNO.jpg","type":"image\/jpeg"}],"author":"Administrador","twitter_card":"summary_large_image","twitter_misc":{"Escrito por":"Administrador","Tiempo de lectura":"1 minuto"},"schema":{"@context":"https:\/\/schema.org","@graph":[{"@type":"WebPage","@id":"https:\/\/www.asajacyl.com\/palencia\/asaja-palencia-informa\/provacuno-amplia-el-plazo-de-su-certamen-de-fotografia","url":"https:\/\/www.asajacyl.com\/palencia\/asaja-palencia-informa\/provacuno-amplia-el-plazo-de-su-certamen-de-fotografia","name":"Provacuno ampl\u00eda el plazo de su certamen de fotograf\u00eda - ASAJA Palencia","isPartOf":{"@id":"https:\/\/www.asajacyl.com\/palencia\/#website"},"primaryImageOfPage":{"@id":"https:\/\/www.asajacyl.com\/palencia\/asaja-palencia-informa\/provacuno-amplia-el-plazo-de-su-certamen-de-fotografia#primaryimage"},"image":{"@id":"https:\/\/www.asajacyl.com\/palencia\/asaja-palencia-informa\/provacuno-amplia-el-plazo-de-su-certamen-de-fotografia#primaryimage"},"thumbnailUrl":"https:\/\/www.asajacyl.com\/palencia\/wp-content\/uploads\/sites\/3\/2022\/08\/PROVACUNO.jpg","datePublished":"2022-09-01T12:24:00+00:00","author":{"@id":"https:\/\/www.asajacyl.com\/palencia\/#\/schema\/person\/3ab17aeb03527485c317557fae64aab1"},"description":"Con el t\u00edtulo de \"Objetivo Vacuno\" la interprofesional de la carne de vacuno espa\u00f1ola (Provacuno) convoc\u00f3 su concurso de fotograf\u00eda, del que se cumple la","breadcrumb":{"@id":"https:\/\/www.asajacyl.com\/palencia\/asaja-palencia-informa\/provacuno-amplia-el-plazo-de-su-certamen-de-fotografia#breadcrumb"},"inLanguage":"es","potentialAction":[{"@type":"ReadAction","target":["https:\/\/www.asajacyl.com\/palencia\/asaja-palencia-informa\/provacuno-amplia-el-plazo-de-su-certamen-de-fotografia"]}]},{"@type":"ImageObject","inLanguage":"es","@id":"https:\/\/www.asajacyl.com\/palencia\/asaja-palencia-informa\/provacuno-amplia-el-plazo-de-su-certamen-de-fotografia#primaryimage","url":"https:\/\/www.asajacyl.com\/palencia\/wp-content\/uploads\/sites\/3\/2022\/08\/PROVACUNO.jpg","contentUrl":"https:\/\/www.asajacyl.com\/palencia\/wp-content\/uploads\/sites\/3\/2022\/08\/PROVACUNO.jpg","width":1900,"height":1576},{"@type":"BreadcrumbList","@id":"https:\/\/www.asajacyl.com\/palencia\/asaja-palencia-informa\/provacuno-amplia-el-plazo-de-su-certamen-de-fotografia#breadcrumb","itemListElement":[{"@type":"ListItem","position":1,"name":"Portada","item":"https:\/\/www.asajacyl.com\/palencia\/"},{"@type":"ListItem","position":2,"name":"Provacuno ampl\u00eda el plazo de su certamen de fotograf\u00eda"}]},{"@type":"WebSite","@id":"https:\/\/www.asajacyl.com\/palencia\/#website","url":"https:\/\/www.asajacyl.com\/palencia\/","name":"ASAJA Palencia","description":"Otro sitio m\u00e1s de Provincias ASAJA Castilla y Le\u00f3n","potentialAction":[{"@type":"SearchAction","target":{"@type":"EntryPoint","urlTemplate":"https:\/\/www.asajacyl.com\/palencia\/?s={search_term_string}"},"query-input":{"@type":"PropertyValueSpecification","valueRequired":true,"valueName":"search_term_string"}}],"inLanguage":"es"},{"@type":"Person","@id":"https:\/\/www.asajacyl.com\/palencia\/#\/schema\/person\/3ab17aeb03527485c317557fae64aab1","name":"Administrador","image":{"@type":"ImageObject","inLanguage":"es","@id":"https:\/\/www.asajacyl.com\/palencia\/#\/schema\/person\/image\/","url":"https:\/\/secure.gravatar.com\/avatar\/517384810d242ca9e38c180f3c9fb973?s=96&d=mm&r=g","contentUrl":"https:\/\/secure.gravatar.com\/avatar\/517384810d242ca9e38c180f3c9fb973?s=96&d=mm&r=g","caption":"Administrador"},"url":"https:\/\/www.asajacyl.com\/palencia\/author\/carlosrm"}]}},"_links":{"self":[{"href":"https:\/\/www.asajacyl.com\/palencia\/wp-json\/wp\/v2\/posts\/11349"}],"collection":[{"href":"https:\/\/www.asajacyl.com\/palencia\/wp-json\/wp\/v2\/posts"}],"about":[{"href":"https:\/\/www.asajacyl.com\/palencia\/wp-json\/wp\/v2\/types\/post"}],"author":[{"embeddable":true,"href":"https:\/\/www.asajacyl.com\/palencia\/wp-json\/wp\/v2\/users\/9"}],"replies":[{"embeddable":true,"href":"https:\/\/www.asajacyl.com\/palencia\/wp-json\/wp\/v2\/comments?post=11349"}],"version-history":[{"count":2,"href":"https:\/\/www.asajacyl.com\/palencia\/wp-json\/wp\/v2\/posts\/11349\/revisions"}],"predecessor-version":[{"id":11352,"href":"https:\/\/www.asajacyl.com\/palencia\/wp-json\/wp\/v2\/posts\/11349\/revisions\/11352"}],"wp:featuredmedia":[{"embeddable":true,"href":"https:\/\/www.asajacyl.com\/palencia\/wp-json\/wp\/v2\/media\/11350"}],"wp:attachment":[{"href":"https:\/\/www.asajacyl.com\/palencia\/wp-json\/wp\/v2\/media?parent=11349"}],"wp:term":[{"taxonomy":"category","embeddable":true,"href":"https:\/\/www.asajacyl.com\/palencia\/wp-json\/wp\/v2\/categories?post=11349"},{"taxonomy":"post_tag","embeddable":true,"href":"https:\/\/www.asajacyl.com\/palencia\/wp-json\/wp\/v2\/tags?post=11349"}],"curies":[{"name":"wp","href":"https:\/\/api.w.org\/{rel}","templated":true}]}}