{"id":11354,"date":"2022-08-30T07:35:00","date_gmt":"2022-08-30T05:35:00","guid":{"rendered":"https:\/\/www.asajacyl.com\/palencia\/?p=11354"},"modified":"2022-08-26T08:02:25","modified_gmt":"2022-08-26T06:02:25","slug":"bueno-sera-si-de-verdad-mejoran-las-pensiones-de-los-futuros-jubilados","status":"publish","type":"post","link":"https:\/\/www.asajacyl.com\/palencia\/asaja-palencia-informa\/bueno-sera-si-de-verdad-mejoran-las-pensiones-de-los-futuros-jubilados","title":{"rendered":"Bueno ser\u00e1 si de verdad mejoran las pensiones de los futuros jubilados"},"content":{"rendered":"\n<p><em>Jos\u00e9 Antonio Turrado, Secretario General de ASAJA Castilla y Le\u00f3n<\/em><\/p>\n\n\n\n<p>El sector agrario se ver\u00e1 afectado de lleno por el contenido del real decreto que modificar\u00e1 el sistema cotizaci\u00f3n para los trabajadores por cuenta propia o aut\u00f3nomos, que hoy recibe el respaldo del Congreso de los Diputados. Mientras hasta ahora la base de cotizaci\u00f3n era voluntaria entre un m\u00e1ximo y un m\u00ednimo, y casi todos nos apunt\u00e1bamos al m\u00ednimo, a partir del 1 de enero del pr\u00f3ximo a\u00f1o la base de cotizaci\u00f3n vendr\u00e1 determinada por el volumen neto de ingresos que tengamos en la actividad agropecuaria y si fuera el caso tambi\u00e9n en otras actividades secundarias como trabajadores por cuenta propia. Tambi\u00e9n es justo decir que en la nueva tabla de bases m\u00e1ximas y m\u00ednimas, estas \u00faltimas se reducen respecto a la situaci\u00f3n anterior, por lo que en teor\u00eda puede haber agricultores y ganaderos con escasos ingresos netos que paguen cuotas inferiores a las que est\u00e1n soportando en la actualidad.<\/p>\n\n\n\n<p>Lo primero que hay que se\u00f1alar es que se ha pactado y publicado un sistema transitorio para tres a\u00f1os, que finaliza en el 2025, y que a partir de ese momento lo esperable es una subida importante respecto a lo que ahora se nos presenta. En este periodo transitorio de 2023 a 2025, habr\u00e1 agricultores que paguen menos, otros que se queden parecido, y muchos que pagar\u00e1n m\u00e1s, algunos mucho m\u00e1s. Por otra parte, no se sabr\u00e1 cu\u00e1nto tocar\u00e1 pagar hasta a\u00f1o vencido cuando se haga la declaraci\u00f3n del IRPF, por lo que la mayor\u00eda de los agricultores ver\u00e1n c\u00f3mo se le hace una correcci\u00f3n en su cotizaci\u00f3n reclamando cuotas adicionales de meses pasados. Este sistema de recaudaci\u00f3n, un tanto complicado administrativamente, ocasionar\u00e1 errores que lleven a descubiertos en la cuenta con la Seguridad Social, que lleven a \u201cno estar al d\u00eda en el pago\u201d y consecuentemente retrasar\u00e1 la percepci\u00f3n de subvenciones de la PAC y de otro tipo a las que se podr\u00eda tener derecho.<\/p>\n\n\n\n<p>No ser\u00eda justo que, contando estos cambios, nos olvid\u00e1ramos de reconocer que la nueva norma mantiene la ventaja de los agricultores del SETA de pagar por un tipo de cotizaci\u00f3n inferior, el del 18,75%, en bases que no superen los 1.140 euros mensuales. Solo para las bases de cotizaci\u00f3n superiores a la se\u00f1alada, sobre la cuant\u00eda que exceda, se aplicar\u00e1 la vigente en cada momento.<\/p>\n\n\n\n<p>La Seguridad Social tiene defensores y detractores, pero es cierto que ha proporcionado en nuestro pa\u00eds una protecci\u00f3n econ\u00f3mica muy digna a quienes han llegado a la edad de jubilaci\u00f3n, incluidos nuestros padres agricultores y ganaderos que por cierto son los que han tenido o tienen las peores pensiones del sistema. El sector agrario tiene que aspirar a tener pensiones superiores a la media del pa\u00eds, pensiones acordes con el digno trabajo que desempe\u00f1amos, y quiz\u00e1s para ello, en algunos casos, habr\u00e1 que pagar algo m\u00e1s. Cierto que para pagar m\u00e1s hay que poder, hay que tener margen en la venta de nuestros productos, pero tambi\u00e9n es cierto que cuando no llega para todo hay que marcar prioridades, y la cotizaci\u00f3n a la Seguridad Social debe de ser una de ellas.<\/p>\n\n\n\n<p>En conclusi\u00f3n, la nueva norma no nos regala nada, nos har\u00e1 pagar m\u00e1s en seg\u00fan qu\u00e9 casos, sigue teniendo en cuenta cierta especificidad del sector agrario, no soluciona el problema del intrusismo profesional, no mejora las pensiones a corto plazo, pero encauza las cosas para que el que puede pague m\u00e1s, de forma obligatoria, y se le abra una expectativa cierta de tener pensiones dignas el d\u00eda de ma\u00f1ana.<\/p>\n","protected":false},"excerpt":{"rendered":"<p>Jos\u00e9 Antonio Turrado, Secretario General de ASAJA Castilla y Le\u00f3n El sector agrario se ver\u00e1 afectado de lleno por el contenido del real decreto que modificar\u00e1 el sistema cotizaci\u00f3n para los trabajadores por cuenta propia o aut\u00f3nomos, que hoy recibe el respaldo del Congreso de los Diputados. Mientras hasta ahora la base de cotizaci\u00f3n era [&hellip;]<\/p>\n","protected":false},"author":9,"featured_media":5827,"comment_status":"open","ping_status":"open","sticky":false,"template":"","format":"standard","meta":{"footnotes":""},"categories":[9,30],"tags":[],"yoast_head":"<!-- This site is optimized with the Yoast SEO plugin v24.5 - https:\/\/yoast.com\/wordpress\/plugins\/seo\/ -->\n<title>Bueno ser\u00e1 si de verdad mejoran las pensiones de los futuros jubilados - ASAJA Palencia<\/title>\n<meta name=\"description\" content=\"Jos\u00e9 Antonio Turrado, Secretario General de ASAJA Castilla y Le\u00f3n El sector agrario se ver\u00e1 afectado de lleno por el contenido del real decreto que\" \/>\n<meta name=\"robots\" content=\"index, follow, max-snippet:-1, max-image-preview:large, max-video-preview:-1\" \/>\n<link rel=\"canonical\" href=\"https:\/\/www.asajacyl.com\/palencia\/asaja-palencia-informa\/bueno-sera-si-de-verdad-mejoran-las-pensiones-de-los-futuros-jubilados\" \/>\n<meta property=\"og:locale\" content=\"es_ES\" \/>\n<meta property=\"og:type\" content=\"article\" \/>\n<meta property=\"og:title\" content=\"Bueno ser\u00e1 si de verdad mejoran las pensiones de los futuros jubilados - ASAJA Palencia\" \/>\n<meta property=\"og:description\" content=\"Jos\u00e9 Antonio Turrado, Secretario General de ASAJA Castilla y Le\u00f3n El sector agrario se ver\u00e1 afectado de lleno por el contenido del real decreto que\" \/>\n<meta property=\"og:url\" content=\"https:\/\/www.asajacyl.com\/palencia\/asaja-palencia-informa\/bueno-sera-si-de-verdad-mejoran-las-pensiones-de-los-futuros-jubilados\" \/>\n<meta property=\"og:site_name\" content=\"ASAJA Palencia\" \/>\n<meta property=\"article:published_time\" content=\"2022-08-30T05:35:00+00:00\" \/>\n<meta property=\"og:image\" content=\"https:\/\/www.asajacyl.com\/palencia\/wp-content\/uploads\/sites\/3\/2019\/01\/turrado-1.jpg\" \/>\n\t<meta property=\"og:image:width\" content=\"254\" \/>\n\t<meta property=\"og:image:height\" content=\"300\" \/>\n\t<meta property=\"og:image:type\" content=\"image\/jpeg\" \/>\n<meta name=\"author\" content=\"Administrador\" \/>\n<meta name=\"twitter:card\" content=\"summary_large_image\" \/>\n<meta name=\"twitter:label1\" content=\"Escrito por\" \/>\n\t<meta name=\"twitter:data1\" content=\"Administrador\" \/>\n\t<meta name=\"twitter:label2\" content=\"Tiempo de lectura\" \/>\n\t<meta name=\"twitter:data2\" content=\"3 minutos\" \/>\n<script type=\"application\/ld+json\" class=\"yoast-schema-graph\">{\"@context\":\"https:\/\/schema.org\",\"@graph\":[{\"@type\":\"WebPage\",\"@id\":\"https:\/\/www.asajacyl.com\/palencia\/asaja-palencia-informa\/bueno-sera-si-de-verdad-mejoran-las-pensiones-de-los-futuros-jubilados\",\"url\":\"https:\/\/www.asajacyl.com\/palencia\/asaja-palencia-informa\/bueno-sera-si-de-verdad-mejoran-las-pensiones-de-los-futuros-jubilados\",\"name\":\"Bueno ser\u00e1 si de verdad mejoran las pensiones de los futuros jubilados - ASAJA Palencia\",\"isPartOf\":{\"@id\":\"https:\/\/www.asajacyl.com\/palencia\/#website\"},\"primaryImageOfPage\":{\"@id\":\"https:\/\/www.asajacyl.com\/palencia\/asaja-palencia-informa\/bueno-sera-si-de-verdad-mejoran-las-pensiones-de-los-futuros-jubilados#primaryimage\"},\"image\":{\"@id\":\"https:\/\/www.asajacyl.com\/palencia\/asaja-palencia-informa\/bueno-sera-si-de-verdad-mejoran-las-pensiones-de-los-futuros-jubilados#primaryimage\"},\"thumbnailUrl\":\"https:\/\/www.asajacyl.com\/palencia\/wp-content\/uploads\/sites\/3\/2019\/01\/turrado-1.jpg\",\"datePublished\":\"2022-08-30T05:35:00+00:00\",\"author\":{\"@id\":\"https:\/\/www.asajacyl.com\/palencia\/#\/schema\/person\/3ab17aeb03527485c317557fae64aab1\"},\"description\":\"Jos\u00e9 Antonio Turrado, Secretario General de ASAJA Castilla y Le\u00f3n El sector agrario se ver\u00e1 afectado de lleno por el contenido del real decreto que\",\"breadcrumb\":{\"@id\":\"https:\/\/www.asajacyl.com\/palencia\/asaja-palencia-informa\/bueno-sera-si-de-verdad-mejoran-las-pensiones-de-los-futuros-jubilados#breadcrumb\"},\"inLanguage\":\"es\",\"potentialAction\":[{\"@type\":\"ReadAction\",\"target\":[\"https:\/\/www.asajacyl.com\/palencia\/asaja-palencia-informa\/bueno-sera-si-de-verdad-mejoran-las-pensiones-de-los-futuros-jubilados\"]}]},{\"@type\":\"ImageObject\",\"inLanguage\":\"es\",\"@id\":\"https:\/\/www.asajacyl.com\/palencia\/asaja-palencia-informa\/bueno-sera-si-de-verdad-mejoran-las-pensiones-de-los-futuros-jubilados#primaryimage\",\"url\":\"https:\/\/www.asajacyl.com\/palencia\/wp-content\/uploads\/sites\/3\/2019\/01\/turrado-1.jpg\",\"contentUrl\":\"https:\/\/www.asajacyl.com\/palencia\/wp-content\/uploads\/sites\/3\/2019\/01\/turrado-1.jpg\",\"width\":254,\"height\":300},{\"@type\":\"BreadcrumbList\",\"@id\":\"https:\/\/www.asajacyl.com\/palencia\/asaja-palencia-informa\/bueno-sera-si-de-verdad-mejoran-las-pensiones-de-los-futuros-jubilados#breadcrumb\",\"itemListElement\":[{\"@type\":\"ListItem\",\"position\":1,\"name\":\"Portada\",\"item\":\"https:\/\/www.asajacyl.com\/palencia\/\"},{\"@type\":\"ListItem\",\"position\":2,\"name\":\"Bueno ser\u00e1 si de verdad mejoran las pensiones de los futuros jubilados\"}]},{\"@type\":\"WebSite\",\"@id\":\"https:\/\/www.asajacyl.com\/palencia\/#website\",\"url\":\"https:\/\/www.asajacyl.com\/palencia\/\",\"name\":\"ASAJA Palencia\",\"description\":\"Otro sitio m\u00e1s de Provincias ASAJA Castilla y Le\u00f3n\",\"potentialAction\":[{\"@type\":\"SearchAction\",\"target\":{\"@type\":\"EntryPoint\",\"urlTemplate\":\"https:\/\/www.asajacyl.com\/palencia\/?s={search_term_string}\"},\"query-input\":{\"@type\":\"PropertyValueSpecification\",\"valueRequired\":true,\"valueName\":\"search_term_string\"}}],\"inLanguage\":\"es\"},{\"@type\":\"Person\",\"@id\":\"https:\/\/www.asajacyl.com\/palencia\/#\/schema\/person\/3ab17aeb03527485c317557fae64aab1\",\"name\":\"Administrador\",\"image\":{\"@type\":\"ImageObject\",\"inLanguage\":\"es\",\"@id\":\"https:\/\/www.asajacyl.com\/palencia\/#\/schema\/person\/image\/\",\"url\":\"https:\/\/secure.gravatar.com\/avatar\/517384810d242ca9e38c180f3c9fb973?s=96&d=mm&r=g\",\"contentUrl\":\"https:\/\/secure.gravatar.com\/avatar\/517384810d242ca9e38c180f3c9fb973?s=96&d=mm&r=g\",\"caption\":\"Administrador\"},\"url\":\"https:\/\/www.asajacyl.com\/palencia\/author\/carlosrm\"}]}<\/script>\n<!-- \/ Yoast SEO plugin. -->","yoast_head_json":{"title":"Bueno ser\u00e1 si de verdad mejoran las pensiones de los futuros jubilados - ASAJA Palencia","description":"Jos\u00e9 Antonio Turrado, Secretario General de ASAJA Castilla y Le\u00f3n El sector agrario se ver\u00e1 afectado de lleno por el contenido del real decreto que","robots":{"index":"index","follow":"follow","max-snippet":"max-snippet:-1","max-image-preview":"max-image-preview:large","max-video-preview":"max-video-preview:-1"},"canonical":"https:\/\/www.asajacyl.com\/palencia\/asaja-palencia-informa\/bueno-sera-si-de-verdad-mejoran-las-pensiones-de-los-futuros-jubilados","og_locale":"es_ES","og_type":"article","og_title":"Bueno ser\u00e1 si de verdad mejoran las pensiones de los futuros jubilados - ASAJA Palencia","og_description":"Jos\u00e9 Antonio Turrado, Secretario General de ASAJA Castilla y Le\u00f3n El sector agrario se ver\u00e1 afectado de lleno por el contenido del real decreto que","og_url":"https:\/\/www.asajacyl.com\/palencia\/asaja-palencia-informa\/bueno-sera-si-de-verdad-mejoran-las-pensiones-de-los-futuros-jubilados","og_site_name":"ASAJA Palencia","article_published_time":"2022-08-30T05:35:00+00:00","og_image":[{"width":254,"height":300,"url":"https:\/\/www.asajacyl.com\/palencia\/wp-content\/uploads\/sites\/3\/2019\/01\/turrado-1.jpg","type":"image\/jpeg"}],"author":"Administrador","twitter_card":"summary_large_image","twitter_misc":{"Escrito por":"Administrador","Tiempo de lectura":"3 minutos"},"schema":{"@context":"https:\/\/schema.org","@graph":[{"@type":"WebPage","@id":"https:\/\/www.asajacyl.com\/palencia\/asaja-palencia-informa\/bueno-sera-si-de-verdad-mejoran-las-pensiones-de-los-futuros-jubilados","url":"https:\/\/www.asajacyl.com\/palencia\/asaja-palencia-informa\/bueno-sera-si-de-verdad-mejoran-las-pensiones-de-los-futuros-jubilados","name":"Bueno ser\u00e1 si de verdad mejoran las pensiones de los futuros jubilados - ASAJA Palencia","isPartOf":{"@id":"https:\/\/www.asajacyl.com\/palencia\/#website"},"primaryImageOfPage":{"@id":"https:\/\/www.asajacyl.com\/palencia\/asaja-palencia-informa\/bueno-sera-si-de-verdad-mejoran-las-pensiones-de-los-futuros-jubilados#primaryimage"},"image":{"@id":"https:\/\/www.asajacyl.com\/palencia\/asaja-palencia-informa\/bueno-sera-si-de-verdad-mejoran-las-pensiones-de-los-futuros-jubilados#primaryimage"},"thumbnailUrl":"https:\/\/www.asajacyl.com\/palencia\/wp-content\/uploads\/sites\/3\/2019\/01\/turrado-1.jpg","datePublished":"2022-08-30T05:35:00+00:00","author":{"@id":"https:\/\/www.asajacyl.com\/palencia\/#\/schema\/person\/3ab17aeb03527485c317557fae64aab1"},"description":"Jos\u00e9 Antonio Turrado, Secretario General de ASAJA Castilla y Le\u00f3n El sector agrario se ver\u00e1 afectado de lleno por el contenido del real decreto que","breadcrumb":{"@id":"https:\/\/www.asajacyl.com\/palencia\/asaja-palencia-informa\/bueno-sera-si-de-verdad-mejoran-las-pensiones-de-los-futuros-jubilados#breadcrumb"},"inLanguage":"es","potentialAction":[{"@type":"ReadAction","target":["https:\/\/www.asajacyl.com\/palencia\/asaja-palencia-informa\/bueno-sera-si-de-verdad-mejoran-las-pensiones-de-los-futuros-jubilados"]}]},{"@type":"ImageObject","inLanguage":"es","@id":"https:\/\/www.asajacyl.com\/palencia\/asaja-palencia-informa\/bueno-sera-si-de-verdad-mejoran-las-pensiones-de-los-futuros-jubilados#primaryimage","url":"https:\/\/www.asajacyl.com\/palencia\/wp-content\/uploads\/sites\/3\/2019\/01\/turrado-1.jpg","contentUrl":"https:\/\/www.asajacyl.com\/palencia\/wp-content\/uploads\/sites\/3\/2019\/01\/turrado-1.jpg","width":254,"height":300},{"@type":"BreadcrumbList","@id":"https:\/\/www.asajacyl.com\/palencia\/asaja-palencia-informa\/bueno-sera-si-de-verdad-mejoran-las-pensiones-de-los-futuros-jubilados#breadcrumb","itemListElement":[{"@type":"ListItem","position":1,"name":"Portada","item":"https:\/\/www.asajacyl.com\/palencia\/"},{"@type":"ListItem","position":2,"name":"Bueno ser\u00e1 si de verdad mejoran las pensiones de los futuros jubilados"}]},{"@type":"WebSite","@id":"https:\/\/www.asajacyl.com\/palencia\/#website","url":"https:\/\/www.asajacyl.com\/palencia\/","name":"ASAJA Palencia","description":"Otro sitio m\u00e1s de Provincias ASAJA Castilla y Le\u00f3n","potentialAction":[{"@type":"SearchAction","target":{"@type":"EntryPoint","urlTemplate":"https:\/\/www.asajacyl.com\/palencia\/?s={search_term_string}"},"query-input":{"@type":"PropertyValueSpecification","valueRequired":true,"valueName":"search_term_string"}}],"inLanguage":"es"},{"@type":"Person","@id":"https:\/\/www.asajacyl.com\/palencia\/#\/schema\/person\/3ab17aeb03527485c317557fae64aab1","name":"Administrador","image":{"@type":"ImageObject","inLanguage":"es","@id":"https:\/\/www.asajacyl.com\/palencia\/#\/schema\/person\/image\/","url":"https:\/\/secure.gravatar.com\/avatar\/517384810d242ca9e38c180f3c9fb973?s=96&d=mm&r=g","contentUrl":"https:\/\/secure.gravatar.com\/avatar\/517384810d242ca9e38c180f3c9fb973?s=96&d=mm&r=g","caption":"Administrador"},"url":"https:\/\/www.asajacyl.com\/palencia\/author\/carlosrm"}]}},"_links":{"self":[{"href":"https:\/\/www.asajacyl.com\/palencia\/wp-json\/wp\/v2\/posts\/11354"}],"collection":[{"href":"https:\/\/www.asajacyl.com\/palencia\/wp-json\/wp\/v2\/posts"}],"about":[{"href":"https:\/\/www.asajacyl.com\/palencia\/wp-json\/wp\/v2\/types\/post"}],"author":[{"embeddable":true,"href":"https:\/\/www.asajacyl.com\/palencia\/wp-json\/wp\/v2\/users\/9"}],"replies":[{"embeddable":true,"href":"https:\/\/www.asajacyl.com\/palencia\/wp-json\/wp\/v2\/comments?post=11354"}],"version-history":[{"count":1,"href":"https:\/\/www.asajacyl.com\/palencia\/wp-json\/wp\/v2\/posts\/11354\/revisions"}],"predecessor-version":[{"id":11355,"href":"https:\/\/www.asajacyl.com\/palencia\/wp-json\/wp\/v2\/posts\/11354\/revisions\/11355"}],"wp:featuredmedia":[{"embeddable":true,"href":"https:\/\/www.asajacyl.com\/palencia\/wp-json\/wp\/v2\/media\/5827"}],"wp:attachment":[{"href":"https:\/\/www.asajacyl.com\/palencia\/wp-json\/wp\/v2\/media?parent=11354"}],"wp:term":[{"taxonomy":"category","embeddable":true,"href":"https:\/\/www.asajacyl.com\/palencia\/wp-json\/wp\/v2\/categories?post=11354"},{"taxonomy":"post_tag","embeddable":true,"href":"https:\/\/www.asajacyl.com\/palencia\/wp-json\/wp\/v2\/tags?post=11354"}],"curies":[{"name":"wp","href":"https:\/\/api.w.org\/{rel}","templated":true}]}}