{"id":11356,"date":"2022-08-26T10:15:12","date_gmt":"2022-08-26T08:15:12","guid":{"rendered":"https:\/\/www.asajacyl.com\/palencia\/?p=11356"},"modified":"2022-08-26T10:17:29","modified_gmt":"2022-08-26T08:17:29","slug":"la-chd-informa-sobre-el-corte-de-la-campana-de-riego","status":"publish","type":"post","link":"https:\/\/www.asajacyl.com\/palencia\/asaja-palencia-informa\/la-chd-informa-sobre-el-corte-de-la-campana-de-riego","title":{"rendered":"La CHD informa sobre el corte de la campa\u00f1a de riego"},"content":{"rendered":"\n<p>La Confederaci\u00f3n Hidrogr\u00e1fica del Duero ha informado que est\u00e1 tratando de extender al m\u00e1ximo la campa\u00f1a de riego en todos los sistemas de la cuenca del Duero haciendo hincapi\u00e9 en que algunas comunidades de regantes, especialmente las menos modernizadas, tendr\u00e1n dificultadas para culminar la campa\u00f1a de riego con la dotaci\u00f3n asignada y otras pueden concluir la campa\u00f1a con antelaci\u00f3n por agotamiento de la dotaci\u00f3n asignada, como ya ha sucedido con la Comunidad de Regantes del Bajo Carri\u00f3n.<\/p>\n\n\n\n<p>Seg\u00fan comenta la CHD, en el sistema Pisuerga la mayor\u00eda de comunidades podr\u00e1n terminar la campa\u00f1a a finales de septiembre, estando actualmente en el 80% de dotaci\u00f3n consumida aproximadamente aunque hay excepciones en comunidades que han agotado la dotaci\u00f3n y ya no podr\u00e1n regar m\u00e1s, como por ejemplo ha ocurrido ayer en la Comunidad de Regantes del Canal de Villalaco.<\/p>\n\n\n\n<p>En el sistema Carri\u00f3n, hoy d\u00eda 26 de agosto se finaliza la campa\u00f1a para los regantes del propio r\u00edo sin haberse conseguido la dotaci\u00f3n comprometida aunque estando cerca de ella. En el caso de los regantes afectados por el trasvase Cea-Carri\u00f3n, \u00e9stos podr\u00e1n mantener el riego hasta agotar los 72 hm3 asignados a dicho trasvase, que se alcanzar\u00e1n previsiblemente los primeros d\u00edas de septiembre.<\/p>\n\n\n\n<p>Seg\u00fan datos de la Agencia Estatal de Meteorolog\u00eda (AEMET), este a\u00f1o hidrol\u00f3gico est\u00e1 siendo el tercero m\u00e1s seco desde el a\u00f1o 2000 y el cuarto de toda la serie que manejan. Tambi\u00e9n especifica la CHD que las olas de calor de este verano han afectado al comportamiento de r\u00edos y canales por lo que analizar\u00e1n datos de temperaturas y de p\u00e9rdidas por evapotraspiraci\u00f3n de los embalses.<\/p>\n\n\n\n<div class=\"wp-block-image\"><figure class=\"aligncenter\"><img decoding=\"async\" src=\"https:\/\/www.aemet.es\/imagenes_d\/serviciosclimaticos\/vigilancia_clima\/vigilancia_sequia\/vcspiah.jpg\" alt=\"A\u00f1o hidrol\u00f3gico\" \/><figcaption>El \u00cdndice de Precipitaci\u00f3n Estandarizado del a\u00f1o hidrol\u00f3gico actual muestra lo seco que est\u00e1 siendo el a\u00f1o en Palencia, incluso en la zona norte, de donde se surten nuestros embalses.<\/figcaption><\/figure><\/div>\n\n\n\n<p><\/p>\n","protected":false},"excerpt":{"rendered":"<p>La Confederaci\u00f3n Hidrogr\u00e1fica del Duero ha informado que est\u00e1 tratando de extender al m\u00e1ximo la campa\u00f1a de riego en todos los sistemas de la cuenca del Duero haciendo hincapi\u00e9 en que algunas comunidades de regantes, especialmente las menos modernizadas, tendr\u00e1n dificultadas para culminar la campa\u00f1a de riego con la dotaci\u00f3n asignada y otras pueden concluir [&hellip;]<\/p>\n","protected":false},"author":9,"featured_media":11184,"comment_status":"open","ping_status":"open","sticky":false,"template":"","format":"standard","meta":{"footnotes":""},"categories":[9,29,28],"tags":[],"yoast_head":"<!-- This site is optimized with the Yoast SEO plugin v24.5 - https:\/\/yoast.com\/wordpress\/plugins\/seo\/ -->\n<title>La CHD informa sobre el corte de la campa\u00f1a de riego - ASAJA Palencia<\/title>\n<meta name=\"description\" content=\"La Confederaci\u00f3n Hidrogr\u00e1fica del Duero ha informado que est\u00e1 tratando de extender al m\u00e1ximo la campa\u00f1a de riego en todos los sistemas de la cuenca del\" \/>\n<meta name=\"robots\" content=\"index, follow, max-snippet:-1, max-image-preview:large, max-video-preview:-1\" \/>\n<link rel=\"canonical\" href=\"https:\/\/www.asajacyl.com\/palencia\/asaja-palencia-informa\/la-chd-informa-sobre-el-corte-de-la-campana-de-riego\" \/>\n<meta property=\"og:locale\" content=\"es_ES\" \/>\n<meta property=\"og:type\" content=\"article\" \/>\n<meta property=\"og:title\" content=\"La CHD informa sobre el corte de la campa\u00f1a de riego - ASAJA Palencia\" \/>\n<meta property=\"og:description\" content=\"La Confederaci\u00f3n Hidrogr\u00e1fica del Duero ha informado que est\u00e1 tratando de extender al m\u00e1ximo la campa\u00f1a de riego en todos los sistemas de la cuenca del\" \/>\n<meta property=\"og:url\" content=\"https:\/\/www.asajacyl.com\/palencia\/asaja-palencia-informa\/la-chd-informa-sobre-el-corte-de-la-campana-de-riego\" \/>\n<meta property=\"og:site_name\" content=\"ASAJA Palencia\" \/>\n<meta property=\"article:published_time\" content=\"2022-08-26T08:15:12+00:00\" \/>\n<meta property=\"article:modified_time\" content=\"2022-08-26T08:17:29+00:00\" \/>\n<meta property=\"og:image\" content=\"https:\/\/www.asajacyl.com\/palencia\/wp-content\/uploads\/sites\/3\/2022\/08\/CANAL-VILLALACO.jpg\" \/>\n\t<meta property=\"og:image:width\" content=\"1024\" \/>\n\t<meta property=\"og:image:height\" content=\"768\" \/>\n\t<meta property=\"og:image:type\" content=\"image\/jpeg\" \/>\n<meta name=\"author\" content=\"Administrador\" \/>\n<meta name=\"twitter:card\" content=\"summary_large_image\" \/>\n<meta name=\"twitter:label1\" content=\"Escrito por\" \/>\n\t<meta name=\"twitter:data1\" content=\"Administrador\" \/>\n\t<meta name=\"twitter:label2\" content=\"Tiempo de lectura\" \/>\n\t<meta name=\"twitter:data2\" content=\"2 minutos\" \/>\n<script type=\"application\/ld+json\" class=\"yoast-schema-graph\">{\"@context\":\"https:\/\/schema.org\",\"@graph\":[{\"@type\":\"WebPage\",\"@id\":\"https:\/\/www.asajacyl.com\/palencia\/asaja-palencia-informa\/la-chd-informa-sobre-el-corte-de-la-campana-de-riego\",\"url\":\"https:\/\/www.asajacyl.com\/palencia\/asaja-palencia-informa\/la-chd-informa-sobre-el-corte-de-la-campana-de-riego\",\"name\":\"La CHD informa sobre el corte de la campa\u00f1a de riego - ASAJA Palencia\",\"isPartOf\":{\"@id\":\"https:\/\/www.asajacyl.com\/palencia\/#website\"},\"primaryImageOfPage\":{\"@id\":\"https:\/\/www.asajacyl.com\/palencia\/asaja-palencia-informa\/la-chd-informa-sobre-el-corte-de-la-campana-de-riego#primaryimage\"},\"image\":{\"@id\":\"https:\/\/www.asajacyl.com\/palencia\/asaja-palencia-informa\/la-chd-informa-sobre-el-corte-de-la-campana-de-riego#primaryimage\"},\"thumbnailUrl\":\"https:\/\/www.asajacyl.com\/palencia\/wp-content\/uploads\/sites\/3\/2022\/08\/CANAL-VILLALACO.jpg\",\"datePublished\":\"2022-08-26T08:15:12+00:00\",\"dateModified\":\"2022-08-26T08:17:29+00:00\",\"author\":{\"@id\":\"https:\/\/www.asajacyl.com\/palencia\/#\/schema\/person\/3ab17aeb03527485c317557fae64aab1\"},\"description\":\"La Confederaci\u00f3n Hidrogr\u00e1fica del Duero ha informado que est\u00e1 tratando de extender al m\u00e1ximo la campa\u00f1a de riego en todos los sistemas de la cuenca del\",\"breadcrumb\":{\"@id\":\"https:\/\/www.asajacyl.com\/palencia\/asaja-palencia-informa\/la-chd-informa-sobre-el-corte-de-la-campana-de-riego#breadcrumb\"},\"inLanguage\":\"es\",\"potentialAction\":[{\"@type\":\"ReadAction\",\"target\":[\"https:\/\/www.asajacyl.com\/palencia\/asaja-palencia-informa\/la-chd-informa-sobre-el-corte-de-la-campana-de-riego\"]}]},{\"@type\":\"ImageObject\",\"inLanguage\":\"es\",\"@id\":\"https:\/\/www.asajacyl.com\/palencia\/asaja-palencia-informa\/la-chd-informa-sobre-el-corte-de-la-campana-de-riego#primaryimage\",\"url\":\"https:\/\/www.asajacyl.com\/palencia\/wp-content\/uploads\/sites\/3\/2022\/08\/CANAL-VILLALACO.jpg\",\"contentUrl\":\"https:\/\/www.asajacyl.com\/palencia\/wp-content\/uploads\/sites\/3\/2022\/08\/CANAL-VILLALACO.jpg\",\"width\":1024,\"height\":768},{\"@type\":\"BreadcrumbList\",\"@id\":\"https:\/\/www.asajacyl.com\/palencia\/asaja-palencia-informa\/la-chd-informa-sobre-el-corte-de-la-campana-de-riego#breadcrumb\",\"itemListElement\":[{\"@type\":\"ListItem\",\"position\":1,\"name\":\"Portada\",\"item\":\"https:\/\/www.asajacyl.com\/palencia\/\"},{\"@type\":\"ListItem\",\"position\":2,\"name\":\"La CHD informa sobre el corte de la campa\u00f1a de riego\"}]},{\"@type\":\"WebSite\",\"@id\":\"https:\/\/www.asajacyl.com\/palencia\/#website\",\"url\":\"https:\/\/www.asajacyl.com\/palencia\/\",\"name\":\"ASAJA Palencia\",\"description\":\"Otro sitio m\u00e1s de Provincias ASAJA Castilla y Le\u00f3n\",\"potentialAction\":[{\"@type\":\"SearchAction\",\"target\":{\"@type\":\"EntryPoint\",\"urlTemplate\":\"https:\/\/www.asajacyl.com\/palencia\/?s={search_term_string}\"},\"query-input\":{\"@type\":\"PropertyValueSpecification\",\"valueRequired\":true,\"valueName\":\"search_term_string\"}}],\"inLanguage\":\"es\"},{\"@type\":\"Person\",\"@id\":\"https:\/\/www.asajacyl.com\/palencia\/#\/schema\/person\/3ab17aeb03527485c317557fae64aab1\",\"name\":\"Administrador\",\"image\":{\"@type\":\"ImageObject\",\"inLanguage\":\"es\",\"@id\":\"https:\/\/www.asajacyl.com\/palencia\/#\/schema\/person\/image\/\",\"url\":\"https:\/\/secure.gravatar.com\/avatar\/517384810d242ca9e38c180f3c9fb973?s=96&d=mm&r=g\",\"contentUrl\":\"https:\/\/secure.gravatar.com\/avatar\/517384810d242ca9e38c180f3c9fb973?s=96&d=mm&r=g\",\"caption\":\"Administrador\"},\"url\":\"https:\/\/www.asajacyl.com\/palencia\/author\/carlosrm\"}]}<\/script>\n<!-- \/ Yoast SEO plugin. -->","yoast_head_json":{"title":"La CHD informa sobre el corte de la campa\u00f1a de riego - ASAJA Palencia","description":"La Confederaci\u00f3n Hidrogr\u00e1fica del Duero ha informado que est\u00e1 tratando de extender al m\u00e1ximo la campa\u00f1a de riego en todos los sistemas de la cuenca del","robots":{"index":"index","follow":"follow","max-snippet":"max-snippet:-1","max-image-preview":"max-image-preview:large","max-video-preview":"max-video-preview:-1"},"canonical":"https:\/\/www.asajacyl.com\/palencia\/asaja-palencia-informa\/la-chd-informa-sobre-el-corte-de-la-campana-de-riego","og_locale":"es_ES","og_type":"article","og_title":"La CHD informa sobre el corte de la campa\u00f1a de riego - ASAJA Palencia","og_description":"La Confederaci\u00f3n Hidrogr\u00e1fica del Duero ha informado que est\u00e1 tratando de extender al m\u00e1ximo la campa\u00f1a de riego en todos los sistemas de la cuenca del","og_url":"https:\/\/www.asajacyl.com\/palencia\/asaja-palencia-informa\/la-chd-informa-sobre-el-corte-de-la-campana-de-riego","og_site_name":"ASAJA Palencia","article_published_time":"2022-08-26T08:15:12+00:00","article_modified_time":"2022-08-26T08:17:29+00:00","og_image":[{"width":1024,"height":768,"url":"https:\/\/www.asajacyl.com\/palencia\/wp-content\/uploads\/sites\/3\/2022\/08\/CANAL-VILLALACO.jpg","type":"image\/jpeg"}],"author":"Administrador","twitter_card":"summary_large_image","twitter_misc":{"Escrito por":"Administrador","Tiempo de lectura":"2 minutos"},"schema":{"@context":"https:\/\/schema.org","@graph":[{"@type":"WebPage","@id":"https:\/\/www.asajacyl.com\/palencia\/asaja-palencia-informa\/la-chd-informa-sobre-el-corte-de-la-campana-de-riego","url":"https:\/\/www.asajacyl.com\/palencia\/asaja-palencia-informa\/la-chd-informa-sobre-el-corte-de-la-campana-de-riego","name":"La CHD informa sobre el corte de la campa\u00f1a de riego - ASAJA Palencia","isPartOf":{"@id":"https:\/\/www.asajacyl.com\/palencia\/#website"},"primaryImageOfPage":{"@id":"https:\/\/www.asajacyl.com\/palencia\/asaja-palencia-informa\/la-chd-informa-sobre-el-corte-de-la-campana-de-riego#primaryimage"},"image":{"@id":"https:\/\/www.asajacyl.com\/palencia\/asaja-palencia-informa\/la-chd-informa-sobre-el-corte-de-la-campana-de-riego#primaryimage"},"thumbnailUrl":"https:\/\/www.asajacyl.com\/palencia\/wp-content\/uploads\/sites\/3\/2022\/08\/CANAL-VILLALACO.jpg","datePublished":"2022-08-26T08:15:12+00:00","dateModified":"2022-08-26T08:17:29+00:00","author":{"@id":"https:\/\/www.asajacyl.com\/palencia\/#\/schema\/person\/3ab17aeb03527485c317557fae64aab1"},"description":"La Confederaci\u00f3n Hidrogr\u00e1fica del Duero ha informado que est\u00e1 tratando de extender al m\u00e1ximo la campa\u00f1a de riego en todos los sistemas de la cuenca del","breadcrumb":{"@id":"https:\/\/www.asajacyl.com\/palencia\/asaja-palencia-informa\/la-chd-informa-sobre-el-corte-de-la-campana-de-riego#breadcrumb"},"inLanguage":"es","potentialAction":[{"@type":"ReadAction","target":["https:\/\/www.asajacyl.com\/palencia\/asaja-palencia-informa\/la-chd-informa-sobre-el-corte-de-la-campana-de-riego"]}]},{"@type":"ImageObject","inLanguage":"es","@id":"https:\/\/www.asajacyl.com\/palencia\/asaja-palencia-informa\/la-chd-informa-sobre-el-corte-de-la-campana-de-riego#primaryimage","url":"https:\/\/www.asajacyl.com\/palencia\/wp-content\/uploads\/sites\/3\/2022\/08\/CANAL-VILLALACO.jpg","contentUrl":"https:\/\/www.asajacyl.com\/palencia\/wp-content\/uploads\/sites\/3\/2022\/08\/CANAL-VILLALACO.jpg","width":1024,"height":768},{"@type":"BreadcrumbList","@id":"https:\/\/www.asajacyl.com\/palencia\/asaja-palencia-informa\/la-chd-informa-sobre-el-corte-de-la-campana-de-riego#breadcrumb","itemListElement":[{"@type":"ListItem","position":1,"name":"Portada","item":"https:\/\/www.asajacyl.com\/palencia\/"},{"@type":"ListItem","position":2,"name":"La CHD informa sobre el corte de la campa\u00f1a de riego"}]},{"@type":"WebSite","@id":"https:\/\/www.asajacyl.com\/palencia\/#website","url":"https:\/\/www.asajacyl.com\/palencia\/","name":"ASAJA Palencia","description":"Otro sitio m\u00e1s de Provincias ASAJA Castilla y Le\u00f3n","potentialAction":[{"@type":"SearchAction","target":{"@type":"EntryPoint","urlTemplate":"https:\/\/www.asajacyl.com\/palencia\/?s={search_term_string}"},"query-input":{"@type":"PropertyValueSpecification","valueRequired":true,"valueName":"search_term_string"}}],"inLanguage":"es"},{"@type":"Person","@id":"https:\/\/www.asajacyl.com\/palencia\/#\/schema\/person\/3ab17aeb03527485c317557fae64aab1","name":"Administrador","image":{"@type":"ImageObject","inLanguage":"es","@id":"https:\/\/www.asajacyl.com\/palencia\/#\/schema\/person\/image\/","url":"https:\/\/secure.gravatar.com\/avatar\/517384810d242ca9e38c180f3c9fb973?s=96&d=mm&r=g","contentUrl":"https:\/\/secure.gravatar.com\/avatar\/517384810d242ca9e38c180f3c9fb973?s=96&d=mm&r=g","caption":"Administrador"},"url":"https:\/\/www.asajacyl.com\/palencia\/author\/carlosrm"}]}},"_links":{"self":[{"href":"https:\/\/www.asajacyl.com\/palencia\/wp-json\/wp\/v2\/posts\/11356"}],"collection":[{"href":"https:\/\/www.asajacyl.com\/palencia\/wp-json\/wp\/v2\/posts"}],"about":[{"href":"https:\/\/www.asajacyl.com\/palencia\/wp-json\/wp\/v2\/types\/post"}],"author":[{"embeddable":true,"href":"https:\/\/www.asajacyl.com\/palencia\/wp-json\/wp\/v2\/users\/9"}],"replies":[{"embeddable":true,"href":"https:\/\/www.asajacyl.com\/palencia\/wp-json\/wp\/v2\/comments?post=11356"}],"version-history":[{"count":2,"href":"https:\/\/www.asajacyl.com\/palencia\/wp-json\/wp\/v2\/posts\/11356\/revisions"}],"predecessor-version":[{"id":11358,"href":"https:\/\/www.asajacyl.com\/palencia\/wp-json\/wp\/v2\/posts\/11356\/revisions\/11358"}],"wp:featuredmedia":[{"embeddable":true,"href":"https:\/\/www.asajacyl.com\/palencia\/wp-json\/wp\/v2\/media\/11184"}],"wp:attachment":[{"href":"https:\/\/www.asajacyl.com\/palencia\/wp-json\/wp\/v2\/media?parent=11356"}],"wp:term":[{"taxonomy":"category","embeddable":true,"href":"https:\/\/www.asajacyl.com\/palencia\/wp-json\/wp\/v2\/categories?post=11356"},{"taxonomy":"post_tag","embeddable":true,"href":"https:\/\/www.asajacyl.com\/palencia\/wp-json\/wp\/v2\/tags?post=11356"}],"curies":[{"name":"wp","href":"https:\/\/api.w.org\/{rel}","templated":true}]}}