{"id":11359,"date":"2022-09-05T12:12:00","date_gmt":"2022-09-05T10:12:00","guid":{"rendered":"https:\/\/www.asajacyl.com\/palencia\/?p=11359"},"modified":"2022-08-26T13:14:53","modified_gmt":"2022-08-26T11:14:53","slug":"la-usal-confirma-el-avance-de-la-sequia-en-europa-en-los-ultimos-treinta-anos","status":"publish","type":"post","link":"https:\/\/www.asajacyl.com\/palencia\/asaja-palencia-informa\/la-usal-confirma-el-avance-de-la-sequia-en-europa-en-los-ultimos-treinta-anos","title":{"rendered":"La sequ\u00eda avanza en Europa en los \u00faltimos treinta a\u00f1os seg\u00fan investigadores de la Universidad de Salamanca"},"content":{"rendered":"\n<p>HIDRUS es el Grupo de Investigaci\u00f3n en Recursos H\u00eddricos, adscrito al Centro Hispano Luso de Investigaciones Agrarias (CIALE) de la Universidad de Salamanca, y recientemente ha confirmado en un <a href=\"https:\/\/reader.elsevier.com\/reader\/sd\/pii\/S0921818122001357?token=6916DC82550B470B06C2C6232A92D69002834F3336D4B6FFBD96069F4113C05F1E4727A59E770F866E697F5ADCCF39BF&amp;originRegion=eu-west-1&amp;originCreation=20220826110504\">estudio<\/a>, publicado en la revista cient\u00edfica \u00abGlobal and Planetary Change\u00bb un estudio que confirma el avance de la sequ\u00eda en nuestro continente.<\/p>\n\n\n\n<p>Los resultados del estudio demuestran que en Europa ha habido una variaci\u00f3n significativa, durante las \u00faltimas tres d\u00e9cadas, del agua contenida en el suelo. Esto est\u00e1 sucediendo en m\u00e1s del 80% de casos. Por su parte, la sequ\u00eda tiene una tendencia positiva, es decir, aumenta cada a\u00f1o y va teniendo mayor intensidad y duraci\u00f3n cada vez.<\/p>\n\n\n\n<div class=\"wp-block-image\"><figure class=\"aligncenter\"><img decoding=\"async\" src=\"https:\/\/external-content.duckduckgo.com\/iu\/?u=https%3A%2F%2Fnotrickszone.com%2Fwp-content%2Fuploads%2F2017%2F02%2FGlobal-and-Planetary-Change-journal.jpg&amp;f=1&amp;nofb=1\" alt=\"Blockbuster Paper Finds Just 15% Of CO2 Growth Since Industrialization ...\" \/><\/figure><\/div>\n","protected":false},"excerpt":{"rendered":"<p>HIDRUS es el Grupo de Investigaci\u00f3n en Recursos H\u00eddricos, adscrito al Centro Hispano Luso de Investigaciones Agrarias (CIALE) de la Universidad de Salamanca, y recientemente ha confirmado en un estudio, publicado en la revista cient\u00edfica \u00abGlobal and Planetary Change\u00bb un estudio que confirma el avance de la sequ\u00eda en nuestro continente. Los resultados del estudio [&hellip;]<\/p>\n","protected":false},"author":9,"featured_media":11360,"comment_status":"open","ping_status":"open","sticky":false,"template":"","format":"standard","meta":{"footnotes":""},"categories":[9,29,28],"tags":[],"yoast_head":"<!-- This site is optimized with the Yoast SEO plugin v24.5 - https:\/\/yoast.com\/wordpress\/plugins\/seo\/ -->\n<title>La sequ\u00eda avanza en Europa en los \u00faltimos treinta a\u00f1os seg\u00fan investigadores de la Universidad de Salamanca - ASAJA Palencia<\/title>\n<meta name=\"description\" content=\"HIDRUS es el Grupo de Investigaci\u00f3n en Recursos H\u00eddricos, adscrito al Centro Hispano Luso de Investigaciones Agrarias (CIALE) de la Universidad de\" \/>\n<meta name=\"robots\" content=\"index, follow, max-snippet:-1, max-image-preview:large, max-video-preview:-1\" \/>\n<link rel=\"canonical\" href=\"https:\/\/www.asajacyl.com\/palencia\/asaja-palencia-informa\/la-usal-confirma-el-avance-de-la-sequia-en-europa-en-los-ultimos-treinta-anos\" \/>\n<meta property=\"og:locale\" content=\"es_ES\" \/>\n<meta property=\"og:type\" content=\"article\" \/>\n<meta property=\"og:title\" content=\"La sequ\u00eda avanza en Europa en los \u00faltimos treinta a\u00f1os seg\u00fan investigadores de la Universidad de Salamanca - ASAJA Palencia\" \/>\n<meta property=\"og:description\" content=\"HIDRUS es el Grupo de Investigaci\u00f3n en Recursos H\u00eddricos, adscrito al Centro Hispano Luso de Investigaciones Agrarias (CIALE) de la Universidad de\" \/>\n<meta property=\"og:url\" content=\"https:\/\/www.asajacyl.com\/palencia\/asaja-palencia-informa\/la-usal-confirma-el-avance-de-la-sequia-en-europa-en-los-ultimos-treinta-anos\" \/>\n<meta property=\"og:site_name\" content=\"ASAJA Palencia\" \/>\n<meta property=\"article:published_time\" content=\"2022-09-05T10:12:00+00:00\" \/>\n<meta property=\"og:image\" content=\"https:\/\/www.asajacyl.com\/palencia\/wp-content\/uploads\/sites\/3\/2022\/08\/GLOBAL-AND-PLANETARY-CHANGE.jpg\" \/>\n\t<meta property=\"og:image:width\" content=\"665\" \/>\n\t<meta property=\"og:image:height\" content=\"518\" \/>\n\t<meta property=\"og:image:type\" content=\"image\/jpeg\" \/>\n<meta name=\"author\" content=\"Administrador\" \/>\n<meta name=\"twitter:card\" content=\"summary_large_image\" \/>\n<meta name=\"twitter:label1\" content=\"Escrito por\" \/>\n\t<meta name=\"twitter:data1\" content=\"Administrador\" \/>\n\t<meta name=\"twitter:label2\" content=\"Tiempo de lectura\" \/>\n\t<meta name=\"twitter:data2\" content=\"1 minuto\" \/>\n<script type=\"application\/ld+json\" class=\"yoast-schema-graph\">{\"@context\":\"https:\/\/schema.org\",\"@graph\":[{\"@type\":\"WebPage\",\"@id\":\"https:\/\/www.asajacyl.com\/palencia\/asaja-palencia-informa\/la-usal-confirma-el-avance-de-la-sequia-en-europa-en-los-ultimos-treinta-anos\",\"url\":\"https:\/\/www.asajacyl.com\/palencia\/asaja-palencia-informa\/la-usal-confirma-el-avance-de-la-sequia-en-europa-en-los-ultimos-treinta-anos\",\"name\":\"La sequ\u00eda avanza en Europa en los \u00faltimos treinta a\u00f1os seg\u00fan investigadores de la Universidad de Salamanca - ASAJA Palencia\",\"isPartOf\":{\"@id\":\"https:\/\/www.asajacyl.com\/palencia\/#website\"},\"primaryImageOfPage\":{\"@id\":\"https:\/\/www.asajacyl.com\/palencia\/asaja-palencia-informa\/la-usal-confirma-el-avance-de-la-sequia-en-europa-en-los-ultimos-treinta-anos#primaryimage\"},\"image\":{\"@id\":\"https:\/\/www.asajacyl.com\/palencia\/asaja-palencia-informa\/la-usal-confirma-el-avance-de-la-sequia-en-europa-en-los-ultimos-treinta-anos#primaryimage\"},\"thumbnailUrl\":\"https:\/\/www.asajacyl.com\/palencia\/wp-content\/uploads\/sites\/3\/2022\/08\/GLOBAL-AND-PLANETARY-CHANGE.jpg\",\"datePublished\":\"2022-09-05T10:12:00+00:00\",\"author\":{\"@id\":\"https:\/\/www.asajacyl.com\/palencia\/#\/schema\/person\/3ab17aeb03527485c317557fae64aab1\"},\"description\":\"HIDRUS es el Grupo de Investigaci\u00f3n en Recursos H\u00eddricos, adscrito al Centro Hispano Luso de Investigaciones Agrarias (CIALE) de la Universidad de\",\"breadcrumb\":{\"@id\":\"https:\/\/www.asajacyl.com\/palencia\/asaja-palencia-informa\/la-usal-confirma-el-avance-de-la-sequia-en-europa-en-los-ultimos-treinta-anos#breadcrumb\"},\"inLanguage\":\"es\",\"potentialAction\":[{\"@type\":\"ReadAction\",\"target\":[\"https:\/\/www.asajacyl.com\/palencia\/asaja-palencia-informa\/la-usal-confirma-el-avance-de-la-sequia-en-europa-en-los-ultimos-treinta-anos\"]}]},{\"@type\":\"ImageObject\",\"inLanguage\":\"es\",\"@id\":\"https:\/\/www.asajacyl.com\/palencia\/asaja-palencia-informa\/la-usal-confirma-el-avance-de-la-sequia-en-europa-en-los-ultimos-treinta-anos#primaryimage\",\"url\":\"https:\/\/www.asajacyl.com\/palencia\/wp-content\/uploads\/sites\/3\/2022\/08\/GLOBAL-AND-PLANETARY-CHANGE.jpg\",\"contentUrl\":\"https:\/\/www.asajacyl.com\/palencia\/wp-content\/uploads\/sites\/3\/2022\/08\/GLOBAL-AND-PLANETARY-CHANGE.jpg\",\"width\":665,\"height\":518},{\"@type\":\"BreadcrumbList\",\"@id\":\"https:\/\/www.asajacyl.com\/palencia\/asaja-palencia-informa\/la-usal-confirma-el-avance-de-la-sequia-en-europa-en-los-ultimos-treinta-anos#breadcrumb\",\"itemListElement\":[{\"@type\":\"ListItem\",\"position\":1,\"name\":\"Portada\",\"item\":\"https:\/\/www.asajacyl.com\/palencia\/\"},{\"@type\":\"ListItem\",\"position\":2,\"name\":\"La sequ\u00eda avanza en Europa en los \u00faltimos treinta a\u00f1os seg\u00fan investigadores de la Universidad de Salamanca\"}]},{\"@type\":\"WebSite\",\"@id\":\"https:\/\/www.asajacyl.com\/palencia\/#website\",\"url\":\"https:\/\/www.asajacyl.com\/palencia\/\",\"name\":\"ASAJA Palencia\",\"description\":\"Otro sitio m\u00e1s de Provincias ASAJA Castilla y Le\u00f3n\",\"potentialAction\":[{\"@type\":\"SearchAction\",\"target\":{\"@type\":\"EntryPoint\",\"urlTemplate\":\"https:\/\/www.asajacyl.com\/palencia\/?s={search_term_string}\"},\"query-input\":{\"@type\":\"PropertyValueSpecification\",\"valueRequired\":true,\"valueName\":\"search_term_string\"}}],\"inLanguage\":\"es\"},{\"@type\":\"Person\",\"@id\":\"https:\/\/www.asajacyl.com\/palencia\/#\/schema\/person\/3ab17aeb03527485c317557fae64aab1\",\"name\":\"Administrador\",\"image\":{\"@type\":\"ImageObject\",\"inLanguage\":\"es\",\"@id\":\"https:\/\/www.asajacyl.com\/palencia\/#\/schema\/person\/image\/\",\"url\":\"https:\/\/secure.gravatar.com\/avatar\/517384810d242ca9e38c180f3c9fb973?s=96&d=mm&r=g\",\"contentUrl\":\"https:\/\/secure.gravatar.com\/avatar\/517384810d242ca9e38c180f3c9fb973?s=96&d=mm&r=g\",\"caption\":\"Administrador\"},\"url\":\"https:\/\/www.asajacyl.com\/palencia\/author\/carlosrm\"}]}<\/script>\n<!-- \/ Yoast SEO plugin. -->","yoast_head_json":{"title":"La sequ\u00eda avanza en Europa en los \u00faltimos treinta a\u00f1os seg\u00fan investigadores de la Universidad de Salamanca - ASAJA Palencia","description":"HIDRUS es el Grupo de Investigaci\u00f3n en Recursos H\u00eddricos, adscrito al Centro Hispano Luso de Investigaciones Agrarias (CIALE) de la Universidad de","robots":{"index":"index","follow":"follow","max-snippet":"max-snippet:-1","max-image-preview":"max-image-preview:large","max-video-preview":"max-video-preview:-1"},"canonical":"https:\/\/www.asajacyl.com\/palencia\/asaja-palencia-informa\/la-usal-confirma-el-avance-de-la-sequia-en-europa-en-los-ultimos-treinta-anos","og_locale":"es_ES","og_type":"article","og_title":"La sequ\u00eda avanza en Europa en los \u00faltimos treinta a\u00f1os seg\u00fan investigadores de la Universidad de Salamanca - ASAJA Palencia","og_description":"HIDRUS es el Grupo de Investigaci\u00f3n en Recursos H\u00eddricos, adscrito al Centro Hispano Luso de Investigaciones Agrarias (CIALE) de la Universidad de","og_url":"https:\/\/www.asajacyl.com\/palencia\/asaja-palencia-informa\/la-usal-confirma-el-avance-de-la-sequia-en-europa-en-los-ultimos-treinta-anos","og_site_name":"ASAJA Palencia","article_published_time":"2022-09-05T10:12:00+00:00","og_image":[{"width":665,"height":518,"url":"https:\/\/www.asajacyl.com\/palencia\/wp-content\/uploads\/sites\/3\/2022\/08\/GLOBAL-AND-PLANETARY-CHANGE.jpg","type":"image\/jpeg"}],"author":"Administrador","twitter_card":"summary_large_image","twitter_misc":{"Escrito por":"Administrador","Tiempo de lectura":"1 minuto"},"schema":{"@context":"https:\/\/schema.org","@graph":[{"@type":"WebPage","@id":"https:\/\/www.asajacyl.com\/palencia\/asaja-palencia-informa\/la-usal-confirma-el-avance-de-la-sequia-en-europa-en-los-ultimos-treinta-anos","url":"https:\/\/www.asajacyl.com\/palencia\/asaja-palencia-informa\/la-usal-confirma-el-avance-de-la-sequia-en-europa-en-los-ultimos-treinta-anos","name":"La sequ\u00eda avanza en Europa en los \u00faltimos treinta a\u00f1os seg\u00fan investigadores de la Universidad de Salamanca - ASAJA Palencia","isPartOf":{"@id":"https:\/\/www.asajacyl.com\/palencia\/#website"},"primaryImageOfPage":{"@id":"https:\/\/www.asajacyl.com\/palencia\/asaja-palencia-informa\/la-usal-confirma-el-avance-de-la-sequia-en-europa-en-los-ultimos-treinta-anos#primaryimage"},"image":{"@id":"https:\/\/www.asajacyl.com\/palencia\/asaja-palencia-informa\/la-usal-confirma-el-avance-de-la-sequia-en-europa-en-los-ultimos-treinta-anos#primaryimage"},"thumbnailUrl":"https:\/\/www.asajacyl.com\/palencia\/wp-content\/uploads\/sites\/3\/2022\/08\/GLOBAL-AND-PLANETARY-CHANGE.jpg","datePublished":"2022-09-05T10:12:00+00:00","author":{"@id":"https:\/\/www.asajacyl.com\/palencia\/#\/schema\/person\/3ab17aeb03527485c317557fae64aab1"},"description":"HIDRUS es el Grupo de Investigaci\u00f3n en Recursos H\u00eddricos, adscrito al Centro Hispano Luso de Investigaciones Agrarias (CIALE) de la Universidad de","breadcrumb":{"@id":"https:\/\/www.asajacyl.com\/palencia\/asaja-palencia-informa\/la-usal-confirma-el-avance-de-la-sequia-en-europa-en-los-ultimos-treinta-anos#breadcrumb"},"inLanguage":"es","potentialAction":[{"@type":"ReadAction","target":["https:\/\/www.asajacyl.com\/palencia\/asaja-palencia-informa\/la-usal-confirma-el-avance-de-la-sequia-en-europa-en-los-ultimos-treinta-anos"]}]},{"@type":"ImageObject","inLanguage":"es","@id":"https:\/\/www.asajacyl.com\/palencia\/asaja-palencia-informa\/la-usal-confirma-el-avance-de-la-sequia-en-europa-en-los-ultimos-treinta-anos#primaryimage","url":"https:\/\/www.asajacyl.com\/palencia\/wp-content\/uploads\/sites\/3\/2022\/08\/GLOBAL-AND-PLANETARY-CHANGE.jpg","contentUrl":"https:\/\/www.asajacyl.com\/palencia\/wp-content\/uploads\/sites\/3\/2022\/08\/GLOBAL-AND-PLANETARY-CHANGE.jpg","width":665,"height":518},{"@type":"BreadcrumbList","@id":"https:\/\/www.asajacyl.com\/palencia\/asaja-palencia-informa\/la-usal-confirma-el-avance-de-la-sequia-en-europa-en-los-ultimos-treinta-anos#breadcrumb","itemListElement":[{"@type":"ListItem","position":1,"name":"Portada","item":"https:\/\/www.asajacyl.com\/palencia\/"},{"@type":"ListItem","position":2,"name":"La sequ\u00eda avanza en Europa en los \u00faltimos treinta a\u00f1os seg\u00fan investigadores de la Universidad de Salamanca"}]},{"@type":"WebSite","@id":"https:\/\/www.asajacyl.com\/palencia\/#website","url":"https:\/\/www.asajacyl.com\/palencia\/","name":"ASAJA Palencia","description":"Otro sitio m\u00e1s de Provincias ASAJA Castilla y Le\u00f3n","potentialAction":[{"@type":"SearchAction","target":{"@type":"EntryPoint","urlTemplate":"https:\/\/www.asajacyl.com\/palencia\/?s={search_term_string}"},"query-input":{"@type":"PropertyValueSpecification","valueRequired":true,"valueName":"search_term_string"}}],"inLanguage":"es"},{"@type":"Person","@id":"https:\/\/www.asajacyl.com\/palencia\/#\/schema\/person\/3ab17aeb03527485c317557fae64aab1","name":"Administrador","image":{"@type":"ImageObject","inLanguage":"es","@id":"https:\/\/www.asajacyl.com\/palencia\/#\/schema\/person\/image\/","url":"https:\/\/secure.gravatar.com\/avatar\/517384810d242ca9e38c180f3c9fb973?s=96&d=mm&r=g","contentUrl":"https:\/\/secure.gravatar.com\/avatar\/517384810d242ca9e38c180f3c9fb973?s=96&d=mm&r=g","caption":"Administrador"},"url":"https:\/\/www.asajacyl.com\/palencia\/author\/carlosrm"}]}},"_links":{"self":[{"href":"https:\/\/www.asajacyl.com\/palencia\/wp-json\/wp\/v2\/posts\/11359"}],"collection":[{"href":"https:\/\/www.asajacyl.com\/palencia\/wp-json\/wp\/v2\/posts"}],"about":[{"href":"https:\/\/www.asajacyl.com\/palencia\/wp-json\/wp\/v2\/types\/post"}],"author":[{"embeddable":true,"href":"https:\/\/www.asajacyl.com\/palencia\/wp-json\/wp\/v2\/users\/9"}],"replies":[{"embeddable":true,"href":"https:\/\/www.asajacyl.com\/palencia\/wp-json\/wp\/v2\/comments?post=11359"}],"version-history":[{"count":2,"href":"https:\/\/www.asajacyl.com\/palencia\/wp-json\/wp\/v2\/posts\/11359\/revisions"}],"predecessor-version":[{"id":11363,"href":"https:\/\/www.asajacyl.com\/palencia\/wp-json\/wp\/v2\/posts\/11359\/revisions\/11363"}],"wp:featuredmedia":[{"embeddable":true,"href":"https:\/\/www.asajacyl.com\/palencia\/wp-json\/wp\/v2\/media\/11360"}],"wp:attachment":[{"href":"https:\/\/www.asajacyl.com\/palencia\/wp-json\/wp\/v2\/media?parent=11359"}],"wp:term":[{"taxonomy":"category","embeddable":true,"href":"https:\/\/www.asajacyl.com\/palencia\/wp-json\/wp\/v2\/categories?post=11359"},{"taxonomy":"post_tag","embeddable":true,"href":"https:\/\/www.asajacyl.com\/palencia\/wp-json\/wp\/v2\/tags?post=11359"}],"curies":[{"name":"wp","href":"https:\/\/api.w.org\/{rel}","templated":true}]}}