{"id":11417,"date":"2022-09-09T11:25:07","date_gmt":"2022-09-09T09:25:07","guid":{"rendered":"https:\/\/www.asajacyl.com\/palencia\/?p=11417"},"modified":"2022-09-09T11:25:09","modified_gmt":"2022-09-09T09:25:09","slug":"las-propuestas-de-diaz-y-garzon-obstaculizan-el-funcionamiento-de-la-cadena-alimentaria-y-supondran-un-ataque-al-sector-primario","status":"publish","type":"post","link":"https:\/\/www.asajacyl.com\/palencia\/asaja-palencia-informa\/las-propuestas-de-diaz-y-garzon-obstaculizan-el-funcionamiento-de-la-cadena-alimentaria-y-supondran-un-ataque-al-sector-primario","title":{"rendered":"Las propuestas de D\u00edaz y Garz\u00f3n obstaculizan el funcionamiento de la cadena alimentaria y supondr\u00e1n un ataque al sector primario"},"content":{"rendered":"\n<p>ASAJA Castilla y Le\u00f3n considera como un ataque al sector primario de la agricultura y la ganader\u00eda las propuestas de la facci\u00f3n de Podemos en el Gobierno, presentadas por la ministra de Trabajo, Yolanda D\u00edaz, y apoyadas por el ministro de Consumo, Alberto Garz\u00f3n, consistentes en poner un l\u00edmite a los precios de los alimentos que llegan a los lineales. ASAJA le recuerda a la ministra que el sector agrario de Espa\u00f1a y del resto de Europa tiene su principal caballo de batalla en la dificultad para repercutir sus costes de producci\u00f3n en la venta de los productos, ya que los precios se fijan verticalmente de arriba abajo, en vez de ser al contrario, siendo los sectores dominantes la distribuci\u00f3n y la industria agroalimentaria. Precisamente para dar equilibrio a la cadena de valor de los alimentos el actual Gobierno de coalici\u00f3n reform\u00f3 la Ley de la Cadena Alimentaria, hecho positivo que ahora puede quedar empa\u00f1ado con este tipo de iniciativas.<\/p>\n\n\n\n<p>ASAJA considera que los m\u00e1rgenes comerciales de todos los eslabones de la cadena est\u00e1n en la actualidad muy ajustados, y que, si el sector de la distribuci\u00f3n o el de la industria tienen que recortarlos por una imposici\u00f3n pol\u00edtica y normativa, sin duda presionar\u00e1n al eslab\u00f3n m\u00e1s d\u00e9bil, que es el del campo.<\/p>\n\n\n\n<p>ASAJA Castilla y Le\u00f3n quiere dejar claro que el sector primario no se encuentra c\u00f3modo en esta tesitura inflacionista que entre otros efectos provoca un menor consumo, y que lo que desear\u00eda es precios bajos de los alimentos con m\u00e1rgenes suficientes. Pero lo que est\u00e1 provocando el alza de precios, en muchos alimentos todav\u00eda inferior a la necesaria, es la situaci\u00f3n de escasez y precios prohibitivos, entre otros, de la electricidad, el gas natural, el gas\u00f3leo, y todos los insumos y maquinaria que se necesitan en el campo. Adem\u00e1s, hay que sumar el alza de los impuestos y el encarecimiento de los costes laborales por las sucesivas subidas del SMI, y pronto tambi\u00e9n los efectos de la restricci\u00f3n del cr\u00e9dito y los altos tipos de inter\u00e9s.<\/p>\n\n\n\n<p>ASAJA pide al ministro de Agricultura, Luis Planas, que ejerza su papel de responsable del ramo y no permita interferencias dentro de sus competencias desde otro ministerio, que defienda la Ley de la Cadena Alimentaria y ponga medios para su correcto funcionamiento, y que garantice la renta de los profesionales del sector primario en un momento social y econ\u00f3micamente tan complicado.<\/p>\n","protected":false},"excerpt":{"rendered":"<p>ASAJA Castilla y Le\u00f3n considera como un ataque al sector primario de la agricultura y la ganader\u00eda las propuestas de la facci\u00f3n de Podemos en el Gobierno, presentadas por la ministra de Trabajo, Yolanda D\u00edaz, y apoyadas por el ministro de Consumo, Alberto Garz\u00f3n, consistentes en poner un l\u00edmite a los precios de los alimentos [&hellip;]<\/p>\n","protected":false},"author":9,"featured_media":11418,"comment_status":"open","ping_status":"open","sticky":false,"template":"","format":"standard","meta":{"footnotes":""},"categories":[9,29,28],"tags":[],"yoast_head":"<!-- This site is optimized with the Yoast SEO plugin v24.5 - https:\/\/yoast.com\/wordpress\/plugins\/seo\/ -->\n<title>Las propuestas de D\u00edaz y Garz\u00f3n obstaculizan el funcionamiento de la cadena alimentaria y supondr\u00e1n un ataque al sector primario - ASAJA Palencia<\/title>\n<meta name=\"description\" content=\"ASAJA Castilla y Le\u00f3n considera como un ataque al sector primario de la agricultura y la ganader\u00eda las propuestas de la facci\u00f3n de Podemos en el Gobierno,\" \/>\n<meta name=\"robots\" content=\"index, follow, max-snippet:-1, max-image-preview:large, max-video-preview:-1\" \/>\n<link rel=\"canonical\" href=\"https:\/\/www.asajacyl.com\/palencia\/asaja-palencia-informa\/las-propuestas-de-diaz-y-garzon-obstaculizan-el-funcionamiento-de-la-cadena-alimentaria-y-supondran-un-ataque-al-sector-primario\" \/>\n<meta property=\"og:locale\" content=\"es_ES\" \/>\n<meta property=\"og:type\" content=\"article\" \/>\n<meta property=\"og:title\" content=\"Las propuestas de D\u00edaz y Garz\u00f3n obstaculizan el funcionamiento de la cadena alimentaria y supondr\u00e1n un ataque al sector primario - ASAJA Palencia\" \/>\n<meta property=\"og:description\" content=\"ASAJA Castilla y Le\u00f3n considera como un ataque al sector primario de la agricultura y la ganader\u00eda las propuestas de la facci\u00f3n de Podemos en el Gobierno,\" \/>\n<meta property=\"og:url\" content=\"https:\/\/www.asajacyl.com\/palencia\/asaja-palencia-informa\/las-propuestas-de-diaz-y-garzon-obstaculizan-el-funcionamiento-de-la-cadena-alimentaria-y-supondran-un-ataque-al-sector-primario\" \/>\n<meta property=\"og:site_name\" content=\"ASAJA Palencia\" \/>\n<meta property=\"article:published_time\" content=\"2022-09-09T09:25:07+00:00\" \/>\n<meta property=\"article:modified_time\" content=\"2022-09-09T09:25:09+00:00\" \/>\n<meta property=\"og:image\" content=\"https:\/\/www.asajacyl.com\/palencia\/wp-content\/uploads\/sites\/3\/2022\/09\/YOLANDA-DIAZ.jpg\" \/>\n\t<meta property=\"og:image:width\" content=\"2500\" \/>\n\t<meta property=\"og:image:height\" content=\"1667\" \/>\n\t<meta property=\"og:image:type\" content=\"image\/jpeg\" \/>\n<meta name=\"author\" content=\"Administrador\" \/>\n<meta name=\"twitter:card\" content=\"summary_large_image\" \/>\n<meta name=\"twitter:label1\" content=\"Escrito por\" \/>\n\t<meta name=\"twitter:data1\" content=\"Administrador\" \/>\n\t<meta name=\"twitter:label2\" content=\"Tiempo de lectura\" \/>\n\t<meta name=\"twitter:data2\" content=\"2 minutos\" \/>\n<script type=\"application\/ld+json\" class=\"yoast-schema-graph\">{\"@context\":\"https:\/\/schema.org\",\"@graph\":[{\"@type\":\"WebPage\",\"@id\":\"https:\/\/www.asajacyl.com\/palencia\/asaja-palencia-informa\/las-propuestas-de-diaz-y-garzon-obstaculizan-el-funcionamiento-de-la-cadena-alimentaria-y-supondran-un-ataque-al-sector-primario\",\"url\":\"https:\/\/www.asajacyl.com\/palencia\/asaja-palencia-informa\/las-propuestas-de-diaz-y-garzon-obstaculizan-el-funcionamiento-de-la-cadena-alimentaria-y-supondran-un-ataque-al-sector-primario\",\"name\":\"Las propuestas de D\u00edaz y Garz\u00f3n obstaculizan el funcionamiento de la cadena alimentaria y supondr\u00e1n un ataque al sector primario - ASAJA Palencia\",\"isPartOf\":{\"@id\":\"https:\/\/www.asajacyl.com\/palencia\/#website\"},\"primaryImageOfPage\":{\"@id\":\"https:\/\/www.asajacyl.com\/palencia\/asaja-palencia-informa\/las-propuestas-de-diaz-y-garzon-obstaculizan-el-funcionamiento-de-la-cadena-alimentaria-y-supondran-un-ataque-al-sector-primario#primaryimage\"},\"image\":{\"@id\":\"https:\/\/www.asajacyl.com\/palencia\/asaja-palencia-informa\/las-propuestas-de-diaz-y-garzon-obstaculizan-el-funcionamiento-de-la-cadena-alimentaria-y-supondran-un-ataque-al-sector-primario#primaryimage\"},\"thumbnailUrl\":\"https:\/\/www.asajacyl.com\/palencia\/wp-content\/uploads\/sites\/3\/2022\/09\/YOLANDA-DIAZ.jpg\",\"datePublished\":\"2022-09-09T09:25:07+00:00\",\"dateModified\":\"2022-09-09T09:25:09+00:00\",\"author\":{\"@id\":\"https:\/\/www.asajacyl.com\/palencia\/#\/schema\/person\/3ab17aeb03527485c317557fae64aab1\"},\"description\":\"ASAJA Castilla y Le\u00f3n considera como un ataque al sector primario de la agricultura y la ganader\u00eda las propuestas de la facci\u00f3n de Podemos en el Gobierno,\",\"breadcrumb\":{\"@id\":\"https:\/\/www.asajacyl.com\/palencia\/asaja-palencia-informa\/las-propuestas-de-diaz-y-garzon-obstaculizan-el-funcionamiento-de-la-cadena-alimentaria-y-supondran-un-ataque-al-sector-primario#breadcrumb\"},\"inLanguage\":\"es\",\"potentialAction\":[{\"@type\":\"ReadAction\",\"target\":[\"https:\/\/www.asajacyl.com\/palencia\/asaja-palencia-informa\/las-propuestas-de-diaz-y-garzon-obstaculizan-el-funcionamiento-de-la-cadena-alimentaria-y-supondran-un-ataque-al-sector-primario\"]}]},{\"@type\":\"ImageObject\",\"inLanguage\":\"es\",\"@id\":\"https:\/\/www.asajacyl.com\/palencia\/asaja-palencia-informa\/las-propuestas-de-diaz-y-garzon-obstaculizan-el-funcionamiento-de-la-cadena-alimentaria-y-supondran-un-ataque-al-sector-primario#primaryimage\",\"url\":\"https:\/\/www.asajacyl.com\/palencia\/wp-content\/uploads\/sites\/3\/2022\/09\/YOLANDA-DIAZ.jpg\",\"contentUrl\":\"https:\/\/www.asajacyl.com\/palencia\/wp-content\/uploads\/sites\/3\/2022\/09\/YOLANDA-DIAZ.jpg\",\"width\":2500,\"height\":1667},{\"@type\":\"BreadcrumbList\",\"@id\":\"https:\/\/www.asajacyl.com\/palencia\/asaja-palencia-informa\/las-propuestas-de-diaz-y-garzon-obstaculizan-el-funcionamiento-de-la-cadena-alimentaria-y-supondran-un-ataque-al-sector-primario#breadcrumb\",\"itemListElement\":[{\"@type\":\"ListItem\",\"position\":1,\"name\":\"Portada\",\"item\":\"https:\/\/www.asajacyl.com\/palencia\/\"},{\"@type\":\"ListItem\",\"position\":2,\"name\":\"Las propuestas de D\u00edaz y Garz\u00f3n obstaculizan el funcionamiento de la cadena alimentaria y supondr\u00e1n un ataque al sector primario\"}]},{\"@type\":\"WebSite\",\"@id\":\"https:\/\/www.asajacyl.com\/palencia\/#website\",\"url\":\"https:\/\/www.asajacyl.com\/palencia\/\",\"name\":\"ASAJA Palencia\",\"description\":\"Otro sitio m\u00e1s de Provincias ASAJA Castilla y Le\u00f3n\",\"potentialAction\":[{\"@type\":\"SearchAction\",\"target\":{\"@type\":\"EntryPoint\",\"urlTemplate\":\"https:\/\/www.asajacyl.com\/palencia\/?s={search_term_string}\"},\"query-input\":{\"@type\":\"PropertyValueSpecification\",\"valueRequired\":true,\"valueName\":\"search_term_string\"}}],\"inLanguage\":\"es\"},{\"@type\":\"Person\",\"@id\":\"https:\/\/www.asajacyl.com\/palencia\/#\/schema\/person\/3ab17aeb03527485c317557fae64aab1\",\"name\":\"Administrador\",\"image\":{\"@type\":\"ImageObject\",\"inLanguage\":\"es\",\"@id\":\"https:\/\/www.asajacyl.com\/palencia\/#\/schema\/person\/image\/\",\"url\":\"https:\/\/secure.gravatar.com\/avatar\/517384810d242ca9e38c180f3c9fb973?s=96&d=mm&r=g\",\"contentUrl\":\"https:\/\/secure.gravatar.com\/avatar\/517384810d242ca9e38c180f3c9fb973?s=96&d=mm&r=g\",\"caption\":\"Administrador\"},\"url\":\"https:\/\/www.asajacyl.com\/palencia\/author\/carlosrm\"}]}<\/script>\n<!-- \/ Yoast SEO plugin. -->","yoast_head_json":{"title":"Las propuestas de D\u00edaz y Garz\u00f3n obstaculizan el funcionamiento de la cadena alimentaria y supondr\u00e1n un ataque al sector primario - ASAJA Palencia","description":"ASAJA Castilla y Le\u00f3n considera como un ataque al sector primario de la agricultura y la ganader\u00eda las propuestas de la facci\u00f3n de Podemos en el Gobierno,","robots":{"index":"index","follow":"follow","max-snippet":"max-snippet:-1","max-image-preview":"max-image-preview:large","max-video-preview":"max-video-preview:-1"},"canonical":"https:\/\/www.asajacyl.com\/palencia\/asaja-palencia-informa\/las-propuestas-de-diaz-y-garzon-obstaculizan-el-funcionamiento-de-la-cadena-alimentaria-y-supondran-un-ataque-al-sector-primario","og_locale":"es_ES","og_type":"article","og_title":"Las propuestas de D\u00edaz y Garz\u00f3n obstaculizan el funcionamiento de la cadena alimentaria y supondr\u00e1n un ataque al sector primario - ASAJA Palencia","og_description":"ASAJA Castilla y Le\u00f3n considera como un ataque al sector primario de la agricultura y la ganader\u00eda las propuestas de la facci\u00f3n de Podemos en el Gobierno,","og_url":"https:\/\/www.asajacyl.com\/palencia\/asaja-palencia-informa\/las-propuestas-de-diaz-y-garzon-obstaculizan-el-funcionamiento-de-la-cadena-alimentaria-y-supondran-un-ataque-al-sector-primario","og_site_name":"ASAJA Palencia","article_published_time":"2022-09-09T09:25:07+00:00","article_modified_time":"2022-09-09T09:25:09+00:00","og_image":[{"width":2500,"height":1667,"url":"https:\/\/www.asajacyl.com\/palencia\/wp-content\/uploads\/sites\/3\/2022\/09\/YOLANDA-DIAZ.jpg","type":"image\/jpeg"}],"author":"Administrador","twitter_card":"summary_large_image","twitter_misc":{"Escrito por":"Administrador","Tiempo de lectura":"2 minutos"},"schema":{"@context":"https:\/\/schema.org","@graph":[{"@type":"WebPage","@id":"https:\/\/www.asajacyl.com\/palencia\/asaja-palencia-informa\/las-propuestas-de-diaz-y-garzon-obstaculizan-el-funcionamiento-de-la-cadena-alimentaria-y-supondran-un-ataque-al-sector-primario","url":"https:\/\/www.asajacyl.com\/palencia\/asaja-palencia-informa\/las-propuestas-de-diaz-y-garzon-obstaculizan-el-funcionamiento-de-la-cadena-alimentaria-y-supondran-un-ataque-al-sector-primario","name":"Las propuestas de D\u00edaz y Garz\u00f3n obstaculizan el funcionamiento de la cadena alimentaria y supondr\u00e1n un ataque al sector primario - ASAJA Palencia","isPartOf":{"@id":"https:\/\/www.asajacyl.com\/palencia\/#website"},"primaryImageOfPage":{"@id":"https:\/\/www.asajacyl.com\/palencia\/asaja-palencia-informa\/las-propuestas-de-diaz-y-garzon-obstaculizan-el-funcionamiento-de-la-cadena-alimentaria-y-supondran-un-ataque-al-sector-primario#primaryimage"},"image":{"@id":"https:\/\/www.asajacyl.com\/palencia\/asaja-palencia-informa\/las-propuestas-de-diaz-y-garzon-obstaculizan-el-funcionamiento-de-la-cadena-alimentaria-y-supondran-un-ataque-al-sector-primario#primaryimage"},"thumbnailUrl":"https:\/\/www.asajacyl.com\/palencia\/wp-content\/uploads\/sites\/3\/2022\/09\/YOLANDA-DIAZ.jpg","datePublished":"2022-09-09T09:25:07+00:00","dateModified":"2022-09-09T09:25:09+00:00","author":{"@id":"https:\/\/www.asajacyl.com\/palencia\/#\/schema\/person\/3ab17aeb03527485c317557fae64aab1"},"description":"ASAJA Castilla y Le\u00f3n considera como un ataque al sector primario de la agricultura y la ganader\u00eda las propuestas de la facci\u00f3n de Podemos en el Gobierno,","breadcrumb":{"@id":"https:\/\/www.asajacyl.com\/palencia\/asaja-palencia-informa\/las-propuestas-de-diaz-y-garzon-obstaculizan-el-funcionamiento-de-la-cadena-alimentaria-y-supondran-un-ataque-al-sector-primario#breadcrumb"},"inLanguage":"es","potentialAction":[{"@type":"ReadAction","target":["https:\/\/www.asajacyl.com\/palencia\/asaja-palencia-informa\/las-propuestas-de-diaz-y-garzon-obstaculizan-el-funcionamiento-de-la-cadena-alimentaria-y-supondran-un-ataque-al-sector-primario"]}]},{"@type":"ImageObject","inLanguage":"es","@id":"https:\/\/www.asajacyl.com\/palencia\/asaja-palencia-informa\/las-propuestas-de-diaz-y-garzon-obstaculizan-el-funcionamiento-de-la-cadena-alimentaria-y-supondran-un-ataque-al-sector-primario#primaryimage","url":"https:\/\/www.asajacyl.com\/palencia\/wp-content\/uploads\/sites\/3\/2022\/09\/YOLANDA-DIAZ.jpg","contentUrl":"https:\/\/www.asajacyl.com\/palencia\/wp-content\/uploads\/sites\/3\/2022\/09\/YOLANDA-DIAZ.jpg","width":2500,"height":1667},{"@type":"BreadcrumbList","@id":"https:\/\/www.asajacyl.com\/palencia\/asaja-palencia-informa\/las-propuestas-de-diaz-y-garzon-obstaculizan-el-funcionamiento-de-la-cadena-alimentaria-y-supondran-un-ataque-al-sector-primario#breadcrumb","itemListElement":[{"@type":"ListItem","position":1,"name":"Portada","item":"https:\/\/www.asajacyl.com\/palencia\/"},{"@type":"ListItem","position":2,"name":"Las propuestas de D\u00edaz y Garz\u00f3n obstaculizan el funcionamiento de la cadena alimentaria y supondr\u00e1n un ataque al sector primario"}]},{"@type":"WebSite","@id":"https:\/\/www.asajacyl.com\/palencia\/#website","url":"https:\/\/www.asajacyl.com\/palencia\/","name":"ASAJA Palencia","description":"Otro sitio m\u00e1s de Provincias ASAJA Castilla y Le\u00f3n","potentialAction":[{"@type":"SearchAction","target":{"@type":"EntryPoint","urlTemplate":"https:\/\/www.asajacyl.com\/palencia\/?s={search_term_string}"},"query-input":{"@type":"PropertyValueSpecification","valueRequired":true,"valueName":"search_term_string"}}],"inLanguage":"es"},{"@type":"Person","@id":"https:\/\/www.asajacyl.com\/palencia\/#\/schema\/person\/3ab17aeb03527485c317557fae64aab1","name":"Administrador","image":{"@type":"ImageObject","inLanguage":"es","@id":"https:\/\/www.asajacyl.com\/palencia\/#\/schema\/person\/image\/","url":"https:\/\/secure.gravatar.com\/avatar\/517384810d242ca9e38c180f3c9fb973?s=96&d=mm&r=g","contentUrl":"https:\/\/secure.gravatar.com\/avatar\/517384810d242ca9e38c180f3c9fb973?s=96&d=mm&r=g","caption":"Administrador"},"url":"https:\/\/www.asajacyl.com\/palencia\/author\/carlosrm"}]}},"_links":{"self":[{"href":"https:\/\/www.asajacyl.com\/palencia\/wp-json\/wp\/v2\/posts\/11417"}],"collection":[{"href":"https:\/\/www.asajacyl.com\/palencia\/wp-json\/wp\/v2\/posts"}],"about":[{"href":"https:\/\/www.asajacyl.com\/palencia\/wp-json\/wp\/v2\/types\/post"}],"author":[{"embeddable":true,"href":"https:\/\/www.asajacyl.com\/palencia\/wp-json\/wp\/v2\/users\/9"}],"replies":[{"embeddable":true,"href":"https:\/\/www.asajacyl.com\/palencia\/wp-json\/wp\/v2\/comments?post=11417"}],"version-history":[{"count":1,"href":"https:\/\/www.asajacyl.com\/palencia\/wp-json\/wp\/v2\/posts\/11417\/revisions"}],"predecessor-version":[{"id":11419,"href":"https:\/\/www.asajacyl.com\/palencia\/wp-json\/wp\/v2\/posts\/11417\/revisions\/11419"}],"wp:featuredmedia":[{"embeddable":true,"href":"https:\/\/www.asajacyl.com\/palencia\/wp-json\/wp\/v2\/media\/11418"}],"wp:attachment":[{"href":"https:\/\/www.asajacyl.com\/palencia\/wp-json\/wp\/v2\/media?parent=11417"}],"wp:term":[{"taxonomy":"category","embeddable":true,"href":"https:\/\/www.asajacyl.com\/palencia\/wp-json\/wp\/v2\/categories?post=11417"},{"taxonomy":"post_tag","embeddable":true,"href":"https:\/\/www.asajacyl.com\/palencia\/wp-json\/wp\/v2\/tags?post=11417"}],"curies":[{"name":"wp","href":"https:\/\/api.w.org\/{rel}","templated":true}]}}