{"id":11420,"date":"2022-09-09T14:39:44","date_gmt":"2022-09-09T12:39:44","guid":{"rendered":"https:\/\/www.asajacyl.com\/palencia\/?p=11420"},"modified":"2022-09-09T14:39:45","modified_gmt":"2022-09-09T12:39:45","slug":"asaja-se-opone-rotundamente-a-que-la-chd-suelte-agua-de-los-embalses-de-cabecera-de-los-rios-que-vierten-al-duero-para-transferirla-a-portugal-apelando-al-convenio-de-albufeira","status":"publish","type":"post","link":"https:\/\/www.asajacyl.com\/palencia\/asaja-palencia-informa\/asaja-se-opone-rotundamente-a-que-la-chd-suelte-agua-de-los-embalses-de-cabecera-de-los-rios-que-vierten-al-duero-para-transferirla-a-portugal-apelando-al-convenio-de-albufeira","title":{"rendered":"ASAJA se opone rotundamente a que la CHD suelte agua de los embalses de cabecera de los r\u00edos que vierten al Duero para transferirla a Portugal, apelando al convenio de Albufeira"},"content":{"rendered":"\n<p>ASAJA se opone rotundamente a que la Confederaci\u00f3n Hidrogr\u00e1fica del Duero suelte agua de los embalses de cabecera de los r\u00edos que vierten al Duero para transferirla a Portugal, en un momento de sequ\u00eda severa en el que no est\u00e1 garantizado el recurso para la producci\u00f3n de alimentos.<\/p>\n\n\n\n<p>Este trasvase estar\u00eda amparado por el Convenio de Albufeira, para el aprovechamiento sostenible de las cuencas hidrogr\u00e1ficas hispano-portuguesas. ASAJA comprende que haya una necesaria colaboraci\u00f3n entre ambos pa\u00edses cuando el recurso es suficiente y se circunscribe a los embalses principalmente dedicados a la producci\u00f3n de electricidad, que en buena parte limitan con el territorio luso.<\/p>\n\n\n\n<p>Sin embargo, la OPA se opone a lo que quiere hacer la CHD en un momento de sequ\u00eda severa como el actual, soltar agua desde los embalses de cabecera de los r\u00edos que vierten al Duero para derivarla a Portugal. El caudal de esos embalses de cabecera es esencial para la producci\u00f3n de alimentos, y de ese suministro depende el sustento de miles de familias. De hecho, desde hace meses los regantes est\u00e1n realizando grandes esfuerzos para ahorrar agua y mantener los escasos recursos disponibles, no s\u00f3lo para esta campa\u00f1a de riego, con algunos sistemas ya sin acceso, sino para los pr\u00f3ximos meses, porque no se puede garantizar que los embalses se recargar\u00e1n con lluvias en los pr\u00f3ximos meses.<\/p>\n\n\n\n<p>ASAJA muestra su disposici\u00f3n para apoyar a las comunidades de regantes, as\u00ed como a las medidas de protesta que decidan emprender para impedir este trasvase.<\/p>\n","protected":false},"excerpt":{"rendered":"<p>ASAJA se opone rotundamente a que la Confederaci\u00f3n Hidrogr\u00e1fica del Duero suelte agua de los embalses de cabecera de los r\u00edos que vierten al Duero para transferirla a Portugal, en un momento de sequ\u00eda severa en el que no est\u00e1 garantizado el recurso para la producci\u00f3n de alimentos. Este trasvase estar\u00eda amparado por el Convenio [&hellip;]<\/p>\n","protected":false},"author":9,"featured_media":11339,"comment_status":"open","ping_status":"open","sticky":false,"template":"","format":"standard","meta":{"footnotes":""},"categories":[9,29,28],"tags":[],"yoast_head":"<!-- This site is optimized with the Yoast SEO plugin v24.5 - https:\/\/yoast.com\/wordpress\/plugins\/seo\/ -->\n<title>ASAJA se opone rotundamente a que la CHD suelte agua de los embalses de cabecera de los r\u00edos que vierten al Duero para transferirla a Portugal, apelando al convenio de Albufeira - ASAJA Palencia<\/title>\n<meta name=\"description\" content=\"ASAJA se opone rotundamente a que la Confederaci\u00f3n Hidrogr\u00e1fica del Duero suelte agua de los embalses de cabecera de los r\u00edos que vierten al Duero para\" \/>\n<meta name=\"robots\" content=\"index, follow, max-snippet:-1, max-image-preview:large, max-video-preview:-1\" \/>\n<link rel=\"canonical\" href=\"https:\/\/www.asajacyl.com\/palencia\/asaja-palencia-informa\/asaja-se-opone-rotundamente-a-que-la-chd-suelte-agua-de-los-embalses-de-cabecera-de-los-rios-que-vierten-al-duero-para-transferirla-a-portugal-apelando-al-convenio-de-albufeira\" \/>\n<meta property=\"og:locale\" content=\"es_ES\" \/>\n<meta property=\"og:type\" content=\"article\" \/>\n<meta property=\"og:title\" content=\"ASAJA se opone rotundamente a que la CHD suelte agua de los embalses de cabecera de los r\u00edos que vierten al Duero para transferirla a Portugal, apelando al convenio de Albufeira - ASAJA Palencia\" \/>\n<meta property=\"og:description\" content=\"ASAJA se opone rotundamente a que la Confederaci\u00f3n Hidrogr\u00e1fica del Duero suelte agua de los embalses de cabecera de los r\u00edos que vierten al Duero para\" \/>\n<meta property=\"og:url\" content=\"https:\/\/www.asajacyl.com\/palencia\/asaja-palencia-informa\/asaja-se-opone-rotundamente-a-que-la-chd-suelte-agua-de-los-embalses-de-cabecera-de-los-rios-que-vierten-al-duero-para-transferirla-a-portugal-apelando-al-convenio-de-albufeira\" \/>\n<meta property=\"og:site_name\" content=\"ASAJA Palencia\" \/>\n<meta property=\"article:published_time\" content=\"2022-09-09T12:39:44+00:00\" \/>\n<meta property=\"article:modified_time\" content=\"2022-09-09T12:39:45+00:00\" \/>\n<meta property=\"og:image\" content=\"https:\/\/www.asajacyl.com\/palencia\/wp-content\/uploads\/sites\/3\/2022\/08\/EMBALSE-AGUILAR-SEQUIA-2.jpg\" \/>\n\t<meta property=\"og:image:width\" content=\"1512\" \/>\n\t<meta property=\"og:image:height\" content=\"1512\" \/>\n\t<meta property=\"og:image:type\" content=\"image\/jpeg\" \/>\n<meta name=\"author\" content=\"Administrador\" \/>\n<meta name=\"twitter:card\" content=\"summary_large_image\" \/>\n<meta name=\"twitter:label1\" content=\"Escrito por\" \/>\n\t<meta name=\"twitter:data1\" content=\"Administrador\" \/>\n\t<meta name=\"twitter:label2\" content=\"Tiempo de lectura\" \/>\n\t<meta name=\"twitter:data2\" content=\"2 minutos\" \/>\n<script type=\"application\/ld+json\" class=\"yoast-schema-graph\">{\"@context\":\"https:\/\/schema.org\",\"@graph\":[{\"@type\":\"WebPage\",\"@id\":\"https:\/\/www.asajacyl.com\/palencia\/asaja-palencia-informa\/asaja-se-opone-rotundamente-a-que-la-chd-suelte-agua-de-los-embalses-de-cabecera-de-los-rios-que-vierten-al-duero-para-transferirla-a-portugal-apelando-al-convenio-de-albufeira\",\"url\":\"https:\/\/www.asajacyl.com\/palencia\/asaja-palencia-informa\/asaja-se-opone-rotundamente-a-que-la-chd-suelte-agua-de-los-embalses-de-cabecera-de-los-rios-que-vierten-al-duero-para-transferirla-a-portugal-apelando-al-convenio-de-albufeira\",\"name\":\"ASAJA se opone rotundamente a que la CHD suelte agua de los embalses de cabecera de los r\u00edos que vierten al Duero para transferirla a Portugal, apelando al convenio de Albufeira - ASAJA Palencia\",\"isPartOf\":{\"@id\":\"https:\/\/www.asajacyl.com\/palencia\/#website\"},\"primaryImageOfPage\":{\"@id\":\"https:\/\/www.asajacyl.com\/palencia\/asaja-palencia-informa\/asaja-se-opone-rotundamente-a-que-la-chd-suelte-agua-de-los-embalses-de-cabecera-de-los-rios-que-vierten-al-duero-para-transferirla-a-portugal-apelando-al-convenio-de-albufeira#primaryimage\"},\"image\":{\"@id\":\"https:\/\/www.asajacyl.com\/palencia\/asaja-palencia-informa\/asaja-se-opone-rotundamente-a-que-la-chd-suelte-agua-de-los-embalses-de-cabecera-de-los-rios-que-vierten-al-duero-para-transferirla-a-portugal-apelando-al-convenio-de-albufeira#primaryimage\"},\"thumbnailUrl\":\"https:\/\/www.asajacyl.com\/palencia\/wp-content\/uploads\/sites\/3\/2022\/08\/EMBALSE-AGUILAR-SEQUIA-2.jpg\",\"datePublished\":\"2022-09-09T12:39:44+00:00\",\"dateModified\":\"2022-09-09T12:39:45+00:00\",\"author\":{\"@id\":\"https:\/\/www.asajacyl.com\/palencia\/#\/schema\/person\/3ab17aeb03527485c317557fae64aab1\"},\"description\":\"ASAJA se opone rotundamente a que la Confederaci\u00f3n Hidrogr\u00e1fica del Duero suelte agua de los embalses de cabecera de los r\u00edos que vierten al Duero para\",\"breadcrumb\":{\"@id\":\"https:\/\/www.asajacyl.com\/palencia\/asaja-palencia-informa\/asaja-se-opone-rotundamente-a-que-la-chd-suelte-agua-de-los-embalses-de-cabecera-de-los-rios-que-vierten-al-duero-para-transferirla-a-portugal-apelando-al-convenio-de-albufeira#breadcrumb\"},\"inLanguage\":\"es\",\"potentialAction\":[{\"@type\":\"ReadAction\",\"target\":[\"https:\/\/www.asajacyl.com\/palencia\/asaja-palencia-informa\/asaja-se-opone-rotundamente-a-que-la-chd-suelte-agua-de-los-embalses-de-cabecera-de-los-rios-que-vierten-al-duero-para-transferirla-a-portugal-apelando-al-convenio-de-albufeira\"]}]},{\"@type\":\"ImageObject\",\"inLanguage\":\"es\",\"@id\":\"https:\/\/www.asajacyl.com\/palencia\/asaja-palencia-informa\/asaja-se-opone-rotundamente-a-que-la-chd-suelte-agua-de-los-embalses-de-cabecera-de-los-rios-que-vierten-al-duero-para-transferirla-a-portugal-apelando-al-convenio-de-albufeira#primaryimage\",\"url\":\"https:\/\/www.asajacyl.com\/palencia\/wp-content\/uploads\/sites\/3\/2022\/08\/EMBALSE-AGUILAR-SEQUIA-2.jpg\",\"contentUrl\":\"https:\/\/www.asajacyl.com\/palencia\/wp-content\/uploads\/sites\/3\/2022\/08\/EMBALSE-AGUILAR-SEQUIA-2.jpg\",\"width\":1512,\"height\":1512},{\"@type\":\"BreadcrumbList\",\"@id\":\"https:\/\/www.asajacyl.com\/palencia\/asaja-palencia-informa\/asaja-se-opone-rotundamente-a-que-la-chd-suelte-agua-de-los-embalses-de-cabecera-de-los-rios-que-vierten-al-duero-para-transferirla-a-portugal-apelando-al-convenio-de-albufeira#breadcrumb\",\"itemListElement\":[{\"@type\":\"ListItem\",\"position\":1,\"name\":\"Portada\",\"item\":\"https:\/\/www.asajacyl.com\/palencia\/\"},{\"@type\":\"ListItem\",\"position\":2,\"name\":\"ASAJA se opone rotundamente a que la CHD suelte agua de los embalses de cabecera de los r\u00edos que vierten al Duero para transferirla a Portugal, apelando al convenio de Albufeira\"}]},{\"@type\":\"WebSite\",\"@id\":\"https:\/\/www.asajacyl.com\/palencia\/#website\",\"url\":\"https:\/\/www.asajacyl.com\/palencia\/\",\"name\":\"ASAJA Palencia\",\"description\":\"Otro sitio m\u00e1s de Provincias ASAJA Castilla y Le\u00f3n\",\"potentialAction\":[{\"@type\":\"SearchAction\",\"target\":{\"@type\":\"EntryPoint\",\"urlTemplate\":\"https:\/\/www.asajacyl.com\/palencia\/?s={search_term_string}\"},\"query-input\":{\"@type\":\"PropertyValueSpecification\",\"valueRequired\":true,\"valueName\":\"search_term_string\"}}],\"inLanguage\":\"es\"},{\"@type\":\"Person\",\"@id\":\"https:\/\/www.asajacyl.com\/palencia\/#\/schema\/person\/3ab17aeb03527485c317557fae64aab1\",\"name\":\"Administrador\",\"image\":{\"@type\":\"ImageObject\",\"inLanguage\":\"es\",\"@id\":\"https:\/\/www.asajacyl.com\/palencia\/#\/schema\/person\/image\/\",\"url\":\"https:\/\/secure.gravatar.com\/avatar\/517384810d242ca9e38c180f3c9fb973?s=96&d=mm&r=g\",\"contentUrl\":\"https:\/\/secure.gravatar.com\/avatar\/517384810d242ca9e38c180f3c9fb973?s=96&d=mm&r=g\",\"caption\":\"Administrador\"},\"url\":\"https:\/\/www.asajacyl.com\/palencia\/author\/carlosrm\"}]}<\/script>\n<!-- \/ Yoast SEO plugin. -->","yoast_head_json":{"title":"ASAJA se opone rotundamente a que la CHD suelte agua de los embalses de cabecera de los r\u00edos que vierten al Duero para transferirla a Portugal, apelando al convenio de Albufeira - ASAJA Palencia","description":"ASAJA se opone rotundamente a que la Confederaci\u00f3n Hidrogr\u00e1fica del Duero suelte agua de los embalses de cabecera de los r\u00edos que vierten al Duero para","robots":{"index":"index","follow":"follow","max-snippet":"max-snippet:-1","max-image-preview":"max-image-preview:large","max-video-preview":"max-video-preview:-1"},"canonical":"https:\/\/www.asajacyl.com\/palencia\/asaja-palencia-informa\/asaja-se-opone-rotundamente-a-que-la-chd-suelte-agua-de-los-embalses-de-cabecera-de-los-rios-que-vierten-al-duero-para-transferirla-a-portugal-apelando-al-convenio-de-albufeira","og_locale":"es_ES","og_type":"article","og_title":"ASAJA se opone rotundamente a que la CHD suelte agua de los embalses de cabecera de los r\u00edos que vierten al Duero para transferirla a Portugal, apelando al convenio de Albufeira - ASAJA Palencia","og_description":"ASAJA se opone rotundamente a que la Confederaci\u00f3n Hidrogr\u00e1fica del Duero suelte agua de los embalses de cabecera de los r\u00edos que vierten al Duero para","og_url":"https:\/\/www.asajacyl.com\/palencia\/asaja-palencia-informa\/asaja-se-opone-rotundamente-a-que-la-chd-suelte-agua-de-los-embalses-de-cabecera-de-los-rios-que-vierten-al-duero-para-transferirla-a-portugal-apelando-al-convenio-de-albufeira","og_site_name":"ASAJA Palencia","article_published_time":"2022-09-09T12:39:44+00:00","article_modified_time":"2022-09-09T12:39:45+00:00","og_image":[{"width":1512,"height":1512,"url":"https:\/\/www.asajacyl.com\/palencia\/wp-content\/uploads\/sites\/3\/2022\/08\/EMBALSE-AGUILAR-SEQUIA-2.jpg","type":"image\/jpeg"}],"author":"Administrador","twitter_card":"summary_large_image","twitter_misc":{"Escrito por":"Administrador","Tiempo de lectura":"2 minutos"},"schema":{"@context":"https:\/\/schema.org","@graph":[{"@type":"WebPage","@id":"https:\/\/www.asajacyl.com\/palencia\/asaja-palencia-informa\/asaja-se-opone-rotundamente-a-que-la-chd-suelte-agua-de-los-embalses-de-cabecera-de-los-rios-que-vierten-al-duero-para-transferirla-a-portugal-apelando-al-convenio-de-albufeira","url":"https:\/\/www.asajacyl.com\/palencia\/asaja-palencia-informa\/asaja-se-opone-rotundamente-a-que-la-chd-suelte-agua-de-los-embalses-de-cabecera-de-los-rios-que-vierten-al-duero-para-transferirla-a-portugal-apelando-al-convenio-de-albufeira","name":"ASAJA se opone rotundamente a que la CHD suelte agua de los embalses de cabecera de los r\u00edos que vierten al Duero para transferirla a Portugal, apelando al convenio de Albufeira - ASAJA Palencia","isPartOf":{"@id":"https:\/\/www.asajacyl.com\/palencia\/#website"},"primaryImageOfPage":{"@id":"https:\/\/www.asajacyl.com\/palencia\/asaja-palencia-informa\/asaja-se-opone-rotundamente-a-que-la-chd-suelte-agua-de-los-embalses-de-cabecera-de-los-rios-que-vierten-al-duero-para-transferirla-a-portugal-apelando-al-convenio-de-albufeira#primaryimage"},"image":{"@id":"https:\/\/www.asajacyl.com\/palencia\/asaja-palencia-informa\/asaja-se-opone-rotundamente-a-que-la-chd-suelte-agua-de-los-embalses-de-cabecera-de-los-rios-que-vierten-al-duero-para-transferirla-a-portugal-apelando-al-convenio-de-albufeira#primaryimage"},"thumbnailUrl":"https:\/\/www.asajacyl.com\/palencia\/wp-content\/uploads\/sites\/3\/2022\/08\/EMBALSE-AGUILAR-SEQUIA-2.jpg","datePublished":"2022-09-09T12:39:44+00:00","dateModified":"2022-09-09T12:39:45+00:00","author":{"@id":"https:\/\/www.asajacyl.com\/palencia\/#\/schema\/person\/3ab17aeb03527485c317557fae64aab1"},"description":"ASAJA se opone rotundamente a que la Confederaci\u00f3n Hidrogr\u00e1fica del Duero suelte agua de los embalses de cabecera de los r\u00edos que vierten al Duero para","breadcrumb":{"@id":"https:\/\/www.asajacyl.com\/palencia\/asaja-palencia-informa\/asaja-se-opone-rotundamente-a-que-la-chd-suelte-agua-de-los-embalses-de-cabecera-de-los-rios-que-vierten-al-duero-para-transferirla-a-portugal-apelando-al-convenio-de-albufeira#breadcrumb"},"inLanguage":"es","potentialAction":[{"@type":"ReadAction","target":["https:\/\/www.asajacyl.com\/palencia\/asaja-palencia-informa\/asaja-se-opone-rotundamente-a-que-la-chd-suelte-agua-de-los-embalses-de-cabecera-de-los-rios-que-vierten-al-duero-para-transferirla-a-portugal-apelando-al-convenio-de-albufeira"]}]},{"@type":"ImageObject","inLanguage":"es","@id":"https:\/\/www.asajacyl.com\/palencia\/asaja-palencia-informa\/asaja-se-opone-rotundamente-a-que-la-chd-suelte-agua-de-los-embalses-de-cabecera-de-los-rios-que-vierten-al-duero-para-transferirla-a-portugal-apelando-al-convenio-de-albufeira#primaryimage","url":"https:\/\/www.asajacyl.com\/palencia\/wp-content\/uploads\/sites\/3\/2022\/08\/EMBALSE-AGUILAR-SEQUIA-2.jpg","contentUrl":"https:\/\/www.asajacyl.com\/palencia\/wp-content\/uploads\/sites\/3\/2022\/08\/EMBALSE-AGUILAR-SEQUIA-2.jpg","width":1512,"height":1512},{"@type":"BreadcrumbList","@id":"https:\/\/www.asajacyl.com\/palencia\/asaja-palencia-informa\/asaja-se-opone-rotundamente-a-que-la-chd-suelte-agua-de-los-embalses-de-cabecera-de-los-rios-que-vierten-al-duero-para-transferirla-a-portugal-apelando-al-convenio-de-albufeira#breadcrumb","itemListElement":[{"@type":"ListItem","position":1,"name":"Portada","item":"https:\/\/www.asajacyl.com\/palencia\/"},{"@type":"ListItem","position":2,"name":"ASAJA se opone rotundamente a que la CHD suelte agua de los embalses de cabecera de los r\u00edos que vierten al Duero para transferirla a Portugal, apelando al convenio de Albufeira"}]},{"@type":"WebSite","@id":"https:\/\/www.asajacyl.com\/palencia\/#website","url":"https:\/\/www.asajacyl.com\/palencia\/","name":"ASAJA Palencia","description":"Otro sitio m\u00e1s de Provincias ASAJA Castilla y Le\u00f3n","potentialAction":[{"@type":"SearchAction","target":{"@type":"EntryPoint","urlTemplate":"https:\/\/www.asajacyl.com\/palencia\/?s={search_term_string}"},"query-input":{"@type":"PropertyValueSpecification","valueRequired":true,"valueName":"search_term_string"}}],"inLanguage":"es"},{"@type":"Person","@id":"https:\/\/www.asajacyl.com\/palencia\/#\/schema\/person\/3ab17aeb03527485c317557fae64aab1","name":"Administrador","image":{"@type":"ImageObject","inLanguage":"es","@id":"https:\/\/www.asajacyl.com\/palencia\/#\/schema\/person\/image\/","url":"https:\/\/secure.gravatar.com\/avatar\/517384810d242ca9e38c180f3c9fb973?s=96&d=mm&r=g","contentUrl":"https:\/\/secure.gravatar.com\/avatar\/517384810d242ca9e38c180f3c9fb973?s=96&d=mm&r=g","caption":"Administrador"},"url":"https:\/\/www.asajacyl.com\/palencia\/author\/carlosrm"}]}},"_links":{"self":[{"href":"https:\/\/www.asajacyl.com\/palencia\/wp-json\/wp\/v2\/posts\/11420"}],"collection":[{"href":"https:\/\/www.asajacyl.com\/palencia\/wp-json\/wp\/v2\/posts"}],"about":[{"href":"https:\/\/www.asajacyl.com\/palencia\/wp-json\/wp\/v2\/types\/post"}],"author":[{"embeddable":true,"href":"https:\/\/www.asajacyl.com\/palencia\/wp-json\/wp\/v2\/users\/9"}],"replies":[{"embeddable":true,"href":"https:\/\/www.asajacyl.com\/palencia\/wp-json\/wp\/v2\/comments?post=11420"}],"version-history":[{"count":1,"href":"https:\/\/www.asajacyl.com\/palencia\/wp-json\/wp\/v2\/posts\/11420\/revisions"}],"predecessor-version":[{"id":11421,"href":"https:\/\/www.asajacyl.com\/palencia\/wp-json\/wp\/v2\/posts\/11420\/revisions\/11421"}],"wp:featuredmedia":[{"embeddable":true,"href":"https:\/\/www.asajacyl.com\/palencia\/wp-json\/wp\/v2\/media\/11339"}],"wp:attachment":[{"href":"https:\/\/www.asajacyl.com\/palencia\/wp-json\/wp\/v2\/media?parent=11420"}],"wp:term":[{"taxonomy":"category","embeddable":true,"href":"https:\/\/www.asajacyl.com\/palencia\/wp-json\/wp\/v2\/categories?post=11420"},{"taxonomy":"post_tag","embeddable":true,"href":"https:\/\/www.asajacyl.com\/palencia\/wp-json\/wp\/v2\/tags?post=11420"}],"curies":[{"name":"wp","href":"https:\/\/api.w.org\/{rel}","templated":true}]}}