{"id":11422,"date":"2022-09-12T13:23:54","date_gmt":"2022-09-12T11:23:54","guid":{"rendered":"https:\/\/www.asajacyl.com\/palencia\/?p=11422"},"modified":"2022-09-19T12:10:53","modified_gmt":"2022-09-19T10:10:53","slug":"acto-de-protesta-en-valladolid-el-proximo-23-de-septiembre-contra-los-altos-costes-de-produccion-que-sufre-el-sector-agrario","status":"publish","type":"post","link":"https:\/\/www.asajacyl.com\/palencia\/asaja-palencia-informa\/acto-de-protesta-en-valladolid-el-proximo-23-de-septiembre-contra-los-altos-costes-de-produccion-que-sufre-el-sector-agrario","title":{"rendered":"Acto de protesta en Valladolid el pr\u00f3ximo 23 de septiembre contra los altos costes de producci\u00f3n que sufre el sector agrario"},"content":{"rendered":"\n<p>Las organizaciones agrarias ASAJA y la ALIANZA UPA-COAG han convocado una manifestaci\u00f3n de protesta por las calles de Valladolid el pr\u00f3ximo 23 de septiembre para reclamar soluciones a los alt\u00edsimos costes de producci\u00f3n que soportan los agricultores y ganaderos, y que ponen en peligro la producci\u00f3n agraria en la presente campa\u00f1a.<\/p>\n\n\n\n<p>La subida escandalosa de los insumos de todo tipo (carburantes, abonos, fitosanitarios, semillas, piensos, electricidad, agua, pl\u00e1sticos\u2026) est\u00e1 llevando al l\u00edmite a los agricultores y ganaderos con el riesgo real de que esta situaci\u00f3n provoque el desabastecimiento de alimentos en las superficies comerciales al no poder asumir las explotaciones familiares los elevad\u00edsimos gastos para ponerse a producir alimentos.<\/p>\n\n\n\n<p>Con este acto de protesta regional, bajo el lema: \u00abSi el campo no puede producir, la ciudad no podr\u00e1 comer\u00bb, la ALIANZA UPA-COAG y ASAJA denunciar\u00e1n la crisis de rentabilidad que sufre actualmente el sector agrario y que no cuenta con precedentes similares.<\/p>\n\n\n\n<p>El viernes 23 de septiembre reclamaremos tanto a las puertas de la Delegaci\u00f3n del Gobierno como a las puertas de la Consejer\u00eda de Agricultura medidas de \u00abchoque\u00bb por parte de ambas administraciones con car\u00e1cter de urgencia a nivel fiscal, econ\u00f3mico, normativo y en forma de ayudas directas, para amortiguar el coste de los insumos y la ca\u00edda de la producci\u00f3n por la meteorolog\u00eda, y por lo tanto para dar una salida al sector en una situaci\u00f3n tan delicada como la actual.<\/p>\n\n\n\n<p>Los interesados en participar pueden informarse en las oficinas de ASAJA en Castilla y Le\u00f3n.<\/p>\n\n\n\n<div class=\"wp-block-image\"><figure class=\"aligncenter size-full\"><img loading=\"lazy\" decoding=\"async\" width=\"724\" height=\"1024\" src=\"https:\/\/www.asajacyl.com\/palencia\/wp-content\/uploads\/sites\/3\/2022\/09\/MANIFESTACION.jpg\" alt=\"\" class=\"wp-image-11423\" srcset=\"https:\/\/www.asajacyl.com\/palencia\/wp-content\/uploads\/sites\/3\/2022\/09\/MANIFESTACION.jpg 724w, https:\/\/www.asajacyl.com\/palencia\/wp-content\/uploads\/sites\/3\/2022\/09\/MANIFESTACION-212x300.jpg 212w, https:\/\/www.asajacyl.com\/palencia\/wp-content\/uploads\/sites\/3\/2022\/09\/MANIFESTACION-696x984.jpg 696w, https:\/\/www.asajacyl.com\/palencia\/wp-content\/uploads\/sites\/3\/2022\/09\/MANIFESTACION-297x420.jpg 297w\" sizes=\"(max-width: 724px) 100vw, 724px\" \/><\/figure><\/div>\n","protected":false},"excerpt":{"rendered":"<p>Las organizaciones agrarias ASAJA y la ALIANZA UPA-COAG han convocado una manifestaci\u00f3n de protesta por las calles de Valladolid el pr\u00f3ximo 23 de septiembre para reclamar soluciones a los alt\u00edsimos costes de producci\u00f3n que soportan los agricultores y ganaderos, y que ponen en peligro la producci\u00f3n agraria en la presente campa\u00f1a. La subida escandalosa de [&hellip;]<\/p>\n","protected":false},"author":9,"featured_media":11423,"comment_status":"open","ping_status":"open","sticky":false,"template":"","format":"standard","meta":{"footnotes":""},"categories":[9,29,28],"tags":[],"yoast_head":"<!-- This site is optimized with the Yoast SEO plugin v24.5 - https:\/\/yoast.com\/wordpress\/plugins\/seo\/ -->\n<title>Acto de protesta en Valladolid el pr\u00f3ximo 23 de septiembre contra los altos costes de producci\u00f3n que sufre el sector agrario - ASAJA Palencia<\/title>\n<meta name=\"description\" content=\"Las organizaciones agrarias ASAJA y la ALIANZA UPA-COAG han convocado una manifestaci\u00f3n de protesta por las calles de Valladolid el pr\u00f3ximo 23 de\" \/>\n<meta name=\"robots\" content=\"index, follow, max-snippet:-1, max-image-preview:large, max-video-preview:-1\" \/>\n<link rel=\"canonical\" href=\"https:\/\/www.asajacyl.com\/palencia\/asaja-palencia-informa\/acto-de-protesta-en-valladolid-el-proximo-23-de-septiembre-contra-los-altos-costes-de-produccion-que-sufre-el-sector-agrario\" \/>\n<meta property=\"og:locale\" content=\"es_ES\" \/>\n<meta property=\"og:type\" content=\"article\" \/>\n<meta property=\"og:title\" content=\"Acto de protesta en Valladolid el pr\u00f3ximo 23 de septiembre contra los altos costes de producci\u00f3n que sufre el sector agrario - ASAJA Palencia\" \/>\n<meta property=\"og:description\" content=\"Las organizaciones agrarias ASAJA y la ALIANZA UPA-COAG han convocado una manifestaci\u00f3n de protesta por las calles de Valladolid el pr\u00f3ximo 23 de\" \/>\n<meta property=\"og:url\" content=\"https:\/\/www.asajacyl.com\/palencia\/asaja-palencia-informa\/acto-de-protesta-en-valladolid-el-proximo-23-de-septiembre-contra-los-altos-costes-de-produccion-que-sufre-el-sector-agrario\" \/>\n<meta property=\"og:site_name\" content=\"ASAJA Palencia\" \/>\n<meta property=\"article:published_time\" content=\"2022-09-12T11:23:54+00:00\" \/>\n<meta property=\"article:modified_time\" content=\"2022-09-19T10:10:53+00:00\" \/>\n<meta property=\"og:image\" content=\"https:\/\/www.asajacyl.com\/palencia\/wp-content\/uploads\/sites\/3\/2022\/09\/MANIFESTACION.jpg\" \/>\n\t<meta property=\"og:image:width\" content=\"724\" \/>\n\t<meta property=\"og:image:height\" content=\"1024\" \/>\n\t<meta property=\"og:image:type\" content=\"image\/jpeg\" \/>\n<meta name=\"author\" content=\"Administrador\" \/>\n<meta name=\"twitter:card\" content=\"summary_large_image\" \/>\n<meta name=\"twitter:label1\" content=\"Escrito por\" \/>\n\t<meta name=\"twitter:data1\" content=\"Administrador\" \/>\n\t<meta name=\"twitter:label2\" content=\"Tiempo de lectura\" \/>\n\t<meta name=\"twitter:data2\" content=\"2 minutos\" \/>\n<script type=\"application\/ld+json\" class=\"yoast-schema-graph\">{\"@context\":\"https:\/\/schema.org\",\"@graph\":[{\"@type\":\"WebPage\",\"@id\":\"https:\/\/www.asajacyl.com\/palencia\/asaja-palencia-informa\/acto-de-protesta-en-valladolid-el-proximo-23-de-septiembre-contra-los-altos-costes-de-produccion-que-sufre-el-sector-agrario\",\"url\":\"https:\/\/www.asajacyl.com\/palencia\/asaja-palencia-informa\/acto-de-protesta-en-valladolid-el-proximo-23-de-septiembre-contra-los-altos-costes-de-produccion-que-sufre-el-sector-agrario\",\"name\":\"Acto de protesta en Valladolid el pr\u00f3ximo 23 de septiembre contra los altos costes de producci\u00f3n que sufre el sector agrario - ASAJA Palencia\",\"isPartOf\":{\"@id\":\"https:\/\/www.asajacyl.com\/palencia\/#website\"},\"primaryImageOfPage\":{\"@id\":\"https:\/\/www.asajacyl.com\/palencia\/asaja-palencia-informa\/acto-de-protesta-en-valladolid-el-proximo-23-de-septiembre-contra-los-altos-costes-de-produccion-que-sufre-el-sector-agrario#primaryimage\"},\"image\":{\"@id\":\"https:\/\/www.asajacyl.com\/palencia\/asaja-palencia-informa\/acto-de-protesta-en-valladolid-el-proximo-23-de-septiembre-contra-los-altos-costes-de-produccion-que-sufre-el-sector-agrario#primaryimage\"},\"thumbnailUrl\":\"https:\/\/www.asajacyl.com\/palencia\/wp-content\/uploads\/sites\/3\/2022\/09\/MANIFESTACION.jpg\",\"datePublished\":\"2022-09-12T11:23:54+00:00\",\"dateModified\":\"2022-09-19T10:10:53+00:00\",\"author\":{\"@id\":\"https:\/\/www.asajacyl.com\/palencia\/#\/schema\/person\/3ab17aeb03527485c317557fae64aab1\"},\"description\":\"Las organizaciones agrarias ASAJA y la ALIANZA UPA-COAG han convocado una manifestaci\u00f3n de protesta por las calles de Valladolid el pr\u00f3ximo 23 de\",\"breadcrumb\":{\"@id\":\"https:\/\/www.asajacyl.com\/palencia\/asaja-palencia-informa\/acto-de-protesta-en-valladolid-el-proximo-23-de-septiembre-contra-los-altos-costes-de-produccion-que-sufre-el-sector-agrario#breadcrumb\"},\"inLanguage\":\"es\",\"potentialAction\":[{\"@type\":\"ReadAction\",\"target\":[\"https:\/\/www.asajacyl.com\/palencia\/asaja-palencia-informa\/acto-de-protesta-en-valladolid-el-proximo-23-de-septiembre-contra-los-altos-costes-de-produccion-que-sufre-el-sector-agrario\"]}]},{\"@type\":\"ImageObject\",\"inLanguage\":\"es\",\"@id\":\"https:\/\/www.asajacyl.com\/palencia\/asaja-palencia-informa\/acto-de-protesta-en-valladolid-el-proximo-23-de-septiembre-contra-los-altos-costes-de-produccion-que-sufre-el-sector-agrario#primaryimage\",\"url\":\"https:\/\/www.asajacyl.com\/palencia\/wp-content\/uploads\/sites\/3\/2022\/09\/MANIFESTACION.jpg\",\"contentUrl\":\"https:\/\/www.asajacyl.com\/palencia\/wp-content\/uploads\/sites\/3\/2022\/09\/MANIFESTACION.jpg\",\"width\":724,\"height\":1024},{\"@type\":\"BreadcrumbList\",\"@id\":\"https:\/\/www.asajacyl.com\/palencia\/asaja-palencia-informa\/acto-de-protesta-en-valladolid-el-proximo-23-de-septiembre-contra-los-altos-costes-de-produccion-que-sufre-el-sector-agrario#breadcrumb\",\"itemListElement\":[{\"@type\":\"ListItem\",\"position\":1,\"name\":\"Portada\",\"item\":\"https:\/\/www.asajacyl.com\/palencia\/\"},{\"@type\":\"ListItem\",\"position\":2,\"name\":\"Acto de protesta en Valladolid el pr\u00f3ximo 23 de septiembre contra los altos costes de producci\u00f3n que sufre el sector agrario\"}]},{\"@type\":\"WebSite\",\"@id\":\"https:\/\/www.asajacyl.com\/palencia\/#website\",\"url\":\"https:\/\/www.asajacyl.com\/palencia\/\",\"name\":\"ASAJA Palencia\",\"description\":\"Otro sitio m\u00e1s de Provincias ASAJA Castilla y Le\u00f3n\",\"potentialAction\":[{\"@type\":\"SearchAction\",\"target\":{\"@type\":\"EntryPoint\",\"urlTemplate\":\"https:\/\/www.asajacyl.com\/palencia\/?s={search_term_string}\"},\"query-input\":{\"@type\":\"PropertyValueSpecification\",\"valueRequired\":true,\"valueName\":\"search_term_string\"}}],\"inLanguage\":\"es\"},{\"@type\":\"Person\",\"@id\":\"https:\/\/www.asajacyl.com\/palencia\/#\/schema\/person\/3ab17aeb03527485c317557fae64aab1\",\"name\":\"Administrador\",\"image\":{\"@type\":\"ImageObject\",\"inLanguage\":\"es\",\"@id\":\"https:\/\/www.asajacyl.com\/palencia\/#\/schema\/person\/image\/\",\"url\":\"https:\/\/secure.gravatar.com\/avatar\/517384810d242ca9e38c180f3c9fb973?s=96&d=mm&r=g\",\"contentUrl\":\"https:\/\/secure.gravatar.com\/avatar\/517384810d242ca9e38c180f3c9fb973?s=96&d=mm&r=g\",\"caption\":\"Administrador\"},\"url\":\"https:\/\/www.asajacyl.com\/palencia\/author\/carlosrm\"}]}<\/script>\n<!-- \/ Yoast SEO plugin. -->","yoast_head_json":{"title":"Acto de protesta en Valladolid el pr\u00f3ximo 23 de septiembre contra los altos costes de producci\u00f3n que sufre el sector agrario - ASAJA Palencia","description":"Las organizaciones agrarias ASAJA y la ALIANZA UPA-COAG han convocado una manifestaci\u00f3n de protesta por las calles de Valladolid el pr\u00f3ximo 23 de","robots":{"index":"index","follow":"follow","max-snippet":"max-snippet:-1","max-image-preview":"max-image-preview:large","max-video-preview":"max-video-preview:-1"},"canonical":"https:\/\/www.asajacyl.com\/palencia\/asaja-palencia-informa\/acto-de-protesta-en-valladolid-el-proximo-23-de-septiembre-contra-los-altos-costes-de-produccion-que-sufre-el-sector-agrario","og_locale":"es_ES","og_type":"article","og_title":"Acto de protesta en Valladolid el pr\u00f3ximo 23 de septiembre contra los altos costes de producci\u00f3n que sufre el sector agrario - ASAJA Palencia","og_description":"Las organizaciones agrarias ASAJA y la ALIANZA UPA-COAG han convocado una manifestaci\u00f3n de protesta por las calles de Valladolid el pr\u00f3ximo 23 de","og_url":"https:\/\/www.asajacyl.com\/palencia\/asaja-palencia-informa\/acto-de-protesta-en-valladolid-el-proximo-23-de-septiembre-contra-los-altos-costes-de-produccion-que-sufre-el-sector-agrario","og_site_name":"ASAJA Palencia","article_published_time":"2022-09-12T11:23:54+00:00","article_modified_time":"2022-09-19T10:10:53+00:00","og_image":[{"width":724,"height":1024,"url":"https:\/\/www.asajacyl.com\/palencia\/wp-content\/uploads\/sites\/3\/2022\/09\/MANIFESTACION.jpg","type":"image\/jpeg"}],"author":"Administrador","twitter_card":"summary_large_image","twitter_misc":{"Escrito por":"Administrador","Tiempo de lectura":"2 minutos"},"schema":{"@context":"https:\/\/schema.org","@graph":[{"@type":"WebPage","@id":"https:\/\/www.asajacyl.com\/palencia\/asaja-palencia-informa\/acto-de-protesta-en-valladolid-el-proximo-23-de-septiembre-contra-los-altos-costes-de-produccion-que-sufre-el-sector-agrario","url":"https:\/\/www.asajacyl.com\/palencia\/asaja-palencia-informa\/acto-de-protesta-en-valladolid-el-proximo-23-de-septiembre-contra-los-altos-costes-de-produccion-que-sufre-el-sector-agrario","name":"Acto de protesta en Valladolid el pr\u00f3ximo 23 de septiembre contra los altos costes de producci\u00f3n que sufre el sector agrario - ASAJA Palencia","isPartOf":{"@id":"https:\/\/www.asajacyl.com\/palencia\/#website"},"primaryImageOfPage":{"@id":"https:\/\/www.asajacyl.com\/palencia\/asaja-palencia-informa\/acto-de-protesta-en-valladolid-el-proximo-23-de-septiembre-contra-los-altos-costes-de-produccion-que-sufre-el-sector-agrario#primaryimage"},"image":{"@id":"https:\/\/www.asajacyl.com\/palencia\/asaja-palencia-informa\/acto-de-protesta-en-valladolid-el-proximo-23-de-septiembre-contra-los-altos-costes-de-produccion-que-sufre-el-sector-agrario#primaryimage"},"thumbnailUrl":"https:\/\/www.asajacyl.com\/palencia\/wp-content\/uploads\/sites\/3\/2022\/09\/MANIFESTACION.jpg","datePublished":"2022-09-12T11:23:54+00:00","dateModified":"2022-09-19T10:10:53+00:00","author":{"@id":"https:\/\/www.asajacyl.com\/palencia\/#\/schema\/person\/3ab17aeb03527485c317557fae64aab1"},"description":"Las organizaciones agrarias ASAJA y la ALIANZA UPA-COAG han convocado una manifestaci\u00f3n de protesta por las calles de Valladolid el pr\u00f3ximo 23 de","breadcrumb":{"@id":"https:\/\/www.asajacyl.com\/palencia\/asaja-palencia-informa\/acto-de-protesta-en-valladolid-el-proximo-23-de-septiembre-contra-los-altos-costes-de-produccion-que-sufre-el-sector-agrario#breadcrumb"},"inLanguage":"es","potentialAction":[{"@type":"ReadAction","target":["https:\/\/www.asajacyl.com\/palencia\/asaja-palencia-informa\/acto-de-protesta-en-valladolid-el-proximo-23-de-septiembre-contra-los-altos-costes-de-produccion-que-sufre-el-sector-agrario"]}]},{"@type":"ImageObject","inLanguage":"es","@id":"https:\/\/www.asajacyl.com\/palencia\/asaja-palencia-informa\/acto-de-protesta-en-valladolid-el-proximo-23-de-septiembre-contra-los-altos-costes-de-produccion-que-sufre-el-sector-agrario#primaryimage","url":"https:\/\/www.asajacyl.com\/palencia\/wp-content\/uploads\/sites\/3\/2022\/09\/MANIFESTACION.jpg","contentUrl":"https:\/\/www.asajacyl.com\/palencia\/wp-content\/uploads\/sites\/3\/2022\/09\/MANIFESTACION.jpg","width":724,"height":1024},{"@type":"BreadcrumbList","@id":"https:\/\/www.asajacyl.com\/palencia\/asaja-palencia-informa\/acto-de-protesta-en-valladolid-el-proximo-23-de-septiembre-contra-los-altos-costes-de-produccion-que-sufre-el-sector-agrario#breadcrumb","itemListElement":[{"@type":"ListItem","position":1,"name":"Portada","item":"https:\/\/www.asajacyl.com\/palencia\/"},{"@type":"ListItem","position":2,"name":"Acto de protesta en Valladolid el pr\u00f3ximo 23 de septiembre contra los altos costes de producci\u00f3n que sufre el sector agrario"}]},{"@type":"WebSite","@id":"https:\/\/www.asajacyl.com\/palencia\/#website","url":"https:\/\/www.asajacyl.com\/palencia\/","name":"ASAJA Palencia","description":"Otro sitio m\u00e1s de Provincias ASAJA Castilla y Le\u00f3n","potentialAction":[{"@type":"SearchAction","target":{"@type":"EntryPoint","urlTemplate":"https:\/\/www.asajacyl.com\/palencia\/?s={search_term_string}"},"query-input":{"@type":"PropertyValueSpecification","valueRequired":true,"valueName":"search_term_string"}}],"inLanguage":"es"},{"@type":"Person","@id":"https:\/\/www.asajacyl.com\/palencia\/#\/schema\/person\/3ab17aeb03527485c317557fae64aab1","name":"Administrador","image":{"@type":"ImageObject","inLanguage":"es","@id":"https:\/\/www.asajacyl.com\/palencia\/#\/schema\/person\/image\/","url":"https:\/\/secure.gravatar.com\/avatar\/517384810d242ca9e38c180f3c9fb973?s=96&d=mm&r=g","contentUrl":"https:\/\/secure.gravatar.com\/avatar\/517384810d242ca9e38c180f3c9fb973?s=96&d=mm&r=g","caption":"Administrador"},"url":"https:\/\/www.asajacyl.com\/palencia\/author\/carlosrm"}]}},"_links":{"self":[{"href":"https:\/\/www.asajacyl.com\/palencia\/wp-json\/wp\/v2\/posts\/11422"}],"collection":[{"href":"https:\/\/www.asajacyl.com\/palencia\/wp-json\/wp\/v2\/posts"}],"about":[{"href":"https:\/\/www.asajacyl.com\/palencia\/wp-json\/wp\/v2\/types\/post"}],"author":[{"embeddable":true,"href":"https:\/\/www.asajacyl.com\/palencia\/wp-json\/wp\/v2\/users\/9"}],"replies":[{"embeddable":true,"href":"https:\/\/www.asajacyl.com\/palencia\/wp-json\/wp\/v2\/comments?post=11422"}],"version-history":[{"count":2,"href":"https:\/\/www.asajacyl.com\/palencia\/wp-json\/wp\/v2\/posts\/11422\/revisions"}],"predecessor-version":[{"id":11455,"href":"https:\/\/www.asajacyl.com\/palencia\/wp-json\/wp\/v2\/posts\/11422\/revisions\/11455"}],"wp:featuredmedia":[{"embeddable":true,"href":"https:\/\/www.asajacyl.com\/palencia\/wp-json\/wp\/v2\/media\/11423"}],"wp:attachment":[{"href":"https:\/\/www.asajacyl.com\/palencia\/wp-json\/wp\/v2\/media?parent=11422"}],"wp:term":[{"taxonomy":"category","embeddable":true,"href":"https:\/\/www.asajacyl.com\/palencia\/wp-json\/wp\/v2\/categories?post=11422"},{"taxonomy":"post_tag","embeddable":true,"href":"https:\/\/www.asajacyl.com\/palencia\/wp-json\/wp\/v2\/tags?post=11422"}],"curies":[{"name":"wp","href":"https:\/\/api.w.org\/{rel}","templated":true}]}}