{"id":11425,"date":"2022-09-19T07:19:00","date_gmt":"2022-09-19T05:19:00","guid":{"rendered":"https:\/\/www.asajacyl.com\/palencia\/?p=11425"},"modified":"2022-09-16T11:43:24","modified_gmt":"2022-09-16T09:43:24","slug":"cosecha-2022-los-ultimos-datos-del-copa-y-la-cogeca-confirman-una-merma-de-la-produccion-total-de-cereales-en-la-ue-27-y-un-repunte-de-los-cultivos-de-oleaginosas-y-proteaginosas","status":"publish","type":"post","link":"https:\/\/www.asajacyl.com\/palencia\/asaja-palencia-informa\/cosecha-2022-los-ultimos-datos-del-copa-y-la-cogeca-confirman-una-merma-de-la-produccion-total-de-cereales-en-la-ue-27-y-un-repunte-de-los-cultivos-de-oleaginosas-y-proteaginosas","title":{"rendered":"Cosecha 2022: los \u00faltimos datos del Copa y la Cogeca confirman una merma de la producci\u00f3n total de cereales en la UE-27 y un repunte de los cultivos de oleaginosas y proteaginosas"},"content":{"rendered":"\n<p>Los expertos del grupo de trabajo del Copa y la Cogeca se reunieron esta semana en Bruselas y confirmaron la tendencia que ya hab\u00edan anticipado el pasado mes de julio, a saber: que la producci\u00f3n total de cereales en la UE de los 27 deber\u00eda alcanzar los 269 millones de toneladas, lo que representa una ca\u00edda del 6,8 % en comparaci\u00f3n con la cosecha de 2021. Por otro lado, se vaticina una evoluci\u00f3n m\u00e1s positiva en lo referente a las oleaginosas (31,9 millones de toneladas, o sea, un incremento del 7,2 %) y las proteaginosas (3,92 millones de toneladas, es decir, un crecimiento del 5,1 %).<\/p>\n\n\n\n<p>Pese a que la superficie sembrada en 2022 es similar a la de 2021, la p\u00e9rdida de rendimiento en la mayor\u00eda de los cereales hizo caer en picado la producci\u00f3n en la cosecha 2022. La sequ\u00eda estival result\u00f3 devastadora para la cosecha de ma\u00edz en grano, cuya producci\u00f3n fue de 55 millones de toneladas, lo que constituye una p\u00e9rdida interanual del 20 %. La producci\u00f3n de trigo duro tambi\u00e9n sufri\u00f3 un gran rev\u00e9s, pues se cosecharon 7,4 millones de toneladas, es decir, un 7,4 % menos. La producci\u00f3n de trigo blando tambi\u00e9n experiment\u00f3 una disminuci\u00f3n, aunque menor (-2,5 %), y acab\u00f3 siendo de 125,6 millones de toneladas. Tan solo se mantiene estable, seg\u00fan parece, la producci\u00f3n de cebada, con 51 millones de toneladas. De manera general, esto sit\u00faa a la cosecha de 2022 por debajo de las producciones promedio de los \u00faltimos cinco a\u00f1os.<\/p>\n\n\n\n<div class=\"wp-block-image\"><figure class=\"aligncenter size-full\"><img loading=\"lazy\" decoding=\"async\" width=\"841\" height=\"596\" src=\"https:\/\/www.asajacyl.com\/palencia\/wp-content\/uploads\/sites\/3\/2022\/09\/COPA-1.jpg\" alt=\"\" class=\"wp-image-11426\" srcset=\"https:\/\/www.asajacyl.com\/palencia\/wp-content\/uploads\/sites\/3\/2022\/09\/COPA-1.jpg 841w, https:\/\/www.asajacyl.com\/palencia\/wp-content\/uploads\/sites\/3\/2022\/09\/COPA-1-300x213.jpg 300w, https:\/\/www.asajacyl.com\/palencia\/wp-content\/uploads\/sites\/3\/2022\/09\/COPA-1-768x544.jpg 768w, https:\/\/www.asajacyl.com\/palencia\/wp-content\/uploads\/sites\/3\/2022\/09\/COPA-1-696x493.jpg 696w, https:\/\/www.asajacyl.com\/palencia\/wp-content\/uploads\/sites\/3\/2022\/09\/COPA-1-593x420.jpg 593w\" sizes=\"(max-width: 841px) 100vw, 841px\" \/><figcaption>De izquierda a derecha: Trigo blando, trigo duro, ma\u00edz, otros cereales (cebada, triticale, avena, centeno, sorgo, otros) y total<\/figcaption><\/figure><\/div>\n\n\n\n<p>En lo referente a los cultivos de oleaginosas y proteaginosas, la situaci\u00f3n es m\u00e1s favorable, dado que los resultados superan en un 5 % el promedio anual de los \u00faltimos cinco a\u00f1os. La producci\u00f3n de colza se recuper\u00f3 hasta alcanzar los 19,5 millones de toneladas, como resultado de un incremento de la superficie cultivada y un buen rendimiento. En cuanto al girasol, mientras que la superficie sembrada creci\u00f3 hasta un nivel r\u00e9cord en la UE de los 27, la producci\u00f3n fue de 9,6 millones de toneladas, es decir, un 7 % menos que el a\u00f1o anterior. La producci\u00f3n de soja en la UE deber\u00eda permanecer estable, dado que el aumento de las hect\u00e1reas sembradas (un 17,4 % m\u00e1s) compens\u00f3 la bajada del rendimiento. La producci\u00f3n de proteaginosas en la UE de los 27, por ejemplo las habas, creci\u00f3 un 5 % gracias a una cosecha satisfactoria en los pa\u00edses escandinavos y b\u00e1lticos.<\/p>\n\n\n\n<div class=\"wp-block-image\"><figure class=\"aligncenter size-full\"><img loading=\"lazy\" decoding=\"async\" width=\"841\" height=\"596\" src=\"https:\/\/www.asajacyl.com\/palencia\/wp-content\/uploads\/sites\/3\/2022\/09\/COPA-2.jpg\" alt=\"\" class=\"wp-image-11427\" srcset=\"https:\/\/www.asajacyl.com\/palencia\/wp-content\/uploads\/sites\/3\/2022\/09\/COPA-2.jpg 841w, https:\/\/www.asajacyl.com\/palencia\/wp-content\/uploads\/sites\/3\/2022\/09\/COPA-2-300x213.jpg 300w, https:\/\/www.asajacyl.com\/palencia\/wp-content\/uploads\/sites\/3\/2022\/09\/COPA-2-768x544.jpg 768w, https:\/\/www.asajacyl.com\/palencia\/wp-content\/uploads\/sites\/3\/2022\/09\/COPA-2-696x493.jpg 696w, https:\/\/www.asajacyl.com\/palencia\/wp-content\/uploads\/sites\/3\/2022\/09\/COPA-2-593x420.jpg 593w\" sizes=\"(max-width: 841px) 100vw, 841px\" \/><figcaption>De izquierda a derecha: Colza, girasol, soja, total oleaginosas y total proteaginosas.<\/figcaption><\/figure><\/div>\n\n\n\n<p>Hay que interpretar este contraste de resultados dentro de un contexto mundial m\u00e1s incierto que nunca en lo que respecta a los productores cerealistas europeos. La volatilidad de los precios ligada a las novedades a nivel internacional, la inflaci\u00f3n, la paridad euro-d\u00f3lar, adem\u00e1s del aumento del coste de los principales insumos, generan una situaci\u00f3n especialmente complicada para los agricultores. La nueva subida del precio de los fertilizantes, as\u00ed como los problemas de suministro en determinados pa\u00edses, acarrear\u00e1n consecuencias para la\u00a0 producci\u00f3n del \u00a02023, tanto en rendimiento y en calidad, como en cuanto al tipo de cultivos que se plantar\u00e1n. Es sumamente necesario que la Comisi\u00f3n Europea siga tomando medidas para aportar m\u00e1s transparencia en el mercado de los fertilizantes, limitar la subida de precios y garantizar un suministro seguro para la pr\u00f3xima campa\u00f1a agr\u00edcola.<\/p>\n","protected":false},"excerpt":{"rendered":"<p>Los expertos del grupo de trabajo del Copa y la Cogeca se reunieron esta semana en Bruselas y confirmaron la tendencia que ya hab\u00edan anticipado el pasado mes de julio, a saber: que la producci\u00f3n total de cereales en la UE de los 27 deber\u00eda alcanzar los 269 millones de toneladas, lo que representa una [&hellip;]<\/p>\n","protected":false},"author":9,"featured_media":8194,"comment_status":"open","ping_status":"open","sticky":false,"template":"","format":"standard","meta":{"footnotes":""},"categories":[9,29,28],"tags":[],"yoast_head":"<!-- This site is optimized with the Yoast SEO plugin v24.5 - https:\/\/yoast.com\/wordpress\/plugins\/seo\/ -->\n<title>Cosecha 2022: los \u00faltimos datos del Copa y la Cogeca confirman una merma de la producci\u00f3n total de cereales en la UE-27 y un repunte de los cultivos de oleaginosas y proteaginosas - ASAJA Palencia<\/title>\n<meta name=\"description\" content=\"Los expertos del grupo de trabajo del Copa y la Cogeca se reunieron esta semana en Bruselas y confirmaron la tendencia que ya hab\u00edan anticipado el pasado\" \/>\n<meta name=\"robots\" content=\"index, follow, max-snippet:-1, max-image-preview:large, max-video-preview:-1\" \/>\n<link rel=\"canonical\" href=\"https:\/\/www.asajacyl.com\/palencia\/asaja-palencia-informa\/cosecha-2022-los-ultimos-datos-del-copa-y-la-cogeca-confirman-una-merma-de-la-produccion-total-de-cereales-en-la-ue-27-y-un-repunte-de-los-cultivos-de-oleaginosas-y-proteaginosas\" \/>\n<meta property=\"og:locale\" content=\"es_ES\" \/>\n<meta property=\"og:type\" content=\"article\" \/>\n<meta property=\"og:title\" content=\"Cosecha 2022: los \u00faltimos datos del Copa y la Cogeca confirman una merma de la producci\u00f3n total de cereales en la UE-27 y un repunte de los cultivos de oleaginosas y proteaginosas - ASAJA Palencia\" \/>\n<meta property=\"og:description\" content=\"Los expertos del grupo de trabajo del Copa y la Cogeca se reunieron esta semana en Bruselas y confirmaron la tendencia que ya hab\u00edan anticipado el pasado\" \/>\n<meta property=\"og:url\" content=\"https:\/\/www.asajacyl.com\/palencia\/asaja-palencia-informa\/cosecha-2022-los-ultimos-datos-del-copa-y-la-cogeca-confirman-una-merma-de-la-produccion-total-de-cereales-en-la-ue-27-y-un-repunte-de-los-cultivos-de-oleaginosas-y-proteaginosas\" \/>\n<meta property=\"og:site_name\" content=\"ASAJA Palencia\" \/>\n<meta property=\"article:published_time\" content=\"2022-09-19T05:19:00+00:00\" \/>\n<meta property=\"og:image\" content=\"https:\/\/www.asajacyl.com\/palencia\/wp-content\/uploads\/sites\/3\/2021\/04\/COPACOGECA.jpg\" \/>\n\t<meta property=\"og:image:width\" content=\"1280\" \/>\n\t<meta property=\"og:image:height\" content=\"693\" \/>\n\t<meta property=\"og:image:type\" content=\"image\/jpeg\" \/>\n<meta name=\"author\" content=\"Administrador\" \/>\n<meta name=\"twitter:card\" content=\"summary_large_image\" \/>\n<meta name=\"twitter:label1\" content=\"Escrito por\" \/>\n\t<meta name=\"twitter:data1\" content=\"Administrador\" \/>\n\t<meta name=\"twitter:label2\" content=\"Tiempo de lectura\" \/>\n\t<meta name=\"twitter:data2\" content=\"4 minutos\" \/>\n<script type=\"application\/ld+json\" class=\"yoast-schema-graph\">{\"@context\":\"https:\/\/schema.org\",\"@graph\":[{\"@type\":\"WebPage\",\"@id\":\"https:\/\/www.asajacyl.com\/palencia\/asaja-palencia-informa\/cosecha-2022-los-ultimos-datos-del-copa-y-la-cogeca-confirman-una-merma-de-la-produccion-total-de-cereales-en-la-ue-27-y-un-repunte-de-los-cultivos-de-oleaginosas-y-proteaginosas\",\"url\":\"https:\/\/www.asajacyl.com\/palencia\/asaja-palencia-informa\/cosecha-2022-los-ultimos-datos-del-copa-y-la-cogeca-confirman-una-merma-de-la-produccion-total-de-cereales-en-la-ue-27-y-un-repunte-de-los-cultivos-de-oleaginosas-y-proteaginosas\",\"name\":\"Cosecha 2022: los \u00faltimos datos del Copa y la Cogeca confirman una merma de la producci\u00f3n total de cereales en la UE-27 y un repunte de los cultivos de oleaginosas y proteaginosas - ASAJA Palencia\",\"isPartOf\":{\"@id\":\"https:\/\/www.asajacyl.com\/palencia\/#website\"},\"primaryImageOfPage\":{\"@id\":\"https:\/\/www.asajacyl.com\/palencia\/asaja-palencia-informa\/cosecha-2022-los-ultimos-datos-del-copa-y-la-cogeca-confirman-una-merma-de-la-produccion-total-de-cereales-en-la-ue-27-y-un-repunte-de-los-cultivos-de-oleaginosas-y-proteaginosas#primaryimage\"},\"image\":{\"@id\":\"https:\/\/www.asajacyl.com\/palencia\/asaja-palencia-informa\/cosecha-2022-los-ultimos-datos-del-copa-y-la-cogeca-confirman-una-merma-de-la-produccion-total-de-cereales-en-la-ue-27-y-un-repunte-de-los-cultivos-de-oleaginosas-y-proteaginosas#primaryimage\"},\"thumbnailUrl\":\"https:\/\/www.asajacyl.com\/palencia\/wp-content\/uploads\/sites\/3\/2021\/04\/COPACOGECA.jpg\",\"datePublished\":\"2022-09-19T05:19:00+00:00\",\"author\":{\"@id\":\"https:\/\/www.asajacyl.com\/palencia\/#\/schema\/person\/3ab17aeb03527485c317557fae64aab1\"},\"description\":\"Los expertos del grupo de trabajo del Copa y la Cogeca se reunieron esta semana en Bruselas y confirmaron la tendencia que ya hab\u00edan anticipado el pasado\",\"breadcrumb\":{\"@id\":\"https:\/\/www.asajacyl.com\/palencia\/asaja-palencia-informa\/cosecha-2022-los-ultimos-datos-del-copa-y-la-cogeca-confirman-una-merma-de-la-produccion-total-de-cereales-en-la-ue-27-y-un-repunte-de-los-cultivos-de-oleaginosas-y-proteaginosas#breadcrumb\"},\"inLanguage\":\"es\",\"potentialAction\":[{\"@type\":\"ReadAction\",\"target\":[\"https:\/\/www.asajacyl.com\/palencia\/asaja-palencia-informa\/cosecha-2022-los-ultimos-datos-del-copa-y-la-cogeca-confirman-una-merma-de-la-produccion-total-de-cereales-en-la-ue-27-y-un-repunte-de-los-cultivos-de-oleaginosas-y-proteaginosas\"]}]},{\"@type\":\"ImageObject\",\"inLanguage\":\"es\",\"@id\":\"https:\/\/www.asajacyl.com\/palencia\/asaja-palencia-informa\/cosecha-2022-los-ultimos-datos-del-copa-y-la-cogeca-confirman-una-merma-de-la-produccion-total-de-cereales-en-la-ue-27-y-un-repunte-de-los-cultivos-de-oleaginosas-y-proteaginosas#primaryimage\",\"url\":\"https:\/\/www.asajacyl.com\/palencia\/wp-content\/uploads\/sites\/3\/2021\/04\/COPACOGECA.jpg\",\"contentUrl\":\"https:\/\/www.asajacyl.com\/palencia\/wp-content\/uploads\/sites\/3\/2021\/04\/COPACOGECA.jpg\",\"width\":1280,\"height\":693},{\"@type\":\"BreadcrumbList\",\"@id\":\"https:\/\/www.asajacyl.com\/palencia\/asaja-palencia-informa\/cosecha-2022-los-ultimos-datos-del-copa-y-la-cogeca-confirman-una-merma-de-la-produccion-total-de-cereales-en-la-ue-27-y-un-repunte-de-los-cultivos-de-oleaginosas-y-proteaginosas#breadcrumb\",\"itemListElement\":[{\"@type\":\"ListItem\",\"position\":1,\"name\":\"Portada\",\"item\":\"https:\/\/www.asajacyl.com\/palencia\/\"},{\"@type\":\"ListItem\",\"position\":2,\"name\":\"Cosecha 2022: los \u00faltimos datos del Copa y la Cogeca confirman una merma de la producci\u00f3n total de cereales en la UE-27 y un repunte de los cultivos de oleaginosas y proteaginosas\"}]},{\"@type\":\"WebSite\",\"@id\":\"https:\/\/www.asajacyl.com\/palencia\/#website\",\"url\":\"https:\/\/www.asajacyl.com\/palencia\/\",\"name\":\"ASAJA Palencia\",\"description\":\"Otro sitio m\u00e1s de Provincias ASAJA Castilla y Le\u00f3n\",\"potentialAction\":[{\"@type\":\"SearchAction\",\"target\":{\"@type\":\"EntryPoint\",\"urlTemplate\":\"https:\/\/www.asajacyl.com\/palencia\/?s={search_term_string}\"},\"query-input\":{\"@type\":\"PropertyValueSpecification\",\"valueRequired\":true,\"valueName\":\"search_term_string\"}}],\"inLanguage\":\"es\"},{\"@type\":\"Person\",\"@id\":\"https:\/\/www.asajacyl.com\/palencia\/#\/schema\/person\/3ab17aeb03527485c317557fae64aab1\",\"name\":\"Administrador\",\"image\":{\"@type\":\"ImageObject\",\"inLanguage\":\"es\",\"@id\":\"https:\/\/www.asajacyl.com\/palencia\/#\/schema\/person\/image\/\",\"url\":\"https:\/\/secure.gravatar.com\/avatar\/517384810d242ca9e38c180f3c9fb973?s=96&d=mm&r=g\",\"contentUrl\":\"https:\/\/secure.gravatar.com\/avatar\/517384810d242ca9e38c180f3c9fb973?s=96&d=mm&r=g\",\"caption\":\"Administrador\"},\"url\":\"https:\/\/www.asajacyl.com\/palencia\/author\/carlosrm\"}]}<\/script>\n<!-- \/ Yoast SEO plugin. -->","yoast_head_json":{"title":"Cosecha 2022: los \u00faltimos datos del Copa y la Cogeca confirman una merma de la producci\u00f3n total de cereales en la UE-27 y un repunte de los cultivos de oleaginosas y proteaginosas - ASAJA Palencia","description":"Los expertos del grupo de trabajo del Copa y la Cogeca se reunieron esta semana en Bruselas y confirmaron la tendencia que ya hab\u00edan anticipado el pasado","robots":{"index":"index","follow":"follow","max-snippet":"max-snippet:-1","max-image-preview":"max-image-preview:large","max-video-preview":"max-video-preview:-1"},"canonical":"https:\/\/www.asajacyl.com\/palencia\/asaja-palencia-informa\/cosecha-2022-los-ultimos-datos-del-copa-y-la-cogeca-confirman-una-merma-de-la-produccion-total-de-cereales-en-la-ue-27-y-un-repunte-de-los-cultivos-de-oleaginosas-y-proteaginosas","og_locale":"es_ES","og_type":"article","og_title":"Cosecha 2022: los \u00faltimos datos del Copa y la Cogeca confirman una merma de la producci\u00f3n total de cereales en la UE-27 y un repunte de los cultivos de oleaginosas y proteaginosas - ASAJA Palencia","og_description":"Los expertos del grupo de trabajo del Copa y la Cogeca se reunieron esta semana en Bruselas y confirmaron la tendencia que ya hab\u00edan anticipado el pasado","og_url":"https:\/\/www.asajacyl.com\/palencia\/asaja-palencia-informa\/cosecha-2022-los-ultimos-datos-del-copa-y-la-cogeca-confirman-una-merma-de-la-produccion-total-de-cereales-en-la-ue-27-y-un-repunte-de-los-cultivos-de-oleaginosas-y-proteaginosas","og_site_name":"ASAJA Palencia","article_published_time":"2022-09-19T05:19:00+00:00","og_image":[{"width":1280,"height":693,"url":"https:\/\/www.asajacyl.com\/palencia\/wp-content\/uploads\/sites\/3\/2021\/04\/COPACOGECA.jpg","type":"image\/jpeg"}],"author":"Administrador","twitter_card":"summary_large_image","twitter_misc":{"Escrito por":"Administrador","Tiempo de lectura":"4 minutos"},"schema":{"@context":"https:\/\/schema.org","@graph":[{"@type":"WebPage","@id":"https:\/\/www.asajacyl.com\/palencia\/asaja-palencia-informa\/cosecha-2022-los-ultimos-datos-del-copa-y-la-cogeca-confirman-una-merma-de-la-produccion-total-de-cereales-en-la-ue-27-y-un-repunte-de-los-cultivos-de-oleaginosas-y-proteaginosas","url":"https:\/\/www.asajacyl.com\/palencia\/asaja-palencia-informa\/cosecha-2022-los-ultimos-datos-del-copa-y-la-cogeca-confirman-una-merma-de-la-produccion-total-de-cereales-en-la-ue-27-y-un-repunte-de-los-cultivos-de-oleaginosas-y-proteaginosas","name":"Cosecha 2022: los \u00faltimos datos del Copa y la Cogeca confirman una merma de la producci\u00f3n total de cereales en la UE-27 y un repunte de los cultivos de oleaginosas y proteaginosas - ASAJA Palencia","isPartOf":{"@id":"https:\/\/www.asajacyl.com\/palencia\/#website"},"primaryImageOfPage":{"@id":"https:\/\/www.asajacyl.com\/palencia\/asaja-palencia-informa\/cosecha-2022-los-ultimos-datos-del-copa-y-la-cogeca-confirman-una-merma-de-la-produccion-total-de-cereales-en-la-ue-27-y-un-repunte-de-los-cultivos-de-oleaginosas-y-proteaginosas#primaryimage"},"image":{"@id":"https:\/\/www.asajacyl.com\/palencia\/asaja-palencia-informa\/cosecha-2022-los-ultimos-datos-del-copa-y-la-cogeca-confirman-una-merma-de-la-produccion-total-de-cereales-en-la-ue-27-y-un-repunte-de-los-cultivos-de-oleaginosas-y-proteaginosas#primaryimage"},"thumbnailUrl":"https:\/\/www.asajacyl.com\/palencia\/wp-content\/uploads\/sites\/3\/2021\/04\/COPACOGECA.jpg","datePublished":"2022-09-19T05:19:00+00:00","author":{"@id":"https:\/\/www.asajacyl.com\/palencia\/#\/schema\/person\/3ab17aeb03527485c317557fae64aab1"},"description":"Los expertos del grupo de trabajo del Copa y la Cogeca se reunieron esta semana en Bruselas y confirmaron la tendencia que ya hab\u00edan anticipado el pasado","breadcrumb":{"@id":"https:\/\/www.asajacyl.com\/palencia\/asaja-palencia-informa\/cosecha-2022-los-ultimos-datos-del-copa-y-la-cogeca-confirman-una-merma-de-la-produccion-total-de-cereales-en-la-ue-27-y-un-repunte-de-los-cultivos-de-oleaginosas-y-proteaginosas#breadcrumb"},"inLanguage":"es","potentialAction":[{"@type":"ReadAction","target":["https:\/\/www.asajacyl.com\/palencia\/asaja-palencia-informa\/cosecha-2022-los-ultimos-datos-del-copa-y-la-cogeca-confirman-una-merma-de-la-produccion-total-de-cereales-en-la-ue-27-y-un-repunte-de-los-cultivos-de-oleaginosas-y-proteaginosas"]}]},{"@type":"ImageObject","inLanguage":"es","@id":"https:\/\/www.asajacyl.com\/palencia\/asaja-palencia-informa\/cosecha-2022-los-ultimos-datos-del-copa-y-la-cogeca-confirman-una-merma-de-la-produccion-total-de-cereales-en-la-ue-27-y-un-repunte-de-los-cultivos-de-oleaginosas-y-proteaginosas#primaryimage","url":"https:\/\/www.asajacyl.com\/palencia\/wp-content\/uploads\/sites\/3\/2021\/04\/COPACOGECA.jpg","contentUrl":"https:\/\/www.asajacyl.com\/palencia\/wp-content\/uploads\/sites\/3\/2021\/04\/COPACOGECA.jpg","width":1280,"height":693},{"@type":"BreadcrumbList","@id":"https:\/\/www.asajacyl.com\/palencia\/asaja-palencia-informa\/cosecha-2022-los-ultimos-datos-del-copa-y-la-cogeca-confirman-una-merma-de-la-produccion-total-de-cereales-en-la-ue-27-y-un-repunte-de-los-cultivos-de-oleaginosas-y-proteaginosas#breadcrumb","itemListElement":[{"@type":"ListItem","position":1,"name":"Portada","item":"https:\/\/www.asajacyl.com\/palencia\/"},{"@type":"ListItem","position":2,"name":"Cosecha 2022: los \u00faltimos datos del Copa y la Cogeca confirman una merma de la producci\u00f3n total de cereales en la UE-27 y un repunte de los cultivos de oleaginosas y proteaginosas"}]},{"@type":"WebSite","@id":"https:\/\/www.asajacyl.com\/palencia\/#website","url":"https:\/\/www.asajacyl.com\/palencia\/","name":"ASAJA Palencia","description":"Otro sitio m\u00e1s de Provincias ASAJA Castilla y Le\u00f3n","potentialAction":[{"@type":"SearchAction","target":{"@type":"EntryPoint","urlTemplate":"https:\/\/www.asajacyl.com\/palencia\/?s={search_term_string}"},"query-input":{"@type":"PropertyValueSpecification","valueRequired":true,"valueName":"search_term_string"}}],"inLanguage":"es"},{"@type":"Person","@id":"https:\/\/www.asajacyl.com\/palencia\/#\/schema\/person\/3ab17aeb03527485c317557fae64aab1","name":"Administrador","image":{"@type":"ImageObject","inLanguage":"es","@id":"https:\/\/www.asajacyl.com\/palencia\/#\/schema\/person\/image\/","url":"https:\/\/secure.gravatar.com\/avatar\/517384810d242ca9e38c180f3c9fb973?s=96&d=mm&r=g","contentUrl":"https:\/\/secure.gravatar.com\/avatar\/517384810d242ca9e38c180f3c9fb973?s=96&d=mm&r=g","caption":"Administrador"},"url":"https:\/\/www.asajacyl.com\/palencia\/author\/carlosrm"}]}},"_links":{"self":[{"href":"https:\/\/www.asajacyl.com\/palencia\/wp-json\/wp\/v2\/posts\/11425"}],"collection":[{"href":"https:\/\/www.asajacyl.com\/palencia\/wp-json\/wp\/v2\/posts"}],"about":[{"href":"https:\/\/www.asajacyl.com\/palencia\/wp-json\/wp\/v2\/types\/post"}],"author":[{"embeddable":true,"href":"https:\/\/www.asajacyl.com\/palencia\/wp-json\/wp\/v2\/users\/9"}],"replies":[{"embeddable":true,"href":"https:\/\/www.asajacyl.com\/palencia\/wp-json\/wp\/v2\/comments?post=11425"}],"version-history":[{"count":1,"href":"https:\/\/www.asajacyl.com\/palencia\/wp-json\/wp\/v2\/posts\/11425\/revisions"}],"predecessor-version":[{"id":11428,"href":"https:\/\/www.asajacyl.com\/palencia\/wp-json\/wp\/v2\/posts\/11425\/revisions\/11428"}],"wp:featuredmedia":[{"embeddable":true,"href":"https:\/\/www.asajacyl.com\/palencia\/wp-json\/wp\/v2\/media\/8194"}],"wp:attachment":[{"href":"https:\/\/www.asajacyl.com\/palencia\/wp-json\/wp\/v2\/media?parent=11425"}],"wp:term":[{"taxonomy":"category","embeddable":true,"href":"https:\/\/www.asajacyl.com\/palencia\/wp-json\/wp\/v2\/categories?post=11425"},{"taxonomy":"post_tag","embeddable":true,"href":"https:\/\/www.asajacyl.com\/palencia\/wp-json\/wp\/v2\/tags?post=11425"}],"curies":[{"name":"wp","href":"https:\/\/api.w.org\/{rel}","templated":true}]}}