{"id":11433,"date":"2022-09-14T08:57:00","date_gmt":"2022-09-14T06:57:00","guid":{"rendered":"https:\/\/www.asajacyl.com\/palencia\/?p=11433"},"modified":"2022-09-13T14:24:27","modified_gmt":"2022-09-13T12:24:27","slug":"sale-a-informacion-publica-la-expropiacion-del-tramo-palencia-palencia-norte-del-ave-palencia-santander","status":"publish","type":"post","link":"https:\/\/www.asajacyl.com\/palencia\/asaja-palencia-informa\/sale-a-informacion-publica-la-expropiacion-del-tramo-palencia-palencia-norte-del-ave-palencia-santander","title":{"rendered":"Sale a Informaci\u00f3n P\u00fablica la expropiaci\u00f3n del tramo Palencia-Palencia Norte del AVE Palencia-Santander"},"content":{"rendered":"\n<p>Se ha publicado en el Bolet\u00edn Oficial del Estado la apertura de Informaci\u00f3n P\u00fablica de la Expropiaci\u00f3n Forzosa destinada a la construcci\u00f3n de la l\u00ednea f\u00e9rrea de alta velocidad que en un futuro deber\u00eda unir Palencia y Santander, en este caso del tramo conocido como \u00abPalencia-Palencia Norte\u00bb.<\/p>\n\n\n\n<p>Este peque\u00f1o tramo tiene una longitud de 1,28 km, discurriendo en su totalidad por el municipio de Palencia. Se inicia en los \u00abTres Pasos\u00bb y cruza los corredores que permiten el paso hacia Le\u00f3n y hacia Santander. En una primera instancia se hab\u00eda proyectado una distancia ligeramente superior y se expropiaban diversas parcelas en el municipio de Monz\u00f3n de Campos, las cuales estar\u00edan destinadas a vertidos de la obra, pero finalmente esa parte del proyecto se ha obviado y no ser\u00e1n expropiadas, al menos en esta ocasi\u00f3n. La obra se ha licitado en 30,9 millones de euros y tiene un plazo de ejecuci\u00f3n de 30 meses, aunque a\u00fan no ha sido adjudicado. <\/p>\n\n\n\n<p>Actualmente ya se han expropiado los tramos Palencia Norte-Amusco y Amusco-Osorno, habi\u00e9ndose adjudicado las obras de dichos tramos a SACYR -77.275.850,58 euros (IVA incluido)- y a una Uni\u00f3n Temporal de Empresas -79.257.666,79\u20ac (IVA incluido)- respectivamente. En el caso del tramo Palencia Norte-Amusco el plazo de ejecuci\u00f3n es de 36 meses y en el Amusco-Osorno de 40 meses.<\/p>\n\n\n\n<p>Los afectados de los tramos Osorno-Calahorra de Boedo y Calahorra de Boedo-Alar del Rey siguen a la espera de ver la publicaci\u00f3n en el BOE de estos tramos que les afectan. A su vez, se realiz\u00f3 un tr\u00e1mite, dentro del tramo Osorno-Calahorra de Boedo, para ocupar temporalmente varias fincas con el fin de mejorar el estudio geot\u00e9cnico.<\/p>\n\n\n\n<p>Hace varios meses ASAJA ya realiz\u00f3 jornadas informativas en Palencia, Osorno y Herrera de Pisuerga con el fin de informar a las personas inmersas en este procedimiento de expropiaci\u00f3n forzosa. ASAJA-Palencia cuenta con la colaboraci\u00f3n de un gabinete experto, perteneciente a ASAJA-Valencia (AVA), el cual asesorar\u00e1 a aquellos afectados interesados. Se puede obtener m\u00e1s informaci\u00f3n en las oficinas de ASAJA.<\/p>\n","protected":false},"excerpt":{"rendered":"<p>Se ha publicado en el Bolet\u00edn Oficial del Estado la apertura de Informaci\u00f3n P\u00fablica de la Expropiaci\u00f3n Forzosa destinada a la construcci\u00f3n de la l\u00ednea f\u00e9rrea de alta velocidad que en un futuro deber\u00eda unir Palencia y Santander, en este caso del tramo conocido como \u00abPalencia-Palencia Norte\u00bb. Este peque\u00f1o tramo tiene una longitud de 1,28 [&hellip;]<\/p>\n","protected":false},"author":9,"featured_media":10899,"comment_status":"open","ping_status":"open","sticky":false,"template":"","format":"standard","meta":{"footnotes":""},"categories":[9,29,28],"tags":[],"yoast_head":"<!-- This site is optimized with the Yoast SEO plugin v24.5 - https:\/\/yoast.com\/wordpress\/plugins\/seo\/ -->\n<title>Sale a Informaci\u00f3n P\u00fablica la expropiaci\u00f3n del tramo Palencia-Palencia Norte del AVE Palencia-Santander - ASAJA Palencia<\/title>\n<meta name=\"description\" content=\"Se ha publicado en el Bolet\u00edn Oficial del Estado la apertura de Informaci\u00f3n P\u00fablica de la Expropiaci\u00f3n Forzosa destinada a la construcci\u00f3n de la l\u00ednea\" \/>\n<meta name=\"robots\" content=\"index, follow, max-snippet:-1, max-image-preview:large, max-video-preview:-1\" \/>\n<link rel=\"canonical\" href=\"https:\/\/www.asajacyl.com\/palencia\/asaja-palencia-informa\/sale-a-informacion-publica-la-expropiacion-del-tramo-palencia-palencia-norte-del-ave-palencia-santander\" \/>\n<meta property=\"og:locale\" content=\"es_ES\" \/>\n<meta property=\"og:type\" content=\"article\" \/>\n<meta property=\"og:title\" content=\"Sale a Informaci\u00f3n P\u00fablica la expropiaci\u00f3n del tramo Palencia-Palencia Norte del AVE Palencia-Santander - ASAJA Palencia\" \/>\n<meta property=\"og:description\" content=\"Se ha publicado en el Bolet\u00edn Oficial del Estado la apertura de Informaci\u00f3n P\u00fablica de la Expropiaci\u00f3n Forzosa destinada a la construcci\u00f3n de la l\u00ednea\" \/>\n<meta property=\"og:url\" content=\"https:\/\/www.asajacyl.com\/palencia\/asaja-palencia-informa\/sale-a-informacion-publica-la-expropiacion-del-tramo-palencia-palencia-norte-del-ave-palencia-santander\" \/>\n<meta property=\"og:site_name\" content=\"ASAJA Palencia\" \/>\n<meta property=\"article:published_time\" content=\"2022-09-14T06:57:00+00:00\" \/>\n<meta property=\"og:image\" content=\"https:\/\/www.asajacyl.com\/palencia\/wp-content\/uploads\/sites\/3\/2022\/06\/EXPROPIACION.jpg\" \/>\n\t<meta property=\"og:image:width\" content=\"1600\" \/>\n\t<meta property=\"og:image:height\" content=\"1200\" \/>\n\t<meta property=\"og:image:type\" content=\"image\/jpeg\" \/>\n<meta name=\"author\" content=\"Administrador\" \/>\n<meta name=\"twitter:card\" content=\"summary_large_image\" \/>\n<meta name=\"twitter:label1\" content=\"Escrito por\" \/>\n\t<meta name=\"twitter:data1\" content=\"Administrador\" \/>\n\t<meta name=\"twitter:label2\" content=\"Tiempo de lectura\" \/>\n\t<meta name=\"twitter:data2\" content=\"2 minutos\" \/>\n<script type=\"application\/ld+json\" class=\"yoast-schema-graph\">{\"@context\":\"https:\/\/schema.org\",\"@graph\":[{\"@type\":\"WebPage\",\"@id\":\"https:\/\/www.asajacyl.com\/palencia\/asaja-palencia-informa\/sale-a-informacion-publica-la-expropiacion-del-tramo-palencia-palencia-norte-del-ave-palencia-santander\",\"url\":\"https:\/\/www.asajacyl.com\/palencia\/asaja-palencia-informa\/sale-a-informacion-publica-la-expropiacion-del-tramo-palencia-palencia-norte-del-ave-palencia-santander\",\"name\":\"Sale a Informaci\u00f3n P\u00fablica la expropiaci\u00f3n del tramo Palencia-Palencia Norte del AVE Palencia-Santander - ASAJA Palencia\",\"isPartOf\":{\"@id\":\"https:\/\/www.asajacyl.com\/palencia\/#website\"},\"primaryImageOfPage\":{\"@id\":\"https:\/\/www.asajacyl.com\/palencia\/asaja-palencia-informa\/sale-a-informacion-publica-la-expropiacion-del-tramo-palencia-palencia-norte-del-ave-palencia-santander#primaryimage\"},\"image\":{\"@id\":\"https:\/\/www.asajacyl.com\/palencia\/asaja-palencia-informa\/sale-a-informacion-publica-la-expropiacion-del-tramo-palencia-palencia-norte-del-ave-palencia-santander#primaryimage\"},\"thumbnailUrl\":\"https:\/\/www.asajacyl.com\/palencia\/wp-content\/uploads\/sites\/3\/2022\/06\/EXPROPIACION.jpg\",\"datePublished\":\"2022-09-14T06:57:00+00:00\",\"author\":{\"@id\":\"https:\/\/www.asajacyl.com\/palencia\/#\/schema\/person\/3ab17aeb03527485c317557fae64aab1\"},\"description\":\"Se ha publicado en el Bolet\u00edn Oficial del Estado la apertura de Informaci\u00f3n P\u00fablica de la Expropiaci\u00f3n Forzosa destinada a la construcci\u00f3n de la l\u00ednea\",\"breadcrumb\":{\"@id\":\"https:\/\/www.asajacyl.com\/palencia\/asaja-palencia-informa\/sale-a-informacion-publica-la-expropiacion-del-tramo-palencia-palencia-norte-del-ave-palencia-santander#breadcrumb\"},\"inLanguage\":\"es\",\"potentialAction\":[{\"@type\":\"ReadAction\",\"target\":[\"https:\/\/www.asajacyl.com\/palencia\/asaja-palencia-informa\/sale-a-informacion-publica-la-expropiacion-del-tramo-palencia-palencia-norte-del-ave-palencia-santander\"]}]},{\"@type\":\"ImageObject\",\"inLanguage\":\"es\",\"@id\":\"https:\/\/www.asajacyl.com\/palencia\/asaja-palencia-informa\/sale-a-informacion-publica-la-expropiacion-del-tramo-palencia-palencia-norte-del-ave-palencia-santander#primaryimage\",\"url\":\"https:\/\/www.asajacyl.com\/palencia\/wp-content\/uploads\/sites\/3\/2022\/06\/EXPROPIACION.jpg\",\"contentUrl\":\"https:\/\/www.asajacyl.com\/palencia\/wp-content\/uploads\/sites\/3\/2022\/06\/EXPROPIACION.jpg\",\"width\":1600,\"height\":1200},{\"@type\":\"BreadcrumbList\",\"@id\":\"https:\/\/www.asajacyl.com\/palencia\/asaja-palencia-informa\/sale-a-informacion-publica-la-expropiacion-del-tramo-palencia-palencia-norte-del-ave-palencia-santander#breadcrumb\",\"itemListElement\":[{\"@type\":\"ListItem\",\"position\":1,\"name\":\"Portada\",\"item\":\"https:\/\/www.asajacyl.com\/palencia\/\"},{\"@type\":\"ListItem\",\"position\":2,\"name\":\"Sale a Informaci\u00f3n P\u00fablica la expropiaci\u00f3n del tramo Palencia-Palencia Norte del AVE Palencia-Santander\"}]},{\"@type\":\"WebSite\",\"@id\":\"https:\/\/www.asajacyl.com\/palencia\/#website\",\"url\":\"https:\/\/www.asajacyl.com\/palencia\/\",\"name\":\"ASAJA Palencia\",\"description\":\"Otro sitio m\u00e1s de Provincias ASAJA Castilla y Le\u00f3n\",\"potentialAction\":[{\"@type\":\"SearchAction\",\"target\":{\"@type\":\"EntryPoint\",\"urlTemplate\":\"https:\/\/www.asajacyl.com\/palencia\/?s={search_term_string}\"},\"query-input\":{\"@type\":\"PropertyValueSpecification\",\"valueRequired\":true,\"valueName\":\"search_term_string\"}}],\"inLanguage\":\"es\"},{\"@type\":\"Person\",\"@id\":\"https:\/\/www.asajacyl.com\/palencia\/#\/schema\/person\/3ab17aeb03527485c317557fae64aab1\",\"name\":\"Administrador\",\"image\":{\"@type\":\"ImageObject\",\"inLanguage\":\"es\",\"@id\":\"https:\/\/www.asajacyl.com\/palencia\/#\/schema\/person\/image\/\",\"url\":\"https:\/\/secure.gravatar.com\/avatar\/517384810d242ca9e38c180f3c9fb973?s=96&d=mm&r=g\",\"contentUrl\":\"https:\/\/secure.gravatar.com\/avatar\/517384810d242ca9e38c180f3c9fb973?s=96&d=mm&r=g\",\"caption\":\"Administrador\"},\"url\":\"https:\/\/www.asajacyl.com\/palencia\/author\/carlosrm\"}]}<\/script>\n<!-- \/ Yoast SEO plugin. -->","yoast_head_json":{"title":"Sale a Informaci\u00f3n P\u00fablica la expropiaci\u00f3n del tramo Palencia-Palencia Norte del AVE Palencia-Santander - ASAJA Palencia","description":"Se ha publicado en el Bolet\u00edn Oficial del Estado la apertura de Informaci\u00f3n P\u00fablica de la Expropiaci\u00f3n Forzosa destinada a la construcci\u00f3n de la l\u00ednea","robots":{"index":"index","follow":"follow","max-snippet":"max-snippet:-1","max-image-preview":"max-image-preview:large","max-video-preview":"max-video-preview:-1"},"canonical":"https:\/\/www.asajacyl.com\/palencia\/asaja-palencia-informa\/sale-a-informacion-publica-la-expropiacion-del-tramo-palencia-palencia-norte-del-ave-palencia-santander","og_locale":"es_ES","og_type":"article","og_title":"Sale a Informaci\u00f3n P\u00fablica la expropiaci\u00f3n del tramo Palencia-Palencia Norte del AVE Palencia-Santander - ASAJA Palencia","og_description":"Se ha publicado en el Bolet\u00edn Oficial del Estado la apertura de Informaci\u00f3n P\u00fablica de la Expropiaci\u00f3n Forzosa destinada a la construcci\u00f3n de la l\u00ednea","og_url":"https:\/\/www.asajacyl.com\/palencia\/asaja-palencia-informa\/sale-a-informacion-publica-la-expropiacion-del-tramo-palencia-palencia-norte-del-ave-palencia-santander","og_site_name":"ASAJA Palencia","article_published_time":"2022-09-14T06:57:00+00:00","og_image":[{"width":1600,"height":1200,"url":"https:\/\/www.asajacyl.com\/palencia\/wp-content\/uploads\/sites\/3\/2022\/06\/EXPROPIACION.jpg","type":"image\/jpeg"}],"author":"Administrador","twitter_card":"summary_large_image","twitter_misc":{"Escrito por":"Administrador","Tiempo de lectura":"2 minutos"},"schema":{"@context":"https:\/\/schema.org","@graph":[{"@type":"WebPage","@id":"https:\/\/www.asajacyl.com\/palencia\/asaja-palencia-informa\/sale-a-informacion-publica-la-expropiacion-del-tramo-palencia-palencia-norte-del-ave-palencia-santander","url":"https:\/\/www.asajacyl.com\/palencia\/asaja-palencia-informa\/sale-a-informacion-publica-la-expropiacion-del-tramo-palencia-palencia-norte-del-ave-palencia-santander","name":"Sale a Informaci\u00f3n P\u00fablica la expropiaci\u00f3n del tramo Palencia-Palencia Norte del AVE Palencia-Santander - ASAJA Palencia","isPartOf":{"@id":"https:\/\/www.asajacyl.com\/palencia\/#website"},"primaryImageOfPage":{"@id":"https:\/\/www.asajacyl.com\/palencia\/asaja-palencia-informa\/sale-a-informacion-publica-la-expropiacion-del-tramo-palencia-palencia-norte-del-ave-palencia-santander#primaryimage"},"image":{"@id":"https:\/\/www.asajacyl.com\/palencia\/asaja-palencia-informa\/sale-a-informacion-publica-la-expropiacion-del-tramo-palencia-palencia-norte-del-ave-palencia-santander#primaryimage"},"thumbnailUrl":"https:\/\/www.asajacyl.com\/palencia\/wp-content\/uploads\/sites\/3\/2022\/06\/EXPROPIACION.jpg","datePublished":"2022-09-14T06:57:00+00:00","author":{"@id":"https:\/\/www.asajacyl.com\/palencia\/#\/schema\/person\/3ab17aeb03527485c317557fae64aab1"},"description":"Se ha publicado en el Bolet\u00edn Oficial del Estado la apertura de Informaci\u00f3n P\u00fablica de la Expropiaci\u00f3n Forzosa destinada a la construcci\u00f3n de la l\u00ednea","breadcrumb":{"@id":"https:\/\/www.asajacyl.com\/palencia\/asaja-palencia-informa\/sale-a-informacion-publica-la-expropiacion-del-tramo-palencia-palencia-norte-del-ave-palencia-santander#breadcrumb"},"inLanguage":"es","potentialAction":[{"@type":"ReadAction","target":["https:\/\/www.asajacyl.com\/palencia\/asaja-palencia-informa\/sale-a-informacion-publica-la-expropiacion-del-tramo-palencia-palencia-norte-del-ave-palencia-santander"]}]},{"@type":"ImageObject","inLanguage":"es","@id":"https:\/\/www.asajacyl.com\/palencia\/asaja-palencia-informa\/sale-a-informacion-publica-la-expropiacion-del-tramo-palencia-palencia-norte-del-ave-palencia-santander#primaryimage","url":"https:\/\/www.asajacyl.com\/palencia\/wp-content\/uploads\/sites\/3\/2022\/06\/EXPROPIACION.jpg","contentUrl":"https:\/\/www.asajacyl.com\/palencia\/wp-content\/uploads\/sites\/3\/2022\/06\/EXPROPIACION.jpg","width":1600,"height":1200},{"@type":"BreadcrumbList","@id":"https:\/\/www.asajacyl.com\/palencia\/asaja-palencia-informa\/sale-a-informacion-publica-la-expropiacion-del-tramo-palencia-palencia-norte-del-ave-palencia-santander#breadcrumb","itemListElement":[{"@type":"ListItem","position":1,"name":"Portada","item":"https:\/\/www.asajacyl.com\/palencia\/"},{"@type":"ListItem","position":2,"name":"Sale a Informaci\u00f3n P\u00fablica la expropiaci\u00f3n del tramo Palencia-Palencia Norte del AVE Palencia-Santander"}]},{"@type":"WebSite","@id":"https:\/\/www.asajacyl.com\/palencia\/#website","url":"https:\/\/www.asajacyl.com\/palencia\/","name":"ASAJA Palencia","description":"Otro sitio m\u00e1s de Provincias ASAJA Castilla y Le\u00f3n","potentialAction":[{"@type":"SearchAction","target":{"@type":"EntryPoint","urlTemplate":"https:\/\/www.asajacyl.com\/palencia\/?s={search_term_string}"},"query-input":{"@type":"PropertyValueSpecification","valueRequired":true,"valueName":"search_term_string"}}],"inLanguage":"es"},{"@type":"Person","@id":"https:\/\/www.asajacyl.com\/palencia\/#\/schema\/person\/3ab17aeb03527485c317557fae64aab1","name":"Administrador","image":{"@type":"ImageObject","inLanguage":"es","@id":"https:\/\/www.asajacyl.com\/palencia\/#\/schema\/person\/image\/","url":"https:\/\/secure.gravatar.com\/avatar\/517384810d242ca9e38c180f3c9fb973?s=96&d=mm&r=g","contentUrl":"https:\/\/secure.gravatar.com\/avatar\/517384810d242ca9e38c180f3c9fb973?s=96&d=mm&r=g","caption":"Administrador"},"url":"https:\/\/www.asajacyl.com\/palencia\/author\/carlosrm"}]}},"_links":{"self":[{"href":"https:\/\/www.asajacyl.com\/palencia\/wp-json\/wp\/v2\/posts\/11433"}],"collection":[{"href":"https:\/\/www.asajacyl.com\/palencia\/wp-json\/wp\/v2\/posts"}],"about":[{"href":"https:\/\/www.asajacyl.com\/palencia\/wp-json\/wp\/v2\/types\/post"}],"author":[{"embeddable":true,"href":"https:\/\/www.asajacyl.com\/palencia\/wp-json\/wp\/v2\/users\/9"}],"replies":[{"embeddable":true,"href":"https:\/\/www.asajacyl.com\/palencia\/wp-json\/wp\/v2\/comments?post=11433"}],"version-history":[{"count":1,"href":"https:\/\/www.asajacyl.com\/palencia\/wp-json\/wp\/v2\/posts\/11433\/revisions"}],"predecessor-version":[{"id":11436,"href":"https:\/\/www.asajacyl.com\/palencia\/wp-json\/wp\/v2\/posts\/11433\/revisions\/11436"}],"wp:featuredmedia":[{"embeddable":true,"href":"https:\/\/www.asajacyl.com\/palencia\/wp-json\/wp\/v2\/media\/10899"}],"wp:attachment":[{"href":"https:\/\/www.asajacyl.com\/palencia\/wp-json\/wp\/v2\/media?parent=11433"}],"wp:term":[{"taxonomy":"category","embeddable":true,"href":"https:\/\/www.asajacyl.com\/palencia\/wp-json\/wp\/v2\/categories?post=11433"},{"taxonomy":"post_tag","embeddable":true,"href":"https:\/\/www.asajacyl.com\/palencia\/wp-json\/wp\/v2\/tags?post=11433"}],"curies":[{"name":"wp","href":"https:\/\/api.w.org\/{rel}","templated":true}]}}