{"id":11453,"date":"2022-09-22T07:08:00","date_gmt":"2022-09-22T05:08:00","guid":{"rendered":"https:\/\/www.asajacyl.com\/palencia\/?p=11453"},"modified":"2022-09-21T08:02:42","modified_gmt":"2022-09-21T06:02:42","slug":"asaja-valora-las-medidas-de-alivio-fiscal-anunciadas-por-manueco-con-repercusiones-para-el-sector-agrario","status":"publish","type":"post","link":"https:\/\/www.asajacyl.com\/palencia\/asaja-palencia-informa\/asaja-valora-las-medidas-de-alivio-fiscal-anunciadas-por-manueco-con-repercusiones-para-el-sector-agrario","title":{"rendered":"ASAJA valora las medidas de alivio fiscal anunciadas por Ma\u00f1ueco, con repercusiones para el sector agrario"},"content":{"rendered":"\n<p>ASAJA ha valorado positivamente las reducciones impositivas anunciadas ayer por el presidente de Castilla y Le\u00f3n, Alfonso Fern\u00e1ndez Ma\u00f1ueco, varias de ellas con gran impacto en el mundo rural y en concreto en la actividad agroganadera. El proyecto de ley ayer aprobado por el Consejo de Gobierno de la Junta propone rebajas del tipo m\u00ednimo de IRPF y con deducciones por natalidad, emprendimiento rural y actividad agraria.<\/p>\n\n\n\n<p>Hay que destacar la bonificaci\u00f3n del 100% de la cuota para los arrendamientos de fincas r\u00fasticas, de forma que se equipare su tributaci\u00f3n a la de los arrendamientos de inmuebles urbanos. Para ASAJA, esta bonificaci\u00f3n es significativa, aunque no tiene mucha importancia cuantitativa porque la mayor\u00eda de los contratos son verbales y no constan por escrito. Esta circunstancia debe hacer reflexionar sobre la desprotecci\u00f3n que con frecuencia tienen los profesionales en este sentido, por lo que deber\u00eda fomentarse que los contratos de arrendamiento consten por escrito conforme a la Ley, lo que da seguridad a arrendador y arrendatario.<\/p>\n\n\n\n<p>Por otra parte, en el Impuesto sobre transmisiones patrimoniales onerosas y actos jur\u00eddicos documentados se establece un tipo reducido del 4% aplicable a la transmisi\u00f3n de explotaciones agrarias para aquellas personas que ejerzan la agricultura profesional. Esto supondr\u00e1 una mejora respecto al tipo general del 8 % o del incrementado del 10%.<\/p>\n\n\n\n<p>Por \u00faltimo, en el \u00e1mbito de las tasas de la Comunidad, se aprueba una bonificaci\u00f3n del 100% de las tasas en materia de transporte por carretera y por la prestaci\u00f3n de servicios veterinarios, desde la entrada en vigor de la ley y durante tres meses.<\/p>\n\n\n\n<p>ASAJA considera que, en estos momentos de m\u00e1xima incertidumbre para las explotaciones agrarias y ganaderas, \u201cson fundamentales estas medidas de alivio fiscal y cualquier otra que se tome en este sentido, como es esperable y hasta exigible, por parte del Gobierno de Espa\u00f1a\u201d.<\/p>\n","protected":false},"excerpt":{"rendered":"<p>ASAJA ha valorado positivamente las reducciones impositivas anunciadas ayer por el presidente de Castilla y Le\u00f3n, Alfonso Fern\u00e1ndez Ma\u00f1ueco, varias de ellas con gran impacto en el mundo rural y en concreto en la actividad agroganadera. El proyecto de ley ayer aprobado por el Consejo de Gobierno de la Junta propone rebajas del tipo m\u00ednimo [&hellip;]<\/p>\n","protected":false},"author":9,"featured_media":11437,"comment_status":"open","ping_status":"open","sticky":false,"template":"","format":"standard","meta":{"footnotes":""},"categories":[9,29,28],"tags":[],"yoast_head":"<!-- This site is optimized with the Yoast SEO plugin v24.5 - https:\/\/yoast.com\/wordpress\/plugins\/seo\/ -->\n<title>ASAJA valora las medidas de alivio fiscal anunciadas por Ma\u00f1ueco, con repercusiones para el sector agrario - ASAJA Palencia<\/title>\n<meta name=\"description\" content=\"ASAJA ha valorado positivamente las reducciones impositivas anunciadas ayer por el presidente de Castilla y Le\u00f3n, Alfonso Fern\u00e1ndez Ma\u00f1ueco, varias de\" \/>\n<meta name=\"robots\" content=\"index, follow, max-snippet:-1, max-image-preview:large, max-video-preview:-1\" \/>\n<link rel=\"canonical\" href=\"https:\/\/www.asajacyl.com\/palencia\/asaja-palencia-informa\/asaja-valora-las-medidas-de-alivio-fiscal-anunciadas-por-manueco-con-repercusiones-para-el-sector-agrario\" \/>\n<meta property=\"og:locale\" content=\"es_ES\" \/>\n<meta property=\"og:type\" content=\"article\" \/>\n<meta property=\"og:title\" content=\"ASAJA valora las medidas de alivio fiscal anunciadas por Ma\u00f1ueco, con repercusiones para el sector agrario - ASAJA Palencia\" \/>\n<meta property=\"og:description\" content=\"ASAJA ha valorado positivamente las reducciones impositivas anunciadas ayer por el presidente de Castilla y Le\u00f3n, Alfonso Fern\u00e1ndez Ma\u00f1ueco, varias de\" \/>\n<meta property=\"og:url\" content=\"https:\/\/www.asajacyl.com\/palencia\/asaja-palencia-informa\/asaja-valora-las-medidas-de-alivio-fiscal-anunciadas-por-manueco-con-repercusiones-para-el-sector-agrario\" \/>\n<meta property=\"og:site_name\" content=\"ASAJA Palencia\" \/>\n<meta property=\"article:published_time\" content=\"2022-09-22T05:08:00+00:00\" \/>\n<meta property=\"og:image\" content=\"https:\/\/www.asajacyl.com\/palencia\/wp-content\/uploads\/sites\/3\/2022\/09\/GIRASOL-2.jpg\" \/>\n\t<meta property=\"og:image:width\" content=\"1125\" \/>\n\t<meta property=\"og:image:height\" content=\"2500\" \/>\n\t<meta property=\"og:image:type\" content=\"image\/jpeg\" \/>\n<meta name=\"author\" content=\"Administrador\" \/>\n<meta name=\"twitter:card\" content=\"summary_large_image\" \/>\n<meta name=\"twitter:label1\" content=\"Escrito por\" \/>\n\t<meta name=\"twitter:data1\" content=\"Administrador\" \/>\n\t<meta name=\"twitter:label2\" content=\"Tiempo de lectura\" \/>\n\t<meta name=\"twitter:data2\" content=\"2 minutos\" \/>\n<script type=\"application\/ld+json\" class=\"yoast-schema-graph\">{\"@context\":\"https:\/\/schema.org\",\"@graph\":[{\"@type\":\"WebPage\",\"@id\":\"https:\/\/www.asajacyl.com\/palencia\/asaja-palencia-informa\/asaja-valora-las-medidas-de-alivio-fiscal-anunciadas-por-manueco-con-repercusiones-para-el-sector-agrario\",\"url\":\"https:\/\/www.asajacyl.com\/palencia\/asaja-palencia-informa\/asaja-valora-las-medidas-de-alivio-fiscal-anunciadas-por-manueco-con-repercusiones-para-el-sector-agrario\",\"name\":\"ASAJA valora las medidas de alivio fiscal anunciadas por Ma\u00f1ueco, con repercusiones para el sector agrario - ASAJA Palencia\",\"isPartOf\":{\"@id\":\"https:\/\/www.asajacyl.com\/palencia\/#website\"},\"primaryImageOfPage\":{\"@id\":\"https:\/\/www.asajacyl.com\/palencia\/asaja-palencia-informa\/asaja-valora-las-medidas-de-alivio-fiscal-anunciadas-por-manueco-con-repercusiones-para-el-sector-agrario#primaryimage\"},\"image\":{\"@id\":\"https:\/\/www.asajacyl.com\/palencia\/asaja-palencia-informa\/asaja-valora-las-medidas-de-alivio-fiscal-anunciadas-por-manueco-con-repercusiones-para-el-sector-agrario#primaryimage\"},\"thumbnailUrl\":\"https:\/\/www.asajacyl.com\/palencia\/wp-content\/uploads\/sites\/3\/2022\/09\/GIRASOL-2.jpg\",\"datePublished\":\"2022-09-22T05:08:00+00:00\",\"author\":{\"@id\":\"https:\/\/www.asajacyl.com\/palencia\/#\/schema\/person\/3ab17aeb03527485c317557fae64aab1\"},\"description\":\"ASAJA ha valorado positivamente las reducciones impositivas anunciadas ayer por el presidente de Castilla y Le\u00f3n, Alfonso Fern\u00e1ndez Ma\u00f1ueco, varias de\",\"breadcrumb\":{\"@id\":\"https:\/\/www.asajacyl.com\/palencia\/asaja-palencia-informa\/asaja-valora-las-medidas-de-alivio-fiscal-anunciadas-por-manueco-con-repercusiones-para-el-sector-agrario#breadcrumb\"},\"inLanguage\":\"es\",\"potentialAction\":[{\"@type\":\"ReadAction\",\"target\":[\"https:\/\/www.asajacyl.com\/palencia\/asaja-palencia-informa\/asaja-valora-las-medidas-de-alivio-fiscal-anunciadas-por-manueco-con-repercusiones-para-el-sector-agrario\"]}]},{\"@type\":\"ImageObject\",\"inLanguage\":\"es\",\"@id\":\"https:\/\/www.asajacyl.com\/palencia\/asaja-palencia-informa\/asaja-valora-las-medidas-de-alivio-fiscal-anunciadas-por-manueco-con-repercusiones-para-el-sector-agrario#primaryimage\",\"url\":\"https:\/\/www.asajacyl.com\/palencia\/wp-content\/uploads\/sites\/3\/2022\/09\/GIRASOL-2.jpg\",\"contentUrl\":\"https:\/\/www.asajacyl.com\/palencia\/wp-content\/uploads\/sites\/3\/2022\/09\/GIRASOL-2.jpg\",\"width\":1125,\"height\":2500},{\"@type\":\"BreadcrumbList\",\"@id\":\"https:\/\/www.asajacyl.com\/palencia\/asaja-palencia-informa\/asaja-valora-las-medidas-de-alivio-fiscal-anunciadas-por-manueco-con-repercusiones-para-el-sector-agrario#breadcrumb\",\"itemListElement\":[{\"@type\":\"ListItem\",\"position\":1,\"name\":\"Portada\",\"item\":\"https:\/\/www.asajacyl.com\/palencia\/\"},{\"@type\":\"ListItem\",\"position\":2,\"name\":\"ASAJA valora las medidas de alivio fiscal anunciadas por Ma\u00f1ueco, con repercusiones para el sector agrario\"}]},{\"@type\":\"WebSite\",\"@id\":\"https:\/\/www.asajacyl.com\/palencia\/#website\",\"url\":\"https:\/\/www.asajacyl.com\/palencia\/\",\"name\":\"ASAJA Palencia\",\"description\":\"Otro sitio m\u00e1s de Provincias ASAJA Castilla y Le\u00f3n\",\"potentialAction\":[{\"@type\":\"SearchAction\",\"target\":{\"@type\":\"EntryPoint\",\"urlTemplate\":\"https:\/\/www.asajacyl.com\/palencia\/?s={search_term_string}\"},\"query-input\":{\"@type\":\"PropertyValueSpecification\",\"valueRequired\":true,\"valueName\":\"search_term_string\"}}],\"inLanguage\":\"es\"},{\"@type\":\"Person\",\"@id\":\"https:\/\/www.asajacyl.com\/palencia\/#\/schema\/person\/3ab17aeb03527485c317557fae64aab1\",\"name\":\"Administrador\",\"image\":{\"@type\":\"ImageObject\",\"inLanguage\":\"es\",\"@id\":\"https:\/\/www.asajacyl.com\/palencia\/#\/schema\/person\/image\/\",\"url\":\"https:\/\/secure.gravatar.com\/avatar\/517384810d242ca9e38c180f3c9fb973?s=96&d=mm&r=g\",\"contentUrl\":\"https:\/\/secure.gravatar.com\/avatar\/517384810d242ca9e38c180f3c9fb973?s=96&d=mm&r=g\",\"caption\":\"Administrador\"},\"url\":\"https:\/\/www.asajacyl.com\/palencia\/author\/carlosrm\"}]}<\/script>\n<!-- \/ Yoast SEO plugin. -->","yoast_head_json":{"title":"ASAJA valora las medidas de alivio fiscal anunciadas por Ma\u00f1ueco, con repercusiones para el sector agrario - ASAJA Palencia","description":"ASAJA ha valorado positivamente las reducciones impositivas anunciadas ayer por el presidente de Castilla y Le\u00f3n, Alfonso Fern\u00e1ndez Ma\u00f1ueco, varias de","robots":{"index":"index","follow":"follow","max-snippet":"max-snippet:-1","max-image-preview":"max-image-preview:large","max-video-preview":"max-video-preview:-1"},"canonical":"https:\/\/www.asajacyl.com\/palencia\/asaja-palencia-informa\/asaja-valora-las-medidas-de-alivio-fiscal-anunciadas-por-manueco-con-repercusiones-para-el-sector-agrario","og_locale":"es_ES","og_type":"article","og_title":"ASAJA valora las medidas de alivio fiscal anunciadas por Ma\u00f1ueco, con repercusiones para el sector agrario - ASAJA Palencia","og_description":"ASAJA ha valorado positivamente las reducciones impositivas anunciadas ayer por el presidente de Castilla y Le\u00f3n, Alfonso Fern\u00e1ndez Ma\u00f1ueco, varias de","og_url":"https:\/\/www.asajacyl.com\/palencia\/asaja-palencia-informa\/asaja-valora-las-medidas-de-alivio-fiscal-anunciadas-por-manueco-con-repercusiones-para-el-sector-agrario","og_site_name":"ASAJA Palencia","article_published_time":"2022-09-22T05:08:00+00:00","og_image":[{"width":1125,"height":2500,"url":"https:\/\/www.asajacyl.com\/palencia\/wp-content\/uploads\/sites\/3\/2022\/09\/GIRASOL-2.jpg","type":"image\/jpeg"}],"author":"Administrador","twitter_card":"summary_large_image","twitter_misc":{"Escrito por":"Administrador","Tiempo de lectura":"2 minutos"},"schema":{"@context":"https:\/\/schema.org","@graph":[{"@type":"WebPage","@id":"https:\/\/www.asajacyl.com\/palencia\/asaja-palencia-informa\/asaja-valora-las-medidas-de-alivio-fiscal-anunciadas-por-manueco-con-repercusiones-para-el-sector-agrario","url":"https:\/\/www.asajacyl.com\/palencia\/asaja-palencia-informa\/asaja-valora-las-medidas-de-alivio-fiscal-anunciadas-por-manueco-con-repercusiones-para-el-sector-agrario","name":"ASAJA valora las medidas de alivio fiscal anunciadas por Ma\u00f1ueco, con repercusiones para el sector agrario - ASAJA Palencia","isPartOf":{"@id":"https:\/\/www.asajacyl.com\/palencia\/#website"},"primaryImageOfPage":{"@id":"https:\/\/www.asajacyl.com\/palencia\/asaja-palencia-informa\/asaja-valora-las-medidas-de-alivio-fiscal-anunciadas-por-manueco-con-repercusiones-para-el-sector-agrario#primaryimage"},"image":{"@id":"https:\/\/www.asajacyl.com\/palencia\/asaja-palencia-informa\/asaja-valora-las-medidas-de-alivio-fiscal-anunciadas-por-manueco-con-repercusiones-para-el-sector-agrario#primaryimage"},"thumbnailUrl":"https:\/\/www.asajacyl.com\/palencia\/wp-content\/uploads\/sites\/3\/2022\/09\/GIRASOL-2.jpg","datePublished":"2022-09-22T05:08:00+00:00","author":{"@id":"https:\/\/www.asajacyl.com\/palencia\/#\/schema\/person\/3ab17aeb03527485c317557fae64aab1"},"description":"ASAJA ha valorado positivamente las reducciones impositivas anunciadas ayer por el presidente de Castilla y Le\u00f3n, Alfonso Fern\u00e1ndez Ma\u00f1ueco, varias de","breadcrumb":{"@id":"https:\/\/www.asajacyl.com\/palencia\/asaja-palencia-informa\/asaja-valora-las-medidas-de-alivio-fiscal-anunciadas-por-manueco-con-repercusiones-para-el-sector-agrario#breadcrumb"},"inLanguage":"es","potentialAction":[{"@type":"ReadAction","target":["https:\/\/www.asajacyl.com\/palencia\/asaja-palencia-informa\/asaja-valora-las-medidas-de-alivio-fiscal-anunciadas-por-manueco-con-repercusiones-para-el-sector-agrario"]}]},{"@type":"ImageObject","inLanguage":"es","@id":"https:\/\/www.asajacyl.com\/palencia\/asaja-palencia-informa\/asaja-valora-las-medidas-de-alivio-fiscal-anunciadas-por-manueco-con-repercusiones-para-el-sector-agrario#primaryimage","url":"https:\/\/www.asajacyl.com\/palencia\/wp-content\/uploads\/sites\/3\/2022\/09\/GIRASOL-2.jpg","contentUrl":"https:\/\/www.asajacyl.com\/palencia\/wp-content\/uploads\/sites\/3\/2022\/09\/GIRASOL-2.jpg","width":1125,"height":2500},{"@type":"BreadcrumbList","@id":"https:\/\/www.asajacyl.com\/palencia\/asaja-palencia-informa\/asaja-valora-las-medidas-de-alivio-fiscal-anunciadas-por-manueco-con-repercusiones-para-el-sector-agrario#breadcrumb","itemListElement":[{"@type":"ListItem","position":1,"name":"Portada","item":"https:\/\/www.asajacyl.com\/palencia\/"},{"@type":"ListItem","position":2,"name":"ASAJA valora las medidas de alivio fiscal anunciadas por Ma\u00f1ueco, con repercusiones para el sector agrario"}]},{"@type":"WebSite","@id":"https:\/\/www.asajacyl.com\/palencia\/#website","url":"https:\/\/www.asajacyl.com\/palencia\/","name":"ASAJA Palencia","description":"Otro sitio m\u00e1s de Provincias ASAJA Castilla y Le\u00f3n","potentialAction":[{"@type":"SearchAction","target":{"@type":"EntryPoint","urlTemplate":"https:\/\/www.asajacyl.com\/palencia\/?s={search_term_string}"},"query-input":{"@type":"PropertyValueSpecification","valueRequired":true,"valueName":"search_term_string"}}],"inLanguage":"es"},{"@type":"Person","@id":"https:\/\/www.asajacyl.com\/palencia\/#\/schema\/person\/3ab17aeb03527485c317557fae64aab1","name":"Administrador","image":{"@type":"ImageObject","inLanguage":"es","@id":"https:\/\/www.asajacyl.com\/palencia\/#\/schema\/person\/image\/","url":"https:\/\/secure.gravatar.com\/avatar\/517384810d242ca9e38c180f3c9fb973?s=96&d=mm&r=g","contentUrl":"https:\/\/secure.gravatar.com\/avatar\/517384810d242ca9e38c180f3c9fb973?s=96&d=mm&r=g","caption":"Administrador"},"url":"https:\/\/www.asajacyl.com\/palencia\/author\/carlosrm"}]}},"_links":{"self":[{"href":"https:\/\/www.asajacyl.com\/palencia\/wp-json\/wp\/v2\/posts\/11453"}],"collection":[{"href":"https:\/\/www.asajacyl.com\/palencia\/wp-json\/wp\/v2\/posts"}],"about":[{"href":"https:\/\/www.asajacyl.com\/palencia\/wp-json\/wp\/v2\/types\/post"}],"author":[{"embeddable":true,"href":"https:\/\/www.asajacyl.com\/palencia\/wp-json\/wp\/v2\/users\/9"}],"replies":[{"embeddable":true,"href":"https:\/\/www.asajacyl.com\/palencia\/wp-json\/wp\/v2\/comments?post=11453"}],"version-history":[{"count":1,"href":"https:\/\/www.asajacyl.com\/palencia\/wp-json\/wp\/v2\/posts\/11453\/revisions"}],"predecessor-version":[{"id":11454,"href":"https:\/\/www.asajacyl.com\/palencia\/wp-json\/wp\/v2\/posts\/11453\/revisions\/11454"}],"wp:featuredmedia":[{"embeddable":true,"href":"https:\/\/www.asajacyl.com\/palencia\/wp-json\/wp\/v2\/media\/11437"}],"wp:attachment":[{"href":"https:\/\/www.asajacyl.com\/palencia\/wp-json\/wp\/v2\/media?parent=11453"}],"wp:term":[{"taxonomy":"category","embeddable":true,"href":"https:\/\/www.asajacyl.com\/palencia\/wp-json\/wp\/v2\/categories?post=11453"},{"taxonomy":"post_tag","embeddable":true,"href":"https:\/\/www.asajacyl.com\/palencia\/wp-json\/wp\/v2\/tags?post=11453"}],"curies":[{"name":"wp","href":"https:\/\/api.w.org\/{rel}","templated":true}]}}