{"id":11459,"date":"2022-09-20T12:34:07","date_gmt":"2022-09-20T10:34:07","guid":{"rendered":"https:\/\/www.asajacyl.com\/palencia\/?p=11459"},"modified":"2022-09-20T12:34:08","modified_gmt":"2022-09-20T10:34:08","slug":"las-organizaciones-agrarias-palentinas-demandan-ayudas-de-choque-para-paliar-los-altisimos-costes-de-produccion","status":"publish","type":"post","link":"https:\/\/www.asajacyl.com\/palencia\/asaja-palencia-informa\/las-organizaciones-agrarias-palentinas-demandan-ayudas-de-choque-para-paliar-los-altisimos-costes-de-produccion","title":{"rendered":"Las organizaciones agrarias palentinas demandan ayudas de choque para paliar los alt\u00edsimos costes de producci\u00f3n"},"content":{"rendered":"\n<p>El viernes d\u00eda 23 a las 11:30 de la ma\u00f1ana tendr\u00e1 lugar una manifestaci\u00f3n regional en Valladolid, con el lema \u00abSi el campo no produce, la ciudad no podr\u00e1 comer\u00bb, convocada al un\u00edsono por las organizaciones agrarias ASAJA, COAG y UPA. Esta manifestaci\u00f3n se enmarca en la subida de costes de producci\u00f3n que est\u00e1n acorralando al sector agrario, haciendo que las ganader\u00edas est\u00e9n al l\u00edmite y que la sementera sea incierta dado lo elevado de su coste, con una producciones que dependen del clima y unos precios no garantizados cuando se recojan los frutos del trabajo de los agricultores durante el a\u00f1o.<\/p>\n\n\n\n<p>En una rueda de prensa celebrada esta ma\u00f1ana los dirigentes provinciales de ASAJA, COAG y UPA han detallado los pormenores de la manifestaci\u00f3n, la cual comenzar\u00e1 su recorrido en la Delegaci\u00f3n del Gobierno para a continuaci\u00f3n trasladarse a las puertas de la Consejer\u00eda de Agricultura, Ganader\u00eda y Desarrollo Rural, dado que ambas instituciones tienen en su poder mejorar la situaci\u00f3n del campo de Castilla y Le\u00f3n.<\/p>\n\n\n\n<p>Las organizaciones agrarias palentinas fletar\u00e1n varios autobuses para trasladar a los interesados aunque se espera que, dada la cercan\u00eda de Valladolid, la mayor\u00eda de traslados se realice en autom\u00f3viles particulares. Las paradas de los autobuses ser\u00e1n:<\/p>\n\n\n\n<ul><li>L\u00ednea 1: Cervera de Pisuerga, Aguilar de Campoo, Herrera de Pisuerga, Osorno<\/li><li>L\u00ednea 2: Salda\u00f1a, Carri\u00f3n, Villoldo<\/li><li>L\u00ednea 3: Palencia, Due\u00f1as<\/li><\/ul>\n\n\n\n<p>Jos\u00e9 Luis Marcos, presidente de ASAJA-Palencia, ha destacado la \u00abalta incertidumbre en la sementera ya que muchos costes se han incluso triplicado respecto a a\u00f1os anteriores\u00bb y nos encontramos con \u00abunos costes por hect\u00e1rea superiores a 1.000 euros, lo que hace la sementera muy arriesgada\u00bb. Adem\u00e1s reclam\u00f3 \u00abla aplicaci\u00f3n real de la ley de la cadena alimentaria\u00bb e incidi\u00f3 en que se deber\u00eda contar con \u00abmedidas de choque, principalmente rebajas fiscales y ayudas directas\u00bb.<\/p>\n\n\n\n<div class=\"wp-block-image\"><figure class=\"aligncenter size-full\"><img loading=\"lazy\" decoding=\"async\" width=\"724\" height=\"1024\" src=\"https:\/\/www.asajacyl.com\/palencia\/wp-content\/uploads\/sites\/3\/2022\/09\/MANIFESTACION.jpg\" alt=\"\" class=\"wp-image-11423\" srcset=\"https:\/\/www.asajacyl.com\/palencia\/wp-content\/uploads\/sites\/3\/2022\/09\/MANIFESTACION.jpg 724w, https:\/\/www.asajacyl.com\/palencia\/wp-content\/uploads\/sites\/3\/2022\/09\/MANIFESTACION-212x300.jpg 212w, https:\/\/www.asajacyl.com\/palencia\/wp-content\/uploads\/sites\/3\/2022\/09\/MANIFESTACION-696x984.jpg 696w, https:\/\/www.asajacyl.com\/palencia\/wp-content\/uploads\/sites\/3\/2022\/09\/MANIFESTACION-297x420.jpg 297w\" sizes=\"(max-width: 724px) 100vw, 724px\" \/><\/figure><\/div>\n\n\n\n<div class=\"wp-block-image\"><figure class=\"aligncenter size-large\"><img loading=\"lazy\" decoding=\"async\" width=\"724\" height=\"1024\" src=\"https:\/\/www.asajacyl.com\/palencia\/wp-content\/uploads\/sites\/3\/2022\/09\/MANIFESTACION-VALLADOLID-724x1024.jpg\" alt=\"\" class=\"wp-image-11460\" srcset=\"https:\/\/www.asajacyl.com\/palencia\/wp-content\/uploads\/sites\/3\/2022\/09\/MANIFESTACION-VALLADOLID-724x1024.jpg 724w, https:\/\/www.asajacyl.com\/palencia\/wp-content\/uploads\/sites\/3\/2022\/09\/MANIFESTACION-VALLADOLID-212x300.jpg 212w, https:\/\/www.asajacyl.com\/palencia\/wp-content\/uploads\/sites\/3\/2022\/09\/MANIFESTACION-VALLADOLID-768x1086.jpg 768w, https:\/\/www.asajacyl.com\/palencia\/wp-content\/uploads\/sites\/3\/2022\/09\/MANIFESTACION-VALLADOLID-1086x1536.jpg 1086w, https:\/\/www.asajacyl.com\/palencia\/wp-content\/uploads\/sites\/3\/2022\/09\/MANIFESTACION-VALLADOLID-696x985.jpg 696w, https:\/\/www.asajacyl.com\/palencia\/wp-content\/uploads\/sites\/3\/2022\/09\/MANIFESTACION-VALLADOLID-1068x1511.jpg 1068w, https:\/\/www.asajacyl.com\/palencia\/wp-content\/uploads\/sites\/3\/2022\/09\/MANIFESTACION-VALLADOLID-297x420.jpg 297w, https:\/\/www.asajacyl.com\/palencia\/wp-content\/uploads\/sites\/3\/2022\/09\/MANIFESTACION-VALLADOLID.jpg 1131w\" sizes=\"(max-width: 724px) 100vw, 724px\" \/><\/figure><\/div>\n","protected":false},"excerpt":{"rendered":"<p>El viernes d\u00eda 23 a las 11:30 de la ma\u00f1ana tendr\u00e1 lugar una manifestaci\u00f3n regional en Valladolid, con el lema \u00abSi el campo no produce, la ciudad no podr\u00e1 comer\u00bb, convocada al un\u00edsono por las organizaciones agrarias ASAJA, COAG y UPA. Esta manifestaci\u00f3n se enmarca en la subida de costes de producci\u00f3n que est\u00e1n acorralando [&hellip;]<\/p>\n","protected":false},"author":9,"featured_media":11461,"comment_status":"open","ping_status":"open","sticky":false,"template":"","format":"standard","meta":{"footnotes":""},"categories":[9,29,28],"tags":[],"yoast_head":"<!-- This site is optimized with the Yoast SEO plugin v24.5 - https:\/\/yoast.com\/wordpress\/plugins\/seo\/ -->\n<title>Las organizaciones agrarias palentinas demandan ayudas de choque para paliar los alt\u00edsimos costes de producci\u00f3n - ASAJA Palencia<\/title>\n<meta name=\"description\" content=\"El viernes d\u00eda 23 a las 11:30 de la ma\u00f1ana tendr\u00e1 lugar una manifestaci\u00f3n regional en Valladolid, con el lema &quot;Si el campo no produce, la ciudad no podr\u00e1\" \/>\n<meta name=\"robots\" content=\"index, follow, max-snippet:-1, max-image-preview:large, max-video-preview:-1\" \/>\n<link rel=\"canonical\" href=\"https:\/\/www.asajacyl.com\/palencia\/asaja-palencia-informa\/las-organizaciones-agrarias-palentinas-demandan-ayudas-de-choque-para-paliar-los-altisimos-costes-de-produccion\" \/>\n<meta property=\"og:locale\" content=\"es_ES\" \/>\n<meta property=\"og:type\" content=\"article\" \/>\n<meta property=\"og:title\" content=\"Las organizaciones agrarias palentinas demandan ayudas de choque para paliar los alt\u00edsimos costes de producci\u00f3n - ASAJA Palencia\" \/>\n<meta property=\"og:description\" content=\"El viernes d\u00eda 23 a las 11:30 de la ma\u00f1ana tendr\u00e1 lugar una manifestaci\u00f3n regional en Valladolid, con el lema &quot;Si el campo no produce, la ciudad no podr\u00e1\" \/>\n<meta property=\"og:url\" content=\"https:\/\/www.asajacyl.com\/palencia\/asaja-palencia-informa\/las-organizaciones-agrarias-palentinas-demandan-ayudas-de-choque-para-paliar-los-altisimos-costes-de-produccion\" \/>\n<meta property=\"og:site_name\" content=\"ASAJA Palencia\" \/>\n<meta property=\"article:published_time\" content=\"2022-09-20T10:34:07+00:00\" \/>\n<meta property=\"article:modified_time\" content=\"2022-09-20T10:34:08+00:00\" \/>\n<meta property=\"og:image\" content=\"https:\/\/www.asajacyl.com\/palencia\/wp-content\/uploads\/sites\/3\/2022\/09\/RUEDA-DE-PRENSA-2022.jpg\" \/>\n\t<meta property=\"og:image:width\" content=\"2500\" \/>\n\t<meta property=\"og:image:height\" content=\"1875\" \/>\n\t<meta property=\"og:image:type\" content=\"image\/jpeg\" \/>\n<meta name=\"author\" content=\"Administrador\" \/>\n<meta name=\"twitter:card\" content=\"summary_large_image\" \/>\n<meta name=\"twitter:label1\" content=\"Escrito por\" \/>\n\t<meta name=\"twitter:data1\" content=\"Administrador\" \/>\n\t<meta name=\"twitter:label2\" content=\"Tiempo de lectura\" \/>\n\t<meta name=\"twitter:data2\" content=\"2 minutos\" \/>\n<script type=\"application\/ld+json\" class=\"yoast-schema-graph\">{\"@context\":\"https:\/\/schema.org\",\"@graph\":[{\"@type\":\"WebPage\",\"@id\":\"https:\/\/www.asajacyl.com\/palencia\/asaja-palencia-informa\/las-organizaciones-agrarias-palentinas-demandan-ayudas-de-choque-para-paliar-los-altisimos-costes-de-produccion\",\"url\":\"https:\/\/www.asajacyl.com\/palencia\/asaja-palencia-informa\/las-organizaciones-agrarias-palentinas-demandan-ayudas-de-choque-para-paliar-los-altisimos-costes-de-produccion\",\"name\":\"Las organizaciones agrarias palentinas demandan ayudas de choque para paliar los alt\u00edsimos costes de producci\u00f3n - ASAJA Palencia\",\"isPartOf\":{\"@id\":\"https:\/\/www.asajacyl.com\/palencia\/#website\"},\"primaryImageOfPage\":{\"@id\":\"https:\/\/www.asajacyl.com\/palencia\/asaja-palencia-informa\/las-organizaciones-agrarias-palentinas-demandan-ayudas-de-choque-para-paliar-los-altisimos-costes-de-produccion#primaryimage\"},\"image\":{\"@id\":\"https:\/\/www.asajacyl.com\/palencia\/asaja-palencia-informa\/las-organizaciones-agrarias-palentinas-demandan-ayudas-de-choque-para-paliar-los-altisimos-costes-de-produccion#primaryimage\"},\"thumbnailUrl\":\"https:\/\/www.asajacyl.com\/palencia\/wp-content\/uploads\/sites\/3\/2022\/09\/RUEDA-DE-PRENSA-2022.jpg\",\"datePublished\":\"2022-09-20T10:34:07+00:00\",\"dateModified\":\"2022-09-20T10:34:08+00:00\",\"author\":{\"@id\":\"https:\/\/www.asajacyl.com\/palencia\/#\/schema\/person\/3ab17aeb03527485c317557fae64aab1\"},\"description\":\"El viernes d\u00eda 23 a las 11:30 de la ma\u00f1ana tendr\u00e1 lugar una manifestaci\u00f3n regional en Valladolid, con el lema \\\"Si el campo no produce, la ciudad no podr\u00e1\",\"breadcrumb\":{\"@id\":\"https:\/\/www.asajacyl.com\/palencia\/asaja-palencia-informa\/las-organizaciones-agrarias-palentinas-demandan-ayudas-de-choque-para-paliar-los-altisimos-costes-de-produccion#breadcrumb\"},\"inLanguage\":\"es\",\"potentialAction\":[{\"@type\":\"ReadAction\",\"target\":[\"https:\/\/www.asajacyl.com\/palencia\/asaja-palencia-informa\/las-organizaciones-agrarias-palentinas-demandan-ayudas-de-choque-para-paliar-los-altisimos-costes-de-produccion\"]}]},{\"@type\":\"ImageObject\",\"inLanguage\":\"es\",\"@id\":\"https:\/\/www.asajacyl.com\/palencia\/asaja-palencia-informa\/las-organizaciones-agrarias-palentinas-demandan-ayudas-de-choque-para-paliar-los-altisimos-costes-de-produccion#primaryimage\",\"url\":\"https:\/\/www.asajacyl.com\/palencia\/wp-content\/uploads\/sites\/3\/2022\/09\/RUEDA-DE-PRENSA-2022.jpg\",\"contentUrl\":\"https:\/\/www.asajacyl.com\/palencia\/wp-content\/uploads\/sites\/3\/2022\/09\/RUEDA-DE-PRENSA-2022.jpg\",\"width\":2500,\"height\":1875},{\"@type\":\"BreadcrumbList\",\"@id\":\"https:\/\/www.asajacyl.com\/palencia\/asaja-palencia-informa\/las-organizaciones-agrarias-palentinas-demandan-ayudas-de-choque-para-paliar-los-altisimos-costes-de-produccion#breadcrumb\",\"itemListElement\":[{\"@type\":\"ListItem\",\"position\":1,\"name\":\"Portada\",\"item\":\"https:\/\/www.asajacyl.com\/palencia\/\"},{\"@type\":\"ListItem\",\"position\":2,\"name\":\"Las organizaciones agrarias palentinas demandan ayudas de choque para paliar los alt\u00edsimos costes de producci\u00f3n\"}]},{\"@type\":\"WebSite\",\"@id\":\"https:\/\/www.asajacyl.com\/palencia\/#website\",\"url\":\"https:\/\/www.asajacyl.com\/palencia\/\",\"name\":\"ASAJA Palencia\",\"description\":\"Otro sitio m\u00e1s de Provincias ASAJA Castilla y Le\u00f3n\",\"potentialAction\":[{\"@type\":\"SearchAction\",\"target\":{\"@type\":\"EntryPoint\",\"urlTemplate\":\"https:\/\/www.asajacyl.com\/palencia\/?s={search_term_string}\"},\"query-input\":{\"@type\":\"PropertyValueSpecification\",\"valueRequired\":true,\"valueName\":\"search_term_string\"}}],\"inLanguage\":\"es\"},{\"@type\":\"Person\",\"@id\":\"https:\/\/www.asajacyl.com\/palencia\/#\/schema\/person\/3ab17aeb03527485c317557fae64aab1\",\"name\":\"Administrador\",\"image\":{\"@type\":\"ImageObject\",\"inLanguage\":\"es\",\"@id\":\"https:\/\/www.asajacyl.com\/palencia\/#\/schema\/person\/image\/\",\"url\":\"https:\/\/secure.gravatar.com\/avatar\/517384810d242ca9e38c180f3c9fb973?s=96&d=mm&r=g\",\"contentUrl\":\"https:\/\/secure.gravatar.com\/avatar\/517384810d242ca9e38c180f3c9fb973?s=96&d=mm&r=g\",\"caption\":\"Administrador\"},\"url\":\"https:\/\/www.asajacyl.com\/palencia\/author\/carlosrm\"}]}<\/script>\n<!-- \/ Yoast SEO plugin. -->","yoast_head_json":{"title":"Las organizaciones agrarias palentinas demandan ayudas de choque para paliar los alt\u00edsimos costes de producci\u00f3n - ASAJA Palencia","description":"El viernes d\u00eda 23 a las 11:30 de la ma\u00f1ana tendr\u00e1 lugar una manifestaci\u00f3n regional en Valladolid, con el lema \"Si el campo no produce, la ciudad no podr\u00e1","robots":{"index":"index","follow":"follow","max-snippet":"max-snippet:-1","max-image-preview":"max-image-preview:large","max-video-preview":"max-video-preview:-1"},"canonical":"https:\/\/www.asajacyl.com\/palencia\/asaja-palencia-informa\/las-organizaciones-agrarias-palentinas-demandan-ayudas-de-choque-para-paliar-los-altisimos-costes-de-produccion","og_locale":"es_ES","og_type":"article","og_title":"Las organizaciones agrarias palentinas demandan ayudas de choque para paliar los alt\u00edsimos costes de producci\u00f3n - ASAJA Palencia","og_description":"El viernes d\u00eda 23 a las 11:30 de la ma\u00f1ana tendr\u00e1 lugar una manifestaci\u00f3n regional en Valladolid, con el lema \"Si el campo no produce, la ciudad no podr\u00e1","og_url":"https:\/\/www.asajacyl.com\/palencia\/asaja-palencia-informa\/las-organizaciones-agrarias-palentinas-demandan-ayudas-de-choque-para-paliar-los-altisimos-costes-de-produccion","og_site_name":"ASAJA Palencia","article_published_time":"2022-09-20T10:34:07+00:00","article_modified_time":"2022-09-20T10:34:08+00:00","og_image":[{"width":2500,"height":1875,"url":"https:\/\/www.asajacyl.com\/palencia\/wp-content\/uploads\/sites\/3\/2022\/09\/RUEDA-DE-PRENSA-2022.jpg","type":"image\/jpeg"}],"author":"Administrador","twitter_card":"summary_large_image","twitter_misc":{"Escrito por":"Administrador","Tiempo de lectura":"2 minutos"},"schema":{"@context":"https:\/\/schema.org","@graph":[{"@type":"WebPage","@id":"https:\/\/www.asajacyl.com\/palencia\/asaja-palencia-informa\/las-organizaciones-agrarias-palentinas-demandan-ayudas-de-choque-para-paliar-los-altisimos-costes-de-produccion","url":"https:\/\/www.asajacyl.com\/palencia\/asaja-palencia-informa\/las-organizaciones-agrarias-palentinas-demandan-ayudas-de-choque-para-paliar-los-altisimos-costes-de-produccion","name":"Las organizaciones agrarias palentinas demandan ayudas de choque para paliar los alt\u00edsimos costes de producci\u00f3n - ASAJA Palencia","isPartOf":{"@id":"https:\/\/www.asajacyl.com\/palencia\/#website"},"primaryImageOfPage":{"@id":"https:\/\/www.asajacyl.com\/palencia\/asaja-palencia-informa\/las-organizaciones-agrarias-palentinas-demandan-ayudas-de-choque-para-paliar-los-altisimos-costes-de-produccion#primaryimage"},"image":{"@id":"https:\/\/www.asajacyl.com\/palencia\/asaja-palencia-informa\/las-organizaciones-agrarias-palentinas-demandan-ayudas-de-choque-para-paliar-los-altisimos-costes-de-produccion#primaryimage"},"thumbnailUrl":"https:\/\/www.asajacyl.com\/palencia\/wp-content\/uploads\/sites\/3\/2022\/09\/RUEDA-DE-PRENSA-2022.jpg","datePublished":"2022-09-20T10:34:07+00:00","dateModified":"2022-09-20T10:34:08+00:00","author":{"@id":"https:\/\/www.asajacyl.com\/palencia\/#\/schema\/person\/3ab17aeb03527485c317557fae64aab1"},"description":"El viernes d\u00eda 23 a las 11:30 de la ma\u00f1ana tendr\u00e1 lugar una manifestaci\u00f3n regional en Valladolid, con el lema \"Si el campo no produce, la ciudad no podr\u00e1","breadcrumb":{"@id":"https:\/\/www.asajacyl.com\/palencia\/asaja-palencia-informa\/las-organizaciones-agrarias-palentinas-demandan-ayudas-de-choque-para-paliar-los-altisimos-costes-de-produccion#breadcrumb"},"inLanguage":"es","potentialAction":[{"@type":"ReadAction","target":["https:\/\/www.asajacyl.com\/palencia\/asaja-palencia-informa\/las-organizaciones-agrarias-palentinas-demandan-ayudas-de-choque-para-paliar-los-altisimos-costes-de-produccion"]}]},{"@type":"ImageObject","inLanguage":"es","@id":"https:\/\/www.asajacyl.com\/palencia\/asaja-palencia-informa\/las-organizaciones-agrarias-palentinas-demandan-ayudas-de-choque-para-paliar-los-altisimos-costes-de-produccion#primaryimage","url":"https:\/\/www.asajacyl.com\/palencia\/wp-content\/uploads\/sites\/3\/2022\/09\/RUEDA-DE-PRENSA-2022.jpg","contentUrl":"https:\/\/www.asajacyl.com\/palencia\/wp-content\/uploads\/sites\/3\/2022\/09\/RUEDA-DE-PRENSA-2022.jpg","width":2500,"height":1875},{"@type":"BreadcrumbList","@id":"https:\/\/www.asajacyl.com\/palencia\/asaja-palencia-informa\/las-organizaciones-agrarias-palentinas-demandan-ayudas-de-choque-para-paliar-los-altisimos-costes-de-produccion#breadcrumb","itemListElement":[{"@type":"ListItem","position":1,"name":"Portada","item":"https:\/\/www.asajacyl.com\/palencia\/"},{"@type":"ListItem","position":2,"name":"Las organizaciones agrarias palentinas demandan ayudas de choque para paliar los alt\u00edsimos costes de producci\u00f3n"}]},{"@type":"WebSite","@id":"https:\/\/www.asajacyl.com\/palencia\/#website","url":"https:\/\/www.asajacyl.com\/palencia\/","name":"ASAJA Palencia","description":"Otro sitio m\u00e1s de Provincias ASAJA Castilla y Le\u00f3n","potentialAction":[{"@type":"SearchAction","target":{"@type":"EntryPoint","urlTemplate":"https:\/\/www.asajacyl.com\/palencia\/?s={search_term_string}"},"query-input":{"@type":"PropertyValueSpecification","valueRequired":true,"valueName":"search_term_string"}}],"inLanguage":"es"},{"@type":"Person","@id":"https:\/\/www.asajacyl.com\/palencia\/#\/schema\/person\/3ab17aeb03527485c317557fae64aab1","name":"Administrador","image":{"@type":"ImageObject","inLanguage":"es","@id":"https:\/\/www.asajacyl.com\/palencia\/#\/schema\/person\/image\/","url":"https:\/\/secure.gravatar.com\/avatar\/517384810d242ca9e38c180f3c9fb973?s=96&d=mm&r=g","contentUrl":"https:\/\/secure.gravatar.com\/avatar\/517384810d242ca9e38c180f3c9fb973?s=96&d=mm&r=g","caption":"Administrador"},"url":"https:\/\/www.asajacyl.com\/palencia\/author\/carlosrm"}]}},"_links":{"self":[{"href":"https:\/\/www.asajacyl.com\/palencia\/wp-json\/wp\/v2\/posts\/11459"}],"collection":[{"href":"https:\/\/www.asajacyl.com\/palencia\/wp-json\/wp\/v2\/posts"}],"about":[{"href":"https:\/\/www.asajacyl.com\/palencia\/wp-json\/wp\/v2\/types\/post"}],"author":[{"embeddable":true,"href":"https:\/\/www.asajacyl.com\/palencia\/wp-json\/wp\/v2\/users\/9"}],"replies":[{"embeddable":true,"href":"https:\/\/www.asajacyl.com\/palencia\/wp-json\/wp\/v2\/comments?post=11459"}],"version-history":[{"count":1,"href":"https:\/\/www.asajacyl.com\/palencia\/wp-json\/wp\/v2\/posts\/11459\/revisions"}],"predecessor-version":[{"id":11462,"href":"https:\/\/www.asajacyl.com\/palencia\/wp-json\/wp\/v2\/posts\/11459\/revisions\/11462"}],"wp:featuredmedia":[{"embeddable":true,"href":"https:\/\/www.asajacyl.com\/palencia\/wp-json\/wp\/v2\/media\/11461"}],"wp:attachment":[{"href":"https:\/\/www.asajacyl.com\/palencia\/wp-json\/wp\/v2\/media?parent=11459"}],"wp:term":[{"taxonomy":"category","embeddable":true,"href":"https:\/\/www.asajacyl.com\/palencia\/wp-json\/wp\/v2\/categories?post=11459"},{"taxonomy":"post_tag","embeddable":true,"href":"https:\/\/www.asajacyl.com\/palencia\/wp-json\/wp\/v2\/tags?post=11459"}],"curies":[{"name":"wp","href":"https:\/\/api.w.org\/{rel}","templated":true}]}}