{"id":11463,"date":"2022-09-22T07:45:00","date_gmt":"2022-09-22T05:45:00","guid":{"rendered":"https:\/\/www.asajacyl.com\/palencia\/?p=11463"},"modified":"2022-09-21T08:02:27","modified_gmt":"2022-09-21T06:02:27","slug":"los-granjeros-de-pollo-se-unen-en-su-grito-de-auxilio-estamos-pagando-la-factura-de-la-inflacion","status":"publish","type":"post","link":"https:\/\/www.asajacyl.com\/palencia\/asaja-palencia-informa\/los-granjeros-de-pollo-se-unen-en-su-grito-de-auxilio-estamos-pagando-la-factura-de-la-inflacion","title":{"rendered":"Los granjeros de pollo se unen en su grito de auxilio: \u201cEstamos pagando la factura de la inflaci\u00f3n\u201d"},"content":{"rendered":"\n<p>Los granjeros de pollo atraviesan desde hace varios meses una situaci\u00f3n l\u00edmite: los costes que asumen se han disparado por la brutal inflaci\u00f3n que afecta a sus diferentes partidas. Sin embargo, el precio que perciben de las integradoras apenas ha variado. Los consumidores, por su parte, est\u00e1n pagando cada d\u00eda un precio m\u00e1s alto por la carne de pollo, que adem\u00e1s es la fuente de prote\u00ednas m\u00e1s consumida de Espa\u00f1a.<\/p>\n\n\n\n<p>Las organizaciones profesionales agrarias, ASAJA, COAG y UPA, se han dirigido a la patronal Avianza, que aglutina a las industrias integradoras, a las asociaciones de la gran distribuci\u00f3n, y al Ministerio de Agricultura para exigir un cambio de actitud inmediato que asegure la supervivencia de los granjeros de pollo espa\u00f1oles.<\/p>\n\n\n\n<p>Las organizaciones describen la situaci\u00f3n como \u201cdram\u00e1tica\u201d, como consecuencia del aumento de los costes de producci\u00f3n, tanto en el caso de la energ\u00eda, los combustibles, y todas las materias primas y materiales que son necesarios para continuar con el proceso de producci\u00f3n.<\/p>\n\n\n\n<p>\u201cSin duda, son las granjas de producci\u00f3n las que est\u00e1n pagando la factura de esta crisis, junto con los consumidores, porque el precio de venta al consumidor se ha visto incrementado sin que se haya producido un reparto de este aumento a lo largo de la cadena de valor\u201d, se\u00f1alan.<\/p>\n\n\n\n<p>Las organizaciones afirman que sigue creciendo el n\u00famero de titulares de granjas de producci\u00f3n de carne de pollo y pavo que anuncia su intenci\u00f3n de cerrar las naves, \u201cya que lo \u00fanico que est\u00e1n haciendo es acumular p\u00e9rdidas y contraer deudas con sus proveedores. Es por ello que en los pr\u00f3ximos meses existe un enorme riesgo de desabastecimiento de carne de pollo y de pavo en Espa\u00f1a\u201d.<\/p>\n\n\n\n<p>Por todo ello ASAJA, COAG y UPA urgen a las empresas integradoras agrupadas en Avianza que realicen una revisi\u00f3n inmediata de sus contratos de integraci\u00f3n, y a la vista del enorme aumento de los costes de producci\u00f3n, eleven los precios remunerados por los ganaderos, en cumplimiento de la Ley de Cadena alimentaria.<\/p>\n\n\n\n<p>Tambi\u00e9n piden una reuni\u00f3n al m\u00e1s alto nivel, con la participaci\u00f3n de representantes de empresas integradoras y de empresas de la distribuci\u00f3n y OPAs, donde el Ministerio de Agricultura pueda entender la \u201cdelicada situaci\u00f3n en la que se encuentra el sector\u201d y act\u00fae en consecuencia. Las OPAs env\u00edan tambi\u00e9n un mensaje a las Comunidades Aut\u00f3nomas, para que agilicen el pago de las ayudas directas por los efectos de la guerra de Ucrania, para dotar de cierta liquidez a las explotaciones av\u00edcolas ante la crisis que atraviesan.<\/p>\n","protected":false},"excerpt":{"rendered":"<p>Los granjeros de pollo atraviesan desde hace varios meses una situaci\u00f3n l\u00edmite: los costes que asumen se han disparado por la brutal inflaci\u00f3n que afecta a sus diferentes partidas. Sin embargo, el precio que perciben de las integradoras apenas ha variado. Los consumidores, por su parte, est\u00e1n pagando cada d\u00eda un precio m\u00e1s alto por [&hellip;]<\/p>\n","protected":false},"author":9,"featured_media":11464,"comment_status":"open","ping_status":"open","sticky":false,"template":"","format":"standard","meta":{"footnotes":""},"categories":[9,29,28],"tags":[],"yoast_head":"<!-- This site is optimized with the Yoast SEO plugin v24.5 - https:\/\/yoast.com\/wordpress\/plugins\/seo\/ -->\n<title>Los granjeros de pollo se unen en su grito de auxilio: \u201cEstamos pagando la factura de la inflaci\u00f3n\u201d - ASAJA Palencia<\/title>\n<meta name=\"description\" content=\"Los granjeros de pollo atraviesan desde hace varios meses una situaci\u00f3n l\u00edmite: los costes que asumen se han disparado por la brutal inflaci\u00f3n que afecta\" \/>\n<meta name=\"robots\" content=\"index, follow, max-snippet:-1, max-image-preview:large, max-video-preview:-1\" \/>\n<link rel=\"canonical\" href=\"https:\/\/www.asajacyl.com\/palencia\/asaja-palencia-informa\/los-granjeros-de-pollo-se-unen-en-su-grito-de-auxilio-estamos-pagando-la-factura-de-la-inflacion\" \/>\n<meta property=\"og:locale\" content=\"es_ES\" \/>\n<meta property=\"og:type\" content=\"article\" \/>\n<meta property=\"og:title\" content=\"Los granjeros de pollo se unen en su grito de auxilio: \u201cEstamos pagando la factura de la inflaci\u00f3n\u201d - ASAJA Palencia\" \/>\n<meta property=\"og:description\" content=\"Los granjeros de pollo atraviesan desde hace varios meses una situaci\u00f3n l\u00edmite: los costes que asumen se han disparado por la brutal inflaci\u00f3n que afecta\" \/>\n<meta property=\"og:url\" content=\"https:\/\/www.asajacyl.com\/palencia\/asaja-palencia-informa\/los-granjeros-de-pollo-se-unen-en-su-grito-de-auxilio-estamos-pagando-la-factura-de-la-inflacion\" \/>\n<meta property=\"og:site_name\" content=\"ASAJA Palencia\" \/>\n<meta property=\"article:published_time\" content=\"2022-09-22T05:45:00+00:00\" \/>\n<meta property=\"og:image\" content=\"https:\/\/www.asajacyl.com\/palencia\/wp-content\/uploads\/sites\/3\/2022\/09\/pollos-1024x612-1.jpg\" \/>\n\t<meta property=\"og:image:width\" content=\"1024\" \/>\n\t<meta property=\"og:image:height\" content=\"612\" \/>\n\t<meta property=\"og:image:type\" content=\"image\/jpeg\" \/>\n<meta name=\"author\" content=\"Administrador\" \/>\n<meta name=\"twitter:card\" content=\"summary_large_image\" \/>\n<meta name=\"twitter:label1\" content=\"Escrito por\" \/>\n\t<meta name=\"twitter:data1\" content=\"Administrador\" \/>\n\t<meta name=\"twitter:label2\" content=\"Tiempo de lectura\" \/>\n\t<meta name=\"twitter:data2\" content=\"2 minutos\" \/>\n<script type=\"application\/ld+json\" class=\"yoast-schema-graph\">{\"@context\":\"https:\/\/schema.org\",\"@graph\":[{\"@type\":\"WebPage\",\"@id\":\"https:\/\/www.asajacyl.com\/palencia\/asaja-palencia-informa\/los-granjeros-de-pollo-se-unen-en-su-grito-de-auxilio-estamos-pagando-la-factura-de-la-inflacion\",\"url\":\"https:\/\/www.asajacyl.com\/palencia\/asaja-palencia-informa\/los-granjeros-de-pollo-se-unen-en-su-grito-de-auxilio-estamos-pagando-la-factura-de-la-inflacion\",\"name\":\"Los granjeros de pollo se unen en su grito de auxilio: \u201cEstamos pagando la factura de la inflaci\u00f3n\u201d - ASAJA Palencia\",\"isPartOf\":{\"@id\":\"https:\/\/www.asajacyl.com\/palencia\/#website\"},\"primaryImageOfPage\":{\"@id\":\"https:\/\/www.asajacyl.com\/palencia\/asaja-palencia-informa\/los-granjeros-de-pollo-se-unen-en-su-grito-de-auxilio-estamos-pagando-la-factura-de-la-inflacion#primaryimage\"},\"image\":{\"@id\":\"https:\/\/www.asajacyl.com\/palencia\/asaja-palencia-informa\/los-granjeros-de-pollo-se-unen-en-su-grito-de-auxilio-estamos-pagando-la-factura-de-la-inflacion#primaryimage\"},\"thumbnailUrl\":\"https:\/\/www.asajacyl.com\/palencia\/wp-content\/uploads\/sites\/3\/2022\/09\/pollos-1024x612-1.jpg\",\"datePublished\":\"2022-09-22T05:45:00+00:00\",\"author\":{\"@id\":\"https:\/\/www.asajacyl.com\/palencia\/#\/schema\/person\/3ab17aeb03527485c317557fae64aab1\"},\"description\":\"Los granjeros de pollo atraviesan desde hace varios meses una situaci\u00f3n l\u00edmite: los costes que asumen se han disparado por la brutal inflaci\u00f3n que afecta\",\"breadcrumb\":{\"@id\":\"https:\/\/www.asajacyl.com\/palencia\/asaja-palencia-informa\/los-granjeros-de-pollo-se-unen-en-su-grito-de-auxilio-estamos-pagando-la-factura-de-la-inflacion#breadcrumb\"},\"inLanguage\":\"es\",\"potentialAction\":[{\"@type\":\"ReadAction\",\"target\":[\"https:\/\/www.asajacyl.com\/palencia\/asaja-palencia-informa\/los-granjeros-de-pollo-se-unen-en-su-grito-de-auxilio-estamos-pagando-la-factura-de-la-inflacion\"]}]},{\"@type\":\"ImageObject\",\"inLanguage\":\"es\",\"@id\":\"https:\/\/www.asajacyl.com\/palencia\/asaja-palencia-informa\/los-granjeros-de-pollo-se-unen-en-su-grito-de-auxilio-estamos-pagando-la-factura-de-la-inflacion#primaryimage\",\"url\":\"https:\/\/www.asajacyl.com\/palencia\/wp-content\/uploads\/sites\/3\/2022\/09\/pollos-1024x612-1.jpg\",\"contentUrl\":\"https:\/\/www.asajacyl.com\/palencia\/wp-content\/uploads\/sites\/3\/2022\/09\/pollos-1024x612-1.jpg\",\"width\":1024,\"height\":612},{\"@type\":\"BreadcrumbList\",\"@id\":\"https:\/\/www.asajacyl.com\/palencia\/asaja-palencia-informa\/los-granjeros-de-pollo-se-unen-en-su-grito-de-auxilio-estamos-pagando-la-factura-de-la-inflacion#breadcrumb\",\"itemListElement\":[{\"@type\":\"ListItem\",\"position\":1,\"name\":\"Portada\",\"item\":\"https:\/\/www.asajacyl.com\/palencia\/\"},{\"@type\":\"ListItem\",\"position\":2,\"name\":\"Los granjeros de pollo se unen en su grito de auxilio: \u201cEstamos pagando la factura de la inflaci\u00f3n\u201d\"}]},{\"@type\":\"WebSite\",\"@id\":\"https:\/\/www.asajacyl.com\/palencia\/#website\",\"url\":\"https:\/\/www.asajacyl.com\/palencia\/\",\"name\":\"ASAJA Palencia\",\"description\":\"Otro sitio m\u00e1s de Provincias ASAJA Castilla y Le\u00f3n\",\"potentialAction\":[{\"@type\":\"SearchAction\",\"target\":{\"@type\":\"EntryPoint\",\"urlTemplate\":\"https:\/\/www.asajacyl.com\/palencia\/?s={search_term_string}\"},\"query-input\":{\"@type\":\"PropertyValueSpecification\",\"valueRequired\":true,\"valueName\":\"search_term_string\"}}],\"inLanguage\":\"es\"},{\"@type\":\"Person\",\"@id\":\"https:\/\/www.asajacyl.com\/palencia\/#\/schema\/person\/3ab17aeb03527485c317557fae64aab1\",\"name\":\"Administrador\",\"image\":{\"@type\":\"ImageObject\",\"inLanguage\":\"es\",\"@id\":\"https:\/\/www.asajacyl.com\/palencia\/#\/schema\/person\/image\/\",\"url\":\"https:\/\/secure.gravatar.com\/avatar\/517384810d242ca9e38c180f3c9fb973?s=96&d=mm&r=g\",\"contentUrl\":\"https:\/\/secure.gravatar.com\/avatar\/517384810d242ca9e38c180f3c9fb973?s=96&d=mm&r=g\",\"caption\":\"Administrador\"},\"url\":\"https:\/\/www.asajacyl.com\/palencia\/author\/carlosrm\"}]}<\/script>\n<!-- \/ Yoast SEO plugin. -->","yoast_head_json":{"title":"Los granjeros de pollo se unen en su grito de auxilio: \u201cEstamos pagando la factura de la inflaci\u00f3n\u201d - ASAJA Palencia","description":"Los granjeros de pollo atraviesan desde hace varios meses una situaci\u00f3n l\u00edmite: los costes que asumen se han disparado por la brutal inflaci\u00f3n que afecta","robots":{"index":"index","follow":"follow","max-snippet":"max-snippet:-1","max-image-preview":"max-image-preview:large","max-video-preview":"max-video-preview:-1"},"canonical":"https:\/\/www.asajacyl.com\/palencia\/asaja-palencia-informa\/los-granjeros-de-pollo-se-unen-en-su-grito-de-auxilio-estamos-pagando-la-factura-de-la-inflacion","og_locale":"es_ES","og_type":"article","og_title":"Los granjeros de pollo se unen en su grito de auxilio: \u201cEstamos pagando la factura de la inflaci\u00f3n\u201d - ASAJA Palencia","og_description":"Los granjeros de pollo atraviesan desde hace varios meses una situaci\u00f3n l\u00edmite: los costes que asumen se han disparado por la brutal inflaci\u00f3n que afecta","og_url":"https:\/\/www.asajacyl.com\/palencia\/asaja-palencia-informa\/los-granjeros-de-pollo-se-unen-en-su-grito-de-auxilio-estamos-pagando-la-factura-de-la-inflacion","og_site_name":"ASAJA Palencia","article_published_time":"2022-09-22T05:45:00+00:00","og_image":[{"width":1024,"height":612,"url":"https:\/\/www.asajacyl.com\/palencia\/wp-content\/uploads\/sites\/3\/2022\/09\/pollos-1024x612-1.jpg","type":"image\/jpeg"}],"author":"Administrador","twitter_card":"summary_large_image","twitter_misc":{"Escrito por":"Administrador","Tiempo de lectura":"2 minutos"},"schema":{"@context":"https:\/\/schema.org","@graph":[{"@type":"WebPage","@id":"https:\/\/www.asajacyl.com\/palencia\/asaja-palencia-informa\/los-granjeros-de-pollo-se-unen-en-su-grito-de-auxilio-estamos-pagando-la-factura-de-la-inflacion","url":"https:\/\/www.asajacyl.com\/palencia\/asaja-palencia-informa\/los-granjeros-de-pollo-se-unen-en-su-grito-de-auxilio-estamos-pagando-la-factura-de-la-inflacion","name":"Los granjeros de pollo se unen en su grito de auxilio: \u201cEstamos pagando la factura de la inflaci\u00f3n\u201d - ASAJA Palencia","isPartOf":{"@id":"https:\/\/www.asajacyl.com\/palencia\/#website"},"primaryImageOfPage":{"@id":"https:\/\/www.asajacyl.com\/palencia\/asaja-palencia-informa\/los-granjeros-de-pollo-se-unen-en-su-grito-de-auxilio-estamos-pagando-la-factura-de-la-inflacion#primaryimage"},"image":{"@id":"https:\/\/www.asajacyl.com\/palencia\/asaja-palencia-informa\/los-granjeros-de-pollo-se-unen-en-su-grito-de-auxilio-estamos-pagando-la-factura-de-la-inflacion#primaryimage"},"thumbnailUrl":"https:\/\/www.asajacyl.com\/palencia\/wp-content\/uploads\/sites\/3\/2022\/09\/pollos-1024x612-1.jpg","datePublished":"2022-09-22T05:45:00+00:00","author":{"@id":"https:\/\/www.asajacyl.com\/palencia\/#\/schema\/person\/3ab17aeb03527485c317557fae64aab1"},"description":"Los granjeros de pollo atraviesan desde hace varios meses una situaci\u00f3n l\u00edmite: los costes que asumen se han disparado por la brutal inflaci\u00f3n que afecta","breadcrumb":{"@id":"https:\/\/www.asajacyl.com\/palencia\/asaja-palencia-informa\/los-granjeros-de-pollo-se-unen-en-su-grito-de-auxilio-estamos-pagando-la-factura-de-la-inflacion#breadcrumb"},"inLanguage":"es","potentialAction":[{"@type":"ReadAction","target":["https:\/\/www.asajacyl.com\/palencia\/asaja-palencia-informa\/los-granjeros-de-pollo-se-unen-en-su-grito-de-auxilio-estamos-pagando-la-factura-de-la-inflacion"]}]},{"@type":"ImageObject","inLanguage":"es","@id":"https:\/\/www.asajacyl.com\/palencia\/asaja-palencia-informa\/los-granjeros-de-pollo-se-unen-en-su-grito-de-auxilio-estamos-pagando-la-factura-de-la-inflacion#primaryimage","url":"https:\/\/www.asajacyl.com\/palencia\/wp-content\/uploads\/sites\/3\/2022\/09\/pollos-1024x612-1.jpg","contentUrl":"https:\/\/www.asajacyl.com\/palencia\/wp-content\/uploads\/sites\/3\/2022\/09\/pollos-1024x612-1.jpg","width":1024,"height":612},{"@type":"BreadcrumbList","@id":"https:\/\/www.asajacyl.com\/palencia\/asaja-palencia-informa\/los-granjeros-de-pollo-se-unen-en-su-grito-de-auxilio-estamos-pagando-la-factura-de-la-inflacion#breadcrumb","itemListElement":[{"@type":"ListItem","position":1,"name":"Portada","item":"https:\/\/www.asajacyl.com\/palencia\/"},{"@type":"ListItem","position":2,"name":"Los granjeros de pollo se unen en su grito de auxilio: \u201cEstamos pagando la factura de la inflaci\u00f3n\u201d"}]},{"@type":"WebSite","@id":"https:\/\/www.asajacyl.com\/palencia\/#website","url":"https:\/\/www.asajacyl.com\/palencia\/","name":"ASAJA Palencia","description":"Otro sitio m\u00e1s de Provincias ASAJA Castilla y Le\u00f3n","potentialAction":[{"@type":"SearchAction","target":{"@type":"EntryPoint","urlTemplate":"https:\/\/www.asajacyl.com\/palencia\/?s={search_term_string}"},"query-input":{"@type":"PropertyValueSpecification","valueRequired":true,"valueName":"search_term_string"}}],"inLanguage":"es"},{"@type":"Person","@id":"https:\/\/www.asajacyl.com\/palencia\/#\/schema\/person\/3ab17aeb03527485c317557fae64aab1","name":"Administrador","image":{"@type":"ImageObject","inLanguage":"es","@id":"https:\/\/www.asajacyl.com\/palencia\/#\/schema\/person\/image\/","url":"https:\/\/secure.gravatar.com\/avatar\/517384810d242ca9e38c180f3c9fb973?s=96&d=mm&r=g","contentUrl":"https:\/\/secure.gravatar.com\/avatar\/517384810d242ca9e38c180f3c9fb973?s=96&d=mm&r=g","caption":"Administrador"},"url":"https:\/\/www.asajacyl.com\/palencia\/author\/carlosrm"}]}},"_links":{"self":[{"href":"https:\/\/www.asajacyl.com\/palencia\/wp-json\/wp\/v2\/posts\/11463"}],"collection":[{"href":"https:\/\/www.asajacyl.com\/palencia\/wp-json\/wp\/v2\/posts"}],"about":[{"href":"https:\/\/www.asajacyl.com\/palencia\/wp-json\/wp\/v2\/types\/post"}],"author":[{"embeddable":true,"href":"https:\/\/www.asajacyl.com\/palencia\/wp-json\/wp\/v2\/users\/9"}],"replies":[{"embeddable":true,"href":"https:\/\/www.asajacyl.com\/palencia\/wp-json\/wp\/v2\/comments?post=11463"}],"version-history":[{"count":1,"href":"https:\/\/www.asajacyl.com\/palencia\/wp-json\/wp\/v2\/posts\/11463\/revisions"}],"predecessor-version":[{"id":11465,"href":"https:\/\/www.asajacyl.com\/palencia\/wp-json\/wp\/v2\/posts\/11463\/revisions\/11465"}],"wp:featuredmedia":[{"embeddable":true,"href":"https:\/\/www.asajacyl.com\/palencia\/wp-json\/wp\/v2\/media\/11464"}],"wp:attachment":[{"href":"https:\/\/www.asajacyl.com\/palencia\/wp-json\/wp\/v2\/media?parent=11463"}],"wp:term":[{"taxonomy":"category","embeddable":true,"href":"https:\/\/www.asajacyl.com\/palencia\/wp-json\/wp\/v2\/categories?post=11463"},{"taxonomy":"post_tag","embeddable":true,"href":"https:\/\/www.asajacyl.com\/palencia\/wp-json\/wp\/v2\/tags?post=11463"}],"curies":[{"name":"wp","href":"https:\/\/api.w.org\/{rel}","templated":true}]}}