{"id":11487,"date":"2022-09-26T08:53:23","date_gmt":"2022-09-26T06:53:23","guid":{"rendered":"https:\/\/www.asajacyl.com\/palencia\/?p=11487"},"modified":"2022-10-04T07:39:56","modified_gmt":"2022-10-04T05:39:56","slug":"amplia-participacion-palentina-en-la-manifestacion-regional-celebrada-en-valladolid","status":"publish","type":"post","link":"https:\/\/www.asajacyl.com\/palencia\/asaja-palencia-informa\/amplia-participacion-palentina-en-la-manifestacion-regional-celebrada-en-valladolid","title":{"rendered":"Amplia participaci\u00f3n palentina en la manifestaci\u00f3n regional celebrada en Valladolid"},"content":{"rendered":"\n<p>El viernes d\u00eda 23 de septiembre los agricultores y ganaderos de Castilla y Le\u00f3n fueron convocados por ASAJA, COAG y UPA para reivindicar medidas de choque que puedan mitigar los alt\u00edsimos costes de producci\u00f3n que se van a sufrir en la campa\u00f1a agr\u00edcola que se est\u00e1 iniciando.<\/p>\n\n\n\n<p>Los costes de los insumos han llegado al punto de ser inasumibles por el sector. Con una sementera que se va a ir a m\u00e1s de 1.000 euros por hect\u00e1rea muchas explotaciones no tienen capital circulante para afrontarla y, a\u00fan teni\u00e9ndolo, las producciones dependen del clima y los precios de los productos que se obtengan no se conocen, lo que hace que la apuesta de la siembra sea m\u00e1s arriesgada que nunca. En el \u00e1mbito ganadero la situaci\u00f3n no mejora, con unos alt\u00edsimos costes de producci\u00f3n que no pueden pagar los ganaderos a\u00fan cuando se les est\u00e1 pagando un mayor precio por la leche que hace un a\u00f1o.<\/p>\n\n\n\n<p>En un entorno m\u00e1s negativo que nunca m\u00e1s de un millar de agricultores y ganaderos, donde destacaba la presencia de gente proveniente de nuestra provincia, recorrieron diversas calles principales de la ciudad de Valladolid bajo el lema \u00abSi el campo no puede producir, la ciudad no podr\u00e1 comer\u00bb. Se inici\u00f3 la marcha en la Delegaci\u00f3n del Gobierno y se finaliz\u00f3 en la Consejer\u00eda de Agricultura, Ganader\u00eda y Desarrollo Rural, donde los representantes agrarios trasladaron sus mensajes a los presentes.<\/p>\n\n\n\n<p>Donaciano Dujo, presidente de ASAJA, augur\u00f3 \u00abun mal a\u00f1o en producci\u00f3n\u00bb, lo que redundar\u00e1 en una \u00abcarencia de productos como carne y leche\u00bb. \u00abSi la ciudad no come es cuando realmente hay un problema, mientras el problema lo tenga el campo los pol\u00edticos se r\u00eden de nosotros\u00bb y \u00abtodos ellos son responsables de la situaci\u00f3n del campo\u00bb, afirm\u00f3.<\/p>\n\n\n\n<p>Las palabras del presidente regional de ASAJA recuerdan un hecho que ha calado en la sociedad y es que la pandemia record\u00f3 a todos que hay abastecimiento de alimentos porque hay gente que los produce y esa producci\u00f3n se est\u00e1 viendo comprometida por los costes de su obtenci\u00f3n y por una normativa ambientalista creada por pol\u00edticos que siguen pensando que el pan y la leche salen de los supermercados.<\/p>\n","protected":false},"excerpt":{"rendered":"<p>El viernes d\u00eda 23 de septiembre los agricultores y ganaderos de Castilla y Le\u00f3n fueron convocados por ASAJA, COAG y UPA para reivindicar medidas de choque que puedan mitigar los alt\u00edsimos costes de producci\u00f3n que se van a sufrir en la campa\u00f1a agr\u00edcola que se est\u00e1 iniciando. Los costes de los insumos han llegado al [&hellip;]<\/p>\n","protected":false},"author":9,"featured_media":11489,"comment_status":"open","ping_status":"open","sticky":false,"template":"","format":"standard","meta":{"footnotes":""},"categories":[9,29,28],"tags":[],"yoast_head":"<!-- This site is optimized with the Yoast SEO plugin v24.5 - https:\/\/yoast.com\/wordpress\/plugins\/seo\/ -->\n<title>Amplia participaci\u00f3n palentina en la manifestaci\u00f3n regional celebrada en Valladolid - ASAJA Palencia<\/title>\n<meta name=\"description\" content=\"El viernes d\u00eda 23 de septiembre los agricultores y ganaderos de Castilla y Le\u00f3n fueron convocados por ASAJA, COAG y UPA para reivindicar medidas de choque\" \/>\n<meta name=\"robots\" content=\"index, follow, max-snippet:-1, max-image-preview:large, max-video-preview:-1\" \/>\n<link rel=\"canonical\" href=\"https:\/\/www.asajacyl.com\/palencia\/asaja-palencia-informa\/amplia-participacion-palentina-en-la-manifestacion-regional-celebrada-en-valladolid\" \/>\n<meta property=\"og:locale\" content=\"es_ES\" \/>\n<meta property=\"og:type\" content=\"article\" \/>\n<meta property=\"og:title\" content=\"Amplia participaci\u00f3n palentina en la manifestaci\u00f3n regional celebrada en Valladolid - ASAJA Palencia\" \/>\n<meta property=\"og:description\" content=\"El viernes d\u00eda 23 de septiembre los agricultores y ganaderos de Castilla y Le\u00f3n fueron convocados por ASAJA, COAG y UPA para reivindicar medidas de choque\" \/>\n<meta property=\"og:url\" content=\"https:\/\/www.asajacyl.com\/palencia\/asaja-palencia-informa\/amplia-participacion-palentina-en-la-manifestacion-regional-celebrada-en-valladolid\" \/>\n<meta property=\"og:site_name\" content=\"ASAJA Palencia\" \/>\n<meta property=\"article:published_time\" content=\"2022-09-26T06:53:23+00:00\" \/>\n<meta property=\"article:modified_time\" content=\"2022-10-04T05:39:56+00:00\" \/>\n<meta property=\"og:image\" content=\"https:\/\/www.asajacyl.com\/palencia\/wp-content\/uploads\/sites\/3\/2022\/09\/MANIFESTACION-VALLADOLID-1.jpg\" \/>\n\t<meta property=\"og:image:width\" content=\"2500\" \/>\n\t<meta property=\"og:image:height\" content=\"1875\" \/>\n\t<meta property=\"og:image:type\" content=\"image\/jpeg\" \/>\n<meta name=\"author\" content=\"Administrador\" \/>\n<meta name=\"twitter:card\" content=\"summary_large_image\" \/>\n<meta name=\"twitter:label1\" content=\"Escrito por\" \/>\n\t<meta name=\"twitter:data1\" content=\"Administrador\" \/>\n\t<meta name=\"twitter:label2\" content=\"Tiempo de lectura\" \/>\n\t<meta name=\"twitter:data2\" content=\"2 minutos\" \/>\n<script type=\"application\/ld+json\" class=\"yoast-schema-graph\">{\"@context\":\"https:\/\/schema.org\",\"@graph\":[{\"@type\":\"WebPage\",\"@id\":\"https:\/\/www.asajacyl.com\/palencia\/asaja-palencia-informa\/amplia-participacion-palentina-en-la-manifestacion-regional-celebrada-en-valladolid\",\"url\":\"https:\/\/www.asajacyl.com\/palencia\/asaja-palencia-informa\/amplia-participacion-palentina-en-la-manifestacion-regional-celebrada-en-valladolid\",\"name\":\"Amplia participaci\u00f3n palentina en la manifestaci\u00f3n regional celebrada en Valladolid - ASAJA Palencia\",\"isPartOf\":{\"@id\":\"https:\/\/www.asajacyl.com\/palencia\/#website\"},\"primaryImageOfPage\":{\"@id\":\"https:\/\/www.asajacyl.com\/palencia\/asaja-palencia-informa\/amplia-participacion-palentina-en-la-manifestacion-regional-celebrada-en-valladolid#primaryimage\"},\"image\":{\"@id\":\"https:\/\/www.asajacyl.com\/palencia\/asaja-palencia-informa\/amplia-participacion-palentina-en-la-manifestacion-regional-celebrada-en-valladolid#primaryimage\"},\"thumbnailUrl\":\"https:\/\/www.asajacyl.com\/palencia\/wp-content\/uploads\/sites\/3\/2022\/09\/MANIFESTACION-VALLADOLID-1.jpg\",\"datePublished\":\"2022-09-26T06:53:23+00:00\",\"dateModified\":\"2022-10-04T05:39:56+00:00\",\"author\":{\"@id\":\"https:\/\/www.asajacyl.com\/palencia\/#\/schema\/person\/3ab17aeb03527485c317557fae64aab1\"},\"description\":\"El viernes d\u00eda 23 de septiembre los agricultores y ganaderos de Castilla y Le\u00f3n fueron convocados por ASAJA, COAG y UPA para reivindicar medidas de choque\",\"breadcrumb\":{\"@id\":\"https:\/\/www.asajacyl.com\/palencia\/asaja-palencia-informa\/amplia-participacion-palentina-en-la-manifestacion-regional-celebrada-en-valladolid#breadcrumb\"},\"inLanguage\":\"es\",\"potentialAction\":[{\"@type\":\"ReadAction\",\"target\":[\"https:\/\/www.asajacyl.com\/palencia\/asaja-palencia-informa\/amplia-participacion-palentina-en-la-manifestacion-regional-celebrada-en-valladolid\"]}]},{\"@type\":\"ImageObject\",\"inLanguage\":\"es\",\"@id\":\"https:\/\/www.asajacyl.com\/palencia\/asaja-palencia-informa\/amplia-participacion-palentina-en-la-manifestacion-regional-celebrada-en-valladolid#primaryimage\",\"url\":\"https:\/\/www.asajacyl.com\/palencia\/wp-content\/uploads\/sites\/3\/2022\/09\/MANIFESTACION-VALLADOLID-1.jpg\",\"contentUrl\":\"https:\/\/www.asajacyl.com\/palencia\/wp-content\/uploads\/sites\/3\/2022\/09\/MANIFESTACION-VALLADOLID-1.jpg\",\"width\":2500,\"height\":1875},{\"@type\":\"BreadcrumbList\",\"@id\":\"https:\/\/www.asajacyl.com\/palencia\/asaja-palencia-informa\/amplia-participacion-palentina-en-la-manifestacion-regional-celebrada-en-valladolid#breadcrumb\",\"itemListElement\":[{\"@type\":\"ListItem\",\"position\":1,\"name\":\"Portada\",\"item\":\"https:\/\/www.asajacyl.com\/palencia\/\"},{\"@type\":\"ListItem\",\"position\":2,\"name\":\"Amplia participaci\u00f3n palentina en la manifestaci\u00f3n regional celebrada en Valladolid\"}]},{\"@type\":\"WebSite\",\"@id\":\"https:\/\/www.asajacyl.com\/palencia\/#website\",\"url\":\"https:\/\/www.asajacyl.com\/palencia\/\",\"name\":\"ASAJA Palencia\",\"description\":\"Otro sitio m\u00e1s de Provincias ASAJA Castilla y Le\u00f3n\",\"potentialAction\":[{\"@type\":\"SearchAction\",\"target\":{\"@type\":\"EntryPoint\",\"urlTemplate\":\"https:\/\/www.asajacyl.com\/palencia\/?s={search_term_string}\"},\"query-input\":{\"@type\":\"PropertyValueSpecification\",\"valueRequired\":true,\"valueName\":\"search_term_string\"}}],\"inLanguage\":\"es\"},{\"@type\":\"Person\",\"@id\":\"https:\/\/www.asajacyl.com\/palencia\/#\/schema\/person\/3ab17aeb03527485c317557fae64aab1\",\"name\":\"Administrador\",\"image\":{\"@type\":\"ImageObject\",\"inLanguage\":\"es\",\"@id\":\"https:\/\/www.asajacyl.com\/palencia\/#\/schema\/person\/image\/\",\"url\":\"https:\/\/secure.gravatar.com\/avatar\/517384810d242ca9e38c180f3c9fb973?s=96&d=mm&r=g\",\"contentUrl\":\"https:\/\/secure.gravatar.com\/avatar\/517384810d242ca9e38c180f3c9fb973?s=96&d=mm&r=g\",\"caption\":\"Administrador\"},\"url\":\"https:\/\/www.asajacyl.com\/palencia\/author\/carlosrm\"}]}<\/script>\n<!-- \/ Yoast SEO plugin. -->","yoast_head_json":{"title":"Amplia participaci\u00f3n palentina en la manifestaci\u00f3n regional celebrada en Valladolid - ASAJA Palencia","description":"El viernes d\u00eda 23 de septiembre los agricultores y ganaderos de Castilla y Le\u00f3n fueron convocados por ASAJA, COAG y UPA para reivindicar medidas de choque","robots":{"index":"index","follow":"follow","max-snippet":"max-snippet:-1","max-image-preview":"max-image-preview:large","max-video-preview":"max-video-preview:-1"},"canonical":"https:\/\/www.asajacyl.com\/palencia\/asaja-palencia-informa\/amplia-participacion-palentina-en-la-manifestacion-regional-celebrada-en-valladolid","og_locale":"es_ES","og_type":"article","og_title":"Amplia participaci\u00f3n palentina en la manifestaci\u00f3n regional celebrada en Valladolid - ASAJA Palencia","og_description":"El viernes d\u00eda 23 de septiembre los agricultores y ganaderos de Castilla y Le\u00f3n fueron convocados por ASAJA, COAG y UPA para reivindicar medidas de choque","og_url":"https:\/\/www.asajacyl.com\/palencia\/asaja-palencia-informa\/amplia-participacion-palentina-en-la-manifestacion-regional-celebrada-en-valladolid","og_site_name":"ASAJA Palencia","article_published_time":"2022-09-26T06:53:23+00:00","article_modified_time":"2022-10-04T05:39:56+00:00","og_image":[{"width":2500,"height":1875,"url":"https:\/\/www.asajacyl.com\/palencia\/wp-content\/uploads\/sites\/3\/2022\/09\/MANIFESTACION-VALLADOLID-1.jpg","type":"image\/jpeg"}],"author":"Administrador","twitter_card":"summary_large_image","twitter_misc":{"Escrito por":"Administrador","Tiempo de lectura":"2 minutos"},"schema":{"@context":"https:\/\/schema.org","@graph":[{"@type":"WebPage","@id":"https:\/\/www.asajacyl.com\/palencia\/asaja-palencia-informa\/amplia-participacion-palentina-en-la-manifestacion-regional-celebrada-en-valladolid","url":"https:\/\/www.asajacyl.com\/palencia\/asaja-palencia-informa\/amplia-participacion-palentina-en-la-manifestacion-regional-celebrada-en-valladolid","name":"Amplia participaci\u00f3n palentina en la manifestaci\u00f3n regional celebrada en Valladolid - ASAJA Palencia","isPartOf":{"@id":"https:\/\/www.asajacyl.com\/palencia\/#website"},"primaryImageOfPage":{"@id":"https:\/\/www.asajacyl.com\/palencia\/asaja-palencia-informa\/amplia-participacion-palentina-en-la-manifestacion-regional-celebrada-en-valladolid#primaryimage"},"image":{"@id":"https:\/\/www.asajacyl.com\/palencia\/asaja-palencia-informa\/amplia-participacion-palentina-en-la-manifestacion-regional-celebrada-en-valladolid#primaryimage"},"thumbnailUrl":"https:\/\/www.asajacyl.com\/palencia\/wp-content\/uploads\/sites\/3\/2022\/09\/MANIFESTACION-VALLADOLID-1.jpg","datePublished":"2022-09-26T06:53:23+00:00","dateModified":"2022-10-04T05:39:56+00:00","author":{"@id":"https:\/\/www.asajacyl.com\/palencia\/#\/schema\/person\/3ab17aeb03527485c317557fae64aab1"},"description":"El viernes d\u00eda 23 de septiembre los agricultores y ganaderos de Castilla y Le\u00f3n fueron convocados por ASAJA, COAG y UPA para reivindicar medidas de choque","breadcrumb":{"@id":"https:\/\/www.asajacyl.com\/palencia\/asaja-palencia-informa\/amplia-participacion-palentina-en-la-manifestacion-regional-celebrada-en-valladolid#breadcrumb"},"inLanguage":"es","potentialAction":[{"@type":"ReadAction","target":["https:\/\/www.asajacyl.com\/palencia\/asaja-palencia-informa\/amplia-participacion-palentina-en-la-manifestacion-regional-celebrada-en-valladolid"]}]},{"@type":"ImageObject","inLanguage":"es","@id":"https:\/\/www.asajacyl.com\/palencia\/asaja-palencia-informa\/amplia-participacion-palentina-en-la-manifestacion-regional-celebrada-en-valladolid#primaryimage","url":"https:\/\/www.asajacyl.com\/palencia\/wp-content\/uploads\/sites\/3\/2022\/09\/MANIFESTACION-VALLADOLID-1.jpg","contentUrl":"https:\/\/www.asajacyl.com\/palencia\/wp-content\/uploads\/sites\/3\/2022\/09\/MANIFESTACION-VALLADOLID-1.jpg","width":2500,"height":1875},{"@type":"BreadcrumbList","@id":"https:\/\/www.asajacyl.com\/palencia\/asaja-palencia-informa\/amplia-participacion-palentina-en-la-manifestacion-regional-celebrada-en-valladolid#breadcrumb","itemListElement":[{"@type":"ListItem","position":1,"name":"Portada","item":"https:\/\/www.asajacyl.com\/palencia\/"},{"@type":"ListItem","position":2,"name":"Amplia participaci\u00f3n palentina en la manifestaci\u00f3n regional celebrada en Valladolid"}]},{"@type":"WebSite","@id":"https:\/\/www.asajacyl.com\/palencia\/#website","url":"https:\/\/www.asajacyl.com\/palencia\/","name":"ASAJA Palencia","description":"Otro sitio m\u00e1s de Provincias ASAJA Castilla y Le\u00f3n","potentialAction":[{"@type":"SearchAction","target":{"@type":"EntryPoint","urlTemplate":"https:\/\/www.asajacyl.com\/palencia\/?s={search_term_string}"},"query-input":{"@type":"PropertyValueSpecification","valueRequired":true,"valueName":"search_term_string"}}],"inLanguage":"es"},{"@type":"Person","@id":"https:\/\/www.asajacyl.com\/palencia\/#\/schema\/person\/3ab17aeb03527485c317557fae64aab1","name":"Administrador","image":{"@type":"ImageObject","inLanguage":"es","@id":"https:\/\/www.asajacyl.com\/palencia\/#\/schema\/person\/image\/","url":"https:\/\/secure.gravatar.com\/avatar\/517384810d242ca9e38c180f3c9fb973?s=96&d=mm&r=g","contentUrl":"https:\/\/secure.gravatar.com\/avatar\/517384810d242ca9e38c180f3c9fb973?s=96&d=mm&r=g","caption":"Administrador"},"url":"https:\/\/www.asajacyl.com\/palencia\/author\/carlosrm"}]}},"_links":{"self":[{"href":"https:\/\/www.asajacyl.com\/palencia\/wp-json\/wp\/v2\/posts\/11487"}],"collection":[{"href":"https:\/\/www.asajacyl.com\/palencia\/wp-json\/wp\/v2\/posts"}],"about":[{"href":"https:\/\/www.asajacyl.com\/palencia\/wp-json\/wp\/v2\/types\/post"}],"author":[{"embeddable":true,"href":"https:\/\/www.asajacyl.com\/palencia\/wp-json\/wp\/v2\/users\/9"}],"replies":[{"embeddable":true,"href":"https:\/\/www.asajacyl.com\/palencia\/wp-json\/wp\/v2\/comments?post=11487"}],"version-history":[{"count":2,"href":"https:\/\/www.asajacyl.com\/palencia\/wp-json\/wp\/v2\/posts\/11487\/revisions"}],"predecessor-version":[{"id":11520,"href":"https:\/\/www.asajacyl.com\/palencia\/wp-json\/wp\/v2\/posts\/11487\/revisions\/11520"}],"wp:featuredmedia":[{"embeddable":true,"href":"https:\/\/www.asajacyl.com\/palencia\/wp-json\/wp\/v2\/media\/11489"}],"wp:attachment":[{"href":"https:\/\/www.asajacyl.com\/palencia\/wp-json\/wp\/v2\/media?parent=11487"}],"wp:term":[{"taxonomy":"category","embeddable":true,"href":"https:\/\/www.asajacyl.com\/palencia\/wp-json\/wp\/v2\/categories?post=11487"},{"taxonomy":"post_tag","embeddable":true,"href":"https:\/\/www.asajacyl.com\/palencia\/wp-json\/wp\/v2\/tags?post=11487"}],"curies":[{"name":"wp","href":"https:\/\/api.w.org\/{rel}","templated":true}]}}