{"id":11491,"date":"2022-09-27T10:30:00","date_gmt":"2022-09-27T08:30:00","guid":{"rendered":"https:\/\/www.asajacyl.com\/palencia\/?p=11491"},"modified":"2022-09-27T15:20:38","modified_gmt":"2022-09-27T13:20:38","slug":"ya-se-estan-realizando-los-pagos-para-compensar-las-dificultades-de-los-ganaderos-de-carne-motivados-por-la-guerra-en-ucrania","status":"publish","type":"post","link":"https:\/\/www.asajacyl.com\/palencia\/asaja-palencia-informa\/ya-se-estan-realizando-los-pagos-para-compensar-las-dificultades-de-los-ganaderos-de-carne-motivados-por-la-guerra-en-ucrania","title":{"rendered":"Ya se est\u00e1n realizando los pagos para compensar las dificultades de los ganaderos de carne motivados por la guerra en Ucrania"},"content":{"rendered":"\n<p>Este mes de septiembre ya se est\u00e1n pagando a los ganaderos del sector c\u00e1rnico de vacuno, ovino-caprino, pollos de engorde y conejos la subvenci\u00f3n excepcional por la guerra en Ucrania.<\/p>\n\n\n\n<p>Para determinar los importes de las ayudas correspondientes a cada ganadero y sector se ha realizado una gesti\u00f3n administrativa simplificada, utilizando la informaci\u00f3n disponible de animales determinados en la solicitud \u00fanica 2021, para los sectores vacuno, ovino y caprino de carne, o, a partir de la informaci\u00f3n del Registro General de Explotaciones Ganaderas (REGA) a 31 de marzo de 2022, correspondiente a la declaraci\u00f3n censal obligatoria del a\u00f1o 2022, para las granjas av\u00edcolas y cun\u00edcolas, ambas de orientaci\u00f3n c\u00e1rnica.<\/p>\n\n\n\n<p>El total de la ayuda correspondiente se realizar\u00e1 en dos pagos y las listas donde aparecen los beneficiarios de esta ayuda se pueden consultar en la p\u00e1gina web de la Junta de Castilla y Le\u00f3n en el apartado de \u201cResoluci\u00f3n de beneficiarios\u201d: <a href=\"https:\/\/www.tramitacastillayleon.jcyl.es\/web\/jcyl\/AdministracionElectronica\/es\/Plantilla100Detalle\/1251181050732\/Ayuda012\/1285177410972\/Propuesta\">ENLACE<\/a><\/p>\n\n\n\n<p>Los servicios t\u00e9cnicos de ASAJA-Palencia se pondr\u00e1n en contacto con aquellos ganaderos que detecten que est\u00e1n entre los denegados pero lo conveniente es que cada ganadero revise la lista de aceptados para confirmar su presencia en ella y que los importes que ha percibido son los correctos.<\/p>\n","protected":false},"excerpt":{"rendered":"<p>Este mes de septiembre ya se est\u00e1n pagando a los ganaderos del sector c\u00e1rnico de vacuno, ovino-caprino, pollos de engorde y conejos la subvenci\u00f3n excepcional por la guerra en Ucrania. Para determinar los importes de las ayudas correspondientes a cada ganadero y sector se ha realizado una gesti\u00f3n administrativa simplificada, utilizando la informaci\u00f3n disponible de [&hellip;]<\/p>\n","protected":false},"author":9,"featured_media":10950,"comment_status":"open","ping_status":"open","sticky":false,"template":"","format":"standard","meta":{"footnotes":""},"categories":[9,29,28],"tags":[],"yoast_head":"<!-- This site is optimized with the Yoast SEO plugin v24.5 - https:\/\/yoast.com\/wordpress\/plugins\/seo\/ -->\n<title>Ya se est\u00e1n realizando los pagos para compensar las dificultades de los ganaderos de carne motivados por la guerra en Ucrania - ASAJA Palencia<\/title>\n<meta name=\"description\" content=\"Este mes de septiembre ya se est\u00e1n pagando a los ganaderos del sector c\u00e1rnico de vacuno, ovino-caprino, pollos de engorde y conejos la subvenci\u00f3n\" \/>\n<meta name=\"robots\" content=\"index, follow, max-snippet:-1, max-image-preview:large, max-video-preview:-1\" \/>\n<link rel=\"canonical\" href=\"https:\/\/www.asajacyl.com\/palencia\/sin-categoria\/ya-se-estan-realizando-los-pagos-para-compensar-las-dificultades-de-los-ganaderos-de-carne-motivados-por-la-guerra-en-ucrania\" \/>\n<meta property=\"og:locale\" content=\"es_ES\" \/>\n<meta property=\"og:type\" content=\"article\" \/>\n<meta property=\"og:title\" content=\"Ya se est\u00e1n realizando los pagos para compensar las dificultades de los ganaderos de carne motivados por la guerra en Ucrania - ASAJA Palencia\" \/>\n<meta property=\"og:description\" content=\"Este mes de septiembre ya se est\u00e1n pagando a los ganaderos del sector c\u00e1rnico de vacuno, ovino-caprino, pollos de engorde y conejos la subvenci\u00f3n\" \/>\n<meta property=\"og:url\" content=\"https:\/\/www.asajacyl.com\/palencia\/sin-categoria\/ya-se-estan-realizando-los-pagos-para-compensar-las-dificultades-de-los-ganaderos-de-carne-motivados-por-la-guerra-en-ucrania\" \/>\n<meta property=\"og:site_name\" content=\"ASAJA Palencia\" \/>\n<meta property=\"article:published_time\" content=\"2022-09-27T08:30:00+00:00\" \/>\n<meta property=\"article:modified_time\" content=\"2022-09-27T13:20:38+00:00\" \/>\n<meta property=\"og:image\" content=\"https:\/\/www.asajacyl.com\/palencia\/wp-content\/uploads\/sites\/3\/2017\/11\/im_predefinida_1920x1080.jpg\" \/>\n\t<meta property=\"og:image:width\" content=\"1920\" \/>\n\t<meta property=\"og:image:height\" content=\"1080\" \/>\n\t<meta property=\"og:image:type\" content=\"image\/jpeg\" \/>\n<meta name=\"author\" content=\"Administrador\" \/>\n<meta name=\"twitter:card\" content=\"summary_large_image\" \/>\n<meta name=\"twitter:label1\" content=\"Escrito por\" \/>\n\t<meta name=\"twitter:data1\" content=\"Administrador\" \/>\n\t<meta name=\"twitter:label2\" content=\"Tiempo de lectura\" \/>\n\t<meta name=\"twitter:data2\" content=\"1 minuto\" \/>\n<script type=\"application\/ld+json\" class=\"yoast-schema-graph\">{\"@context\":\"https:\/\/schema.org\",\"@graph\":[{\"@type\":\"WebPage\",\"@id\":\"https:\/\/www.asajacyl.com\/palencia\/sin-categoria\/ya-se-estan-realizando-los-pagos-para-compensar-las-dificultades-de-los-ganaderos-de-carne-motivados-por-la-guerra-en-ucrania\",\"url\":\"https:\/\/www.asajacyl.com\/palencia\/sin-categoria\/ya-se-estan-realizando-los-pagos-para-compensar-las-dificultades-de-los-ganaderos-de-carne-motivados-por-la-guerra-en-ucrania\",\"name\":\"Ya se est\u00e1n realizando los pagos para compensar las dificultades de los ganaderos de carne motivados por la guerra en Ucrania - ASAJA Palencia\",\"isPartOf\":{\"@id\":\"https:\/\/www.asajacyl.com\/palencia\/#website\"},\"primaryImageOfPage\":{\"@id\":\"https:\/\/www.asajacyl.com\/palencia\/sin-categoria\/ya-se-estan-realizando-los-pagos-para-compensar-las-dificultades-de-los-ganaderos-de-carne-motivados-por-la-guerra-en-ucrania#primaryimage\"},\"image\":{\"@id\":\"https:\/\/www.asajacyl.com\/palencia\/sin-categoria\/ya-se-estan-realizando-los-pagos-para-compensar-las-dificultades-de-los-ganaderos-de-carne-motivados-por-la-guerra-en-ucrania#primaryimage\"},\"thumbnailUrl\":\"https:\/\/www.asajacyl.com\/palencia\/wp-content\/uploads\/sites\/3\/2022\/06\/VACAS-CARNE-AGUILAR-6.jpg\",\"datePublished\":\"2022-09-27T08:30:00+00:00\",\"dateModified\":\"2022-09-27T13:20:38+00:00\",\"author\":{\"@id\":\"https:\/\/www.asajacyl.com\/palencia\/#\/schema\/person\/3ab17aeb03527485c317557fae64aab1\"},\"description\":\"Este mes de septiembre ya se est\u00e1n pagando a los ganaderos del sector c\u00e1rnico de vacuno, ovino-caprino, pollos de engorde y conejos la subvenci\u00f3n\",\"breadcrumb\":{\"@id\":\"https:\/\/www.asajacyl.com\/palencia\/sin-categoria\/ya-se-estan-realizando-los-pagos-para-compensar-las-dificultades-de-los-ganaderos-de-carne-motivados-por-la-guerra-en-ucrania#breadcrumb\"},\"inLanguage\":\"es\",\"potentialAction\":[{\"@type\":\"ReadAction\",\"target\":[\"https:\/\/www.asajacyl.com\/palencia\/sin-categoria\/ya-se-estan-realizando-los-pagos-para-compensar-las-dificultades-de-los-ganaderos-de-carne-motivados-por-la-guerra-en-ucrania\"]}]},{\"@type\":\"ImageObject\",\"inLanguage\":\"es\",\"@id\":\"https:\/\/www.asajacyl.com\/palencia\/sin-categoria\/ya-se-estan-realizando-los-pagos-para-compensar-las-dificultades-de-los-ganaderos-de-carne-motivados-por-la-guerra-en-ucrania#primaryimage\",\"url\":\"https:\/\/www.asajacyl.com\/palencia\/wp-content\/uploads\/sites\/3\/2022\/06\/VACAS-CARNE-AGUILAR-6.jpg\",\"contentUrl\":\"https:\/\/www.asajacyl.com\/palencia\/wp-content\/uploads\/sites\/3\/2022\/06\/VACAS-CARNE-AGUILAR-6.jpg\",\"width\":1600,\"height\":1200},{\"@type\":\"BreadcrumbList\",\"@id\":\"https:\/\/www.asajacyl.com\/palencia\/sin-categoria\/ya-se-estan-realizando-los-pagos-para-compensar-las-dificultades-de-los-ganaderos-de-carne-motivados-por-la-guerra-en-ucrania#breadcrumb\",\"itemListElement\":[{\"@type\":\"ListItem\",\"position\":1,\"name\":\"Portada\",\"item\":\"https:\/\/www.asajacyl.com\/palencia\/\"},{\"@type\":\"ListItem\",\"position\":2,\"name\":\"Ya se est\u00e1n realizando los pagos para compensar las dificultades de los ganaderos de carne motivados por la guerra en Ucrania\"}]},{\"@type\":\"WebSite\",\"@id\":\"https:\/\/www.asajacyl.com\/palencia\/#website\",\"url\":\"https:\/\/www.asajacyl.com\/palencia\/\",\"name\":\"ASAJA Palencia\",\"description\":\"Otro sitio m\u00e1s de Provincias ASAJA Castilla y Le\u00f3n\",\"potentialAction\":[{\"@type\":\"SearchAction\",\"target\":{\"@type\":\"EntryPoint\",\"urlTemplate\":\"https:\/\/www.asajacyl.com\/palencia\/?s={search_term_string}\"},\"query-input\":{\"@type\":\"PropertyValueSpecification\",\"valueRequired\":true,\"valueName\":\"search_term_string\"}}],\"inLanguage\":\"es\"},{\"@type\":\"Person\",\"@id\":\"https:\/\/www.asajacyl.com\/palencia\/#\/schema\/person\/3ab17aeb03527485c317557fae64aab1\",\"name\":\"Administrador\",\"image\":{\"@type\":\"ImageObject\",\"inLanguage\":\"es\",\"@id\":\"https:\/\/www.asajacyl.com\/palencia\/#\/schema\/person\/image\/\",\"url\":\"https:\/\/secure.gravatar.com\/avatar\/517384810d242ca9e38c180f3c9fb973?s=96&d=mm&r=g\",\"contentUrl\":\"https:\/\/secure.gravatar.com\/avatar\/517384810d242ca9e38c180f3c9fb973?s=96&d=mm&r=g\",\"caption\":\"Administrador\"},\"url\":\"https:\/\/www.asajacyl.com\/palencia\/author\/carlosrm\"}]}<\/script>\n<!-- \/ Yoast SEO plugin. -->","yoast_head_json":{"title":"Ya se est\u00e1n realizando los pagos para compensar las dificultades de los ganaderos de carne motivados por la guerra en Ucrania - ASAJA Palencia","description":"Este mes de septiembre ya se est\u00e1n pagando a los ganaderos del sector c\u00e1rnico de vacuno, ovino-caprino, pollos de engorde y conejos la subvenci\u00f3n","robots":{"index":"index","follow":"follow","max-snippet":"max-snippet:-1","max-image-preview":"max-image-preview:large","max-video-preview":"max-video-preview:-1"},"canonical":"https:\/\/www.asajacyl.com\/palencia\/sin-categoria\/ya-se-estan-realizando-los-pagos-para-compensar-las-dificultades-de-los-ganaderos-de-carne-motivados-por-la-guerra-en-ucrania","og_locale":"es_ES","og_type":"article","og_title":"Ya se est\u00e1n realizando los pagos para compensar las dificultades de los ganaderos de carne motivados por la guerra en Ucrania - ASAJA Palencia","og_description":"Este mes de septiembre ya se est\u00e1n pagando a los ganaderos del sector c\u00e1rnico de vacuno, ovino-caprino, pollos de engorde y conejos la subvenci\u00f3n","og_url":"https:\/\/www.asajacyl.com\/palencia\/sin-categoria\/ya-se-estan-realizando-los-pagos-para-compensar-las-dificultades-de-los-ganaderos-de-carne-motivados-por-la-guerra-en-ucrania","og_site_name":"ASAJA Palencia","article_published_time":"2022-09-27T08:30:00+00:00","article_modified_time":"2022-09-27T13:20:38+00:00","og_image":[{"width":1920,"height":1080,"url":"https:\/\/www.asajacyl.com\/palencia\/wp-content\/uploads\/sites\/3\/2017\/11\/im_predefinida_1920x1080.jpg","type":"image\/jpeg"}],"author":"Administrador","twitter_card":"summary_large_image","twitter_misc":{"Escrito por":"Administrador","Tiempo de lectura":"1 minuto"},"schema":{"@context":"https:\/\/schema.org","@graph":[{"@type":"WebPage","@id":"https:\/\/www.asajacyl.com\/palencia\/sin-categoria\/ya-se-estan-realizando-los-pagos-para-compensar-las-dificultades-de-los-ganaderos-de-carne-motivados-por-la-guerra-en-ucrania","url":"https:\/\/www.asajacyl.com\/palencia\/sin-categoria\/ya-se-estan-realizando-los-pagos-para-compensar-las-dificultades-de-los-ganaderos-de-carne-motivados-por-la-guerra-en-ucrania","name":"Ya se est\u00e1n realizando los pagos para compensar las dificultades de los ganaderos de carne motivados por la guerra en Ucrania - ASAJA Palencia","isPartOf":{"@id":"https:\/\/www.asajacyl.com\/palencia\/#website"},"primaryImageOfPage":{"@id":"https:\/\/www.asajacyl.com\/palencia\/sin-categoria\/ya-se-estan-realizando-los-pagos-para-compensar-las-dificultades-de-los-ganaderos-de-carne-motivados-por-la-guerra-en-ucrania#primaryimage"},"image":{"@id":"https:\/\/www.asajacyl.com\/palencia\/sin-categoria\/ya-se-estan-realizando-los-pagos-para-compensar-las-dificultades-de-los-ganaderos-de-carne-motivados-por-la-guerra-en-ucrania#primaryimage"},"thumbnailUrl":"https:\/\/www.asajacyl.com\/palencia\/wp-content\/uploads\/sites\/3\/2022\/06\/VACAS-CARNE-AGUILAR-6.jpg","datePublished":"2022-09-27T08:30:00+00:00","dateModified":"2022-09-27T13:20:38+00:00","author":{"@id":"https:\/\/www.asajacyl.com\/palencia\/#\/schema\/person\/3ab17aeb03527485c317557fae64aab1"},"description":"Este mes de septiembre ya se est\u00e1n pagando a los ganaderos del sector c\u00e1rnico de vacuno, ovino-caprino, pollos de engorde y conejos la subvenci\u00f3n","breadcrumb":{"@id":"https:\/\/www.asajacyl.com\/palencia\/sin-categoria\/ya-se-estan-realizando-los-pagos-para-compensar-las-dificultades-de-los-ganaderos-de-carne-motivados-por-la-guerra-en-ucrania#breadcrumb"},"inLanguage":"es","potentialAction":[{"@type":"ReadAction","target":["https:\/\/www.asajacyl.com\/palencia\/sin-categoria\/ya-se-estan-realizando-los-pagos-para-compensar-las-dificultades-de-los-ganaderos-de-carne-motivados-por-la-guerra-en-ucrania"]}]},{"@type":"ImageObject","inLanguage":"es","@id":"https:\/\/www.asajacyl.com\/palencia\/sin-categoria\/ya-se-estan-realizando-los-pagos-para-compensar-las-dificultades-de-los-ganaderos-de-carne-motivados-por-la-guerra-en-ucrania#primaryimage","url":"https:\/\/www.asajacyl.com\/palencia\/wp-content\/uploads\/sites\/3\/2022\/06\/VACAS-CARNE-AGUILAR-6.jpg","contentUrl":"https:\/\/www.asajacyl.com\/palencia\/wp-content\/uploads\/sites\/3\/2022\/06\/VACAS-CARNE-AGUILAR-6.jpg","width":1600,"height":1200},{"@type":"BreadcrumbList","@id":"https:\/\/www.asajacyl.com\/palencia\/sin-categoria\/ya-se-estan-realizando-los-pagos-para-compensar-las-dificultades-de-los-ganaderos-de-carne-motivados-por-la-guerra-en-ucrania#breadcrumb","itemListElement":[{"@type":"ListItem","position":1,"name":"Portada","item":"https:\/\/www.asajacyl.com\/palencia\/"},{"@type":"ListItem","position":2,"name":"Ya se est\u00e1n realizando los pagos para compensar las dificultades de los ganaderos de carne motivados por la guerra en Ucrania"}]},{"@type":"WebSite","@id":"https:\/\/www.asajacyl.com\/palencia\/#website","url":"https:\/\/www.asajacyl.com\/palencia\/","name":"ASAJA Palencia","description":"Otro sitio m\u00e1s de Provincias ASAJA Castilla y Le\u00f3n","potentialAction":[{"@type":"SearchAction","target":{"@type":"EntryPoint","urlTemplate":"https:\/\/www.asajacyl.com\/palencia\/?s={search_term_string}"},"query-input":{"@type":"PropertyValueSpecification","valueRequired":true,"valueName":"search_term_string"}}],"inLanguage":"es"},{"@type":"Person","@id":"https:\/\/www.asajacyl.com\/palencia\/#\/schema\/person\/3ab17aeb03527485c317557fae64aab1","name":"Administrador","image":{"@type":"ImageObject","inLanguage":"es","@id":"https:\/\/www.asajacyl.com\/palencia\/#\/schema\/person\/image\/","url":"https:\/\/secure.gravatar.com\/avatar\/517384810d242ca9e38c180f3c9fb973?s=96&d=mm&r=g","contentUrl":"https:\/\/secure.gravatar.com\/avatar\/517384810d242ca9e38c180f3c9fb973?s=96&d=mm&r=g","caption":"Administrador"},"url":"https:\/\/www.asajacyl.com\/palencia\/author\/carlosrm"}]}},"_links":{"self":[{"href":"https:\/\/www.asajacyl.com\/palencia\/wp-json\/wp\/v2\/posts\/11491"}],"collection":[{"href":"https:\/\/www.asajacyl.com\/palencia\/wp-json\/wp\/v2\/posts"}],"about":[{"href":"https:\/\/www.asajacyl.com\/palencia\/wp-json\/wp\/v2\/types\/post"}],"author":[{"embeddable":true,"href":"https:\/\/www.asajacyl.com\/palencia\/wp-json\/wp\/v2\/users\/9"}],"replies":[{"embeddable":true,"href":"https:\/\/www.asajacyl.com\/palencia\/wp-json\/wp\/v2\/comments?post=11491"}],"version-history":[{"count":1,"href":"https:\/\/www.asajacyl.com\/palencia\/wp-json\/wp\/v2\/posts\/11491\/revisions"}],"predecessor-version":[{"id":11495,"href":"https:\/\/www.asajacyl.com\/palencia\/wp-json\/wp\/v2\/posts\/11491\/revisions\/11495"}],"wp:featuredmedia":[{"embeddable":true,"href":"https:\/\/www.asajacyl.com\/palencia\/wp-json\/wp\/v2\/media\/10950"}],"wp:attachment":[{"href":"https:\/\/www.asajacyl.com\/palencia\/wp-json\/wp\/v2\/media?parent=11491"}],"wp:term":[{"taxonomy":"category","embeddable":true,"href":"https:\/\/www.asajacyl.com\/palencia\/wp-json\/wp\/v2\/categories?post=11491"},{"taxonomy":"post_tag","embeddable":true,"href":"https:\/\/www.asajacyl.com\/palencia\/wp-json\/wp\/v2\/tags?post=11491"}],"curies":[{"name":"wp","href":"https:\/\/api.w.org\/{rel}","templated":true}]}}