{"id":11499,"date":"2022-09-29T07:51:00","date_gmt":"2022-09-29T05:51:00","guid":{"rendered":"https:\/\/www.asajacyl.com\/palencia\/?p=11499"},"modified":"2022-10-04T09:25:05","modified_gmt":"2022-10-04T07:25:05","slug":"convocados-los-premios-joven-agricultor-2022","status":"publish","type":"post","link":"https:\/\/www.asajacyl.com\/palencia\/asaja-palencia-informa\/convocados-los-premios-joven-agricultor-2022","title":{"rendered":"Convocados los premios Joven Agricultor 2022"},"content":{"rendered":"\n<p>Con el fin de promocionar y difundir el trabajo que desarrollan los j\u00f3venes agricultores de los 28 estados miembro de la UE, el Parlamento Europeo organiza la VII Convocatoria de los Galardones Europeos a la Innovaci\u00f3n y la Sostenibilidad en el sector agrario, con el apoyo de ASAJA. Los candidatos pueden presentar sus solicitudes hasta el 14 de octubre.<\/p>\n\n\n\n<p>ASAJA, en calidad de coorganizadora del premio europeo, y el eurodiputado Juan Ignacio Zoido, embajador de la iniciativa, presentaron la convocatoria de los premios nacionales Joven Agricultor 2022. La octava edici\u00f3n tendr\u00e1 lugar en la sede de Asaja Nacional el pr\u00f3ximo viernes 21 de octubre y contar\u00e1 con representantes de la Comisi\u00f3n Europea, el CEJA y el Ministerio de Agricultura. Como en las pasadas ediciones los 10 finalistas viajar\u00e1n a Bruselas para participar en el Congreso Europeo de J\u00f3venes Agricultores y uno de ellos podr\u00e1 optar al premio de mejor agricultor europeo.<\/p>\n\n\n\n<p>En la convocatoria nacional podr\u00e1n participar todos los j\u00f3venes agricultores que lo deseen, siempre y cuando sean menores de 40 a\u00f1os, su nacionalidad sea espa\u00f1ola y su explotaci\u00f3n agraria se encuentre dentro del territorio nacional. El proyecto deber\u00e1 presentarse en castellano e incluir\u00e1 una descripci\u00f3n de la actividad innovadora en un m\u00e1ximo de dos folios, con la posibilidad de adjuntar todo tipo de material audiovisual para apoyar la presentaci\u00f3n.<\/p>\n\n\n\n<p>El plazo de recepci\u00f3n de los proyectos participantes finaliza el 14 de octubre de 2022. En la siguiente semana, un Jurado Nacional independiente, elegir\u00e1, en virtud de los criterios recogidos en el reglamento interno, los vencedores de las 4 categor\u00edas siguientes:<\/p>\n\n\n\n<ul><li>Mejor Joven Agricultor<\/li><li>Mejor Joven Agricultor Sostenible<\/li><li>Mejor Joven Agricultor Innovador<\/li><li>Mejor Joven Agricultor del uso responsable del ATV.<\/li><\/ul>\n\n\n\n<p>Se valorar\u00e1 de forma especial:<\/p>\n\n\n\n<ul><li>El uso de nuevos know-how, nuevos m\u00e9todos o nuevas formas de tecnolog\u00eda en un sector particular o regi\u00f3n. La innovaci\u00f3n puede incluir m\u00e9todos de trabajo organizativo, la introducci\u00f3n de nuevas formas de tecnolog\u00eda o la adaptaci\u00f3n y modernizaci\u00f3n de tecnolog\u00eda tradicional.<\/li><li>La innovaci\u00f3n basada en la tierra puede incluir el uso de nuevas t\u00e9cnicas en un \u00e1rea geogr\u00e1fica donde no se haya utilizado antes.<\/li><li>Transferencia de innovaci\u00f3n. La innovaci\u00f3n no debe estar limitada a una sola explotaci\u00f3n, sino tambi\u00e9n debe tener un impacto o efecto en todas las partes interesadas del mismo sector de producci\u00f3n, regi\u00f3n o \u00e1rea relacionada con el resto de las actividades econ\u00f3micas. La innovaci\u00f3n no solamente afecta a la producci\u00f3n de la explotaci\u00f3n, sino tambi\u00e9n al paquete de productos, canales de distribuci\u00f3n y m\u00e9todos de exportaci\u00f3n para los productos agroalimentarios.<\/li><li>Innovaci\u00f3n sostenible. La innovaci\u00f3n debe ser econ\u00f3mica y socialmente viable y debe perdurar en el tiempo a medio y largo plazo.<\/li><\/ul>\n\n\n\n<p>En la \u00faltima semana de octubre el jurado dar\u00e1 a conocer, en un acto p\u00fablico, el fallo de sus deliberaciones. Al margen de los 4 ganadores del premio nacional el jurado seleccionar\u00e1 otros 6 j\u00f3venes finalistas que podr\u00e1n asistir a la VII edici\u00f3n del Congreso Europeo de J\u00f3venes Agricultores.<\/p>\n\n\n\n<p>El ganador del premio a la categor\u00eda \u201cmejor Joven Agricultor\u201d representar\u00e1 con su proyecto a Espa\u00f1a en la convocatoria europea. La ceremonia de concesi\u00f3n de los premios europeos se desarrollar\u00e1 en la sede del Parlamento Europeo en el marco de una Conferencia de alto nivel sobre J\u00f3venes Agricultores que se celebrar\u00e1 en Bruselas el 8 de diciembre y en la que participar\u00e1n varios centenares de j\u00f3venes agricultores y ganaderos del conjunto de la UE. Adem\u00e1s, el  \u201cMejor Joven Agricultor del uso responsable del ATV\u201d, ser\u00e1 premiado con un Yamaha Kodiak 450. <\/p>\n\n\n\n<p>Las bases del certamen se pueden consultar <a href=\"https:\/\/www.asaja.com\/files\/noticia\/15092022141454_premios-2022-2.pdf\">aqu\u00ed<\/a>.<\/p>\n","protected":false},"excerpt":{"rendered":"<p>Con el fin de promocionar y difundir el trabajo que desarrollan los j\u00f3venes agricultores de los 28 estados miembro de la UE, el Parlamento Europeo organiza la VII Convocatoria de los Galardones Europeos a la Innovaci\u00f3n y la Sostenibilidad en el sector agrario, con el apoyo de ASAJA. Los candidatos pueden presentar sus solicitudes hasta [&hellip;]<\/p>\n","protected":false},"author":9,"featured_media":11500,"comment_status":"open","ping_status":"open","sticky":false,"template":"","format":"standard","meta":{"footnotes":""},"categories":[9,29,28],"tags":[],"yoast_head":"<!-- This site is optimized with the Yoast SEO plugin v24.5 - https:\/\/yoast.com\/wordpress\/plugins\/seo\/ -->\n<title>Convocados los premios Joven Agricultor 2022 - ASAJA Palencia<\/title>\n<meta name=\"description\" content=\"Con el fin de promocionar y difundir el trabajo que desarrollan los j\u00f3venes agricultores de los 28 estados miembro de la UE, el Parlamento Europeo\" \/>\n<meta name=\"robots\" content=\"index, follow, max-snippet:-1, max-image-preview:large, max-video-preview:-1\" \/>\n<link rel=\"canonical\" href=\"https:\/\/www.asajacyl.com\/palencia\/asaja-palencia-informa\/convocados-los-premios-joven-agricultor-2022\" \/>\n<meta property=\"og:locale\" content=\"es_ES\" \/>\n<meta property=\"og:type\" content=\"article\" \/>\n<meta property=\"og:title\" content=\"Convocados los premios Joven Agricultor 2022 - ASAJA Palencia\" \/>\n<meta property=\"og:description\" content=\"Con el fin de promocionar y difundir el trabajo que desarrollan los j\u00f3venes agricultores de los 28 estados miembro de la UE, el Parlamento Europeo\" \/>\n<meta property=\"og:url\" content=\"https:\/\/www.asajacyl.com\/palencia\/asaja-palencia-informa\/convocados-los-premios-joven-agricultor-2022\" \/>\n<meta property=\"og:site_name\" content=\"ASAJA Palencia\" \/>\n<meta property=\"article:published_time\" content=\"2022-09-29T05:51:00+00:00\" \/>\n<meta property=\"article:modified_time\" content=\"2022-10-04T07:25:05+00:00\" \/>\n<meta property=\"og:image\" content=\"https:\/\/www.asajacyl.com\/palencia\/wp-content\/uploads\/sites\/3\/2022\/09\/premios-joven-agricultor-724x1024-1.jpg\" \/>\n\t<meta property=\"og:image:width\" content=\"724\" \/>\n\t<meta property=\"og:image:height\" content=\"1024\" \/>\n\t<meta property=\"og:image:type\" content=\"image\/jpeg\" \/>\n<meta name=\"author\" content=\"Administrador\" \/>\n<meta name=\"twitter:card\" content=\"summary_large_image\" \/>\n<meta name=\"twitter:label1\" content=\"Escrito por\" \/>\n\t<meta name=\"twitter:data1\" content=\"Administrador\" \/>\n\t<meta name=\"twitter:label2\" content=\"Tiempo de lectura\" \/>\n\t<meta name=\"twitter:data2\" content=\"3 minutos\" \/>\n<script type=\"application\/ld+json\" class=\"yoast-schema-graph\">{\"@context\":\"https:\/\/schema.org\",\"@graph\":[{\"@type\":\"WebPage\",\"@id\":\"https:\/\/www.asajacyl.com\/palencia\/asaja-palencia-informa\/convocados-los-premios-joven-agricultor-2022\",\"url\":\"https:\/\/www.asajacyl.com\/palencia\/asaja-palencia-informa\/convocados-los-premios-joven-agricultor-2022\",\"name\":\"Convocados los premios Joven Agricultor 2022 - ASAJA Palencia\",\"isPartOf\":{\"@id\":\"https:\/\/www.asajacyl.com\/palencia\/#website\"},\"primaryImageOfPage\":{\"@id\":\"https:\/\/www.asajacyl.com\/palencia\/asaja-palencia-informa\/convocados-los-premios-joven-agricultor-2022#primaryimage\"},\"image\":{\"@id\":\"https:\/\/www.asajacyl.com\/palencia\/asaja-palencia-informa\/convocados-los-premios-joven-agricultor-2022#primaryimage\"},\"thumbnailUrl\":\"https:\/\/www.asajacyl.com\/palencia\/wp-content\/uploads\/sites\/3\/2022\/09\/premios-joven-agricultor-724x1024-1.jpg\",\"datePublished\":\"2022-09-29T05:51:00+00:00\",\"dateModified\":\"2022-10-04T07:25:05+00:00\",\"author\":{\"@id\":\"https:\/\/www.asajacyl.com\/palencia\/#\/schema\/person\/3ab17aeb03527485c317557fae64aab1\"},\"description\":\"Con el fin de promocionar y difundir el trabajo que desarrollan los j\u00f3venes agricultores de los 28 estados miembro de la UE, el Parlamento Europeo\",\"breadcrumb\":{\"@id\":\"https:\/\/www.asajacyl.com\/palencia\/asaja-palencia-informa\/convocados-los-premios-joven-agricultor-2022#breadcrumb\"},\"inLanguage\":\"es\",\"potentialAction\":[{\"@type\":\"ReadAction\",\"target\":[\"https:\/\/www.asajacyl.com\/palencia\/asaja-palencia-informa\/convocados-los-premios-joven-agricultor-2022\"]}]},{\"@type\":\"ImageObject\",\"inLanguage\":\"es\",\"@id\":\"https:\/\/www.asajacyl.com\/palencia\/asaja-palencia-informa\/convocados-los-premios-joven-agricultor-2022#primaryimage\",\"url\":\"https:\/\/www.asajacyl.com\/palencia\/wp-content\/uploads\/sites\/3\/2022\/09\/premios-joven-agricultor-724x1024-1.jpg\",\"contentUrl\":\"https:\/\/www.asajacyl.com\/palencia\/wp-content\/uploads\/sites\/3\/2022\/09\/premios-joven-agricultor-724x1024-1.jpg\",\"width\":724,\"height\":1024},{\"@type\":\"BreadcrumbList\",\"@id\":\"https:\/\/www.asajacyl.com\/palencia\/asaja-palencia-informa\/convocados-los-premios-joven-agricultor-2022#breadcrumb\",\"itemListElement\":[{\"@type\":\"ListItem\",\"position\":1,\"name\":\"Portada\",\"item\":\"https:\/\/www.asajacyl.com\/palencia\/\"},{\"@type\":\"ListItem\",\"position\":2,\"name\":\"Convocados los premios Joven Agricultor 2022\"}]},{\"@type\":\"WebSite\",\"@id\":\"https:\/\/www.asajacyl.com\/palencia\/#website\",\"url\":\"https:\/\/www.asajacyl.com\/palencia\/\",\"name\":\"ASAJA Palencia\",\"description\":\"Otro sitio m\u00e1s de Provincias ASAJA Castilla y Le\u00f3n\",\"potentialAction\":[{\"@type\":\"SearchAction\",\"target\":{\"@type\":\"EntryPoint\",\"urlTemplate\":\"https:\/\/www.asajacyl.com\/palencia\/?s={search_term_string}\"},\"query-input\":{\"@type\":\"PropertyValueSpecification\",\"valueRequired\":true,\"valueName\":\"search_term_string\"}}],\"inLanguage\":\"es\"},{\"@type\":\"Person\",\"@id\":\"https:\/\/www.asajacyl.com\/palencia\/#\/schema\/person\/3ab17aeb03527485c317557fae64aab1\",\"name\":\"Administrador\",\"image\":{\"@type\":\"ImageObject\",\"inLanguage\":\"es\",\"@id\":\"https:\/\/www.asajacyl.com\/palencia\/#\/schema\/person\/image\/\",\"url\":\"https:\/\/secure.gravatar.com\/avatar\/517384810d242ca9e38c180f3c9fb973?s=96&d=mm&r=g\",\"contentUrl\":\"https:\/\/secure.gravatar.com\/avatar\/517384810d242ca9e38c180f3c9fb973?s=96&d=mm&r=g\",\"caption\":\"Administrador\"},\"url\":\"https:\/\/www.asajacyl.com\/palencia\/author\/carlosrm\"}]}<\/script>\n<!-- \/ Yoast SEO plugin. -->","yoast_head_json":{"title":"Convocados los premios Joven Agricultor 2022 - ASAJA Palencia","description":"Con el fin de promocionar y difundir el trabajo que desarrollan los j\u00f3venes agricultores de los 28 estados miembro de la UE, el Parlamento Europeo","robots":{"index":"index","follow":"follow","max-snippet":"max-snippet:-1","max-image-preview":"max-image-preview:large","max-video-preview":"max-video-preview:-1"},"canonical":"https:\/\/www.asajacyl.com\/palencia\/asaja-palencia-informa\/convocados-los-premios-joven-agricultor-2022","og_locale":"es_ES","og_type":"article","og_title":"Convocados los premios Joven Agricultor 2022 - ASAJA Palencia","og_description":"Con el fin de promocionar y difundir el trabajo que desarrollan los j\u00f3venes agricultores de los 28 estados miembro de la UE, el Parlamento Europeo","og_url":"https:\/\/www.asajacyl.com\/palencia\/asaja-palencia-informa\/convocados-los-premios-joven-agricultor-2022","og_site_name":"ASAJA Palencia","article_published_time":"2022-09-29T05:51:00+00:00","article_modified_time":"2022-10-04T07:25:05+00:00","og_image":[{"width":724,"height":1024,"url":"https:\/\/www.asajacyl.com\/palencia\/wp-content\/uploads\/sites\/3\/2022\/09\/premios-joven-agricultor-724x1024-1.jpg","type":"image\/jpeg"}],"author":"Administrador","twitter_card":"summary_large_image","twitter_misc":{"Escrito por":"Administrador","Tiempo de lectura":"3 minutos"},"schema":{"@context":"https:\/\/schema.org","@graph":[{"@type":"WebPage","@id":"https:\/\/www.asajacyl.com\/palencia\/asaja-palencia-informa\/convocados-los-premios-joven-agricultor-2022","url":"https:\/\/www.asajacyl.com\/palencia\/asaja-palencia-informa\/convocados-los-premios-joven-agricultor-2022","name":"Convocados los premios Joven Agricultor 2022 - ASAJA Palencia","isPartOf":{"@id":"https:\/\/www.asajacyl.com\/palencia\/#website"},"primaryImageOfPage":{"@id":"https:\/\/www.asajacyl.com\/palencia\/asaja-palencia-informa\/convocados-los-premios-joven-agricultor-2022#primaryimage"},"image":{"@id":"https:\/\/www.asajacyl.com\/palencia\/asaja-palencia-informa\/convocados-los-premios-joven-agricultor-2022#primaryimage"},"thumbnailUrl":"https:\/\/www.asajacyl.com\/palencia\/wp-content\/uploads\/sites\/3\/2022\/09\/premios-joven-agricultor-724x1024-1.jpg","datePublished":"2022-09-29T05:51:00+00:00","dateModified":"2022-10-04T07:25:05+00:00","author":{"@id":"https:\/\/www.asajacyl.com\/palencia\/#\/schema\/person\/3ab17aeb03527485c317557fae64aab1"},"description":"Con el fin de promocionar y difundir el trabajo que desarrollan los j\u00f3venes agricultores de los 28 estados miembro de la UE, el Parlamento Europeo","breadcrumb":{"@id":"https:\/\/www.asajacyl.com\/palencia\/asaja-palencia-informa\/convocados-los-premios-joven-agricultor-2022#breadcrumb"},"inLanguage":"es","potentialAction":[{"@type":"ReadAction","target":["https:\/\/www.asajacyl.com\/palencia\/asaja-palencia-informa\/convocados-los-premios-joven-agricultor-2022"]}]},{"@type":"ImageObject","inLanguage":"es","@id":"https:\/\/www.asajacyl.com\/palencia\/asaja-palencia-informa\/convocados-los-premios-joven-agricultor-2022#primaryimage","url":"https:\/\/www.asajacyl.com\/palencia\/wp-content\/uploads\/sites\/3\/2022\/09\/premios-joven-agricultor-724x1024-1.jpg","contentUrl":"https:\/\/www.asajacyl.com\/palencia\/wp-content\/uploads\/sites\/3\/2022\/09\/premios-joven-agricultor-724x1024-1.jpg","width":724,"height":1024},{"@type":"BreadcrumbList","@id":"https:\/\/www.asajacyl.com\/palencia\/asaja-palencia-informa\/convocados-los-premios-joven-agricultor-2022#breadcrumb","itemListElement":[{"@type":"ListItem","position":1,"name":"Portada","item":"https:\/\/www.asajacyl.com\/palencia\/"},{"@type":"ListItem","position":2,"name":"Convocados los premios Joven Agricultor 2022"}]},{"@type":"WebSite","@id":"https:\/\/www.asajacyl.com\/palencia\/#website","url":"https:\/\/www.asajacyl.com\/palencia\/","name":"ASAJA Palencia","description":"Otro sitio m\u00e1s de Provincias ASAJA Castilla y Le\u00f3n","potentialAction":[{"@type":"SearchAction","target":{"@type":"EntryPoint","urlTemplate":"https:\/\/www.asajacyl.com\/palencia\/?s={search_term_string}"},"query-input":{"@type":"PropertyValueSpecification","valueRequired":true,"valueName":"search_term_string"}}],"inLanguage":"es"},{"@type":"Person","@id":"https:\/\/www.asajacyl.com\/palencia\/#\/schema\/person\/3ab17aeb03527485c317557fae64aab1","name":"Administrador","image":{"@type":"ImageObject","inLanguage":"es","@id":"https:\/\/www.asajacyl.com\/palencia\/#\/schema\/person\/image\/","url":"https:\/\/secure.gravatar.com\/avatar\/517384810d242ca9e38c180f3c9fb973?s=96&d=mm&r=g","contentUrl":"https:\/\/secure.gravatar.com\/avatar\/517384810d242ca9e38c180f3c9fb973?s=96&d=mm&r=g","caption":"Administrador"},"url":"https:\/\/www.asajacyl.com\/palencia\/author\/carlosrm"}]}},"_links":{"self":[{"href":"https:\/\/www.asajacyl.com\/palencia\/wp-json\/wp\/v2\/posts\/11499"}],"collection":[{"href":"https:\/\/www.asajacyl.com\/palencia\/wp-json\/wp\/v2\/posts"}],"about":[{"href":"https:\/\/www.asajacyl.com\/palencia\/wp-json\/wp\/v2\/types\/post"}],"author":[{"embeddable":true,"href":"https:\/\/www.asajacyl.com\/palencia\/wp-json\/wp\/v2\/users\/9"}],"replies":[{"embeddable":true,"href":"https:\/\/www.asajacyl.com\/palencia\/wp-json\/wp\/v2\/comments?post=11499"}],"version-history":[{"count":2,"href":"https:\/\/www.asajacyl.com\/palencia\/wp-json\/wp\/v2\/posts\/11499\/revisions"}],"predecessor-version":[{"id":11521,"href":"https:\/\/www.asajacyl.com\/palencia\/wp-json\/wp\/v2\/posts\/11499\/revisions\/11521"}],"wp:featuredmedia":[{"embeddable":true,"href":"https:\/\/www.asajacyl.com\/palencia\/wp-json\/wp\/v2\/media\/11500"}],"wp:attachment":[{"href":"https:\/\/www.asajacyl.com\/palencia\/wp-json\/wp\/v2\/media?parent=11499"}],"wp:term":[{"taxonomy":"category","embeddable":true,"href":"https:\/\/www.asajacyl.com\/palencia\/wp-json\/wp\/v2\/categories?post=11499"},{"taxonomy":"post_tag","embeddable":true,"href":"https:\/\/www.asajacyl.com\/palencia\/wp-json\/wp\/v2\/tags?post=11499"}],"curies":[{"name":"wp","href":"https:\/\/api.w.org\/{rel}","templated":true}]}}