{"id":11504,"date":"2022-10-12T07:40:00","date_gmt":"2022-10-12T05:40:00","guid":{"rendered":"https:\/\/www.asajacyl.com\/palencia\/?p=11504"},"modified":"2022-10-05T09:49:09","modified_gmt":"2022-10-05T07:49:09","slug":"pedro-gallardo-accede-a-la-segunda-vicepresidencia-del-copa","status":"publish","type":"post","link":"https:\/\/www.asajacyl.com\/palencia\/asaja-palencia-informa\/pedro-gallardo-accede-a-la-segunda-vicepresidencia-del-copa","title":{"rendered":"Pedro Gallardo accede a la segunda vicepresidencia del COPA"},"content":{"rendered":"\n<p>En un momento clave de la democracia interna, el COPA, organismo representativo de los agricultores europeos, vot\u00f3 hoy su nueva presidencia. Christiane Lambert (FNSEA, Francia) fue reelegida por unanimidad para un segundo mandato de dos a\u00f1os, el primero en m\u00e1s de 15 a\u00f1os. Junto a ella, fueron elegidos seis vicepresidentes: Massimiliano Giansanti (Confagricoltura, Italia), Pedro Gallardo (ASAJA, Espa\u00f1a), Mladen Jakopovic (HPK, Croacia), Tim Cullinan (IFA, Irlanda), Marius Mihai Micu (AAC , Ruman\u00eda) y Palie Borgstrom (LRF, Suecia).<\/p>\n\n\n\n<p>Tras el anuncio de su reelecci\u00f3n, Christiane Lambert dijo: \u00abMe gustar\u00eda agradecer a todos mis colegas su confianza y su elecci\u00f3n de continuidad al volver a nombrarme para un segundo mandato al frente del COPA. Con la experiencia de mi primer mandato, soy especialmente consciente de los retos que se presentar\u00e1n en los pr\u00f3ximos dos a\u00f1os. Tendremos que hacer frente a m\u00faltiples crisis derivadas de la guerra de Ucrania, el cambio clim\u00e1tico o las tensiones hist\u00f3ricas en los precios de la energ\u00eda. As\u00ed mismo, el Pacto Verde entrar\u00e1 en su fase cr\u00edtica y la vigilancia ser\u00e1 clave para no entorpecer la adaptaci\u00f3n y modernizaci\u00f3n del sector agr\u00edcola de la UE. En este contexto, tengo la intenci\u00f3n de mantener el rumbo: la agricultura de la UE tiene la capacidad y el deber de seguir su modelo de crecimiento sostenible. La crisis de Covid y la guerra en Ucrania han fortalecido mi convicci\u00f3n de que solo conciliando estas ambiciones podemos preservar una agricultura productiva, innovadora y resistente. Durante mi primer mandato, conseguimos que la seguridad alimentaria volviera a estar en el orden del d\u00eda. Me asegurar\u00e9 de que este tema siga estando en el centro de las decisiones europeas y de que los agricultores sean suficientemente reconocidos y considerados por los responsables de la toma de decisiones\u00bb.<\/p>\n\n\n\n<p>Durante su primer mandato, la Presidenta de la FNSEA y COPA ha logrado construir un equipo s\u00f3lido y comprometido para abordar los m\u00faltiples temas agr\u00edcolas y pol\u00edticas p\u00fablicas que se debaten en Bruselas. De los seis vicepresidentes designados, cinco de ellos fueron reelegidos. El equipo de Presidencia de la COPA se vio reforzado por Marius Micu de Ruman\u00eda. Los miembros de la Presidencia de la COPA son agricultores comprometidos a nivel nacional y son representativos de la diversidad de la producci\u00f3n y las pr\u00e1cticas agr\u00edcolas europeas.<\/p>\n","protected":false},"excerpt":{"rendered":"<p>En un momento clave de la democracia interna, el COPA, organismo representativo de los agricultores europeos, vot\u00f3 hoy su nueva presidencia. Christiane Lambert (FNSEA, Francia) fue reelegida por unanimidad para un segundo mandato de dos a\u00f1os, el primero en m\u00e1s de 15 a\u00f1os. Junto a ella, fueron elegidos seis vicepresidentes: Massimiliano Giansanti (Confagricoltura, Italia), Pedro [&hellip;]<\/p>\n","protected":false},"author":9,"featured_media":11505,"comment_status":"open","ping_status":"open","sticky":false,"template":"","format":"standard","meta":{"footnotes":""},"categories":[9,29,28],"tags":[],"yoast_head":"<!-- This site is optimized with the Yoast SEO plugin v24.5 - https:\/\/yoast.com\/wordpress\/plugins\/seo\/ -->\n<title>Pedro Gallardo accede a la segunda vicepresidencia del COPA - ASAJA Palencia<\/title>\n<meta name=\"description\" content=\"En un momento clave de la democracia interna, el COPA, organismo representativo de los agricultores europeos, vot\u00f3 hoy su nueva presidencia. Christiane\" \/>\n<meta name=\"robots\" content=\"index, follow, max-snippet:-1, max-image-preview:large, max-video-preview:-1\" \/>\n<link rel=\"canonical\" href=\"https:\/\/www.asajacyl.com\/palencia\/asaja-palencia-informa\/pedro-gallardo-accede-a-la-segunda-vicepresidencia-del-copa\" \/>\n<meta property=\"og:locale\" content=\"es_ES\" \/>\n<meta property=\"og:type\" content=\"article\" \/>\n<meta property=\"og:title\" content=\"Pedro Gallardo accede a la segunda vicepresidencia del COPA - ASAJA Palencia\" \/>\n<meta property=\"og:description\" content=\"En un momento clave de la democracia interna, el COPA, organismo representativo de los agricultores europeos, vot\u00f3 hoy su nueva presidencia. Christiane\" \/>\n<meta property=\"og:url\" content=\"https:\/\/www.asajacyl.com\/palencia\/asaja-palencia-informa\/pedro-gallardo-accede-a-la-segunda-vicepresidencia-del-copa\" \/>\n<meta property=\"og:site_name\" content=\"ASAJA Palencia\" \/>\n<meta property=\"article:published_time\" content=\"2022-10-12T05:40:00+00:00\" \/>\n<meta property=\"og:image\" content=\"https:\/\/www.asajacyl.com\/palencia\/wp-content\/uploads\/sites\/3\/2022\/09\/COPA.jpg\" \/>\n\t<meta property=\"og:image:width\" content=\"1662\" \/>\n\t<meta property=\"og:image:height\" content=\"891\" \/>\n\t<meta property=\"og:image:type\" content=\"image\/jpeg\" \/>\n<meta name=\"author\" content=\"Administrador\" \/>\n<meta name=\"twitter:card\" content=\"summary_large_image\" \/>\n<meta name=\"twitter:label1\" content=\"Escrito por\" \/>\n\t<meta name=\"twitter:data1\" content=\"Administrador\" \/>\n\t<meta name=\"twitter:label2\" content=\"Tiempo de lectura\" \/>\n\t<meta name=\"twitter:data2\" content=\"2 minutos\" \/>\n<script type=\"application\/ld+json\" class=\"yoast-schema-graph\">{\"@context\":\"https:\/\/schema.org\",\"@graph\":[{\"@type\":\"WebPage\",\"@id\":\"https:\/\/www.asajacyl.com\/palencia\/asaja-palencia-informa\/pedro-gallardo-accede-a-la-segunda-vicepresidencia-del-copa\",\"url\":\"https:\/\/www.asajacyl.com\/palencia\/asaja-palencia-informa\/pedro-gallardo-accede-a-la-segunda-vicepresidencia-del-copa\",\"name\":\"Pedro Gallardo accede a la segunda vicepresidencia del COPA - ASAJA Palencia\",\"isPartOf\":{\"@id\":\"https:\/\/www.asajacyl.com\/palencia\/#website\"},\"primaryImageOfPage\":{\"@id\":\"https:\/\/www.asajacyl.com\/palencia\/asaja-palencia-informa\/pedro-gallardo-accede-a-la-segunda-vicepresidencia-del-copa#primaryimage\"},\"image\":{\"@id\":\"https:\/\/www.asajacyl.com\/palencia\/asaja-palencia-informa\/pedro-gallardo-accede-a-la-segunda-vicepresidencia-del-copa#primaryimage\"},\"thumbnailUrl\":\"https:\/\/www.asajacyl.com\/palencia\/wp-content\/uploads\/sites\/3\/2022\/09\/COPA.jpg\",\"datePublished\":\"2022-10-12T05:40:00+00:00\",\"author\":{\"@id\":\"https:\/\/www.asajacyl.com\/palencia\/#\/schema\/person\/3ab17aeb03527485c317557fae64aab1\"},\"description\":\"En un momento clave de la democracia interna, el COPA, organismo representativo de los agricultores europeos, vot\u00f3 hoy su nueva presidencia. Christiane\",\"breadcrumb\":{\"@id\":\"https:\/\/www.asajacyl.com\/palencia\/asaja-palencia-informa\/pedro-gallardo-accede-a-la-segunda-vicepresidencia-del-copa#breadcrumb\"},\"inLanguage\":\"es\",\"potentialAction\":[{\"@type\":\"ReadAction\",\"target\":[\"https:\/\/www.asajacyl.com\/palencia\/asaja-palencia-informa\/pedro-gallardo-accede-a-la-segunda-vicepresidencia-del-copa\"]}]},{\"@type\":\"ImageObject\",\"inLanguage\":\"es\",\"@id\":\"https:\/\/www.asajacyl.com\/palencia\/asaja-palencia-informa\/pedro-gallardo-accede-a-la-segunda-vicepresidencia-del-copa#primaryimage\",\"url\":\"https:\/\/www.asajacyl.com\/palencia\/wp-content\/uploads\/sites\/3\/2022\/09\/COPA.jpg\",\"contentUrl\":\"https:\/\/www.asajacyl.com\/palencia\/wp-content\/uploads\/sites\/3\/2022\/09\/COPA.jpg\",\"width\":1662,\"height\":891},{\"@type\":\"BreadcrumbList\",\"@id\":\"https:\/\/www.asajacyl.com\/palencia\/asaja-palencia-informa\/pedro-gallardo-accede-a-la-segunda-vicepresidencia-del-copa#breadcrumb\",\"itemListElement\":[{\"@type\":\"ListItem\",\"position\":1,\"name\":\"Portada\",\"item\":\"https:\/\/www.asajacyl.com\/palencia\/\"},{\"@type\":\"ListItem\",\"position\":2,\"name\":\"Pedro Gallardo accede a la segunda vicepresidencia del COPA\"}]},{\"@type\":\"WebSite\",\"@id\":\"https:\/\/www.asajacyl.com\/palencia\/#website\",\"url\":\"https:\/\/www.asajacyl.com\/palencia\/\",\"name\":\"ASAJA Palencia\",\"description\":\"Otro sitio m\u00e1s de Provincias ASAJA Castilla y Le\u00f3n\",\"potentialAction\":[{\"@type\":\"SearchAction\",\"target\":{\"@type\":\"EntryPoint\",\"urlTemplate\":\"https:\/\/www.asajacyl.com\/palencia\/?s={search_term_string}\"},\"query-input\":{\"@type\":\"PropertyValueSpecification\",\"valueRequired\":true,\"valueName\":\"search_term_string\"}}],\"inLanguage\":\"es\"},{\"@type\":\"Person\",\"@id\":\"https:\/\/www.asajacyl.com\/palencia\/#\/schema\/person\/3ab17aeb03527485c317557fae64aab1\",\"name\":\"Administrador\",\"image\":{\"@type\":\"ImageObject\",\"inLanguage\":\"es\",\"@id\":\"https:\/\/www.asajacyl.com\/palencia\/#\/schema\/person\/image\/\",\"url\":\"https:\/\/secure.gravatar.com\/avatar\/517384810d242ca9e38c180f3c9fb973?s=96&d=mm&r=g\",\"contentUrl\":\"https:\/\/secure.gravatar.com\/avatar\/517384810d242ca9e38c180f3c9fb973?s=96&d=mm&r=g\",\"caption\":\"Administrador\"},\"url\":\"https:\/\/www.asajacyl.com\/palencia\/author\/carlosrm\"}]}<\/script>\n<!-- \/ Yoast SEO plugin. -->","yoast_head_json":{"title":"Pedro Gallardo accede a la segunda vicepresidencia del COPA - ASAJA Palencia","description":"En un momento clave de la democracia interna, el COPA, organismo representativo de los agricultores europeos, vot\u00f3 hoy su nueva presidencia. Christiane","robots":{"index":"index","follow":"follow","max-snippet":"max-snippet:-1","max-image-preview":"max-image-preview:large","max-video-preview":"max-video-preview:-1"},"canonical":"https:\/\/www.asajacyl.com\/palencia\/asaja-palencia-informa\/pedro-gallardo-accede-a-la-segunda-vicepresidencia-del-copa","og_locale":"es_ES","og_type":"article","og_title":"Pedro Gallardo accede a la segunda vicepresidencia del COPA - ASAJA Palencia","og_description":"En un momento clave de la democracia interna, el COPA, organismo representativo de los agricultores europeos, vot\u00f3 hoy su nueva presidencia. Christiane","og_url":"https:\/\/www.asajacyl.com\/palencia\/asaja-palencia-informa\/pedro-gallardo-accede-a-la-segunda-vicepresidencia-del-copa","og_site_name":"ASAJA Palencia","article_published_time":"2022-10-12T05:40:00+00:00","og_image":[{"width":1662,"height":891,"url":"https:\/\/www.asajacyl.com\/palencia\/wp-content\/uploads\/sites\/3\/2022\/09\/COPA.jpg","type":"image\/jpeg"}],"author":"Administrador","twitter_card":"summary_large_image","twitter_misc":{"Escrito por":"Administrador","Tiempo de lectura":"2 minutos"},"schema":{"@context":"https:\/\/schema.org","@graph":[{"@type":"WebPage","@id":"https:\/\/www.asajacyl.com\/palencia\/asaja-palencia-informa\/pedro-gallardo-accede-a-la-segunda-vicepresidencia-del-copa","url":"https:\/\/www.asajacyl.com\/palencia\/asaja-palencia-informa\/pedro-gallardo-accede-a-la-segunda-vicepresidencia-del-copa","name":"Pedro Gallardo accede a la segunda vicepresidencia del COPA - ASAJA Palencia","isPartOf":{"@id":"https:\/\/www.asajacyl.com\/palencia\/#website"},"primaryImageOfPage":{"@id":"https:\/\/www.asajacyl.com\/palencia\/asaja-palencia-informa\/pedro-gallardo-accede-a-la-segunda-vicepresidencia-del-copa#primaryimage"},"image":{"@id":"https:\/\/www.asajacyl.com\/palencia\/asaja-palencia-informa\/pedro-gallardo-accede-a-la-segunda-vicepresidencia-del-copa#primaryimage"},"thumbnailUrl":"https:\/\/www.asajacyl.com\/palencia\/wp-content\/uploads\/sites\/3\/2022\/09\/COPA.jpg","datePublished":"2022-10-12T05:40:00+00:00","author":{"@id":"https:\/\/www.asajacyl.com\/palencia\/#\/schema\/person\/3ab17aeb03527485c317557fae64aab1"},"description":"En un momento clave de la democracia interna, el COPA, organismo representativo de los agricultores europeos, vot\u00f3 hoy su nueva presidencia. Christiane","breadcrumb":{"@id":"https:\/\/www.asajacyl.com\/palencia\/asaja-palencia-informa\/pedro-gallardo-accede-a-la-segunda-vicepresidencia-del-copa#breadcrumb"},"inLanguage":"es","potentialAction":[{"@type":"ReadAction","target":["https:\/\/www.asajacyl.com\/palencia\/asaja-palencia-informa\/pedro-gallardo-accede-a-la-segunda-vicepresidencia-del-copa"]}]},{"@type":"ImageObject","inLanguage":"es","@id":"https:\/\/www.asajacyl.com\/palencia\/asaja-palencia-informa\/pedro-gallardo-accede-a-la-segunda-vicepresidencia-del-copa#primaryimage","url":"https:\/\/www.asajacyl.com\/palencia\/wp-content\/uploads\/sites\/3\/2022\/09\/COPA.jpg","contentUrl":"https:\/\/www.asajacyl.com\/palencia\/wp-content\/uploads\/sites\/3\/2022\/09\/COPA.jpg","width":1662,"height":891},{"@type":"BreadcrumbList","@id":"https:\/\/www.asajacyl.com\/palencia\/asaja-palencia-informa\/pedro-gallardo-accede-a-la-segunda-vicepresidencia-del-copa#breadcrumb","itemListElement":[{"@type":"ListItem","position":1,"name":"Portada","item":"https:\/\/www.asajacyl.com\/palencia\/"},{"@type":"ListItem","position":2,"name":"Pedro Gallardo accede a la segunda vicepresidencia del COPA"}]},{"@type":"WebSite","@id":"https:\/\/www.asajacyl.com\/palencia\/#website","url":"https:\/\/www.asajacyl.com\/palencia\/","name":"ASAJA Palencia","description":"Otro sitio m\u00e1s de Provincias ASAJA Castilla y Le\u00f3n","potentialAction":[{"@type":"SearchAction","target":{"@type":"EntryPoint","urlTemplate":"https:\/\/www.asajacyl.com\/palencia\/?s={search_term_string}"},"query-input":{"@type":"PropertyValueSpecification","valueRequired":true,"valueName":"search_term_string"}}],"inLanguage":"es"},{"@type":"Person","@id":"https:\/\/www.asajacyl.com\/palencia\/#\/schema\/person\/3ab17aeb03527485c317557fae64aab1","name":"Administrador","image":{"@type":"ImageObject","inLanguage":"es","@id":"https:\/\/www.asajacyl.com\/palencia\/#\/schema\/person\/image\/","url":"https:\/\/secure.gravatar.com\/avatar\/517384810d242ca9e38c180f3c9fb973?s=96&d=mm&r=g","contentUrl":"https:\/\/secure.gravatar.com\/avatar\/517384810d242ca9e38c180f3c9fb973?s=96&d=mm&r=g","caption":"Administrador"},"url":"https:\/\/www.asajacyl.com\/palencia\/author\/carlosrm"}]}},"_links":{"self":[{"href":"https:\/\/www.asajacyl.com\/palencia\/wp-json\/wp\/v2\/posts\/11504"}],"collection":[{"href":"https:\/\/www.asajacyl.com\/palencia\/wp-json\/wp\/v2\/posts"}],"about":[{"href":"https:\/\/www.asajacyl.com\/palencia\/wp-json\/wp\/v2\/types\/post"}],"author":[{"embeddable":true,"href":"https:\/\/www.asajacyl.com\/palencia\/wp-json\/wp\/v2\/users\/9"}],"replies":[{"embeddable":true,"href":"https:\/\/www.asajacyl.com\/palencia\/wp-json\/wp\/v2\/comments?post=11504"}],"version-history":[{"count":1,"href":"https:\/\/www.asajacyl.com\/palencia\/wp-json\/wp\/v2\/posts\/11504\/revisions"}],"predecessor-version":[{"id":11506,"href":"https:\/\/www.asajacyl.com\/palencia\/wp-json\/wp\/v2\/posts\/11504\/revisions\/11506"}],"wp:featuredmedia":[{"embeddable":true,"href":"https:\/\/www.asajacyl.com\/palencia\/wp-json\/wp\/v2\/media\/11505"}],"wp:attachment":[{"href":"https:\/\/www.asajacyl.com\/palencia\/wp-json\/wp\/v2\/media?parent=11504"}],"wp:term":[{"taxonomy":"category","embeddable":true,"href":"https:\/\/www.asajacyl.com\/palencia\/wp-json\/wp\/v2\/categories?post=11504"},{"taxonomy":"post_tag","embeddable":true,"href":"https:\/\/www.asajacyl.com\/palencia\/wp-json\/wp\/v2\/tags?post=11504"}],"curies":[{"name":"wp","href":"https:\/\/api.w.org\/{rel}","templated":true}]}}