{"id":11507,"date":"2022-10-04T10:41:23","date_gmt":"2022-10-04T08:41:23","guid":{"rendered":"https:\/\/www.asajacyl.com\/palencia\/?p=11507"},"modified":"2022-10-04T10:41:24","modified_gmt":"2022-10-04T08:41:24","slug":"finaliza-una-campana-de-riego-estresante-para-los-regantes-y-mala-para-las-producciones","status":"publish","type":"post","link":"https:\/\/www.asajacyl.com\/palencia\/asaja-palencia-informa\/finaliza-una-campana-de-riego-estresante-para-los-regantes-y-mala-para-las-producciones","title":{"rendered":"Finaliza una campa\u00f1a de riego estresante para los regantes y mala para las producciones"},"content":{"rendered":"\n<p>Los indicadores manejados por la CHD revelan que en agosto la situaci\u00f3n, tanto del sistema Carri\u00f3n como del sistema Pisuerga, no es buena en Palencia. El \u00edndice de escasez de agosto muestra a nuestros sistemas en \u201cemergencia\u201d, que es la peor de las posibilidades del \u00edndice. El Carri\u00f3n ya estaba en \u201cemergencia\u201d y el Pisuerga ha empeorado su situaci\u00f3n, pasando de \u201calerta\u201d a \u201cemergencia\u201d. A su vez, se contin\u00faan marcando ambos sistemas en \u201csequ\u00eda prolongada\u201d, algo l\u00f3gico con la continua falta de precipitaciones existentes en nuestra provincia el \u00faltimo a\u00f1o, algo que conllev\u00f3 la declaraci\u00f3n de \u201csituaci\u00f3n especial por sequ\u00eda extraordinaria\u201d finalizando la primavera.<\/p>\n\n\n\n<p>La Comisi\u00f3n de Desembalse fij\u00f3 como reserva 20 hm3 en el sistema Carri\u00f3n y 40 hm3 en el sistema Pisuerga. A d\u00eda 29 de septiembre los embalses del Carri\u00f3n est\u00e1n acopiando 27,5 hm3 y los del Pisuerga por su parte tienen recogidos 38,5 hm3, levemente por debajo de la reserva. La pluviometr\u00eda recogida en el a\u00f1o hidrol\u00f3gico en curso ha sido muy reducida, la precipitaci\u00f3n media de las comarcas de Cervera y Guardo superan los 900 mm pero en el embalse de Compuerto se han medido 718 mm y en el de Camporredondo \u00fanicamente 530 mm. En la parte del Pisuerga, en el embalse de Ruesga se han recogido 529 mm, en La Requejada 457 mm y en el de Aguilar s\u00f3lo 322 mm. La zona del embalse de La Requejada se asemeja a la media de El Cerrato y Campos y la de Aguilar y la del embalse de Aguilar es a\u00fan peor. La lluvia en las zonas regables tampoco ha sido la necesaria, con un a\u00f1o hidrol\u00f3gico por debajo de 400 mm en la casi totalidad de estaciones meteorol\u00f3gicas del ITACyL.<\/p>\n\n\n\n<p>Ante esta situaci\u00f3n, los regantes han tenido que apretarse el cintur\u00f3n, y mucho. Con unas dotaciones muy reducidas (3.500 m3\/ha en el Carri\u00f3n y 3.500 m3\/ha en el Pisuerga) han tenido que sacrificar la siembra de cultivos de primavera. Si un a\u00f1o normal se siembran unas 10.000 hect\u00e1reas de ma\u00edz, remolacha y patata, este a\u00f1o se ha llegado s\u00f3lo a las 6.000 hect\u00e1reas, que en su mayor\u00eda se han destinado a girasol. Adem\u00e1s, han existido cortes de agua prematuros, que han dejado a algunas comunidades sin agua pese a no haber cubierto su dotaci\u00f3n, unido a un excesivo calor, algo que ha redundado en p\u00e9rdidas de producci\u00f3n.<\/p>\n\n\n\n<p>Que haya que soportar a un Secretario de Estado, como lo es el denostado Hugo Mor\u00e1n, abogue por reducir el regad\u00edo es el colmo. Nuestra provincia tiene que apostar por conseguir la m\u00e1xima regulaci\u00f3n posible, no se puede dejar que el agua siga y\u00e9ndose al mar sin ser aprovechado. Los a\u00f1os en que llueve menos no deber\u00edan ser un problema si tuvi\u00e9ramos las suficientes infraestructuras para almacenarlo aquellos a\u00f1os en que llueve m\u00e1s y eso es algo que un pol\u00edtico de cierto nivel deber\u00eda ser capaz de entender.<\/p>\n\n\n\n<p>Para m\u00e1s inri, el poco agua que queda en la cuenca del Duero se ha tratado de enviar a Portugal, aludiendo al convenio de Albufeira. Para ello se ha estado desembalsando agua del embalse de Ria\u00f1o, motivo por el que se realiz\u00f3 una gran manifestaci\u00f3n en Le\u00f3n con la participaci\u00f3n de los regantes leoneses y palentinos afectados, ya que el trasvase Cea-Carri\u00f3n este a\u00f1o ha tra\u00eddo 72 hm3 a Palencia y todo el agua que guarde Ria\u00f1o para la siguiente campa\u00f1a es necesaria, tanto para Le\u00f3n como para Palencia.<\/p>\n\n\n\n<div class=\"wp-block-image\"><figure class=\"aligncenter size-large\"><img loading=\"lazy\" decoding=\"async\" width=\"1024\" height=\"768\" src=\"https:\/\/www.asajacyl.com\/palencia\/wp-content\/uploads\/sites\/3\/2022\/09\/MANIFESTACION-LEON-1024x768.jpg\" alt=\"\" class=\"wp-image-11509\" srcset=\"https:\/\/www.asajacyl.com\/palencia\/wp-content\/uploads\/sites\/3\/2022\/09\/MANIFESTACION-LEON-1024x768.jpg 1024w, https:\/\/www.asajacyl.com\/palencia\/wp-content\/uploads\/sites\/3\/2022\/09\/MANIFESTACION-LEON-300x225.jpg 300w, https:\/\/www.asajacyl.com\/palencia\/wp-content\/uploads\/sites\/3\/2022\/09\/MANIFESTACION-LEON-768x576.jpg 768w, https:\/\/www.asajacyl.com\/palencia\/wp-content\/uploads\/sites\/3\/2022\/09\/MANIFESTACION-LEON-1536x1152.jpg 1536w, https:\/\/www.asajacyl.com\/palencia\/wp-content\/uploads\/sites\/3\/2022\/09\/MANIFESTACION-LEON-696x522.jpg 696w, https:\/\/www.asajacyl.com\/palencia\/wp-content\/uploads\/sites\/3\/2022\/09\/MANIFESTACION-LEON-1068x801.jpg 1068w, https:\/\/www.asajacyl.com\/palencia\/wp-content\/uploads\/sites\/3\/2022\/09\/MANIFESTACION-LEON-1920x1440.jpg 1920w, https:\/\/www.asajacyl.com\/palencia\/wp-content\/uploads\/sites\/3\/2022\/09\/MANIFESTACION-LEON-560x420.jpg 560w, https:\/\/www.asajacyl.com\/palencia\/wp-content\/uploads\/sites\/3\/2022\/09\/MANIFESTACION-LEON-80x60.jpg 80w, https:\/\/www.asajacyl.com\/palencia\/wp-content\/uploads\/sites\/3\/2022\/09\/MANIFESTACION-LEON.jpg 2048w\" sizes=\"(max-width: 1024px) 100vw, 1024px\" \/><figcaption>Mois\u00e9s Fern\u00e1ndez, presidente de la Junta Central de Usuarios del Carri\u00f3n; Jos\u00e9 Luis Fern\u00e1ndez, presidente de la C.R. del Canal de Palencia y Jos\u00e9 Antonio Ibarlucea, presidente de la C.R. del Bajo Carri\u00f3n, portando la pancarta de la manifestaci\u00f3n celebrada en Le\u00f3n.<\/figcaption><\/figure><\/div>\n\n\n\n<figure class=\"wp-block-table aligncenter is-style-stripes\"><table><tbody><tr><td class=\"has-text-align-center\" data-align=\"center\"><strong>ESTACI\u00d3N<\/strong><\/td><td class=\"has-text-align-center\" data-align=\"center\"><strong>AGOSTO-SEPTIEMBRE (l\/m<sup>2<\/sup>)<\/strong><\/td><td class=\"has-text-align-center\" data-align=\"center\"><strong>A\u00d1O HIDROL\u00d3GICO<\/strong> <strong>(l\/m<sup>2<\/sup>)<\/strong><\/td><\/tr><tr><td class=\"has-text-align-center\" data-align=\"center\">Fuentes de Nava<\/td><td class=\"has-text-align-center\" data-align=\"center\">51<\/td><td class=\"has-text-align-center\" data-align=\"center\">353<\/td><\/tr><tr><td class=\"has-text-align-center\" data-align=\"center\">Herrera de Pisuerga<\/td><td class=\"has-text-align-center\" data-align=\"center\">47<\/td><td class=\"has-text-align-center\" data-align=\"center\">409<\/td><\/tr><tr><td class=\"has-text-align-center\" data-align=\"center\">Villaluenga de la Vega<\/td><td class=\"has-text-align-center\" data-align=\"center\">46<\/td><td class=\"has-text-align-center\" data-align=\"center\">358<\/td><\/tr><tr><td class=\"has-text-align-center\" data-align=\"center\">Villamuriel de Cerrato<\/td><td class=\"has-text-align-center\" data-align=\"center\">41<\/td><td class=\"has-text-align-center\" data-align=\"center\">350<\/td><\/tr><tr><td class=\"has-text-align-center\" data-align=\"center\">Villaeles<\/td><td class=\"has-text-align-center\" data-align=\"center\">39<\/td><td class=\"has-text-align-center\" data-align=\"center\">309<\/td><\/tr><tr><td class=\"has-text-align-center\" data-align=\"center\">Torquemada<\/td><td class=\"has-text-align-center\" data-align=\"center\">38<\/td><td class=\"has-text-align-center\" data-align=\"center\">344<\/td><\/tr><tr><td class=\"has-text-align-center\" data-align=\"center\">Villoldo<\/td><td class=\"has-text-align-center\" data-align=\"center\">36<\/td><td class=\"has-text-align-center\" data-align=\"center\">347<\/td><\/tr><tr><td class=\"has-text-align-center\" data-align=\"center\">Lantadilla<\/td><td class=\"has-text-align-center\" data-align=\"center\">32<\/td><td class=\"has-text-align-center\" data-align=\"center\">300<\/td><\/tr><\/tbody><\/table><\/figure>\n\n\n\n<div class=\"wp-block-image\"><figure class=\"aligncenter\"><img decoding=\"async\" src=\"https:\/\/www.chduero.es\/documents\/20126\/98997\/Agosto+2022+ESCASEZ.jpg\/b5c76dde-4cc0-1a53-9923-f6147ecde46f?t=1662374936650\" alt=\"\" \/><\/figure><\/div>\n","protected":false},"excerpt":{"rendered":"<p>Los indicadores manejados por la CHD revelan que en agosto la situaci\u00f3n, tanto del sistema Carri\u00f3n como del sistema Pisuerga, no es buena en Palencia. El \u00edndice de escasez de agosto muestra a nuestros sistemas en \u201cemergencia\u201d, que es la peor de las posibilidades del \u00edndice. El Carri\u00f3n ya estaba en \u201cemergencia\u201d y el Pisuerga [&hellip;]<\/p>\n","protected":false},"author":9,"featured_media":11509,"comment_status":"open","ping_status":"open","sticky":false,"template":"","format":"standard","meta":{"footnotes":""},"categories":[9,29,28],"tags":[],"yoast_head":"<!-- This site is optimized with the Yoast SEO plugin v24.5 - https:\/\/yoast.com\/wordpress\/plugins\/seo\/ -->\n<title>Finaliza una campa\u00f1a de riego estresante para los regantes y mala para las producciones - ASAJA Palencia<\/title>\n<meta name=\"description\" content=\"Los indicadores manejados por la CHD revelan que en agosto la situaci\u00f3n, tanto del sistema Carri\u00f3n como del sistema Pisuerga, no es buena en Palencia. El\" \/>\n<meta name=\"robots\" content=\"index, follow, max-snippet:-1, max-image-preview:large, max-video-preview:-1\" \/>\n<link rel=\"canonical\" href=\"https:\/\/www.asajacyl.com\/palencia\/asaja-palencia-informa\/finaliza-una-campana-de-riego-estresante-para-los-regantes-y-mala-para-las-producciones\" \/>\n<meta property=\"og:locale\" content=\"es_ES\" \/>\n<meta property=\"og:type\" content=\"article\" \/>\n<meta property=\"og:title\" content=\"Finaliza una campa\u00f1a de riego estresante para los regantes y mala para las producciones - ASAJA Palencia\" \/>\n<meta property=\"og:description\" content=\"Los indicadores manejados por la CHD revelan que en agosto la situaci\u00f3n, tanto del sistema Carri\u00f3n como del sistema Pisuerga, no es buena en Palencia. El\" \/>\n<meta property=\"og:url\" content=\"https:\/\/www.asajacyl.com\/palencia\/asaja-palencia-informa\/finaliza-una-campana-de-riego-estresante-para-los-regantes-y-mala-para-las-producciones\" \/>\n<meta property=\"og:site_name\" content=\"ASAJA Palencia\" \/>\n<meta property=\"article:published_time\" content=\"2022-10-04T08:41:23+00:00\" \/>\n<meta property=\"article:modified_time\" content=\"2022-10-04T08:41:24+00:00\" \/>\n<meta property=\"og:image\" content=\"https:\/\/www.asajacyl.com\/palencia\/wp-content\/uploads\/sites\/3\/2022\/09\/MANIFESTACION-LEON.jpg\" \/>\n\t<meta property=\"og:image:width\" content=\"2048\" \/>\n\t<meta property=\"og:image:height\" content=\"1536\" \/>\n\t<meta property=\"og:image:type\" content=\"image\/jpeg\" \/>\n<meta name=\"author\" content=\"Administrador\" \/>\n<meta name=\"twitter:card\" content=\"summary_large_image\" \/>\n<meta name=\"twitter:label1\" content=\"Escrito por\" \/>\n\t<meta name=\"twitter:data1\" content=\"Administrador\" \/>\n\t<meta name=\"twitter:label2\" content=\"Tiempo de lectura\" \/>\n\t<meta name=\"twitter:data2\" content=\"4 minutos\" \/>\n<script type=\"application\/ld+json\" class=\"yoast-schema-graph\">{\"@context\":\"https:\/\/schema.org\",\"@graph\":[{\"@type\":\"WebPage\",\"@id\":\"https:\/\/www.asajacyl.com\/palencia\/asaja-palencia-informa\/finaliza-una-campana-de-riego-estresante-para-los-regantes-y-mala-para-las-producciones\",\"url\":\"https:\/\/www.asajacyl.com\/palencia\/asaja-palencia-informa\/finaliza-una-campana-de-riego-estresante-para-los-regantes-y-mala-para-las-producciones\",\"name\":\"Finaliza una campa\u00f1a de riego estresante para los regantes y mala para las producciones - ASAJA Palencia\",\"isPartOf\":{\"@id\":\"https:\/\/www.asajacyl.com\/palencia\/#website\"},\"primaryImageOfPage\":{\"@id\":\"https:\/\/www.asajacyl.com\/palencia\/asaja-palencia-informa\/finaliza-una-campana-de-riego-estresante-para-los-regantes-y-mala-para-las-producciones#primaryimage\"},\"image\":{\"@id\":\"https:\/\/www.asajacyl.com\/palencia\/asaja-palencia-informa\/finaliza-una-campana-de-riego-estresante-para-los-regantes-y-mala-para-las-producciones#primaryimage\"},\"thumbnailUrl\":\"https:\/\/www.asajacyl.com\/palencia\/wp-content\/uploads\/sites\/3\/2022\/09\/MANIFESTACION-LEON.jpg\",\"datePublished\":\"2022-10-04T08:41:23+00:00\",\"dateModified\":\"2022-10-04T08:41:24+00:00\",\"author\":{\"@id\":\"https:\/\/www.asajacyl.com\/palencia\/#\/schema\/person\/3ab17aeb03527485c317557fae64aab1\"},\"description\":\"Los indicadores manejados por la CHD revelan que en agosto la situaci\u00f3n, tanto del sistema Carri\u00f3n como del sistema Pisuerga, no es buena en Palencia. El\",\"breadcrumb\":{\"@id\":\"https:\/\/www.asajacyl.com\/palencia\/asaja-palencia-informa\/finaliza-una-campana-de-riego-estresante-para-los-regantes-y-mala-para-las-producciones#breadcrumb\"},\"inLanguage\":\"es\",\"potentialAction\":[{\"@type\":\"ReadAction\",\"target\":[\"https:\/\/www.asajacyl.com\/palencia\/asaja-palencia-informa\/finaliza-una-campana-de-riego-estresante-para-los-regantes-y-mala-para-las-producciones\"]}]},{\"@type\":\"ImageObject\",\"inLanguage\":\"es\",\"@id\":\"https:\/\/www.asajacyl.com\/palencia\/asaja-palencia-informa\/finaliza-una-campana-de-riego-estresante-para-los-regantes-y-mala-para-las-producciones#primaryimage\",\"url\":\"https:\/\/www.asajacyl.com\/palencia\/wp-content\/uploads\/sites\/3\/2022\/09\/MANIFESTACION-LEON.jpg\",\"contentUrl\":\"https:\/\/www.asajacyl.com\/palencia\/wp-content\/uploads\/sites\/3\/2022\/09\/MANIFESTACION-LEON.jpg\",\"width\":2048,\"height\":1536},{\"@type\":\"BreadcrumbList\",\"@id\":\"https:\/\/www.asajacyl.com\/palencia\/asaja-palencia-informa\/finaliza-una-campana-de-riego-estresante-para-los-regantes-y-mala-para-las-producciones#breadcrumb\",\"itemListElement\":[{\"@type\":\"ListItem\",\"position\":1,\"name\":\"Portada\",\"item\":\"https:\/\/www.asajacyl.com\/palencia\/\"},{\"@type\":\"ListItem\",\"position\":2,\"name\":\"Finaliza una campa\u00f1a de riego estresante para los regantes y mala para las producciones\"}]},{\"@type\":\"WebSite\",\"@id\":\"https:\/\/www.asajacyl.com\/palencia\/#website\",\"url\":\"https:\/\/www.asajacyl.com\/palencia\/\",\"name\":\"ASAJA Palencia\",\"description\":\"Otro sitio m\u00e1s de Provincias ASAJA Castilla y Le\u00f3n\",\"potentialAction\":[{\"@type\":\"SearchAction\",\"target\":{\"@type\":\"EntryPoint\",\"urlTemplate\":\"https:\/\/www.asajacyl.com\/palencia\/?s={search_term_string}\"},\"query-input\":{\"@type\":\"PropertyValueSpecification\",\"valueRequired\":true,\"valueName\":\"search_term_string\"}}],\"inLanguage\":\"es\"},{\"@type\":\"Person\",\"@id\":\"https:\/\/www.asajacyl.com\/palencia\/#\/schema\/person\/3ab17aeb03527485c317557fae64aab1\",\"name\":\"Administrador\",\"image\":{\"@type\":\"ImageObject\",\"inLanguage\":\"es\",\"@id\":\"https:\/\/www.asajacyl.com\/palencia\/#\/schema\/person\/image\/\",\"url\":\"https:\/\/secure.gravatar.com\/avatar\/517384810d242ca9e38c180f3c9fb973?s=96&d=mm&r=g\",\"contentUrl\":\"https:\/\/secure.gravatar.com\/avatar\/517384810d242ca9e38c180f3c9fb973?s=96&d=mm&r=g\",\"caption\":\"Administrador\"},\"url\":\"https:\/\/www.asajacyl.com\/palencia\/author\/carlosrm\"}]}<\/script>\n<!-- \/ Yoast SEO plugin. -->","yoast_head_json":{"title":"Finaliza una campa\u00f1a de riego estresante para los regantes y mala para las producciones - ASAJA Palencia","description":"Los indicadores manejados por la CHD revelan que en agosto la situaci\u00f3n, tanto del sistema Carri\u00f3n como del sistema Pisuerga, no es buena en Palencia. El","robots":{"index":"index","follow":"follow","max-snippet":"max-snippet:-1","max-image-preview":"max-image-preview:large","max-video-preview":"max-video-preview:-1"},"canonical":"https:\/\/www.asajacyl.com\/palencia\/asaja-palencia-informa\/finaliza-una-campana-de-riego-estresante-para-los-regantes-y-mala-para-las-producciones","og_locale":"es_ES","og_type":"article","og_title":"Finaliza una campa\u00f1a de riego estresante para los regantes y mala para las producciones - ASAJA Palencia","og_description":"Los indicadores manejados por la CHD revelan que en agosto la situaci\u00f3n, tanto del sistema Carri\u00f3n como del sistema Pisuerga, no es buena en Palencia. El","og_url":"https:\/\/www.asajacyl.com\/palencia\/asaja-palencia-informa\/finaliza-una-campana-de-riego-estresante-para-los-regantes-y-mala-para-las-producciones","og_site_name":"ASAJA Palencia","article_published_time":"2022-10-04T08:41:23+00:00","article_modified_time":"2022-10-04T08:41:24+00:00","og_image":[{"width":2048,"height":1536,"url":"https:\/\/www.asajacyl.com\/palencia\/wp-content\/uploads\/sites\/3\/2022\/09\/MANIFESTACION-LEON.jpg","type":"image\/jpeg"}],"author":"Administrador","twitter_card":"summary_large_image","twitter_misc":{"Escrito por":"Administrador","Tiempo de lectura":"4 minutos"},"schema":{"@context":"https:\/\/schema.org","@graph":[{"@type":"WebPage","@id":"https:\/\/www.asajacyl.com\/palencia\/asaja-palencia-informa\/finaliza-una-campana-de-riego-estresante-para-los-regantes-y-mala-para-las-producciones","url":"https:\/\/www.asajacyl.com\/palencia\/asaja-palencia-informa\/finaliza-una-campana-de-riego-estresante-para-los-regantes-y-mala-para-las-producciones","name":"Finaliza una campa\u00f1a de riego estresante para los regantes y mala para las producciones - ASAJA Palencia","isPartOf":{"@id":"https:\/\/www.asajacyl.com\/palencia\/#website"},"primaryImageOfPage":{"@id":"https:\/\/www.asajacyl.com\/palencia\/asaja-palencia-informa\/finaliza-una-campana-de-riego-estresante-para-los-regantes-y-mala-para-las-producciones#primaryimage"},"image":{"@id":"https:\/\/www.asajacyl.com\/palencia\/asaja-palencia-informa\/finaliza-una-campana-de-riego-estresante-para-los-regantes-y-mala-para-las-producciones#primaryimage"},"thumbnailUrl":"https:\/\/www.asajacyl.com\/palencia\/wp-content\/uploads\/sites\/3\/2022\/09\/MANIFESTACION-LEON.jpg","datePublished":"2022-10-04T08:41:23+00:00","dateModified":"2022-10-04T08:41:24+00:00","author":{"@id":"https:\/\/www.asajacyl.com\/palencia\/#\/schema\/person\/3ab17aeb03527485c317557fae64aab1"},"description":"Los indicadores manejados por la CHD revelan que en agosto la situaci\u00f3n, tanto del sistema Carri\u00f3n como del sistema Pisuerga, no es buena en Palencia. El","breadcrumb":{"@id":"https:\/\/www.asajacyl.com\/palencia\/asaja-palencia-informa\/finaliza-una-campana-de-riego-estresante-para-los-regantes-y-mala-para-las-producciones#breadcrumb"},"inLanguage":"es","potentialAction":[{"@type":"ReadAction","target":["https:\/\/www.asajacyl.com\/palencia\/asaja-palencia-informa\/finaliza-una-campana-de-riego-estresante-para-los-regantes-y-mala-para-las-producciones"]}]},{"@type":"ImageObject","inLanguage":"es","@id":"https:\/\/www.asajacyl.com\/palencia\/asaja-palencia-informa\/finaliza-una-campana-de-riego-estresante-para-los-regantes-y-mala-para-las-producciones#primaryimage","url":"https:\/\/www.asajacyl.com\/palencia\/wp-content\/uploads\/sites\/3\/2022\/09\/MANIFESTACION-LEON.jpg","contentUrl":"https:\/\/www.asajacyl.com\/palencia\/wp-content\/uploads\/sites\/3\/2022\/09\/MANIFESTACION-LEON.jpg","width":2048,"height":1536},{"@type":"BreadcrumbList","@id":"https:\/\/www.asajacyl.com\/palencia\/asaja-palencia-informa\/finaliza-una-campana-de-riego-estresante-para-los-regantes-y-mala-para-las-producciones#breadcrumb","itemListElement":[{"@type":"ListItem","position":1,"name":"Portada","item":"https:\/\/www.asajacyl.com\/palencia\/"},{"@type":"ListItem","position":2,"name":"Finaliza una campa\u00f1a de riego estresante para los regantes y mala para las producciones"}]},{"@type":"WebSite","@id":"https:\/\/www.asajacyl.com\/palencia\/#website","url":"https:\/\/www.asajacyl.com\/palencia\/","name":"ASAJA Palencia","description":"Otro sitio m\u00e1s de Provincias ASAJA Castilla y Le\u00f3n","potentialAction":[{"@type":"SearchAction","target":{"@type":"EntryPoint","urlTemplate":"https:\/\/www.asajacyl.com\/palencia\/?s={search_term_string}"},"query-input":{"@type":"PropertyValueSpecification","valueRequired":true,"valueName":"search_term_string"}}],"inLanguage":"es"},{"@type":"Person","@id":"https:\/\/www.asajacyl.com\/palencia\/#\/schema\/person\/3ab17aeb03527485c317557fae64aab1","name":"Administrador","image":{"@type":"ImageObject","inLanguage":"es","@id":"https:\/\/www.asajacyl.com\/palencia\/#\/schema\/person\/image\/","url":"https:\/\/secure.gravatar.com\/avatar\/517384810d242ca9e38c180f3c9fb973?s=96&d=mm&r=g","contentUrl":"https:\/\/secure.gravatar.com\/avatar\/517384810d242ca9e38c180f3c9fb973?s=96&d=mm&r=g","caption":"Administrador"},"url":"https:\/\/www.asajacyl.com\/palencia\/author\/carlosrm"}]}},"_links":{"self":[{"href":"https:\/\/www.asajacyl.com\/palencia\/wp-json\/wp\/v2\/posts\/11507"}],"collection":[{"href":"https:\/\/www.asajacyl.com\/palencia\/wp-json\/wp\/v2\/posts"}],"about":[{"href":"https:\/\/www.asajacyl.com\/palencia\/wp-json\/wp\/v2\/types\/post"}],"author":[{"embeddable":true,"href":"https:\/\/www.asajacyl.com\/palencia\/wp-json\/wp\/v2\/users\/9"}],"replies":[{"embeddable":true,"href":"https:\/\/www.asajacyl.com\/palencia\/wp-json\/wp\/v2\/comments?post=11507"}],"version-history":[{"count":6,"href":"https:\/\/www.asajacyl.com\/palencia\/wp-json\/wp\/v2\/posts\/11507\/revisions"}],"predecessor-version":[{"id":12022,"href":"https:\/\/www.asajacyl.com\/palencia\/wp-json\/wp\/v2\/posts\/11507\/revisions\/12022"}],"wp:featuredmedia":[{"embeddable":true,"href":"https:\/\/www.asajacyl.com\/palencia\/wp-json\/wp\/v2\/media\/11509"}],"wp:attachment":[{"href":"https:\/\/www.asajacyl.com\/palencia\/wp-json\/wp\/v2\/media?parent=11507"}],"wp:term":[{"taxonomy":"category","embeddable":true,"href":"https:\/\/www.asajacyl.com\/palencia\/wp-json\/wp\/v2\/categories?post=11507"},{"taxonomy":"post_tag","embeddable":true,"href":"https:\/\/www.asajacyl.com\/palencia\/wp-json\/wp\/v2\/tags?post=11507"}],"curies":[{"name":"wp","href":"https:\/\/api.w.org\/{rel}","templated":true}]}}