{"id":11522,"date":"2022-10-06T11:20:00","date_gmt":"2022-10-06T09:20:00","guid":{"rendered":"https:\/\/www.asajacyl.com\/palencia\/?p=11522"},"modified":"2022-10-05T13:33:49","modified_gmt":"2022-10-05T11:33:49","slug":"la-junta-provincial-se-reune-ante-la-nueva-sementera","status":"publish","type":"post","link":"https:\/\/www.asajacyl.com\/palencia\/asaja-palencia-informa\/la-junta-provincial-se-reune-ante-la-nueva-sementera","title":{"rendered":"La Junta Provincial se re\u00fane ante la nueva sementera"},"content":{"rendered":"\n<p>El viernes d\u00eda 30 de septiembre se ha reunido la Junta Provincial de ASAJA-Palencia para analizar el momento actual de la agricultura y ganader\u00eda en nuestra provincia, despu\u00e9s de una cosecha marcada por la falta de lluvias en los meses de mayo y junio, que acab\u00f3 con las expectativas de una gran cosecha para acabar con un mill\u00f3n de toneladas de cereal, que sit\u00faa la producci\u00f3n en la media de los \u00faltimos a\u00f1os.<\/p>\n\n\n\n<p>La nueva PAC, las movilizaciones que se han producido y la previsi\u00f3n de salir de nuevo a la calle, los problemas de los sectores ganaderos y los elevados costes de producci\u00f3n que ahogan la econom\u00eda de las explotaciones, fueron algunos de los temas tratados por los representantes comarcales.<\/p>\n\n\n\n<p>En la reuni\u00f3n, tambi\u00e9n participaron t\u00e9cnicos de ASAJA, para explicar la situaci\u00f3n fiscal de las explotaciones agrarias, as\u00ed como las nuevas propuestas de cotizaci\u00f3n a la seguridad social para Aut\u00f3nomos.<\/p>\n\n\n\n<p>En la Junta Provincial qued\u00f3 patente la preocupaci\u00f3n del sector para encarar la pr\u00f3xima sementera, por costes que soportan las explotaciones en fertilizantes, semillas, combustibles, energ\u00edas o fitosanitarios, adem\u00e1s de estar sometidos a unas normativas cada vez m\u00e1s exigentes que limitan las producciones y elevan los costes, mermando as\u00ed la rentabilidad.<\/p>\n","protected":false},"excerpt":{"rendered":"<p>El viernes d\u00eda 30 de septiembre se ha reunido la Junta Provincial de ASAJA-Palencia para analizar el momento actual de la agricultura y ganader\u00eda en nuestra provincia, despu\u00e9s de una cosecha marcada por la falta de lluvias en los meses de mayo y junio, que acab\u00f3 con las expectativas de una gran cosecha para acabar [&hellip;]<\/p>\n","protected":false},"author":9,"featured_media":11523,"comment_status":"open","ping_status":"open","sticky":false,"template":"","format":"standard","meta":{"footnotes":""},"categories":[9,29,28],"tags":[],"yoast_head":"<!-- This site is optimized with the Yoast SEO plugin v24.5 - https:\/\/yoast.com\/wordpress\/plugins\/seo\/ -->\n<title>La Junta Provincial se re\u00fane ante la nueva sementera - ASAJA Palencia<\/title>\n<meta name=\"description\" content=\"El viernes d\u00eda 30 de septiembre se ha reunido la Junta Provincial de ASAJA-Palencia para analizar el momento actual de la agricultura y ganader\u00eda en\" \/>\n<meta name=\"robots\" content=\"index, follow, max-snippet:-1, max-image-preview:large, max-video-preview:-1\" \/>\n<link rel=\"canonical\" href=\"https:\/\/www.asajacyl.com\/palencia\/asaja-palencia-informa\/la-junta-provincial-se-reune-ante-la-nueva-sementera\" \/>\n<meta property=\"og:locale\" content=\"es_ES\" \/>\n<meta property=\"og:type\" content=\"article\" \/>\n<meta property=\"og:title\" content=\"La Junta Provincial se re\u00fane ante la nueva sementera - ASAJA Palencia\" \/>\n<meta property=\"og:description\" content=\"El viernes d\u00eda 30 de septiembre se ha reunido la Junta Provincial de ASAJA-Palencia para analizar el momento actual de la agricultura y ganader\u00eda en\" \/>\n<meta property=\"og:url\" content=\"https:\/\/www.asajacyl.com\/palencia\/asaja-palencia-informa\/la-junta-provincial-se-reune-ante-la-nueva-sementera\" \/>\n<meta property=\"og:site_name\" content=\"ASAJA Palencia\" \/>\n<meta property=\"article:published_time\" content=\"2022-10-06T09:20:00+00:00\" \/>\n<meta property=\"og:image\" content=\"https:\/\/www.asajacyl.com\/palencia\/wp-content\/uploads\/sites\/3\/2022\/10\/JUNTA-PROVINCIAL.jpg\" \/>\n\t<meta property=\"og:image:width\" content=\"2016\" \/>\n\t<meta property=\"og:image:height\" content=\"908\" \/>\n\t<meta property=\"og:image:type\" content=\"image\/jpeg\" \/>\n<meta name=\"author\" content=\"Administrador\" \/>\n<meta name=\"twitter:card\" content=\"summary_large_image\" \/>\n<meta name=\"twitter:label1\" content=\"Escrito por\" \/>\n\t<meta name=\"twitter:data1\" content=\"Administrador\" \/>\n\t<meta name=\"twitter:label2\" content=\"Tiempo de lectura\" \/>\n\t<meta name=\"twitter:data2\" content=\"1 minuto\" \/>\n<script type=\"application\/ld+json\" class=\"yoast-schema-graph\">{\"@context\":\"https:\/\/schema.org\",\"@graph\":[{\"@type\":\"WebPage\",\"@id\":\"https:\/\/www.asajacyl.com\/palencia\/asaja-palencia-informa\/la-junta-provincial-se-reune-ante-la-nueva-sementera\",\"url\":\"https:\/\/www.asajacyl.com\/palencia\/asaja-palencia-informa\/la-junta-provincial-se-reune-ante-la-nueva-sementera\",\"name\":\"La Junta Provincial se re\u00fane ante la nueva sementera - ASAJA Palencia\",\"isPartOf\":{\"@id\":\"https:\/\/www.asajacyl.com\/palencia\/#website\"},\"primaryImageOfPage\":{\"@id\":\"https:\/\/www.asajacyl.com\/palencia\/asaja-palencia-informa\/la-junta-provincial-se-reune-ante-la-nueva-sementera#primaryimage\"},\"image\":{\"@id\":\"https:\/\/www.asajacyl.com\/palencia\/asaja-palencia-informa\/la-junta-provincial-se-reune-ante-la-nueva-sementera#primaryimage\"},\"thumbnailUrl\":\"https:\/\/www.asajacyl.com\/palencia\/wp-content\/uploads\/sites\/3\/2022\/10\/JUNTA-PROVINCIAL.jpg\",\"datePublished\":\"2022-10-06T09:20:00+00:00\",\"author\":{\"@id\":\"https:\/\/www.asajacyl.com\/palencia\/#\/schema\/person\/3ab17aeb03527485c317557fae64aab1\"},\"description\":\"El viernes d\u00eda 30 de septiembre se ha reunido la Junta Provincial de ASAJA-Palencia para analizar el momento actual de la agricultura y ganader\u00eda en\",\"breadcrumb\":{\"@id\":\"https:\/\/www.asajacyl.com\/palencia\/asaja-palencia-informa\/la-junta-provincial-se-reune-ante-la-nueva-sementera#breadcrumb\"},\"inLanguage\":\"es\",\"potentialAction\":[{\"@type\":\"ReadAction\",\"target\":[\"https:\/\/www.asajacyl.com\/palencia\/asaja-palencia-informa\/la-junta-provincial-se-reune-ante-la-nueva-sementera\"]}]},{\"@type\":\"ImageObject\",\"inLanguage\":\"es\",\"@id\":\"https:\/\/www.asajacyl.com\/palencia\/asaja-palencia-informa\/la-junta-provincial-se-reune-ante-la-nueva-sementera#primaryimage\",\"url\":\"https:\/\/www.asajacyl.com\/palencia\/wp-content\/uploads\/sites\/3\/2022\/10\/JUNTA-PROVINCIAL.jpg\",\"contentUrl\":\"https:\/\/www.asajacyl.com\/palencia\/wp-content\/uploads\/sites\/3\/2022\/10\/JUNTA-PROVINCIAL.jpg\",\"width\":2016,\"height\":908},{\"@type\":\"BreadcrumbList\",\"@id\":\"https:\/\/www.asajacyl.com\/palencia\/asaja-palencia-informa\/la-junta-provincial-se-reune-ante-la-nueva-sementera#breadcrumb\",\"itemListElement\":[{\"@type\":\"ListItem\",\"position\":1,\"name\":\"Portada\",\"item\":\"https:\/\/www.asajacyl.com\/palencia\/\"},{\"@type\":\"ListItem\",\"position\":2,\"name\":\"La Junta Provincial se re\u00fane ante la nueva sementera\"}]},{\"@type\":\"WebSite\",\"@id\":\"https:\/\/www.asajacyl.com\/palencia\/#website\",\"url\":\"https:\/\/www.asajacyl.com\/palencia\/\",\"name\":\"ASAJA Palencia\",\"description\":\"Otro sitio m\u00e1s de Provincias ASAJA Castilla y Le\u00f3n\",\"potentialAction\":[{\"@type\":\"SearchAction\",\"target\":{\"@type\":\"EntryPoint\",\"urlTemplate\":\"https:\/\/www.asajacyl.com\/palencia\/?s={search_term_string}\"},\"query-input\":{\"@type\":\"PropertyValueSpecification\",\"valueRequired\":true,\"valueName\":\"search_term_string\"}}],\"inLanguage\":\"es\"},{\"@type\":\"Person\",\"@id\":\"https:\/\/www.asajacyl.com\/palencia\/#\/schema\/person\/3ab17aeb03527485c317557fae64aab1\",\"name\":\"Administrador\",\"image\":{\"@type\":\"ImageObject\",\"inLanguage\":\"es\",\"@id\":\"https:\/\/www.asajacyl.com\/palencia\/#\/schema\/person\/image\/\",\"url\":\"https:\/\/secure.gravatar.com\/avatar\/517384810d242ca9e38c180f3c9fb973?s=96&d=mm&r=g\",\"contentUrl\":\"https:\/\/secure.gravatar.com\/avatar\/517384810d242ca9e38c180f3c9fb973?s=96&d=mm&r=g\",\"caption\":\"Administrador\"},\"url\":\"https:\/\/www.asajacyl.com\/palencia\/author\/carlosrm\"}]}<\/script>\n<!-- \/ Yoast SEO plugin. -->","yoast_head_json":{"title":"La Junta Provincial se re\u00fane ante la nueva sementera - ASAJA Palencia","description":"El viernes d\u00eda 30 de septiembre se ha reunido la Junta Provincial de ASAJA-Palencia para analizar el momento actual de la agricultura y ganader\u00eda en","robots":{"index":"index","follow":"follow","max-snippet":"max-snippet:-1","max-image-preview":"max-image-preview:large","max-video-preview":"max-video-preview:-1"},"canonical":"https:\/\/www.asajacyl.com\/palencia\/asaja-palencia-informa\/la-junta-provincial-se-reune-ante-la-nueva-sementera","og_locale":"es_ES","og_type":"article","og_title":"La Junta Provincial se re\u00fane ante la nueva sementera - ASAJA Palencia","og_description":"El viernes d\u00eda 30 de septiembre se ha reunido la Junta Provincial de ASAJA-Palencia para analizar el momento actual de la agricultura y ganader\u00eda en","og_url":"https:\/\/www.asajacyl.com\/palencia\/asaja-palencia-informa\/la-junta-provincial-se-reune-ante-la-nueva-sementera","og_site_name":"ASAJA Palencia","article_published_time":"2022-10-06T09:20:00+00:00","og_image":[{"width":2016,"height":908,"url":"https:\/\/www.asajacyl.com\/palencia\/wp-content\/uploads\/sites\/3\/2022\/10\/JUNTA-PROVINCIAL.jpg","type":"image\/jpeg"}],"author":"Administrador","twitter_card":"summary_large_image","twitter_misc":{"Escrito por":"Administrador","Tiempo de lectura":"1 minuto"},"schema":{"@context":"https:\/\/schema.org","@graph":[{"@type":"WebPage","@id":"https:\/\/www.asajacyl.com\/palencia\/asaja-palencia-informa\/la-junta-provincial-se-reune-ante-la-nueva-sementera","url":"https:\/\/www.asajacyl.com\/palencia\/asaja-palencia-informa\/la-junta-provincial-se-reune-ante-la-nueva-sementera","name":"La Junta Provincial se re\u00fane ante la nueva sementera - ASAJA Palencia","isPartOf":{"@id":"https:\/\/www.asajacyl.com\/palencia\/#website"},"primaryImageOfPage":{"@id":"https:\/\/www.asajacyl.com\/palencia\/asaja-palencia-informa\/la-junta-provincial-se-reune-ante-la-nueva-sementera#primaryimage"},"image":{"@id":"https:\/\/www.asajacyl.com\/palencia\/asaja-palencia-informa\/la-junta-provincial-se-reune-ante-la-nueva-sementera#primaryimage"},"thumbnailUrl":"https:\/\/www.asajacyl.com\/palencia\/wp-content\/uploads\/sites\/3\/2022\/10\/JUNTA-PROVINCIAL.jpg","datePublished":"2022-10-06T09:20:00+00:00","author":{"@id":"https:\/\/www.asajacyl.com\/palencia\/#\/schema\/person\/3ab17aeb03527485c317557fae64aab1"},"description":"El viernes d\u00eda 30 de septiembre se ha reunido la Junta Provincial de ASAJA-Palencia para analizar el momento actual de la agricultura y ganader\u00eda en","breadcrumb":{"@id":"https:\/\/www.asajacyl.com\/palencia\/asaja-palencia-informa\/la-junta-provincial-se-reune-ante-la-nueva-sementera#breadcrumb"},"inLanguage":"es","potentialAction":[{"@type":"ReadAction","target":["https:\/\/www.asajacyl.com\/palencia\/asaja-palencia-informa\/la-junta-provincial-se-reune-ante-la-nueva-sementera"]}]},{"@type":"ImageObject","inLanguage":"es","@id":"https:\/\/www.asajacyl.com\/palencia\/asaja-palencia-informa\/la-junta-provincial-se-reune-ante-la-nueva-sementera#primaryimage","url":"https:\/\/www.asajacyl.com\/palencia\/wp-content\/uploads\/sites\/3\/2022\/10\/JUNTA-PROVINCIAL.jpg","contentUrl":"https:\/\/www.asajacyl.com\/palencia\/wp-content\/uploads\/sites\/3\/2022\/10\/JUNTA-PROVINCIAL.jpg","width":2016,"height":908},{"@type":"BreadcrumbList","@id":"https:\/\/www.asajacyl.com\/palencia\/asaja-palencia-informa\/la-junta-provincial-se-reune-ante-la-nueva-sementera#breadcrumb","itemListElement":[{"@type":"ListItem","position":1,"name":"Portada","item":"https:\/\/www.asajacyl.com\/palencia\/"},{"@type":"ListItem","position":2,"name":"La Junta Provincial se re\u00fane ante la nueva sementera"}]},{"@type":"WebSite","@id":"https:\/\/www.asajacyl.com\/palencia\/#website","url":"https:\/\/www.asajacyl.com\/palencia\/","name":"ASAJA Palencia","description":"Otro sitio m\u00e1s de Provincias ASAJA Castilla y Le\u00f3n","potentialAction":[{"@type":"SearchAction","target":{"@type":"EntryPoint","urlTemplate":"https:\/\/www.asajacyl.com\/palencia\/?s={search_term_string}"},"query-input":{"@type":"PropertyValueSpecification","valueRequired":true,"valueName":"search_term_string"}}],"inLanguage":"es"},{"@type":"Person","@id":"https:\/\/www.asajacyl.com\/palencia\/#\/schema\/person\/3ab17aeb03527485c317557fae64aab1","name":"Administrador","image":{"@type":"ImageObject","inLanguage":"es","@id":"https:\/\/www.asajacyl.com\/palencia\/#\/schema\/person\/image\/","url":"https:\/\/secure.gravatar.com\/avatar\/517384810d242ca9e38c180f3c9fb973?s=96&d=mm&r=g","contentUrl":"https:\/\/secure.gravatar.com\/avatar\/517384810d242ca9e38c180f3c9fb973?s=96&d=mm&r=g","caption":"Administrador"},"url":"https:\/\/www.asajacyl.com\/palencia\/author\/carlosrm"}]}},"_links":{"self":[{"href":"https:\/\/www.asajacyl.com\/palencia\/wp-json\/wp\/v2\/posts\/11522"}],"collection":[{"href":"https:\/\/www.asajacyl.com\/palencia\/wp-json\/wp\/v2\/posts"}],"about":[{"href":"https:\/\/www.asajacyl.com\/palencia\/wp-json\/wp\/v2\/types\/post"}],"author":[{"embeddable":true,"href":"https:\/\/www.asajacyl.com\/palencia\/wp-json\/wp\/v2\/users\/9"}],"replies":[{"embeddable":true,"href":"https:\/\/www.asajacyl.com\/palencia\/wp-json\/wp\/v2\/comments?post=11522"}],"version-history":[{"count":1,"href":"https:\/\/www.asajacyl.com\/palencia\/wp-json\/wp\/v2\/posts\/11522\/revisions"}],"predecessor-version":[{"id":11524,"href":"https:\/\/www.asajacyl.com\/palencia\/wp-json\/wp\/v2\/posts\/11522\/revisions\/11524"}],"wp:featuredmedia":[{"embeddable":true,"href":"https:\/\/www.asajacyl.com\/palencia\/wp-json\/wp\/v2\/media\/11523"}],"wp:attachment":[{"href":"https:\/\/www.asajacyl.com\/palencia\/wp-json\/wp\/v2\/media?parent=11522"}],"wp:term":[{"taxonomy":"category","embeddable":true,"href":"https:\/\/www.asajacyl.com\/palencia\/wp-json\/wp\/v2\/categories?post=11522"},{"taxonomy":"post_tag","embeddable":true,"href":"https:\/\/www.asajacyl.com\/palencia\/wp-json\/wp\/v2\/tags?post=11522"}],"curies":[{"name":"wp","href":"https:\/\/api.w.org\/{rel}","templated":true}]}}