{"id":11525,"date":"2022-10-08T11:21:10","date_gmt":"2022-10-08T09:21:10","guid":{"rendered":"https:\/\/www.asajacyl.com\/palencia\/?p=11525"},"modified":"2022-10-05T13:33:32","modified_gmt":"2022-10-05T11:33:32","slug":"publicado-el-importe-provisional-de-la-ayuda-a-los-cultivos-proteicos-para-la-pac-2022","status":"publish","type":"post","link":"https:\/\/www.asajacyl.com\/palencia\/asaja-palencia-informa\/publicado-el-importe-provisional-de-la-ayuda-a-los-cultivos-proteicos-para-la-pac-2022","title":{"rendered":"Publicado el importe provisional de la ayuda a los cultivos proteicos para la PAC 2022"},"content":{"rendered":"\n<p>El FEGA ha publicado el importe por hect\u00e1rea correspondiente a los cultivos proteicos, donde se engloban las proteaginosas y leguminosas y las oleaginosas. En el caso de las oleaginosas \u00e9ste ser\u00e1 el \u00faltimo a\u00f1o que se percibir\u00e1 esta ayuda ya que ser\u00e1 eliminada en la pr\u00f3xima PAC 2023 pese a las cr\u00edticas del sector.<\/p>\n\n\n\n<p>En el caso de las proteaginosas y leguminosas, los cultivos con derecho a ayuda son los siguientes:<\/p>\n\n\n\n<ul><li>Proteaginosas: guisante, habas y altramuz dulce.<\/li><li>Leguminosas: veza, yeros, algarrobas, titarros, almortas, alholva, alverja, alverj\u00f3n, alfalfa (secano), esparceta y zulla.<\/li><\/ul>\n\n\n\n<p>El presupuesto del que se ha partido es de 21,221 millones de euros y, habi\u00e9ndose solicitado a nivel nacional 402.967,40 hect\u00e1reas, el reparto unitario asciende a 52,536508 euros\/ha.<\/p>\n\n\n\n<p>Castilla y Le\u00f3n ha ser\u00e1 la m\u00e1xima destinataria de esta ayuda ya que los agricultores de nuestra regi\u00f3n han declarado 234.347,14 hect\u00e1reas, frente a 402.967,40 hect\u00e1reas del total de Espa\u00f1a, suponiendo el 58,16% lo que pesa Castilla y Le\u00f3n.<\/p>\n\n\n\n<p>En cuanto a las oleaginosas (girasol, colza, soja, camelina, c\u00e1rtamo), el presupuesto asciende a 22,442 millones de euros, muy similar al anterior. En este caso las hect\u00e1reas declaradas en Espa\u00f1a han ascendido a 949.158,91 pero esta ayuda se limita a las primeras 50 hect\u00e1reas de cada explotaci\u00f3n, motivo por el que finalmente ser\u00e1n 766.399,75 hect\u00e1reas las que tendr\u00e1n derecho a la percepci\u00f3n de la ayuda. Estas hect\u00e1reas tendr\u00e1n adjudicado un importe provisional de 29,166628 euros\/ha.<\/p>\n\n\n\n<p>Castilla y Le\u00f3n ha declarado 435.496,05 hect\u00e1reas (45,88% de Espa\u00f1a), de las que tendr\u00e1n derecho a ayuda un total de 370.819,33 hect\u00e1reas (48,38% del total nacional).<\/p>\n","protected":false},"excerpt":{"rendered":"<p>El FEGA ha publicado el importe por hect\u00e1rea correspondiente a los cultivos proteicos, donde se engloban las proteaginosas y leguminosas y las oleaginosas. En el caso de las oleaginosas \u00e9ste ser\u00e1 el \u00faltimo a\u00f1o que se percibir\u00e1 esta ayuda ya que ser\u00e1 eliminada en la pr\u00f3xima PAC 2023 pese a las cr\u00edticas del sector. En [&hellip;]<\/p>\n","protected":false},"author":9,"featured_media":11438,"comment_status":"open","ping_status":"open","sticky":false,"template":"","format":"standard","meta":{"footnotes":""},"categories":[9,29,28],"tags":[],"yoast_head":"<!-- This site is optimized with the Yoast SEO plugin v24.5 - https:\/\/yoast.com\/wordpress\/plugins\/seo\/ -->\n<title>Publicado el importe provisional de la ayuda a los cultivos proteicos para la PAC 2022 - ASAJA Palencia<\/title>\n<meta name=\"description\" content=\"El FEGA ha publicado el importe por hect\u00e1rea correspondiente a los cultivos proteicos, donde se engloban las proteaginosas y leguminosas y las\" \/>\n<meta name=\"robots\" content=\"index, follow, max-snippet:-1, max-image-preview:large, max-video-preview:-1\" \/>\n<link rel=\"canonical\" href=\"https:\/\/www.asajacyl.com\/palencia\/asaja-palencia-informa\/publicado-el-importe-provisional-de-la-ayuda-a-los-cultivos-proteicos-para-la-pac-2022\" \/>\n<meta property=\"og:locale\" content=\"es_ES\" \/>\n<meta property=\"og:type\" content=\"article\" \/>\n<meta property=\"og:title\" content=\"Publicado el importe provisional de la ayuda a los cultivos proteicos para la PAC 2022 - ASAJA Palencia\" \/>\n<meta property=\"og:description\" content=\"El FEGA ha publicado el importe por hect\u00e1rea correspondiente a los cultivos proteicos, donde se engloban las proteaginosas y leguminosas y las\" \/>\n<meta property=\"og:url\" content=\"https:\/\/www.asajacyl.com\/palencia\/asaja-palencia-informa\/publicado-el-importe-provisional-de-la-ayuda-a-los-cultivos-proteicos-para-la-pac-2022\" \/>\n<meta property=\"og:site_name\" content=\"ASAJA Palencia\" \/>\n<meta property=\"article:published_time\" content=\"2022-10-08T09:21:10+00:00\" \/>\n<meta property=\"og:image\" content=\"https:\/\/www.asajacyl.com\/palencia\/wp-content\/uploads\/sites\/3\/2022\/09\/GIRASOL.jpg\" \/>\n\t<meta property=\"og:image:width\" content=\"2500\" \/>\n\t<meta property=\"og:image:height\" content=\"1125\" \/>\n\t<meta property=\"og:image:type\" content=\"image\/jpeg\" \/>\n<meta name=\"author\" content=\"Administrador\" \/>\n<meta name=\"twitter:card\" content=\"summary_large_image\" \/>\n<meta name=\"twitter:label1\" content=\"Escrito por\" \/>\n\t<meta name=\"twitter:data1\" content=\"Administrador\" \/>\n\t<meta name=\"twitter:label2\" content=\"Tiempo de lectura\" \/>\n\t<meta name=\"twitter:data2\" content=\"2 minutos\" \/>\n<script type=\"application\/ld+json\" class=\"yoast-schema-graph\">{\"@context\":\"https:\/\/schema.org\",\"@graph\":[{\"@type\":\"WebPage\",\"@id\":\"https:\/\/www.asajacyl.com\/palencia\/asaja-palencia-informa\/publicado-el-importe-provisional-de-la-ayuda-a-los-cultivos-proteicos-para-la-pac-2022\",\"url\":\"https:\/\/www.asajacyl.com\/palencia\/asaja-palencia-informa\/publicado-el-importe-provisional-de-la-ayuda-a-los-cultivos-proteicos-para-la-pac-2022\",\"name\":\"Publicado el importe provisional de la ayuda a los cultivos proteicos para la PAC 2022 - ASAJA Palencia\",\"isPartOf\":{\"@id\":\"https:\/\/www.asajacyl.com\/palencia\/#website\"},\"primaryImageOfPage\":{\"@id\":\"https:\/\/www.asajacyl.com\/palencia\/asaja-palencia-informa\/publicado-el-importe-provisional-de-la-ayuda-a-los-cultivos-proteicos-para-la-pac-2022#primaryimage\"},\"image\":{\"@id\":\"https:\/\/www.asajacyl.com\/palencia\/asaja-palencia-informa\/publicado-el-importe-provisional-de-la-ayuda-a-los-cultivos-proteicos-para-la-pac-2022#primaryimage\"},\"thumbnailUrl\":\"https:\/\/www.asajacyl.com\/palencia\/wp-content\/uploads\/sites\/3\/2022\/09\/GIRASOL.jpg\",\"datePublished\":\"2022-10-08T09:21:10+00:00\",\"author\":{\"@id\":\"https:\/\/www.asajacyl.com\/palencia\/#\/schema\/person\/3ab17aeb03527485c317557fae64aab1\"},\"description\":\"El FEGA ha publicado el importe por hect\u00e1rea correspondiente a los cultivos proteicos, donde se engloban las proteaginosas y leguminosas y las\",\"breadcrumb\":{\"@id\":\"https:\/\/www.asajacyl.com\/palencia\/asaja-palencia-informa\/publicado-el-importe-provisional-de-la-ayuda-a-los-cultivos-proteicos-para-la-pac-2022#breadcrumb\"},\"inLanguage\":\"es\",\"potentialAction\":[{\"@type\":\"ReadAction\",\"target\":[\"https:\/\/www.asajacyl.com\/palencia\/asaja-palencia-informa\/publicado-el-importe-provisional-de-la-ayuda-a-los-cultivos-proteicos-para-la-pac-2022\"]}]},{\"@type\":\"ImageObject\",\"inLanguage\":\"es\",\"@id\":\"https:\/\/www.asajacyl.com\/palencia\/asaja-palencia-informa\/publicado-el-importe-provisional-de-la-ayuda-a-los-cultivos-proteicos-para-la-pac-2022#primaryimage\",\"url\":\"https:\/\/www.asajacyl.com\/palencia\/wp-content\/uploads\/sites\/3\/2022\/09\/GIRASOL.jpg\",\"contentUrl\":\"https:\/\/www.asajacyl.com\/palencia\/wp-content\/uploads\/sites\/3\/2022\/09\/GIRASOL.jpg\",\"width\":2500,\"height\":1125},{\"@type\":\"BreadcrumbList\",\"@id\":\"https:\/\/www.asajacyl.com\/palencia\/asaja-palencia-informa\/publicado-el-importe-provisional-de-la-ayuda-a-los-cultivos-proteicos-para-la-pac-2022#breadcrumb\",\"itemListElement\":[{\"@type\":\"ListItem\",\"position\":1,\"name\":\"Portada\",\"item\":\"https:\/\/www.asajacyl.com\/palencia\/\"},{\"@type\":\"ListItem\",\"position\":2,\"name\":\"Publicado el importe provisional de la ayuda a los cultivos proteicos para la PAC 2022\"}]},{\"@type\":\"WebSite\",\"@id\":\"https:\/\/www.asajacyl.com\/palencia\/#website\",\"url\":\"https:\/\/www.asajacyl.com\/palencia\/\",\"name\":\"ASAJA Palencia\",\"description\":\"Otro sitio m\u00e1s de Provincias ASAJA Castilla y Le\u00f3n\",\"potentialAction\":[{\"@type\":\"SearchAction\",\"target\":{\"@type\":\"EntryPoint\",\"urlTemplate\":\"https:\/\/www.asajacyl.com\/palencia\/?s={search_term_string}\"},\"query-input\":{\"@type\":\"PropertyValueSpecification\",\"valueRequired\":true,\"valueName\":\"search_term_string\"}}],\"inLanguage\":\"es\"},{\"@type\":\"Person\",\"@id\":\"https:\/\/www.asajacyl.com\/palencia\/#\/schema\/person\/3ab17aeb03527485c317557fae64aab1\",\"name\":\"Administrador\",\"image\":{\"@type\":\"ImageObject\",\"inLanguage\":\"es\",\"@id\":\"https:\/\/www.asajacyl.com\/palencia\/#\/schema\/person\/image\/\",\"url\":\"https:\/\/secure.gravatar.com\/avatar\/517384810d242ca9e38c180f3c9fb973?s=96&d=mm&r=g\",\"contentUrl\":\"https:\/\/secure.gravatar.com\/avatar\/517384810d242ca9e38c180f3c9fb973?s=96&d=mm&r=g\",\"caption\":\"Administrador\"},\"url\":\"https:\/\/www.asajacyl.com\/palencia\/author\/carlosrm\"}]}<\/script>\n<!-- \/ Yoast SEO plugin. -->","yoast_head_json":{"title":"Publicado el importe provisional de la ayuda a los cultivos proteicos para la PAC 2022 - ASAJA Palencia","description":"El FEGA ha publicado el importe por hect\u00e1rea correspondiente a los cultivos proteicos, donde se engloban las proteaginosas y leguminosas y las","robots":{"index":"index","follow":"follow","max-snippet":"max-snippet:-1","max-image-preview":"max-image-preview:large","max-video-preview":"max-video-preview:-1"},"canonical":"https:\/\/www.asajacyl.com\/palencia\/asaja-palencia-informa\/publicado-el-importe-provisional-de-la-ayuda-a-los-cultivos-proteicos-para-la-pac-2022","og_locale":"es_ES","og_type":"article","og_title":"Publicado el importe provisional de la ayuda a los cultivos proteicos para la PAC 2022 - ASAJA Palencia","og_description":"El FEGA ha publicado el importe por hect\u00e1rea correspondiente a los cultivos proteicos, donde se engloban las proteaginosas y leguminosas y las","og_url":"https:\/\/www.asajacyl.com\/palencia\/asaja-palencia-informa\/publicado-el-importe-provisional-de-la-ayuda-a-los-cultivos-proteicos-para-la-pac-2022","og_site_name":"ASAJA Palencia","article_published_time":"2022-10-08T09:21:10+00:00","og_image":[{"width":2500,"height":1125,"url":"https:\/\/www.asajacyl.com\/palencia\/wp-content\/uploads\/sites\/3\/2022\/09\/GIRASOL.jpg","type":"image\/jpeg"}],"author":"Administrador","twitter_card":"summary_large_image","twitter_misc":{"Escrito por":"Administrador","Tiempo de lectura":"2 minutos"},"schema":{"@context":"https:\/\/schema.org","@graph":[{"@type":"WebPage","@id":"https:\/\/www.asajacyl.com\/palencia\/asaja-palencia-informa\/publicado-el-importe-provisional-de-la-ayuda-a-los-cultivos-proteicos-para-la-pac-2022","url":"https:\/\/www.asajacyl.com\/palencia\/asaja-palencia-informa\/publicado-el-importe-provisional-de-la-ayuda-a-los-cultivos-proteicos-para-la-pac-2022","name":"Publicado el importe provisional de la ayuda a los cultivos proteicos para la PAC 2022 - ASAJA Palencia","isPartOf":{"@id":"https:\/\/www.asajacyl.com\/palencia\/#website"},"primaryImageOfPage":{"@id":"https:\/\/www.asajacyl.com\/palencia\/asaja-palencia-informa\/publicado-el-importe-provisional-de-la-ayuda-a-los-cultivos-proteicos-para-la-pac-2022#primaryimage"},"image":{"@id":"https:\/\/www.asajacyl.com\/palencia\/asaja-palencia-informa\/publicado-el-importe-provisional-de-la-ayuda-a-los-cultivos-proteicos-para-la-pac-2022#primaryimage"},"thumbnailUrl":"https:\/\/www.asajacyl.com\/palencia\/wp-content\/uploads\/sites\/3\/2022\/09\/GIRASOL.jpg","datePublished":"2022-10-08T09:21:10+00:00","author":{"@id":"https:\/\/www.asajacyl.com\/palencia\/#\/schema\/person\/3ab17aeb03527485c317557fae64aab1"},"description":"El FEGA ha publicado el importe por hect\u00e1rea correspondiente a los cultivos proteicos, donde se engloban las proteaginosas y leguminosas y las","breadcrumb":{"@id":"https:\/\/www.asajacyl.com\/palencia\/asaja-palencia-informa\/publicado-el-importe-provisional-de-la-ayuda-a-los-cultivos-proteicos-para-la-pac-2022#breadcrumb"},"inLanguage":"es","potentialAction":[{"@type":"ReadAction","target":["https:\/\/www.asajacyl.com\/palencia\/asaja-palencia-informa\/publicado-el-importe-provisional-de-la-ayuda-a-los-cultivos-proteicos-para-la-pac-2022"]}]},{"@type":"ImageObject","inLanguage":"es","@id":"https:\/\/www.asajacyl.com\/palencia\/asaja-palencia-informa\/publicado-el-importe-provisional-de-la-ayuda-a-los-cultivos-proteicos-para-la-pac-2022#primaryimage","url":"https:\/\/www.asajacyl.com\/palencia\/wp-content\/uploads\/sites\/3\/2022\/09\/GIRASOL.jpg","contentUrl":"https:\/\/www.asajacyl.com\/palencia\/wp-content\/uploads\/sites\/3\/2022\/09\/GIRASOL.jpg","width":2500,"height":1125},{"@type":"BreadcrumbList","@id":"https:\/\/www.asajacyl.com\/palencia\/asaja-palencia-informa\/publicado-el-importe-provisional-de-la-ayuda-a-los-cultivos-proteicos-para-la-pac-2022#breadcrumb","itemListElement":[{"@type":"ListItem","position":1,"name":"Portada","item":"https:\/\/www.asajacyl.com\/palencia\/"},{"@type":"ListItem","position":2,"name":"Publicado el importe provisional de la ayuda a los cultivos proteicos para la PAC 2022"}]},{"@type":"WebSite","@id":"https:\/\/www.asajacyl.com\/palencia\/#website","url":"https:\/\/www.asajacyl.com\/palencia\/","name":"ASAJA Palencia","description":"Otro sitio m\u00e1s de Provincias ASAJA Castilla y Le\u00f3n","potentialAction":[{"@type":"SearchAction","target":{"@type":"EntryPoint","urlTemplate":"https:\/\/www.asajacyl.com\/palencia\/?s={search_term_string}"},"query-input":{"@type":"PropertyValueSpecification","valueRequired":true,"valueName":"search_term_string"}}],"inLanguage":"es"},{"@type":"Person","@id":"https:\/\/www.asajacyl.com\/palencia\/#\/schema\/person\/3ab17aeb03527485c317557fae64aab1","name":"Administrador","image":{"@type":"ImageObject","inLanguage":"es","@id":"https:\/\/www.asajacyl.com\/palencia\/#\/schema\/person\/image\/","url":"https:\/\/secure.gravatar.com\/avatar\/517384810d242ca9e38c180f3c9fb973?s=96&d=mm&r=g","contentUrl":"https:\/\/secure.gravatar.com\/avatar\/517384810d242ca9e38c180f3c9fb973?s=96&d=mm&r=g","caption":"Administrador"},"url":"https:\/\/www.asajacyl.com\/palencia\/author\/carlosrm"}]}},"_links":{"self":[{"href":"https:\/\/www.asajacyl.com\/palencia\/wp-json\/wp\/v2\/posts\/11525"}],"collection":[{"href":"https:\/\/www.asajacyl.com\/palencia\/wp-json\/wp\/v2\/posts"}],"about":[{"href":"https:\/\/www.asajacyl.com\/palencia\/wp-json\/wp\/v2\/types\/post"}],"author":[{"embeddable":true,"href":"https:\/\/www.asajacyl.com\/palencia\/wp-json\/wp\/v2\/users\/9"}],"replies":[{"embeddable":true,"href":"https:\/\/www.asajacyl.com\/palencia\/wp-json\/wp\/v2\/comments?post=11525"}],"version-history":[{"count":1,"href":"https:\/\/www.asajacyl.com\/palencia\/wp-json\/wp\/v2\/posts\/11525\/revisions"}],"predecessor-version":[{"id":11526,"href":"https:\/\/www.asajacyl.com\/palencia\/wp-json\/wp\/v2\/posts\/11525\/revisions\/11526"}],"wp:featuredmedia":[{"embeddable":true,"href":"https:\/\/www.asajacyl.com\/palencia\/wp-json\/wp\/v2\/media\/11438"}],"wp:attachment":[{"href":"https:\/\/www.asajacyl.com\/palencia\/wp-json\/wp\/v2\/media?parent=11525"}],"wp:term":[{"taxonomy":"category","embeddable":true,"href":"https:\/\/www.asajacyl.com\/palencia\/wp-json\/wp\/v2\/categories?post=11525"},{"taxonomy":"post_tag","embeddable":true,"href":"https:\/\/www.asajacyl.com\/palencia\/wp-json\/wp\/v2\/tags?post=11525"}],"curies":[{"name":"wp","href":"https:\/\/api.w.org\/{rel}","templated":true}]}}