{"id":11530,"date":"2022-10-09T09:21:00","date_gmt":"2022-10-09T07:21:00","guid":{"rendered":"https:\/\/www.asajacyl.com\/palencia\/?p=11530"},"modified":"2022-10-05T09:36:25","modified_gmt":"2022-10-05T07:36:25","slug":"publicado-el-importe-de-la-ayuda-a-la-legumbre-de-calidad-para-la-pac-2022","status":"publish","type":"post","link":"https:\/\/www.asajacyl.com\/palencia\/asaja-palencia-informa\/publicado-el-importe-de-la-ayuda-a-la-legumbre-de-calidad-para-la-pac-2022","title":{"rendered":"Publicado el importe de la ayuda a la legumbre de calidad para la PAC 2022"},"content":{"rendered":"\n<p>El FEGA ha publicado el importe provisional de la ayuda asociada a las legumbres de calidad para la PAC 2022. S\u00f3lo hay 12.903,42 hect\u00e1reas dedicadas a este tipo de cultivos en nuestro pa\u00eds, de las que 7.596,26 hect\u00e1reas se encuentran en Castilla y Le\u00f3n (58,9%), primera productora nacional muy por delante de la segunda, Castilla-La Mancha (26,3%).<\/p>\n\n\n\n<p>El objetivo de la ayuda es fomentar la producci\u00f3n tradicional de legumbres para consumo humano, que permita mantener una producci\u00f3n aut\u00f3ctona de calidad ante la dr\u00e1stica reducci\u00f3n que ha tenido lugar en los \u00faltimos a\u00f1os.<\/p>\n\n\n\n<p>Dentro de estas legumbres de calidad, Palencia s\u00f3lo cuenta con la&nbsp;<a href=\"https:\/\/www.lentejadetierradecampos.es\/\">Indicaci\u00f3n Geogr\u00e1fica Protegida Lenteja de Tierra de Campos<\/a>, la cual se extiende tambi\u00e9n por parte de las provincias de Le\u00f3n, Valladolid y Zamora. En la campa\u00f1a 2020\/21 se sembraron unas 4.800 hect\u00e1reas dentro de la I.G.P. Lenteja Tierra de Campos.<\/p>\n\n\n\n<p>La ayuda que corresponder\u00e1 a estos cultivos ser\u00e1 de 75,850916 euros\/hect\u00e1rea, siendo el presupuesto total nacional de 0,98 millones de euros.<\/p>\n","protected":false},"excerpt":{"rendered":"<p>El FEGA ha publicado el importe provisional de la ayuda asociada a las legumbres de calidad para la PAC 2022. S\u00f3lo hay 12.903,42 hect\u00e1reas dedicadas a este tipo de cultivos en nuestro pa\u00eds, de las que 7.596,26 hect\u00e1reas se encuentran en Castilla y Le\u00f3n (58,9%), primera productora nacional muy por delante de la segunda, Castilla-La [&hellip;]<\/p>\n","protected":false},"author":9,"featured_media":10033,"comment_status":"open","ping_status":"open","sticky":false,"template":"","format":"standard","meta":{"footnotes":""},"categories":[9,29,28],"tags":[],"yoast_head":"<!-- This site is optimized with the Yoast SEO plugin v24.5 - https:\/\/yoast.com\/wordpress\/plugins\/seo\/ -->\n<title>Publicado el importe de la ayuda a la legumbre de calidad para la PAC 2022 - ASAJA Palencia<\/title>\n<meta name=\"description\" content=\"El FEGA ha publicado el importe provisional de la ayuda asociada a las legumbres de calidad para la PAC 2022. S\u00f3lo hay 12.903,42 hect\u00e1reas dedicadas a\" \/>\n<meta name=\"robots\" content=\"index, follow, max-snippet:-1, max-image-preview:large, max-video-preview:-1\" \/>\n<link rel=\"canonical\" href=\"https:\/\/www.asajacyl.com\/palencia\/asaja-palencia-informa\/publicado-el-importe-de-la-ayuda-a-la-legumbre-de-calidad-para-la-pac-2022\" \/>\n<meta property=\"og:locale\" content=\"es_ES\" \/>\n<meta property=\"og:type\" content=\"article\" \/>\n<meta property=\"og:title\" content=\"Publicado el importe de la ayuda a la legumbre de calidad para la PAC 2022 - ASAJA Palencia\" \/>\n<meta property=\"og:description\" content=\"El FEGA ha publicado el importe provisional de la ayuda asociada a las legumbres de calidad para la PAC 2022. S\u00f3lo hay 12.903,42 hect\u00e1reas dedicadas a\" \/>\n<meta property=\"og:url\" content=\"https:\/\/www.asajacyl.com\/palencia\/asaja-palencia-informa\/publicado-el-importe-de-la-ayuda-a-la-legumbre-de-calidad-para-la-pac-2022\" \/>\n<meta property=\"og:site_name\" content=\"ASAJA Palencia\" \/>\n<meta property=\"article:published_time\" content=\"2022-10-09T07:21:00+00:00\" \/>\n<meta property=\"og:image\" content=\"https:\/\/www.asajacyl.com\/palencia\/wp-content\/uploads\/sites\/3\/2022\/03\/LEGUMBRES-DE-CALIDAD.jpg\" \/>\n\t<meta property=\"og:image:width\" content=\"806\" \/>\n\t<meta property=\"og:image:height\" content=\"633\" \/>\n\t<meta property=\"og:image:type\" content=\"image\/jpeg\" \/>\n<meta name=\"author\" content=\"Administrador\" \/>\n<meta name=\"twitter:card\" content=\"summary_large_image\" \/>\n<meta name=\"twitter:label1\" content=\"Escrito por\" \/>\n\t<meta name=\"twitter:data1\" content=\"Administrador\" \/>\n\t<meta name=\"twitter:label2\" content=\"Tiempo de lectura\" \/>\n\t<meta name=\"twitter:data2\" content=\"1 minuto\" \/>\n<script type=\"application\/ld+json\" class=\"yoast-schema-graph\">{\"@context\":\"https:\/\/schema.org\",\"@graph\":[{\"@type\":\"WebPage\",\"@id\":\"https:\/\/www.asajacyl.com\/palencia\/asaja-palencia-informa\/publicado-el-importe-de-la-ayuda-a-la-legumbre-de-calidad-para-la-pac-2022\",\"url\":\"https:\/\/www.asajacyl.com\/palencia\/asaja-palencia-informa\/publicado-el-importe-de-la-ayuda-a-la-legumbre-de-calidad-para-la-pac-2022\",\"name\":\"Publicado el importe de la ayuda a la legumbre de calidad para la PAC 2022 - ASAJA Palencia\",\"isPartOf\":{\"@id\":\"https:\/\/www.asajacyl.com\/palencia\/#website\"},\"primaryImageOfPage\":{\"@id\":\"https:\/\/www.asajacyl.com\/palencia\/asaja-palencia-informa\/publicado-el-importe-de-la-ayuda-a-la-legumbre-de-calidad-para-la-pac-2022#primaryimage\"},\"image\":{\"@id\":\"https:\/\/www.asajacyl.com\/palencia\/asaja-palencia-informa\/publicado-el-importe-de-la-ayuda-a-la-legumbre-de-calidad-para-la-pac-2022#primaryimage\"},\"thumbnailUrl\":\"https:\/\/www.asajacyl.com\/palencia\/wp-content\/uploads\/sites\/3\/2022\/03\/LEGUMBRES-DE-CALIDAD.jpg\",\"datePublished\":\"2022-10-09T07:21:00+00:00\",\"author\":{\"@id\":\"https:\/\/www.asajacyl.com\/palencia\/#\/schema\/person\/3ab17aeb03527485c317557fae64aab1\"},\"description\":\"El FEGA ha publicado el importe provisional de la ayuda asociada a las legumbres de calidad para la PAC 2022. S\u00f3lo hay 12.903,42 hect\u00e1reas dedicadas a\",\"breadcrumb\":{\"@id\":\"https:\/\/www.asajacyl.com\/palencia\/asaja-palencia-informa\/publicado-el-importe-de-la-ayuda-a-la-legumbre-de-calidad-para-la-pac-2022#breadcrumb\"},\"inLanguage\":\"es\",\"potentialAction\":[{\"@type\":\"ReadAction\",\"target\":[\"https:\/\/www.asajacyl.com\/palencia\/asaja-palencia-informa\/publicado-el-importe-de-la-ayuda-a-la-legumbre-de-calidad-para-la-pac-2022\"]}]},{\"@type\":\"ImageObject\",\"inLanguage\":\"es\",\"@id\":\"https:\/\/www.asajacyl.com\/palencia\/asaja-palencia-informa\/publicado-el-importe-de-la-ayuda-a-la-legumbre-de-calidad-para-la-pac-2022#primaryimage\",\"url\":\"https:\/\/www.asajacyl.com\/palencia\/wp-content\/uploads\/sites\/3\/2022\/03\/LEGUMBRES-DE-CALIDAD.jpg\",\"contentUrl\":\"https:\/\/www.asajacyl.com\/palencia\/wp-content\/uploads\/sites\/3\/2022\/03\/LEGUMBRES-DE-CALIDAD.jpg\",\"width\":806,\"height\":633},{\"@type\":\"BreadcrumbList\",\"@id\":\"https:\/\/www.asajacyl.com\/palencia\/asaja-palencia-informa\/publicado-el-importe-de-la-ayuda-a-la-legumbre-de-calidad-para-la-pac-2022#breadcrumb\",\"itemListElement\":[{\"@type\":\"ListItem\",\"position\":1,\"name\":\"Portada\",\"item\":\"https:\/\/www.asajacyl.com\/palencia\/\"},{\"@type\":\"ListItem\",\"position\":2,\"name\":\"Publicado el importe de la ayuda a la legumbre de calidad para la PAC 2022\"}]},{\"@type\":\"WebSite\",\"@id\":\"https:\/\/www.asajacyl.com\/palencia\/#website\",\"url\":\"https:\/\/www.asajacyl.com\/palencia\/\",\"name\":\"ASAJA Palencia\",\"description\":\"Otro sitio m\u00e1s de Provincias ASAJA Castilla y Le\u00f3n\",\"potentialAction\":[{\"@type\":\"SearchAction\",\"target\":{\"@type\":\"EntryPoint\",\"urlTemplate\":\"https:\/\/www.asajacyl.com\/palencia\/?s={search_term_string}\"},\"query-input\":{\"@type\":\"PropertyValueSpecification\",\"valueRequired\":true,\"valueName\":\"search_term_string\"}}],\"inLanguage\":\"es\"},{\"@type\":\"Person\",\"@id\":\"https:\/\/www.asajacyl.com\/palencia\/#\/schema\/person\/3ab17aeb03527485c317557fae64aab1\",\"name\":\"Administrador\",\"image\":{\"@type\":\"ImageObject\",\"inLanguage\":\"es\",\"@id\":\"https:\/\/www.asajacyl.com\/palencia\/#\/schema\/person\/image\/\",\"url\":\"https:\/\/secure.gravatar.com\/avatar\/517384810d242ca9e38c180f3c9fb973?s=96&d=mm&r=g\",\"contentUrl\":\"https:\/\/secure.gravatar.com\/avatar\/517384810d242ca9e38c180f3c9fb973?s=96&d=mm&r=g\",\"caption\":\"Administrador\"},\"url\":\"https:\/\/www.asajacyl.com\/palencia\/author\/carlosrm\"}]}<\/script>\n<!-- \/ Yoast SEO plugin. -->","yoast_head_json":{"title":"Publicado el importe de la ayuda a la legumbre de calidad para la PAC 2022 - ASAJA Palencia","description":"El FEGA ha publicado el importe provisional de la ayuda asociada a las legumbres de calidad para la PAC 2022. S\u00f3lo hay 12.903,42 hect\u00e1reas dedicadas a","robots":{"index":"index","follow":"follow","max-snippet":"max-snippet:-1","max-image-preview":"max-image-preview:large","max-video-preview":"max-video-preview:-1"},"canonical":"https:\/\/www.asajacyl.com\/palencia\/asaja-palencia-informa\/publicado-el-importe-de-la-ayuda-a-la-legumbre-de-calidad-para-la-pac-2022","og_locale":"es_ES","og_type":"article","og_title":"Publicado el importe de la ayuda a la legumbre de calidad para la PAC 2022 - ASAJA Palencia","og_description":"El FEGA ha publicado el importe provisional de la ayuda asociada a las legumbres de calidad para la PAC 2022. S\u00f3lo hay 12.903,42 hect\u00e1reas dedicadas a","og_url":"https:\/\/www.asajacyl.com\/palencia\/asaja-palencia-informa\/publicado-el-importe-de-la-ayuda-a-la-legumbre-de-calidad-para-la-pac-2022","og_site_name":"ASAJA Palencia","article_published_time":"2022-10-09T07:21:00+00:00","og_image":[{"width":806,"height":633,"url":"https:\/\/www.asajacyl.com\/palencia\/wp-content\/uploads\/sites\/3\/2022\/03\/LEGUMBRES-DE-CALIDAD.jpg","type":"image\/jpeg"}],"author":"Administrador","twitter_card":"summary_large_image","twitter_misc":{"Escrito por":"Administrador","Tiempo de lectura":"1 minuto"},"schema":{"@context":"https:\/\/schema.org","@graph":[{"@type":"WebPage","@id":"https:\/\/www.asajacyl.com\/palencia\/asaja-palencia-informa\/publicado-el-importe-de-la-ayuda-a-la-legumbre-de-calidad-para-la-pac-2022","url":"https:\/\/www.asajacyl.com\/palencia\/asaja-palencia-informa\/publicado-el-importe-de-la-ayuda-a-la-legumbre-de-calidad-para-la-pac-2022","name":"Publicado el importe de la ayuda a la legumbre de calidad para la PAC 2022 - ASAJA Palencia","isPartOf":{"@id":"https:\/\/www.asajacyl.com\/palencia\/#website"},"primaryImageOfPage":{"@id":"https:\/\/www.asajacyl.com\/palencia\/asaja-palencia-informa\/publicado-el-importe-de-la-ayuda-a-la-legumbre-de-calidad-para-la-pac-2022#primaryimage"},"image":{"@id":"https:\/\/www.asajacyl.com\/palencia\/asaja-palencia-informa\/publicado-el-importe-de-la-ayuda-a-la-legumbre-de-calidad-para-la-pac-2022#primaryimage"},"thumbnailUrl":"https:\/\/www.asajacyl.com\/palencia\/wp-content\/uploads\/sites\/3\/2022\/03\/LEGUMBRES-DE-CALIDAD.jpg","datePublished":"2022-10-09T07:21:00+00:00","author":{"@id":"https:\/\/www.asajacyl.com\/palencia\/#\/schema\/person\/3ab17aeb03527485c317557fae64aab1"},"description":"El FEGA ha publicado el importe provisional de la ayuda asociada a las legumbres de calidad para la PAC 2022. S\u00f3lo hay 12.903,42 hect\u00e1reas dedicadas a","breadcrumb":{"@id":"https:\/\/www.asajacyl.com\/palencia\/asaja-palencia-informa\/publicado-el-importe-de-la-ayuda-a-la-legumbre-de-calidad-para-la-pac-2022#breadcrumb"},"inLanguage":"es","potentialAction":[{"@type":"ReadAction","target":["https:\/\/www.asajacyl.com\/palencia\/asaja-palencia-informa\/publicado-el-importe-de-la-ayuda-a-la-legumbre-de-calidad-para-la-pac-2022"]}]},{"@type":"ImageObject","inLanguage":"es","@id":"https:\/\/www.asajacyl.com\/palencia\/asaja-palencia-informa\/publicado-el-importe-de-la-ayuda-a-la-legumbre-de-calidad-para-la-pac-2022#primaryimage","url":"https:\/\/www.asajacyl.com\/palencia\/wp-content\/uploads\/sites\/3\/2022\/03\/LEGUMBRES-DE-CALIDAD.jpg","contentUrl":"https:\/\/www.asajacyl.com\/palencia\/wp-content\/uploads\/sites\/3\/2022\/03\/LEGUMBRES-DE-CALIDAD.jpg","width":806,"height":633},{"@type":"BreadcrumbList","@id":"https:\/\/www.asajacyl.com\/palencia\/asaja-palencia-informa\/publicado-el-importe-de-la-ayuda-a-la-legumbre-de-calidad-para-la-pac-2022#breadcrumb","itemListElement":[{"@type":"ListItem","position":1,"name":"Portada","item":"https:\/\/www.asajacyl.com\/palencia\/"},{"@type":"ListItem","position":2,"name":"Publicado el importe de la ayuda a la legumbre de calidad para la PAC 2022"}]},{"@type":"WebSite","@id":"https:\/\/www.asajacyl.com\/palencia\/#website","url":"https:\/\/www.asajacyl.com\/palencia\/","name":"ASAJA Palencia","description":"Otro sitio m\u00e1s de Provincias ASAJA Castilla y Le\u00f3n","potentialAction":[{"@type":"SearchAction","target":{"@type":"EntryPoint","urlTemplate":"https:\/\/www.asajacyl.com\/palencia\/?s={search_term_string}"},"query-input":{"@type":"PropertyValueSpecification","valueRequired":true,"valueName":"search_term_string"}}],"inLanguage":"es"},{"@type":"Person","@id":"https:\/\/www.asajacyl.com\/palencia\/#\/schema\/person\/3ab17aeb03527485c317557fae64aab1","name":"Administrador","image":{"@type":"ImageObject","inLanguage":"es","@id":"https:\/\/www.asajacyl.com\/palencia\/#\/schema\/person\/image\/","url":"https:\/\/secure.gravatar.com\/avatar\/517384810d242ca9e38c180f3c9fb973?s=96&d=mm&r=g","contentUrl":"https:\/\/secure.gravatar.com\/avatar\/517384810d242ca9e38c180f3c9fb973?s=96&d=mm&r=g","caption":"Administrador"},"url":"https:\/\/www.asajacyl.com\/palencia\/author\/carlosrm"}]}},"_links":{"self":[{"href":"https:\/\/www.asajacyl.com\/palencia\/wp-json\/wp\/v2\/posts\/11530"}],"collection":[{"href":"https:\/\/www.asajacyl.com\/palencia\/wp-json\/wp\/v2\/posts"}],"about":[{"href":"https:\/\/www.asajacyl.com\/palencia\/wp-json\/wp\/v2\/types\/post"}],"author":[{"embeddable":true,"href":"https:\/\/www.asajacyl.com\/palencia\/wp-json\/wp\/v2\/users\/9"}],"replies":[{"embeddable":true,"href":"https:\/\/www.asajacyl.com\/palencia\/wp-json\/wp\/v2\/comments?post=11530"}],"version-history":[{"count":3,"href":"https:\/\/www.asajacyl.com\/palencia\/wp-json\/wp\/v2\/posts\/11530\/revisions"}],"predecessor-version":[{"id":11536,"href":"https:\/\/www.asajacyl.com\/palencia\/wp-json\/wp\/v2\/posts\/11530\/revisions\/11536"}],"wp:featuredmedia":[{"embeddable":true,"href":"https:\/\/www.asajacyl.com\/palencia\/wp-json\/wp\/v2\/media\/10033"}],"wp:attachment":[{"href":"https:\/\/www.asajacyl.com\/palencia\/wp-json\/wp\/v2\/media?parent=11530"}],"wp:term":[{"taxonomy":"category","embeddable":true,"href":"https:\/\/www.asajacyl.com\/palencia\/wp-json\/wp\/v2\/categories?post=11530"},{"taxonomy":"post_tag","embeddable":true,"href":"https:\/\/www.asajacyl.com\/palencia\/wp-json\/wp\/v2\/tags?post=11530"}],"curies":[{"name":"wp","href":"https:\/\/api.w.org\/{rel}","templated":true}]}}