{"id":11539,"date":"2022-10-07T09:51:00","date_gmt":"2022-10-07T07:51:00","guid":{"rendered":"https:\/\/www.asajacyl.com\/palencia\/?p=11539"},"modified":"2022-10-05T13:29:46","modified_gmt":"2022-10-05T11:29:46","slug":"se-publica-el-importe-individual-de-los-pagos-asociados-a-las-ayudas-ganaderas-de-la-pac-2022","status":"publish","type":"post","link":"https:\/\/www.asajacyl.com\/palencia\/asaja-palencia-informa\/se-publica-el-importe-individual-de-los-pagos-asociados-a-las-ayudas-ganaderas-de-la-pac-2022","title":{"rendered":"Se publica el importe individual de los pagos asociados a las ayudas ganaderas de la PAC 2022"},"content":{"rendered":"\n<p>El FEGA ha publicado recientemente los importes provisionales a que tendr\u00e1n derecho las producciones ganaderas. Ser\u00e1 en 2023 cuando se conozca el importe definitivo tras la transmisi\u00f3n de las autonom\u00edas al ministerio los animales realmente propuestos para el pago.<\/p>\n\n\n\n<p>En el caso del ovino, est\u00e1n presupuestados 122,033 millones de euros para la zona correspondiente a la pen\u00ednsula y se ha fijado un importe por animal de 11,990327 euros\/animal.<\/p>\n\n\n\n<p>El caprino dispone de un presupuesto de 4,993 millones de euros para las zonas de monta\u00f1a e insulares y de 5,280 millones de euros para el resto de Espa\u00f1a. Los importes provisionales consignados son de 8,362919 euros\/animal en las zonas de monta\u00f1a y de 6,494387 euros\/animal en el resto de zonas.<\/p>\n\n\n\n<p>En cuanto al vacuno de leche, la partida presupuestaria asciende a 30,625 millones de euros para las zonas de monta\u00f1a e insulares y de 58,935 millones de euros en el resto de Espa\u00f1a. El importe unitario provisional en las zonas de monta\u00f1a ser\u00e1 de 157,337819 euros\/animal para las primeras 75 vacas y 78,668910 euros\/animal para el resto de animales mientras que en el resto de Espa\u00f1a la ayuda ascender\u00e1 a 132,757360 euros\/animal en el caso de las primeras 75 vacas y a 66,378680 euros\/animal para el resto de animales.<\/p>\n\n\n\n<p>En el caso de las vacas nodrizas, el presupuesto de que se dispone a nivel nacional es de 183,620 millones de euros para la zona peninsular y el importe provisional individual asciende a 85,168042 \u20ac\/animal.<\/p>\n","protected":false},"excerpt":{"rendered":"<p>El FEGA ha publicado recientemente los importes provisionales a que tendr\u00e1n derecho las producciones ganaderas. Ser\u00e1 en 2023 cuando se conozca el importe definitivo tras la transmisi\u00f3n de las autonom\u00edas al ministerio los animales realmente propuestos para el pago. En el caso del ovino, est\u00e1n presupuestados 122,033 millones de euros para la zona correspondiente a [&hellip;]<\/p>\n","protected":false},"author":9,"featured_media":11210,"comment_status":"open","ping_status":"open","sticky":false,"template":"","format":"standard","meta":{"footnotes":""},"categories":[9,29,28],"tags":[],"yoast_head":"<!-- This site is optimized with the Yoast SEO plugin v24.5 - https:\/\/yoast.com\/wordpress\/plugins\/seo\/ -->\n<title>Se publica el importe individual de los pagos asociados a las ayudas ganaderas de la PAC 2022 - ASAJA Palencia<\/title>\n<meta name=\"description\" content=\"El FEGA ha publicado recientemente los importes provisionales a que tendr\u00e1n derecho las producciones ganaderas. Ser\u00e1 en 2023 cuando se conozca el importe\" \/>\n<meta name=\"robots\" content=\"index, follow, max-snippet:-1, max-image-preview:large, max-video-preview:-1\" \/>\n<link rel=\"canonical\" href=\"https:\/\/www.asajacyl.com\/palencia\/asaja-palencia-informa\/se-publica-el-importe-individual-de-los-pagos-asociados-a-las-ayudas-ganaderas-de-la-pac-2022\" \/>\n<meta property=\"og:locale\" content=\"es_ES\" \/>\n<meta property=\"og:type\" content=\"article\" \/>\n<meta property=\"og:title\" content=\"Se publica el importe individual de los pagos asociados a las ayudas ganaderas de la PAC 2022 - ASAJA Palencia\" \/>\n<meta property=\"og:description\" content=\"El FEGA ha publicado recientemente los importes provisionales a que tendr\u00e1n derecho las producciones ganaderas. Ser\u00e1 en 2023 cuando se conozca el importe\" \/>\n<meta property=\"og:url\" content=\"https:\/\/www.asajacyl.com\/palencia\/asaja-palencia-informa\/se-publica-el-importe-individual-de-los-pagos-asociados-a-las-ayudas-ganaderas-de-la-pac-2022\" \/>\n<meta property=\"og:site_name\" content=\"ASAJA Palencia\" \/>\n<meta property=\"article:published_time\" content=\"2022-10-07T07:51:00+00:00\" \/>\n<meta property=\"og:image\" content=\"https:\/\/www.asajacyl.com\/palencia\/wp-content\/uploads\/sites\/3\/2022\/08\/OVEJAS.jpg\" \/>\n\t<meta property=\"og:image:width\" content=\"1875\" \/>\n\t<meta property=\"og:image:height\" content=\"2500\" \/>\n\t<meta property=\"og:image:type\" content=\"image\/jpeg\" \/>\n<meta name=\"author\" content=\"Administrador\" \/>\n<meta name=\"twitter:card\" content=\"summary_large_image\" \/>\n<meta name=\"twitter:label1\" content=\"Escrito por\" \/>\n\t<meta name=\"twitter:data1\" content=\"Administrador\" \/>\n\t<meta name=\"twitter:label2\" content=\"Tiempo de lectura\" \/>\n\t<meta name=\"twitter:data2\" content=\"1 minuto\" \/>\n<script type=\"application\/ld+json\" class=\"yoast-schema-graph\">{\"@context\":\"https:\/\/schema.org\",\"@graph\":[{\"@type\":\"WebPage\",\"@id\":\"https:\/\/www.asajacyl.com\/palencia\/asaja-palencia-informa\/se-publica-el-importe-individual-de-los-pagos-asociados-a-las-ayudas-ganaderas-de-la-pac-2022\",\"url\":\"https:\/\/www.asajacyl.com\/palencia\/asaja-palencia-informa\/se-publica-el-importe-individual-de-los-pagos-asociados-a-las-ayudas-ganaderas-de-la-pac-2022\",\"name\":\"Se publica el importe individual de los pagos asociados a las ayudas ganaderas de la PAC 2022 - ASAJA Palencia\",\"isPartOf\":{\"@id\":\"https:\/\/www.asajacyl.com\/palencia\/#website\"},\"primaryImageOfPage\":{\"@id\":\"https:\/\/www.asajacyl.com\/palencia\/asaja-palencia-informa\/se-publica-el-importe-individual-de-los-pagos-asociados-a-las-ayudas-ganaderas-de-la-pac-2022#primaryimage\"},\"image\":{\"@id\":\"https:\/\/www.asajacyl.com\/palencia\/asaja-palencia-informa\/se-publica-el-importe-individual-de-los-pagos-asociados-a-las-ayudas-ganaderas-de-la-pac-2022#primaryimage\"},\"thumbnailUrl\":\"https:\/\/www.asajacyl.com\/palencia\/wp-content\/uploads\/sites\/3\/2022\/08\/OVEJAS.jpg\",\"datePublished\":\"2022-10-07T07:51:00+00:00\",\"author\":{\"@id\":\"https:\/\/www.asajacyl.com\/palencia\/#\/schema\/person\/3ab17aeb03527485c317557fae64aab1\"},\"description\":\"El FEGA ha publicado recientemente los importes provisionales a que tendr\u00e1n derecho las producciones ganaderas. Ser\u00e1 en 2023 cuando se conozca el importe\",\"breadcrumb\":{\"@id\":\"https:\/\/www.asajacyl.com\/palencia\/asaja-palencia-informa\/se-publica-el-importe-individual-de-los-pagos-asociados-a-las-ayudas-ganaderas-de-la-pac-2022#breadcrumb\"},\"inLanguage\":\"es\",\"potentialAction\":[{\"@type\":\"ReadAction\",\"target\":[\"https:\/\/www.asajacyl.com\/palencia\/asaja-palencia-informa\/se-publica-el-importe-individual-de-los-pagos-asociados-a-las-ayudas-ganaderas-de-la-pac-2022\"]}]},{\"@type\":\"ImageObject\",\"inLanguage\":\"es\",\"@id\":\"https:\/\/www.asajacyl.com\/palencia\/asaja-palencia-informa\/se-publica-el-importe-individual-de-los-pagos-asociados-a-las-ayudas-ganaderas-de-la-pac-2022#primaryimage\",\"url\":\"https:\/\/www.asajacyl.com\/palencia\/wp-content\/uploads\/sites\/3\/2022\/08\/OVEJAS.jpg\",\"contentUrl\":\"https:\/\/www.asajacyl.com\/palencia\/wp-content\/uploads\/sites\/3\/2022\/08\/OVEJAS.jpg\",\"width\":1875,\"height\":2500},{\"@type\":\"BreadcrumbList\",\"@id\":\"https:\/\/www.asajacyl.com\/palencia\/asaja-palencia-informa\/se-publica-el-importe-individual-de-los-pagos-asociados-a-las-ayudas-ganaderas-de-la-pac-2022#breadcrumb\",\"itemListElement\":[{\"@type\":\"ListItem\",\"position\":1,\"name\":\"Portada\",\"item\":\"https:\/\/www.asajacyl.com\/palencia\/\"},{\"@type\":\"ListItem\",\"position\":2,\"name\":\"Se publica el importe individual de los pagos asociados a las ayudas ganaderas de la PAC 2022\"}]},{\"@type\":\"WebSite\",\"@id\":\"https:\/\/www.asajacyl.com\/palencia\/#website\",\"url\":\"https:\/\/www.asajacyl.com\/palencia\/\",\"name\":\"ASAJA Palencia\",\"description\":\"Otro sitio m\u00e1s de Provincias ASAJA Castilla y Le\u00f3n\",\"potentialAction\":[{\"@type\":\"SearchAction\",\"target\":{\"@type\":\"EntryPoint\",\"urlTemplate\":\"https:\/\/www.asajacyl.com\/palencia\/?s={search_term_string}\"},\"query-input\":{\"@type\":\"PropertyValueSpecification\",\"valueRequired\":true,\"valueName\":\"search_term_string\"}}],\"inLanguage\":\"es\"},{\"@type\":\"Person\",\"@id\":\"https:\/\/www.asajacyl.com\/palencia\/#\/schema\/person\/3ab17aeb03527485c317557fae64aab1\",\"name\":\"Administrador\",\"image\":{\"@type\":\"ImageObject\",\"inLanguage\":\"es\",\"@id\":\"https:\/\/www.asajacyl.com\/palencia\/#\/schema\/person\/image\/\",\"url\":\"https:\/\/secure.gravatar.com\/avatar\/517384810d242ca9e38c180f3c9fb973?s=96&d=mm&r=g\",\"contentUrl\":\"https:\/\/secure.gravatar.com\/avatar\/517384810d242ca9e38c180f3c9fb973?s=96&d=mm&r=g\",\"caption\":\"Administrador\"},\"url\":\"https:\/\/www.asajacyl.com\/palencia\/author\/carlosrm\"}]}<\/script>\n<!-- \/ Yoast SEO plugin. -->","yoast_head_json":{"title":"Se publica el importe individual de los pagos asociados a las ayudas ganaderas de la PAC 2022 - ASAJA Palencia","description":"El FEGA ha publicado recientemente los importes provisionales a que tendr\u00e1n derecho las producciones ganaderas. Ser\u00e1 en 2023 cuando se conozca el importe","robots":{"index":"index","follow":"follow","max-snippet":"max-snippet:-1","max-image-preview":"max-image-preview:large","max-video-preview":"max-video-preview:-1"},"canonical":"https:\/\/www.asajacyl.com\/palencia\/asaja-palencia-informa\/se-publica-el-importe-individual-de-los-pagos-asociados-a-las-ayudas-ganaderas-de-la-pac-2022","og_locale":"es_ES","og_type":"article","og_title":"Se publica el importe individual de los pagos asociados a las ayudas ganaderas de la PAC 2022 - ASAJA Palencia","og_description":"El FEGA ha publicado recientemente los importes provisionales a que tendr\u00e1n derecho las producciones ganaderas. Ser\u00e1 en 2023 cuando se conozca el importe","og_url":"https:\/\/www.asajacyl.com\/palencia\/asaja-palencia-informa\/se-publica-el-importe-individual-de-los-pagos-asociados-a-las-ayudas-ganaderas-de-la-pac-2022","og_site_name":"ASAJA Palencia","article_published_time":"2022-10-07T07:51:00+00:00","og_image":[{"width":1875,"height":2500,"url":"https:\/\/www.asajacyl.com\/palencia\/wp-content\/uploads\/sites\/3\/2022\/08\/OVEJAS.jpg","type":"image\/jpeg"}],"author":"Administrador","twitter_card":"summary_large_image","twitter_misc":{"Escrito por":"Administrador","Tiempo de lectura":"1 minuto"},"schema":{"@context":"https:\/\/schema.org","@graph":[{"@type":"WebPage","@id":"https:\/\/www.asajacyl.com\/palencia\/asaja-palencia-informa\/se-publica-el-importe-individual-de-los-pagos-asociados-a-las-ayudas-ganaderas-de-la-pac-2022","url":"https:\/\/www.asajacyl.com\/palencia\/asaja-palencia-informa\/se-publica-el-importe-individual-de-los-pagos-asociados-a-las-ayudas-ganaderas-de-la-pac-2022","name":"Se publica el importe individual de los pagos asociados a las ayudas ganaderas de la PAC 2022 - ASAJA Palencia","isPartOf":{"@id":"https:\/\/www.asajacyl.com\/palencia\/#website"},"primaryImageOfPage":{"@id":"https:\/\/www.asajacyl.com\/palencia\/asaja-palencia-informa\/se-publica-el-importe-individual-de-los-pagos-asociados-a-las-ayudas-ganaderas-de-la-pac-2022#primaryimage"},"image":{"@id":"https:\/\/www.asajacyl.com\/palencia\/asaja-palencia-informa\/se-publica-el-importe-individual-de-los-pagos-asociados-a-las-ayudas-ganaderas-de-la-pac-2022#primaryimage"},"thumbnailUrl":"https:\/\/www.asajacyl.com\/palencia\/wp-content\/uploads\/sites\/3\/2022\/08\/OVEJAS.jpg","datePublished":"2022-10-07T07:51:00+00:00","author":{"@id":"https:\/\/www.asajacyl.com\/palencia\/#\/schema\/person\/3ab17aeb03527485c317557fae64aab1"},"description":"El FEGA ha publicado recientemente los importes provisionales a que tendr\u00e1n derecho las producciones ganaderas. Ser\u00e1 en 2023 cuando se conozca el importe","breadcrumb":{"@id":"https:\/\/www.asajacyl.com\/palencia\/asaja-palencia-informa\/se-publica-el-importe-individual-de-los-pagos-asociados-a-las-ayudas-ganaderas-de-la-pac-2022#breadcrumb"},"inLanguage":"es","potentialAction":[{"@type":"ReadAction","target":["https:\/\/www.asajacyl.com\/palencia\/asaja-palencia-informa\/se-publica-el-importe-individual-de-los-pagos-asociados-a-las-ayudas-ganaderas-de-la-pac-2022"]}]},{"@type":"ImageObject","inLanguage":"es","@id":"https:\/\/www.asajacyl.com\/palencia\/asaja-palencia-informa\/se-publica-el-importe-individual-de-los-pagos-asociados-a-las-ayudas-ganaderas-de-la-pac-2022#primaryimage","url":"https:\/\/www.asajacyl.com\/palencia\/wp-content\/uploads\/sites\/3\/2022\/08\/OVEJAS.jpg","contentUrl":"https:\/\/www.asajacyl.com\/palencia\/wp-content\/uploads\/sites\/3\/2022\/08\/OVEJAS.jpg","width":1875,"height":2500},{"@type":"BreadcrumbList","@id":"https:\/\/www.asajacyl.com\/palencia\/asaja-palencia-informa\/se-publica-el-importe-individual-de-los-pagos-asociados-a-las-ayudas-ganaderas-de-la-pac-2022#breadcrumb","itemListElement":[{"@type":"ListItem","position":1,"name":"Portada","item":"https:\/\/www.asajacyl.com\/palencia\/"},{"@type":"ListItem","position":2,"name":"Se publica el importe individual de los pagos asociados a las ayudas ganaderas de la PAC 2022"}]},{"@type":"WebSite","@id":"https:\/\/www.asajacyl.com\/palencia\/#website","url":"https:\/\/www.asajacyl.com\/palencia\/","name":"ASAJA Palencia","description":"Otro sitio m\u00e1s de Provincias ASAJA Castilla y Le\u00f3n","potentialAction":[{"@type":"SearchAction","target":{"@type":"EntryPoint","urlTemplate":"https:\/\/www.asajacyl.com\/palencia\/?s={search_term_string}"},"query-input":{"@type":"PropertyValueSpecification","valueRequired":true,"valueName":"search_term_string"}}],"inLanguage":"es"},{"@type":"Person","@id":"https:\/\/www.asajacyl.com\/palencia\/#\/schema\/person\/3ab17aeb03527485c317557fae64aab1","name":"Administrador","image":{"@type":"ImageObject","inLanguage":"es","@id":"https:\/\/www.asajacyl.com\/palencia\/#\/schema\/person\/image\/","url":"https:\/\/secure.gravatar.com\/avatar\/517384810d242ca9e38c180f3c9fb973?s=96&d=mm&r=g","contentUrl":"https:\/\/secure.gravatar.com\/avatar\/517384810d242ca9e38c180f3c9fb973?s=96&d=mm&r=g","caption":"Administrador"},"url":"https:\/\/www.asajacyl.com\/palencia\/author\/carlosrm"}]}},"_links":{"self":[{"href":"https:\/\/www.asajacyl.com\/palencia\/wp-json\/wp\/v2\/posts\/11539"}],"collection":[{"href":"https:\/\/www.asajacyl.com\/palencia\/wp-json\/wp\/v2\/posts"}],"about":[{"href":"https:\/\/www.asajacyl.com\/palencia\/wp-json\/wp\/v2\/types\/post"}],"author":[{"embeddable":true,"href":"https:\/\/www.asajacyl.com\/palencia\/wp-json\/wp\/v2\/users\/9"}],"replies":[{"embeddable":true,"href":"https:\/\/www.asajacyl.com\/palencia\/wp-json\/wp\/v2\/comments?post=11539"}],"version-history":[{"count":1,"href":"https:\/\/www.asajacyl.com\/palencia\/wp-json\/wp\/v2\/posts\/11539\/revisions"}],"predecessor-version":[{"id":11540,"href":"https:\/\/www.asajacyl.com\/palencia\/wp-json\/wp\/v2\/posts\/11539\/revisions\/11540"}],"wp:featuredmedia":[{"embeddable":true,"href":"https:\/\/www.asajacyl.com\/palencia\/wp-json\/wp\/v2\/media\/11210"}],"wp:attachment":[{"href":"https:\/\/www.asajacyl.com\/palencia\/wp-json\/wp\/v2\/media?parent=11539"}],"wp:term":[{"taxonomy":"category","embeddable":true,"href":"https:\/\/www.asajacyl.com\/palencia\/wp-json\/wp\/v2\/categories?post=11539"},{"taxonomy":"post_tag","embeddable":true,"href":"https:\/\/www.asajacyl.com\/palencia\/wp-json\/wp\/v2\/tags?post=11539"}],"curies":[{"name":"wp","href":"https:\/\/api.w.org\/{rel}","templated":true}]}}