{"id":11567,"date":"2022-10-15T14:24:23","date_gmt":"2022-10-15T12:24:23","guid":{"rendered":"https:\/\/www.asajacyl.com\/palencia\/?p=11567"},"modified":"2022-10-06T14:25:44","modified_gmt":"2022-10-06T12:25:44","slug":"la-fundacion-asaja-se-inscribe-oficialmente","status":"publish","type":"post","link":"https:\/\/www.asajacyl.com\/palencia\/asaja-palencia-informa\/la-fundacion-asaja-se-inscribe-oficialmente","title":{"rendered":"La \u00abFundaci\u00f3n ASAJA\u00bb se inscribe oficialmente"},"content":{"rendered":"\n<p>El 28 de septiembre de 2022 ser\u00e1 recordado como un d\u00eda importante para ASAJA. Ese d\u00eda se public\u00f3 en el Bolet\u00edn Oficial del Estado la inscripci\u00f3n oficial de la \u00abFundaci\u00f3n ASAJA\u00bb, cuya creaci\u00f3n hab\u00eda sido aprobada en Junta Directiva Nacional el a\u00f1o anterior.<\/p>\n\n\n\n<p>Los fines de la \u00abFundaci\u00f3n ASAJA\u00bb son contribuir al impulso y mejora del sector agrario, as\u00ed como a la promoci\u00f3n el desarrollo sostenible y la innovaci\u00f3n de todas aquellas actividades econ\u00f3micas que lo conforman, sustentan o complementan. Con ello se persigue cooperar activamente en la consecuci\u00f3n de diversos objetivos como asegurar la sostenibilidad del entorno rural en clave social, econ\u00f3mica y medioambiental, posibilitar el arraigo y la mejora de las condiciones de vida de su poblaci\u00f3n y ayudar a garantizar la seguridad alimentaria.<\/p>\n\n\n\n<p>Para gestionar la fundaci\u00f3n se ha creado un patronato formado por siete personas:<\/p>\n\n\n\n<ul><li>Pedro Barato, presidente de ASAJA-Nacional<\/li><li>Ricardo Serra, presidente de ASAJA-Sevilla<\/li><li>Crist\u00f3bal Aguado, presidente de AVA-ASAJA Valencia<\/li><li>F\u00e9lix Bariain, presidente de UAGN-ASAJA Navarra<\/li><li>Jos\u00e9 Manuel Cebollada, presidente de ASAJA-Teruel<\/li><li><strong>Juan Luis Delgado Egido, presidente de ASAJA-Salamanca<\/strong><\/li><li>Eduardo P\u00e9rez Hoces, presidente de ARAG-ASAJA La Rioja<\/li><\/ul>\n","protected":false},"excerpt":{"rendered":"<p>El 28 de septiembre de 2022 ser\u00e1 recordado como un d\u00eda importante para ASAJA. Ese d\u00eda se public\u00f3 en el Bolet\u00edn Oficial del Estado la inscripci\u00f3n oficial de la \u00abFundaci\u00f3n ASAJA\u00bb, cuya creaci\u00f3n hab\u00eda sido aprobada en Junta Directiva Nacional el a\u00f1o anterior. Los fines de la \u00abFundaci\u00f3n ASAJA\u00bb son contribuir al impulso y mejora [&hellip;]<\/p>\n","protected":false},"author":9,"featured_media":11557,"comment_status":"open","ping_status":"open","sticky":false,"template":"","format":"standard","meta":{"footnotes":""},"categories":[9,29,28],"tags":[],"yoast_head":"<!-- This site is optimized with the Yoast SEO plugin v24.5 - https:\/\/yoast.com\/wordpress\/plugins\/seo\/ -->\n<title>La &quot;Fundaci\u00f3n ASAJA&quot; se inscribe oficialmente - ASAJA Palencia<\/title>\n<meta name=\"description\" content=\"El 28 de septiembre de 2022 ser\u00e1 recordado como un d\u00eda importante para ASAJA. Ese d\u00eda se public\u00f3 en el Bolet\u00edn Oficial del Estado la inscripci\u00f3n oficial\" \/>\n<meta name=\"robots\" content=\"index, follow, max-snippet:-1, max-image-preview:large, max-video-preview:-1\" \/>\n<link rel=\"canonical\" href=\"https:\/\/www.asajacyl.com\/palencia\/asaja-palencia-informa\/la-fundacion-asaja-se-inscribe-oficialmente\" \/>\n<meta property=\"og:locale\" content=\"es_ES\" \/>\n<meta property=\"og:type\" content=\"article\" \/>\n<meta property=\"og:title\" content=\"La &quot;Fundaci\u00f3n ASAJA&quot; se inscribe oficialmente - ASAJA Palencia\" \/>\n<meta property=\"og:description\" content=\"El 28 de septiembre de 2022 ser\u00e1 recordado como un d\u00eda importante para ASAJA. Ese d\u00eda se public\u00f3 en el Bolet\u00edn Oficial del Estado la inscripci\u00f3n oficial\" \/>\n<meta property=\"og:url\" content=\"https:\/\/www.asajacyl.com\/palencia\/asaja-palencia-informa\/la-fundacion-asaja-se-inscribe-oficialmente\" \/>\n<meta property=\"og:site_name\" content=\"ASAJA Palencia\" \/>\n<meta property=\"article:published_time\" content=\"2022-10-15T12:24:23+00:00\" \/>\n<meta property=\"og:image\" content=\"https:\/\/www.asajacyl.com\/palencia\/wp-content\/uploads\/sites\/3\/2022\/10\/PASTO-MONTE-VACAS-2.jpg\" \/>\n\t<meta property=\"og:image:width\" content=\"2500\" \/>\n\t<meta property=\"og:image:height\" content=\"1840\" \/>\n\t<meta property=\"og:image:type\" content=\"image\/jpeg\" \/>\n<meta name=\"author\" content=\"Administrador\" \/>\n<meta name=\"twitter:card\" content=\"summary_large_image\" \/>\n<meta name=\"twitter:label1\" content=\"Escrito por\" \/>\n\t<meta name=\"twitter:data1\" content=\"Administrador\" \/>\n\t<meta name=\"twitter:label2\" content=\"Tiempo de lectura\" \/>\n\t<meta name=\"twitter:data2\" content=\"1 minuto\" \/>\n<script type=\"application\/ld+json\" class=\"yoast-schema-graph\">{\"@context\":\"https:\/\/schema.org\",\"@graph\":[{\"@type\":\"WebPage\",\"@id\":\"https:\/\/www.asajacyl.com\/palencia\/asaja-palencia-informa\/la-fundacion-asaja-se-inscribe-oficialmente\",\"url\":\"https:\/\/www.asajacyl.com\/palencia\/asaja-palencia-informa\/la-fundacion-asaja-se-inscribe-oficialmente\",\"name\":\"La \\\"Fundaci\u00f3n ASAJA\\\" se inscribe oficialmente - ASAJA Palencia\",\"isPartOf\":{\"@id\":\"https:\/\/www.asajacyl.com\/palencia\/#website\"},\"primaryImageOfPage\":{\"@id\":\"https:\/\/www.asajacyl.com\/palencia\/asaja-palencia-informa\/la-fundacion-asaja-se-inscribe-oficialmente#primaryimage\"},\"image\":{\"@id\":\"https:\/\/www.asajacyl.com\/palencia\/asaja-palencia-informa\/la-fundacion-asaja-se-inscribe-oficialmente#primaryimage\"},\"thumbnailUrl\":\"https:\/\/www.asajacyl.com\/palencia\/wp-content\/uploads\/sites\/3\/2022\/10\/PASTO-MONTE-VACAS-2.jpg\",\"datePublished\":\"2022-10-15T12:24:23+00:00\",\"author\":{\"@id\":\"https:\/\/www.asajacyl.com\/palencia\/#\/schema\/person\/3ab17aeb03527485c317557fae64aab1\"},\"description\":\"El 28 de septiembre de 2022 ser\u00e1 recordado como un d\u00eda importante para ASAJA. Ese d\u00eda se public\u00f3 en el Bolet\u00edn Oficial del Estado la inscripci\u00f3n oficial\",\"breadcrumb\":{\"@id\":\"https:\/\/www.asajacyl.com\/palencia\/asaja-palencia-informa\/la-fundacion-asaja-se-inscribe-oficialmente#breadcrumb\"},\"inLanguage\":\"es\",\"potentialAction\":[{\"@type\":\"ReadAction\",\"target\":[\"https:\/\/www.asajacyl.com\/palencia\/asaja-palencia-informa\/la-fundacion-asaja-se-inscribe-oficialmente\"]}]},{\"@type\":\"ImageObject\",\"inLanguage\":\"es\",\"@id\":\"https:\/\/www.asajacyl.com\/palencia\/asaja-palencia-informa\/la-fundacion-asaja-se-inscribe-oficialmente#primaryimage\",\"url\":\"https:\/\/www.asajacyl.com\/palencia\/wp-content\/uploads\/sites\/3\/2022\/10\/PASTO-MONTE-VACAS-2.jpg\",\"contentUrl\":\"https:\/\/www.asajacyl.com\/palencia\/wp-content\/uploads\/sites\/3\/2022\/10\/PASTO-MONTE-VACAS-2.jpg\",\"width\":2500,\"height\":1840},{\"@type\":\"BreadcrumbList\",\"@id\":\"https:\/\/www.asajacyl.com\/palencia\/asaja-palencia-informa\/la-fundacion-asaja-se-inscribe-oficialmente#breadcrumb\",\"itemListElement\":[{\"@type\":\"ListItem\",\"position\":1,\"name\":\"Portada\",\"item\":\"https:\/\/www.asajacyl.com\/palencia\/\"},{\"@type\":\"ListItem\",\"position\":2,\"name\":\"La \u00abFundaci\u00f3n ASAJA\u00bb se inscribe oficialmente\"}]},{\"@type\":\"WebSite\",\"@id\":\"https:\/\/www.asajacyl.com\/palencia\/#website\",\"url\":\"https:\/\/www.asajacyl.com\/palencia\/\",\"name\":\"ASAJA Palencia\",\"description\":\"Otro sitio m\u00e1s de Provincias ASAJA Castilla y Le\u00f3n\",\"potentialAction\":[{\"@type\":\"SearchAction\",\"target\":{\"@type\":\"EntryPoint\",\"urlTemplate\":\"https:\/\/www.asajacyl.com\/palencia\/?s={search_term_string}\"},\"query-input\":{\"@type\":\"PropertyValueSpecification\",\"valueRequired\":true,\"valueName\":\"search_term_string\"}}],\"inLanguage\":\"es\"},{\"@type\":\"Person\",\"@id\":\"https:\/\/www.asajacyl.com\/palencia\/#\/schema\/person\/3ab17aeb03527485c317557fae64aab1\",\"name\":\"Administrador\",\"image\":{\"@type\":\"ImageObject\",\"inLanguage\":\"es\",\"@id\":\"https:\/\/www.asajacyl.com\/palencia\/#\/schema\/person\/image\/\",\"url\":\"https:\/\/secure.gravatar.com\/avatar\/517384810d242ca9e38c180f3c9fb973?s=96&d=mm&r=g\",\"contentUrl\":\"https:\/\/secure.gravatar.com\/avatar\/517384810d242ca9e38c180f3c9fb973?s=96&d=mm&r=g\",\"caption\":\"Administrador\"},\"url\":\"https:\/\/www.asajacyl.com\/palencia\/author\/carlosrm\"}]}<\/script>\n<!-- \/ Yoast SEO plugin. -->","yoast_head_json":{"title":"La \"Fundaci\u00f3n ASAJA\" se inscribe oficialmente - ASAJA Palencia","description":"El 28 de septiembre de 2022 ser\u00e1 recordado como un d\u00eda importante para ASAJA. Ese d\u00eda se public\u00f3 en el Bolet\u00edn Oficial del Estado la inscripci\u00f3n oficial","robots":{"index":"index","follow":"follow","max-snippet":"max-snippet:-1","max-image-preview":"max-image-preview:large","max-video-preview":"max-video-preview:-1"},"canonical":"https:\/\/www.asajacyl.com\/palencia\/asaja-palencia-informa\/la-fundacion-asaja-se-inscribe-oficialmente","og_locale":"es_ES","og_type":"article","og_title":"La \"Fundaci\u00f3n ASAJA\" se inscribe oficialmente - ASAJA Palencia","og_description":"El 28 de septiembre de 2022 ser\u00e1 recordado como un d\u00eda importante para ASAJA. Ese d\u00eda se public\u00f3 en el Bolet\u00edn Oficial del Estado la inscripci\u00f3n oficial","og_url":"https:\/\/www.asajacyl.com\/palencia\/asaja-palencia-informa\/la-fundacion-asaja-se-inscribe-oficialmente","og_site_name":"ASAJA Palencia","article_published_time":"2022-10-15T12:24:23+00:00","og_image":[{"width":2500,"height":1840,"url":"https:\/\/www.asajacyl.com\/palencia\/wp-content\/uploads\/sites\/3\/2022\/10\/PASTO-MONTE-VACAS-2.jpg","type":"image\/jpeg"}],"author":"Administrador","twitter_card":"summary_large_image","twitter_misc":{"Escrito por":"Administrador","Tiempo de lectura":"1 minuto"},"schema":{"@context":"https:\/\/schema.org","@graph":[{"@type":"WebPage","@id":"https:\/\/www.asajacyl.com\/palencia\/asaja-palencia-informa\/la-fundacion-asaja-se-inscribe-oficialmente","url":"https:\/\/www.asajacyl.com\/palencia\/asaja-palencia-informa\/la-fundacion-asaja-se-inscribe-oficialmente","name":"La \"Fundaci\u00f3n ASAJA\" se inscribe oficialmente - ASAJA Palencia","isPartOf":{"@id":"https:\/\/www.asajacyl.com\/palencia\/#website"},"primaryImageOfPage":{"@id":"https:\/\/www.asajacyl.com\/palencia\/asaja-palencia-informa\/la-fundacion-asaja-se-inscribe-oficialmente#primaryimage"},"image":{"@id":"https:\/\/www.asajacyl.com\/palencia\/asaja-palencia-informa\/la-fundacion-asaja-se-inscribe-oficialmente#primaryimage"},"thumbnailUrl":"https:\/\/www.asajacyl.com\/palencia\/wp-content\/uploads\/sites\/3\/2022\/10\/PASTO-MONTE-VACAS-2.jpg","datePublished":"2022-10-15T12:24:23+00:00","author":{"@id":"https:\/\/www.asajacyl.com\/palencia\/#\/schema\/person\/3ab17aeb03527485c317557fae64aab1"},"description":"El 28 de septiembre de 2022 ser\u00e1 recordado como un d\u00eda importante para ASAJA. Ese d\u00eda se public\u00f3 en el Bolet\u00edn Oficial del Estado la inscripci\u00f3n oficial","breadcrumb":{"@id":"https:\/\/www.asajacyl.com\/palencia\/asaja-palencia-informa\/la-fundacion-asaja-se-inscribe-oficialmente#breadcrumb"},"inLanguage":"es","potentialAction":[{"@type":"ReadAction","target":["https:\/\/www.asajacyl.com\/palencia\/asaja-palencia-informa\/la-fundacion-asaja-se-inscribe-oficialmente"]}]},{"@type":"ImageObject","inLanguage":"es","@id":"https:\/\/www.asajacyl.com\/palencia\/asaja-palencia-informa\/la-fundacion-asaja-se-inscribe-oficialmente#primaryimage","url":"https:\/\/www.asajacyl.com\/palencia\/wp-content\/uploads\/sites\/3\/2022\/10\/PASTO-MONTE-VACAS-2.jpg","contentUrl":"https:\/\/www.asajacyl.com\/palencia\/wp-content\/uploads\/sites\/3\/2022\/10\/PASTO-MONTE-VACAS-2.jpg","width":2500,"height":1840},{"@type":"BreadcrumbList","@id":"https:\/\/www.asajacyl.com\/palencia\/asaja-palencia-informa\/la-fundacion-asaja-se-inscribe-oficialmente#breadcrumb","itemListElement":[{"@type":"ListItem","position":1,"name":"Portada","item":"https:\/\/www.asajacyl.com\/palencia\/"},{"@type":"ListItem","position":2,"name":"La \u00abFundaci\u00f3n ASAJA\u00bb se inscribe oficialmente"}]},{"@type":"WebSite","@id":"https:\/\/www.asajacyl.com\/palencia\/#website","url":"https:\/\/www.asajacyl.com\/palencia\/","name":"ASAJA Palencia","description":"Otro sitio m\u00e1s de Provincias ASAJA Castilla y Le\u00f3n","potentialAction":[{"@type":"SearchAction","target":{"@type":"EntryPoint","urlTemplate":"https:\/\/www.asajacyl.com\/palencia\/?s={search_term_string}"},"query-input":{"@type":"PropertyValueSpecification","valueRequired":true,"valueName":"search_term_string"}}],"inLanguage":"es"},{"@type":"Person","@id":"https:\/\/www.asajacyl.com\/palencia\/#\/schema\/person\/3ab17aeb03527485c317557fae64aab1","name":"Administrador","image":{"@type":"ImageObject","inLanguage":"es","@id":"https:\/\/www.asajacyl.com\/palencia\/#\/schema\/person\/image\/","url":"https:\/\/secure.gravatar.com\/avatar\/517384810d242ca9e38c180f3c9fb973?s=96&d=mm&r=g","contentUrl":"https:\/\/secure.gravatar.com\/avatar\/517384810d242ca9e38c180f3c9fb973?s=96&d=mm&r=g","caption":"Administrador"},"url":"https:\/\/www.asajacyl.com\/palencia\/author\/carlosrm"}]}},"_links":{"self":[{"href":"https:\/\/www.asajacyl.com\/palencia\/wp-json\/wp\/v2\/posts\/11567"}],"collection":[{"href":"https:\/\/www.asajacyl.com\/palencia\/wp-json\/wp\/v2\/posts"}],"about":[{"href":"https:\/\/www.asajacyl.com\/palencia\/wp-json\/wp\/v2\/types\/post"}],"author":[{"embeddable":true,"href":"https:\/\/www.asajacyl.com\/palencia\/wp-json\/wp\/v2\/users\/9"}],"replies":[{"embeddable":true,"href":"https:\/\/www.asajacyl.com\/palencia\/wp-json\/wp\/v2\/comments?post=11567"}],"version-history":[{"count":1,"href":"https:\/\/www.asajacyl.com\/palencia\/wp-json\/wp\/v2\/posts\/11567\/revisions"}],"predecessor-version":[{"id":11568,"href":"https:\/\/www.asajacyl.com\/palencia\/wp-json\/wp\/v2\/posts\/11567\/revisions\/11568"}],"wp:featuredmedia":[{"embeddable":true,"href":"https:\/\/www.asajacyl.com\/palencia\/wp-json\/wp\/v2\/media\/11557"}],"wp:attachment":[{"href":"https:\/\/www.asajacyl.com\/palencia\/wp-json\/wp\/v2\/media?parent=11567"}],"wp:term":[{"taxonomy":"category","embeddable":true,"href":"https:\/\/www.asajacyl.com\/palencia\/wp-json\/wp\/v2\/categories?post=11567"},{"taxonomy":"post_tag","embeddable":true,"href":"https:\/\/www.asajacyl.com\/palencia\/wp-json\/wp\/v2\/tags?post=11567"}],"curies":[{"name":"wp","href":"https:\/\/api.w.org\/{rel}","templated":true}]}}