{"id":11572,"date":"2022-10-07T11:50:37","date_gmt":"2022-10-07T09:50:37","guid":{"rendered":"https:\/\/www.asajacyl.com\/palencia\/?p=11572"},"modified":"2022-10-07T11:50:52","modified_gmt":"2022-10-07T09:50:52","slug":"avianza-reconoce-ante-las-opas-que-las-integradoras-avicolas-no-estan-cumpliendo-la-ley-de-la-cadena","status":"publish","type":"post","link":"https:\/\/www.asajacyl.com\/palencia\/asaja-palencia-informa\/avianza-reconoce-ante-las-opas-que-las-integradoras-avicolas-no-estan-cumpliendo-la-ley-de-la-cadena","title":{"rendered":"Avianza reconoce ante las organizaciones agrarias que las integradoras av\u00edcolas no est\u00e1n cumpliendo la Ley de la Cadena"},"content":{"rendered":"\n<p><br><strong><em>ASAJA, COAG y UPA exigen al Ministerio de Agricultura una investigaci\u00f3n urgente para comprobar y sancionar los incumplimientos de la Ley de la Cadena Alimentaria en el sector av\u00edcola.<\/em><\/strong><\/p>\n\n\n\n<p>Las integradoras de pollo est\u00e1n pagando a los granjeros un precio inferior a sus costes de producci\u00f3n, que se han disparado en los \u00faltimos meses. As\u00ed lo han reconocido los representantes de Avianza, la patronal de las integradoras av\u00edcolas, ante representantes de ASAJA, COAG y UPA, en una reuni\u00f3n celebrada el pasado viernes. Las denuncias que los representantes de los avicultores llevan meses realizando de falta de precios justos e incumplimiento de la Ley de la Cadena se ven as\u00ed confirmadas por parte de las industrias av\u00edcolas.<\/p>\n\n\n\n<p>La reuni\u00f3n entre las organizaciones profesionales agrarias y las empresas integradoras agrupadas en Avianza ha servido para confirmar que el sector, en su conjunto, atraviesa un momento cr\u00edtico y que ahora, m\u00e1s que nunca urge que se cumpla con las obligaciones que marca la Ley de la Cadena Alimentaria a todos los operadores del sector.<\/p>\n\n\n\n<p>Los representantes de Avianza han reconocido a COAG, UPA y ASAJA que en los \u00faltimos doce meses los avicultores integrados han soportado un \u201cenorme incremento de los costes de producci\u00f3n\u201d, en partidas como la energ\u00eda, el combustible o los gastos por la subida de sus gastos financieros, por lo que las organizaciones agrarias insisten en la necesidad de que sean modificadas las condiciones contractuales para cumplir con el art\u00edculo 9 de la Ley, que obliga a establecer en los contratos un precio que cubra al menos el coste efectivo de producci\u00f3n.<\/p>\n\n\n\n<p>Ante esta situaci\u00f3n, las organizaciones exigir\u00e1n al Ministerio de Agricultura, en una pr\u00f3xima reuni\u00f3n que se celebrar\u00e1 el 19 de octubre, que comience una inspecci\u00f3n de oficio urgente en el sector, analizando \u201ctodas y cada una de las operaciones comerciales\u201d que tienen lugar a lo largo de la cadena de valor de los productos av\u00edcolas de carne.<\/p>\n\n\n\n<p>En este momento, la pr\u00e1ctica totalidad de los productores de pollo y pavo de Espa\u00f1a est\u00e1n teniendo una remuneraci\u00f3n muy inferior a sus costes de producci\u00f3n, con lo que \u201cno ser\u00e1 dif\u00edcil\u201d, aseguran, \u201cencontrar incumplimientos de una ley esencial para el desarrollo futuro del sector primario\u201d.<\/p>\n\n\n\n<p>\u201cNo podemos seguir soportando las p\u00e9rdidas de una cadena de valor ineficiente en su conjunto\u201d, afirman los representantes de los granjeros. El precio del pollo ha subido m\u00e1s de un euro por kilogramo en el \u00faltimo a\u00f1o en los lineales, mientras que los granjeros que cr\u00edan los pollos siguen percibiendo precios \u201cde ruina\u201d, han concluido.<\/p>\n","protected":false},"excerpt":{"rendered":"<p>ASAJA, COAG y UPA exigen al Ministerio de Agricultura una investigaci\u00f3n urgente para comprobar y sancionar los incumplimientos de la Ley de la Cadena Alimentaria en el sector av\u00edcola. Las integradoras de pollo est\u00e1n pagando a los granjeros un precio inferior a sus costes de producci\u00f3n, que se han disparado en los \u00faltimos meses. As\u00ed [&hellip;]<\/p>\n","protected":false},"author":9,"featured_media":10062,"comment_status":"open","ping_status":"open","sticky":false,"template":"","format":"standard","meta":{"footnotes":""},"categories":[9,29,28],"tags":[],"yoast_head":"<!-- This site is optimized with the Yoast SEO plugin v24.5 - https:\/\/yoast.com\/wordpress\/plugins\/seo\/ -->\n<title>Avianza reconoce ante las organizaciones agrarias que las integradoras av\u00edcolas no est\u00e1n cumpliendo la Ley de la Cadena - ASAJA Palencia<\/title>\n<meta name=\"description\" content=\"ASAJA, COAG y UPA exigen al Ministerio de Agricultura una investigaci\u00f3n urgente para comprobar y sancionar los incumplimientos de la Ley de la Cadena\" \/>\n<meta name=\"robots\" content=\"index, follow, max-snippet:-1, max-image-preview:large, max-video-preview:-1\" \/>\n<link rel=\"canonical\" href=\"https:\/\/www.asajacyl.com\/palencia\/asaja-palencia-informa\/avianza-reconoce-ante-las-opas-que-las-integradoras-avicolas-no-estan-cumpliendo-la-ley-de-la-cadena\" \/>\n<meta property=\"og:locale\" content=\"es_ES\" \/>\n<meta property=\"og:type\" content=\"article\" \/>\n<meta property=\"og:title\" content=\"Avianza reconoce ante las organizaciones agrarias que las integradoras av\u00edcolas no est\u00e1n cumpliendo la Ley de la Cadena - ASAJA Palencia\" \/>\n<meta property=\"og:description\" content=\"ASAJA, COAG y UPA exigen al Ministerio de Agricultura una investigaci\u00f3n urgente para comprobar y sancionar los incumplimientos de la Ley de la Cadena\" \/>\n<meta property=\"og:url\" content=\"https:\/\/www.asajacyl.com\/palencia\/asaja-palencia-informa\/avianza-reconoce-ante-las-opas-que-las-integradoras-avicolas-no-estan-cumpliendo-la-ley-de-la-cadena\" \/>\n<meta property=\"og:site_name\" content=\"ASAJA Palencia\" \/>\n<meta property=\"article:published_time\" content=\"2022-10-07T09:50:37+00:00\" \/>\n<meta property=\"article:modified_time\" content=\"2022-10-07T09:50:52+00:00\" \/>\n<meta property=\"og:image\" content=\"https:\/\/www.asajacyl.com\/palencia\/wp-content\/uploads\/sites\/3\/2022\/03\/POLLOS.jpg\" \/>\n\t<meta property=\"og:image:width\" content=\"1024\" \/>\n\t<meta property=\"og:image:height\" content=\"736\" \/>\n\t<meta property=\"og:image:type\" content=\"image\/jpeg\" \/>\n<meta name=\"author\" content=\"Administrador\" \/>\n<meta name=\"twitter:card\" content=\"summary_large_image\" \/>\n<meta name=\"twitter:label1\" content=\"Escrito por\" \/>\n\t<meta name=\"twitter:data1\" content=\"Administrador\" \/>\n\t<meta name=\"twitter:label2\" content=\"Tiempo de lectura\" \/>\n\t<meta name=\"twitter:data2\" content=\"2 minutos\" \/>\n<script type=\"application\/ld+json\" class=\"yoast-schema-graph\">{\"@context\":\"https:\/\/schema.org\",\"@graph\":[{\"@type\":\"WebPage\",\"@id\":\"https:\/\/www.asajacyl.com\/palencia\/asaja-palencia-informa\/avianza-reconoce-ante-las-opas-que-las-integradoras-avicolas-no-estan-cumpliendo-la-ley-de-la-cadena\",\"url\":\"https:\/\/www.asajacyl.com\/palencia\/asaja-palencia-informa\/avianza-reconoce-ante-las-opas-que-las-integradoras-avicolas-no-estan-cumpliendo-la-ley-de-la-cadena\",\"name\":\"Avianza reconoce ante las organizaciones agrarias que las integradoras av\u00edcolas no est\u00e1n cumpliendo la Ley de la Cadena - ASAJA Palencia\",\"isPartOf\":{\"@id\":\"https:\/\/www.asajacyl.com\/palencia\/#website\"},\"primaryImageOfPage\":{\"@id\":\"https:\/\/www.asajacyl.com\/palencia\/asaja-palencia-informa\/avianza-reconoce-ante-las-opas-que-las-integradoras-avicolas-no-estan-cumpliendo-la-ley-de-la-cadena#primaryimage\"},\"image\":{\"@id\":\"https:\/\/www.asajacyl.com\/palencia\/asaja-palencia-informa\/avianza-reconoce-ante-las-opas-que-las-integradoras-avicolas-no-estan-cumpliendo-la-ley-de-la-cadena#primaryimage\"},\"thumbnailUrl\":\"https:\/\/www.asajacyl.com\/palencia\/wp-content\/uploads\/sites\/3\/2022\/03\/POLLOS.jpg\",\"datePublished\":\"2022-10-07T09:50:37+00:00\",\"dateModified\":\"2022-10-07T09:50:52+00:00\",\"author\":{\"@id\":\"https:\/\/www.asajacyl.com\/palencia\/#\/schema\/person\/3ab17aeb03527485c317557fae64aab1\"},\"description\":\"ASAJA, COAG y UPA exigen al Ministerio de Agricultura una investigaci\u00f3n urgente para comprobar y sancionar los incumplimientos de la Ley de la Cadena\",\"breadcrumb\":{\"@id\":\"https:\/\/www.asajacyl.com\/palencia\/asaja-palencia-informa\/avianza-reconoce-ante-las-opas-que-las-integradoras-avicolas-no-estan-cumpliendo-la-ley-de-la-cadena#breadcrumb\"},\"inLanguage\":\"es\",\"potentialAction\":[{\"@type\":\"ReadAction\",\"target\":[\"https:\/\/www.asajacyl.com\/palencia\/asaja-palencia-informa\/avianza-reconoce-ante-las-opas-que-las-integradoras-avicolas-no-estan-cumpliendo-la-ley-de-la-cadena\"]}]},{\"@type\":\"ImageObject\",\"inLanguage\":\"es\",\"@id\":\"https:\/\/www.asajacyl.com\/palencia\/asaja-palencia-informa\/avianza-reconoce-ante-las-opas-que-las-integradoras-avicolas-no-estan-cumpliendo-la-ley-de-la-cadena#primaryimage\",\"url\":\"https:\/\/www.asajacyl.com\/palencia\/wp-content\/uploads\/sites\/3\/2022\/03\/POLLOS.jpg\",\"contentUrl\":\"https:\/\/www.asajacyl.com\/palencia\/wp-content\/uploads\/sites\/3\/2022\/03\/POLLOS.jpg\",\"width\":1024,\"height\":736},{\"@type\":\"BreadcrumbList\",\"@id\":\"https:\/\/www.asajacyl.com\/palencia\/asaja-palencia-informa\/avianza-reconoce-ante-las-opas-que-las-integradoras-avicolas-no-estan-cumpliendo-la-ley-de-la-cadena#breadcrumb\",\"itemListElement\":[{\"@type\":\"ListItem\",\"position\":1,\"name\":\"Portada\",\"item\":\"https:\/\/www.asajacyl.com\/palencia\/\"},{\"@type\":\"ListItem\",\"position\":2,\"name\":\"Avianza reconoce ante las organizaciones agrarias que las integradoras av\u00edcolas no est\u00e1n cumpliendo la Ley de la Cadena\"}]},{\"@type\":\"WebSite\",\"@id\":\"https:\/\/www.asajacyl.com\/palencia\/#website\",\"url\":\"https:\/\/www.asajacyl.com\/palencia\/\",\"name\":\"ASAJA Palencia\",\"description\":\"Otro sitio m\u00e1s de Provincias ASAJA Castilla y Le\u00f3n\",\"potentialAction\":[{\"@type\":\"SearchAction\",\"target\":{\"@type\":\"EntryPoint\",\"urlTemplate\":\"https:\/\/www.asajacyl.com\/palencia\/?s={search_term_string}\"},\"query-input\":{\"@type\":\"PropertyValueSpecification\",\"valueRequired\":true,\"valueName\":\"search_term_string\"}}],\"inLanguage\":\"es\"},{\"@type\":\"Person\",\"@id\":\"https:\/\/www.asajacyl.com\/palencia\/#\/schema\/person\/3ab17aeb03527485c317557fae64aab1\",\"name\":\"Administrador\",\"image\":{\"@type\":\"ImageObject\",\"inLanguage\":\"es\",\"@id\":\"https:\/\/www.asajacyl.com\/palencia\/#\/schema\/person\/image\/\",\"url\":\"https:\/\/secure.gravatar.com\/avatar\/517384810d242ca9e38c180f3c9fb973?s=96&d=mm&r=g\",\"contentUrl\":\"https:\/\/secure.gravatar.com\/avatar\/517384810d242ca9e38c180f3c9fb973?s=96&d=mm&r=g\",\"caption\":\"Administrador\"},\"url\":\"https:\/\/www.asajacyl.com\/palencia\/author\/carlosrm\"}]}<\/script>\n<!-- \/ Yoast SEO plugin. -->","yoast_head_json":{"title":"Avianza reconoce ante las organizaciones agrarias que las integradoras av\u00edcolas no est\u00e1n cumpliendo la Ley de la Cadena - ASAJA Palencia","description":"ASAJA, COAG y UPA exigen al Ministerio de Agricultura una investigaci\u00f3n urgente para comprobar y sancionar los incumplimientos de la Ley de la Cadena","robots":{"index":"index","follow":"follow","max-snippet":"max-snippet:-1","max-image-preview":"max-image-preview:large","max-video-preview":"max-video-preview:-1"},"canonical":"https:\/\/www.asajacyl.com\/palencia\/asaja-palencia-informa\/avianza-reconoce-ante-las-opas-que-las-integradoras-avicolas-no-estan-cumpliendo-la-ley-de-la-cadena","og_locale":"es_ES","og_type":"article","og_title":"Avianza reconoce ante las organizaciones agrarias que las integradoras av\u00edcolas no est\u00e1n cumpliendo la Ley de la Cadena - ASAJA Palencia","og_description":"ASAJA, COAG y UPA exigen al Ministerio de Agricultura una investigaci\u00f3n urgente para comprobar y sancionar los incumplimientos de la Ley de la Cadena","og_url":"https:\/\/www.asajacyl.com\/palencia\/asaja-palencia-informa\/avianza-reconoce-ante-las-opas-que-las-integradoras-avicolas-no-estan-cumpliendo-la-ley-de-la-cadena","og_site_name":"ASAJA Palencia","article_published_time":"2022-10-07T09:50:37+00:00","article_modified_time":"2022-10-07T09:50:52+00:00","og_image":[{"width":1024,"height":736,"url":"https:\/\/www.asajacyl.com\/palencia\/wp-content\/uploads\/sites\/3\/2022\/03\/POLLOS.jpg","type":"image\/jpeg"}],"author":"Administrador","twitter_card":"summary_large_image","twitter_misc":{"Escrito por":"Administrador","Tiempo de lectura":"2 minutos"},"schema":{"@context":"https:\/\/schema.org","@graph":[{"@type":"WebPage","@id":"https:\/\/www.asajacyl.com\/palencia\/asaja-palencia-informa\/avianza-reconoce-ante-las-opas-que-las-integradoras-avicolas-no-estan-cumpliendo-la-ley-de-la-cadena","url":"https:\/\/www.asajacyl.com\/palencia\/asaja-palencia-informa\/avianza-reconoce-ante-las-opas-que-las-integradoras-avicolas-no-estan-cumpliendo-la-ley-de-la-cadena","name":"Avianza reconoce ante las organizaciones agrarias que las integradoras av\u00edcolas no est\u00e1n cumpliendo la Ley de la Cadena - ASAJA Palencia","isPartOf":{"@id":"https:\/\/www.asajacyl.com\/palencia\/#website"},"primaryImageOfPage":{"@id":"https:\/\/www.asajacyl.com\/palencia\/asaja-palencia-informa\/avianza-reconoce-ante-las-opas-que-las-integradoras-avicolas-no-estan-cumpliendo-la-ley-de-la-cadena#primaryimage"},"image":{"@id":"https:\/\/www.asajacyl.com\/palencia\/asaja-palencia-informa\/avianza-reconoce-ante-las-opas-que-las-integradoras-avicolas-no-estan-cumpliendo-la-ley-de-la-cadena#primaryimage"},"thumbnailUrl":"https:\/\/www.asajacyl.com\/palencia\/wp-content\/uploads\/sites\/3\/2022\/03\/POLLOS.jpg","datePublished":"2022-10-07T09:50:37+00:00","dateModified":"2022-10-07T09:50:52+00:00","author":{"@id":"https:\/\/www.asajacyl.com\/palencia\/#\/schema\/person\/3ab17aeb03527485c317557fae64aab1"},"description":"ASAJA, COAG y UPA exigen al Ministerio de Agricultura una investigaci\u00f3n urgente para comprobar y sancionar los incumplimientos de la Ley de la Cadena","breadcrumb":{"@id":"https:\/\/www.asajacyl.com\/palencia\/asaja-palencia-informa\/avianza-reconoce-ante-las-opas-que-las-integradoras-avicolas-no-estan-cumpliendo-la-ley-de-la-cadena#breadcrumb"},"inLanguage":"es","potentialAction":[{"@type":"ReadAction","target":["https:\/\/www.asajacyl.com\/palencia\/asaja-palencia-informa\/avianza-reconoce-ante-las-opas-que-las-integradoras-avicolas-no-estan-cumpliendo-la-ley-de-la-cadena"]}]},{"@type":"ImageObject","inLanguage":"es","@id":"https:\/\/www.asajacyl.com\/palencia\/asaja-palencia-informa\/avianza-reconoce-ante-las-opas-que-las-integradoras-avicolas-no-estan-cumpliendo-la-ley-de-la-cadena#primaryimage","url":"https:\/\/www.asajacyl.com\/palencia\/wp-content\/uploads\/sites\/3\/2022\/03\/POLLOS.jpg","contentUrl":"https:\/\/www.asajacyl.com\/palencia\/wp-content\/uploads\/sites\/3\/2022\/03\/POLLOS.jpg","width":1024,"height":736},{"@type":"BreadcrumbList","@id":"https:\/\/www.asajacyl.com\/palencia\/asaja-palencia-informa\/avianza-reconoce-ante-las-opas-que-las-integradoras-avicolas-no-estan-cumpliendo-la-ley-de-la-cadena#breadcrumb","itemListElement":[{"@type":"ListItem","position":1,"name":"Portada","item":"https:\/\/www.asajacyl.com\/palencia\/"},{"@type":"ListItem","position":2,"name":"Avianza reconoce ante las organizaciones agrarias que las integradoras av\u00edcolas no est\u00e1n cumpliendo la Ley de la Cadena"}]},{"@type":"WebSite","@id":"https:\/\/www.asajacyl.com\/palencia\/#website","url":"https:\/\/www.asajacyl.com\/palencia\/","name":"ASAJA Palencia","description":"Otro sitio m\u00e1s de Provincias ASAJA Castilla y Le\u00f3n","potentialAction":[{"@type":"SearchAction","target":{"@type":"EntryPoint","urlTemplate":"https:\/\/www.asajacyl.com\/palencia\/?s={search_term_string}"},"query-input":{"@type":"PropertyValueSpecification","valueRequired":true,"valueName":"search_term_string"}}],"inLanguage":"es"},{"@type":"Person","@id":"https:\/\/www.asajacyl.com\/palencia\/#\/schema\/person\/3ab17aeb03527485c317557fae64aab1","name":"Administrador","image":{"@type":"ImageObject","inLanguage":"es","@id":"https:\/\/www.asajacyl.com\/palencia\/#\/schema\/person\/image\/","url":"https:\/\/secure.gravatar.com\/avatar\/517384810d242ca9e38c180f3c9fb973?s=96&d=mm&r=g","contentUrl":"https:\/\/secure.gravatar.com\/avatar\/517384810d242ca9e38c180f3c9fb973?s=96&d=mm&r=g","caption":"Administrador"},"url":"https:\/\/www.asajacyl.com\/palencia\/author\/carlosrm"}]}},"_links":{"self":[{"href":"https:\/\/www.asajacyl.com\/palencia\/wp-json\/wp\/v2\/posts\/11572"}],"collection":[{"href":"https:\/\/www.asajacyl.com\/palencia\/wp-json\/wp\/v2\/posts"}],"about":[{"href":"https:\/\/www.asajacyl.com\/palencia\/wp-json\/wp\/v2\/types\/post"}],"author":[{"embeddable":true,"href":"https:\/\/www.asajacyl.com\/palencia\/wp-json\/wp\/v2\/users\/9"}],"replies":[{"embeddable":true,"href":"https:\/\/www.asajacyl.com\/palencia\/wp-json\/wp\/v2\/comments?post=11572"}],"version-history":[{"count":2,"href":"https:\/\/www.asajacyl.com\/palencia\/wp-json\/wp\/v2\/posts\/11572\/revisions"}],"predecessor-version":[{"id":11574,"href":"https:\/\/www.asajacyl.com\/palencia\/wp-json\/wp\/v2\/posts\/11572\/revisions\/11574"}],"wp:featuredmedia":[{"embeddable":true,"href":"https:\/\/www.asajacyl.com\/palencia\/wp-json\/wp\/v2\/media\/10062"}],"wp:attachment":[{"href":"https:\/\/www.asajacyl.com\/palencia\/wp-json\/wp\/v2\/media?parent=11572"}],"wp:term":[{"taxonomy":"category","embeddable":true,"href":"https:\/\/www.asajacyl.com\/palencia\/wp-json\/wp\/v2\/categories?post=11572"},{"taxonomy":"post_tag","embeddable":true,"href":"https:\/\/www.asajacyl.com\/palencia\/wp-json\/wp\/v2\/tags?post=11572"}],"curies":[{"name":"wp","href":"https:\/\/api.w.org\/{rel}","templated":true}]}}