{"id":11581,"date":"2022-10-07T13:29:00","date_gmt":"2022-10-07T11:29:00","guid":{"rendered":"https:\/\/www.asajacyl.com\/palencia\/?p=11581"},"modified":"2022-10-10T08:27:31","modified_gmt":"2022-10-10T06:27:31","slug":"asaja-considera-insuficiente-la-dotacion-economica-del-ministerio-de-agricultura-para-2023","status":"publish","type":"post","link":"https:\/\/www.asajacyl.com\/palencia\/asaja-palencia-informa\/asaja-considera-insuficiente-la-dotacion-economica-del-ministerio-de-agricultura-para-2023","title":{"rendered":"ASAJA considera insuficiente la dotaci\u00f3n econ\u00f3mica del Ministerio de Agricultura para 2023"},"content":{"rendered":"\n<p><em><strong>La grave situaci\u00f3n que atraviesa el sector agrario contrasta con la irrisoria subida de 23 millones de euros en el presupuesto con respecto al actual<\/strong><\/em><\/p>\n\n\n\n<p>En el proyecto de Presupuestos Generales del Estado para 2023, presentado ayer en el Congreso de los Diputados, el Gobierno de Pedro S\u00e1nchez solamente ha incrementado un 0,3 por ciento la partida destinada al MAPA, lo que supone 23 millones de euros m\u00e1s con respecto a 2022, pasado de 8.845 a 8.868 millones. Este rid\u00edculo incremento, teniendo en cuenta la grav\u00edsima situaci\u00f3n que atraviesa el sector agrario espa\u00f1ol, contrasta con las considerables subidas en el presupuesto de ministerios como Derechos Sociales y Agenda 2030; Igualdad; Cultura y Deporte, etc. Un sector estrat\u00e9gico para la econom\u00eda de este pa\u00eds, como es el sector agrario (representa el 10% del PIB espa\u00f1ol) queda liquidado con tan solo un 1,8% del total del presupuesto destinado por el Gobierno para el conjunto de los ministerios.<\/p>\n\n\n\n<p>Teniendo en cuenta las graves dificultades por las que pasa el sector agrario espa\u00f1ol, aquejado por una dur\u00edsima sequ\u00eda que ha mermado las producciones; unos inasumibles incrementos de costes de producci\u00f3n en energ\u00eda, combustibles, semillas, fertilizantes, abonos, las consecuencias de la guerra de Ucrania que han quedado patentes en el sector y unos precios en origen que no compensan los costes de producci\u00f3n, ASAJA considera rid\u00edculo el presupuesto propuesto.<\/p>\n\n\n\n<p>En este sentido, ASAJA exige al Gobierno un incremento de la dotaci\u00f3n presupuestaria para que se contemplen ayudas directas a los sectores agr\u00edcolas y ganaderos m\u00e1s afectados por la crisis, al igual que una partida mayor para medidas fiscales, que fueron incluidas en la Ley de la Cadena Alimentaria como son la reducci\u00f3n de las facturas del gas\u00f3leo agr\u00edcola, de los fertilizantes y pl\u00e1sticos en el IRPF, as\u00ed como la implantaci\u00f3n de la doble tarifa el\u00e9ctrica para el sector. Recordamos que la puesta en marcha de estas medidas, ya aprobadas, ha sido incumplida por parte del Gobierno.<\/p>\n\n\n\n<p>Por otra parte, el incremento de presupuesto destinado a los seguros agrarios es de todo punto insuficiente, a la vista de las tremendas p\u00e9rdidas sufridas por el sector en este dur\u00edsimo a\u00f1o de sequ\u00eda. De igual forma, es necesario un presupuesto mayor para la modernizaci\u00f3n de los regad\u00edos as\u00ed como para las nuevas infraestructuras hidr\u00e1ulicas que son imprescindibles para la sostenibilidad y mantenimiento de este sector productivo, que sigue abasteciendo con alimentos seguros y de calidad a la sociedad.<\/p>\n","protected":false},"excerpt":{"rendered":"<p>La grave situaci\u00f3n que atraviesa el sector agrario contrasta con la irrisoria subida de 23 millones de euros en el presupuesto con respecto al actual En el proyecto de Presupuestos Generales del Estado para 2023, presentado ayer en el Congreso de los Diputados, el Gobierno de Pedro S\u00e1nchez solamente ha incrementado un 0,3 por ciento [&hellip;]<\/p>\n","protected":false},"author":9,"featured_media":7955,"comment_status":"open","ping_status":"open","sticky":false,"template":"","format":"standard","meta":{"footnotes":""},"categories":[9,28],"tags":[],"yoast_head":"<!-- This site is optimized with the Yoast SEO plugin v24.5 - https:\/\/yoast.com\/wordpress\/plugins\/seo\/ -->\n<title>ASAJA considera insuficiente la dotaci\u00f3n econ\u00f3mica del Ministerio de Agricultura para 2023 - ASAJA Palencia<\/title>\n<meta name=\"description\" content=\"La grave situaci\u00f3n que atraviesa el sector agrario contrasta con la irrisoria subida de 23 millones de euros en el presupuesto con respecto al actual En\" \/>\n<meta name=\"robots\" content=\"index, follow, max-snippet:-1, max-image-preview:large, max-video-preview:-1\" \/>\n<link rel=\"canonical\" href=\"https:\/\/www.asajacyl.com\/palencia\/asaja-palencia-informa\/asaja-considera-insuficiente-la-dotacion-economica-del-ministerio-de-agricultura-para-2023\" \/>\n<meta property=\"og:locale\" content=\"es_ES\" \/>\n<meta property=\"og:type\" content=\"article\" \/>\n<meta property=\"og:title\" content=\"ASAJA considera insuficiente la dotaci\u00f3n econ\u00f3mica del Ministerio de Agricultura para 2023 - ASAJA Palencia\" \/>\n<meta property=\"og:description\" content=\"La grave situaci\u00f3n que atraviesa el sector agrario contrasta con la irrisoria subida de 23 millones de euros en el presupuesto con respecto al actual En\" \/>\n<meta property=\"og:url\" content=\"https:\/\/www.asajacyl.com\/palencia\/asaja-palencia-informa\/asaja-considera-insuficiente-la-dotacion-economica-del-ministerio-de-agricultura-para-2023\" \/>\n<meta property=\"og:site_name\" content=\"ASAJA Palencia\" \/>\n<meta property=\"article:published_time\" content=\"2022-10-07T11:29:00+00:00\" \/>\n<meta property=\"article:modified_time\" content=\"2022-10-10T06:27:31+00:00\" \/>\n<meta property=\"og:image\" content=\"https:\/\/www.asajacyl.com\/palencia\/wp-content\/uploads\/sites\/3\/2021\/02\/MINISTERIO-AGRICULTURA.jpg\" \/>\n\t<meta property=\"og:image:width\" content=\"1024\" \/>\n\t<meta property=\"og:image:height\" content=\"671\" \/>\n\t<meta property=\"og:image:type\" content=\"image\/jpeg\" \/>\n<meta name=\"author\" content=\"Administrador\" \/>\n<meta name=\"twitter:card\" content=\"summary_large_image\" \/>\n<meta name=\"twitter:label1\" content=\"Escrito por\" \/>\n\t<meta name=\"twitter:data1\" content=\"Administrador\" \/>\n\t<meta name=\"twitter:label2\" content=\"Tiempo de lectura\" \/>\n\t<meta name=\"twitter:data2\" content=\"2 minutos\" \/>\n<script type=\"application\/ld+json\" class=\"yoast-schema-graph\">{\"@context\":\"https:\/\/schema.org\",\"@graph\":[{\"@type\":\"WebPage\",\"@id\":\"https:\/\/www.asajacyl.com\/palencia\/asaja-palencia-informa\/asaja-considera-insuficiente-la-dotacion-economica-del-ministerio-de-agricultura-para-2023\",\"url\":\"https:\/\/www.asajacyl.com\/palencia\/asaja-palencia-informa\/asaja-considera-insuficiente-la-dotacion-economica-del-ministerio-de-agricultura-para-2023\",\"name\":\"ASAJA considera insuficiente la dotaci\u00f3n econ\u00f3mica del Ministerio de Agricultura para 2023 - ASAJA Palencia\",\"isPartOf\":{\"@id\":\"https:\/\/www.asajacyl.com\/palencia\/#website\"},\"primaryImageOfPage\":{\"@id\":\"https:\/\/www.asajacyl.com\/palencia\/asaja-palencia-informa\/asaja-considera-insuficiente-la-dotacion-economica-del-ministerio-de-agricultura-para-2023#primaryimage\"},\"image\":{\"@id\":\"https:\/\/www.asajacyl.com\/palencia\/asaja-palencia-informa\/asaja-considera-insuficiente-la-dotacion-economica-del-ministerio-de-agricultura-para-2023#primaryimage\"},\"thumbnailUrl\":\"https:\/\/www.asajacyl.com\/palencia\/wp-content\/uploads\/sites\/3\/2021\/02\/MINISTERIO-AGRICULTURA.jpg\",\"datePublished\":\"2022-10-07T11:29:00+00:00\",\"dateModified\":\"2022-10-10T06:27:31+00:00\",\"author\":{\"@id\":\"https:\/\/www.asajacyl.com\/palencia\/#\/schema\/person\/3ab17aeb03527485c317557fae64aab1\"},\"description\":\"La grave situaci\u00f3n que atraviesa el sector agrario contrasta con la irrisoria subida de 23 millones de euros en el presupuesto con respecto al actual En\",\"breadcrumb\":{\"@id\":\"https:\/\/www.asajacyl.com\/palencia\/asaja-palencia-informa\/asaja-considera-insuficiente-la-dotacion-economica-del-ministerio-de-agricultura-para-2023#breadcrumb\"},\"inLanguage\":\"es\",\"potentialAction\":[{\"@type\":\"ReadAction\",\"target\":[\"https:\/\/www.asajacyl.com\/palencia\/asaja-palencia-informa\/asaja-considera-insuficiente-la-dotacion-economica-del-ministerio-de-agricultura-para-2023\"]}]},{\"@type\":\"ImageObject\",\"inLanguage\":\"es\",\"@id\":\"https:\/\/www.asajacyl.com\/palencia\/asaja-palencia-informa\/asaja-considera-insuficiente-la-dotacion-economica-del-ministerio-de-agricultura-para-2023#primaryimage\",\"url\":\"https:\/\/www.asajacyl.com\/palencia\/wp-content\/uploads\/sites\/3\/2021\/02\/MINISTERIO-AGRICULTURA.jpg\",\"contentUrl\":\"https:\/\/www.asajacyl.com\/palencia\/wp-content\/uploads\/sites\/3\/2021\/02\/MINISTERIO-AGRICULTURA.jpg\",\"width\":1024,\"height\":671},{\"@type\":\"BreadcrumbList\",\"@id\":\"https:\/\/www.asajacyl.com\/palencia\/asaja-palencia-informa\/asaja-considera-insuficiente-la-dotacion-economica-del-ministerio-de-agricultura-para-2023#breadcrumb\",\"itemListElement\":[{\"@type\":\"ListItem\",\"position\":1,\"name\":\"Portada\",\"item\":\"https:\/\/www.asajacyl.com\/palencia\/\"},{\"@type\":\"ListItem\",\"position\":2,\"name\":\"ASAJA considera insuficiente la dotaci\u00f3n econ\u00f3mica del Ministerio de Agricultura para 2023\"}]},{\"@type\":\"WebSite\",\"@id\":\"https:\/\/www.asajacyl.com\/palencia\/#website\",\"url\":\"https:\/\/www.asajacyl.com\/palencia\/\",\"name\":\"ASAJA Palencia\",\"description\":\"Otro sitio m\u00e1s de Provincias ASAJA Castilla y Le\u00f3n\",\"potentialAction\":[{\"@type\":\"SearchAction\",\"target\":{\"@type\":\"EntryPoint\",\"urlTemplate\":\"https:\/\/www.asajacyl.com\/palencia\/?s={search_term_string}\"},\"query-input\":{\"@type\":\"PropertyValueSpecification\",\"valueRequired\":true,\"valueName\":\"search_term_string\"}}],\"inLanguage\":\"es\"},{\"@type\":\"Person\",\"@id\":\"https:\/\/www.asajacyl.com\/palencia\/#\/schema\/person\/3ab17aeb03527485c317557fae64aab1\",\"name\":\"Administrador\",\"image\":{\"@type\":\"ImageObject\",\"inLanguage\":\"es\",\"@id\":\"https:\/\/www.asajacyl.com\/palencia\/#\/schema\/person\/image\/\",\"url\":\"https:\/\/secure.gravatar.com\/avatar\/517384810d242ca9e38c180f3c9fb973?s=96&d=mm&r=g\",\"contentUrl\":\"https:\/\/secure.gravatar.com\/avatar\/517384810d242ca9e38c180f3c9fb973?s=96&d=mm&r=g\",\"caption\":\"Administrador\"},\"url\":\"https:\/\/www.asajacyl.com\/palencia\/author\/carlosrm\"}]}<\/script>\n<!-- \/ Yoast SEO plugin. -->","yoast_head_json":{"title":"ASAJA considera insuficiente la dotaci\u00f3n econ\u00f3mica del Ministerio de Agricultura para 2023 - ASAJA Palencia","description":"La grave situaci\u00f3n que atraviesa el sector agrario contrasta con la irrisoria subida de 23 millones de euros en el presupuesto con respecto al actual En","robots":{"index":"index","follow":"follow","max-snippet":"max-snippet:-1","max-image-preview":"max-image-preview:large","max-video-preview":"max-video-preview:-1"},"canonical":"https:\/\/www.asajacyl.com\/palencia\/asaja-palencia-informa\/asaja-considera-insuficiente-la-dotacion-economica-del-ministerio-de-agricultura-para-2023","og_locale":"es_ES","og_type":"article","og_title":"ASAJA considera insuficiente la dotaci\u00f3n econ\u00f3mica del Ministerio de Agricultura para 2023 - ASAJA Palencia","og_description":"La grave situaci\u00f3n que atraviesa el sector agrario contrasta con la irrisoria subida de 23 millones de euros en el presupuesto con respecto al actual En","og_url":"https:\/\/www.asajacyl.com\/palencia\/asaja-palencia-informa\/asaja-considera-insuficiente-la-dotacion-economica-del-ministerio-de-agricultura-para-2023","og_site_name":"ASAJA Palencia","article_published_time":"2022-10-07T11:29:00+00:00","article_modified_time":"2022-10-10T06:27:31+00:00","og_image":[{"width":1024,"height":671,"url":"https:\/\/www.asajacyl.com\/palencia\/wp-content\/uploads\/sites\/3\/2021\/02\/MINISTERIO-AGRICULTURA.jpg","type":"image\/jpeg"}],"author":"Administrador","twitter_card":"summary_large_image","twitter_misc":{"Escrito por":"Administrador","Tiempo de lectura":"2 minutos"},"schema":{"@context":"https:\/\/schema.org","@graph":[{"@type":"WebPage","@id":"https:\/\/www.asajacyl.com\/palencia\/asaja-palencia-informa\/asaja-considera-insuficiente-la-dotacion-economica-del-ministerio-de-agricultura-para-2023","url":"https:\/\/www.asajacyl.com\/palencia\/asaja-palencia-informa\/asaja-considera-insuficiente-la-dotacion-economica-del-ministerio-de-agricultura-para-2023","name":"ASAJA considera insuficiente la dotaci\u00f3n econ\u00f3mica del Ministerio de Agricultura para 2023 - ASAJA Palencia","isPartOf":{"@id":"https:\/\/www.asajacyl.com\/palencia\/#website"},"primaryImageOfPage":{"@id":"https:\/\/www.asajacyl.com\/palencia\/asaja-palencia-informa\/asaja-considera-insuficiente-la-dotacion-economica-del-ministerio-de-agricultura-para-2023#primaryimage"},"image":{"@id":"https:\/\/www.asajacyl.com\/palencia\/asaja-palencia-informa\/asaja-considera-insuficiente-la-dotacion-economica-del-ministerio-de-agricultura-para-2023#primaryimage"},"thumbnailUrl":"https:\/\/www.asajacyl.com\/palencia\/wp-content\/uploads\/sites\/3\/2021\/02\/MINISTERIO-AGRICULTURA.jpg","datePublished":"2022-10-07T11:29:00+00:00","dateModified":"2022-10-10T06:27:31+00:00","author":{"@id":"https:\/\/www.asajacyl.com\/palencia\/#\/schema\/person\/3ab17aeb03527485c317557fae64aab1"},"description":"La grave situaci\u00f3n que atraviesa el sector agrario contrasta con la irrisoria subida de 23 millones de euros en el presupuesto con respecto al actual En","breadcrumb":{"@id":"https:\/\/www.asajacyl.com\/palencia\/asaja-palencia-informa\/asaja-considera-insuficiente-la-dotacion-economica-del-ministerio-de-agricultura-para-2023#breadcrumb"},"inLanguage":"es","potentialAction":[{"@type":"ReadAction","target":["https:\/\/www.asajacyl.com\/palencia\/asaja-palencia-informa\/asaja-considera-insuficiente-la-dotacion-economica-del-ministerio-de-agricultura-para-2023"]}]},{"@type":"ImageObject","inLanguage":"es","@id":"https:\/\/www.asajacyl.com\/palencia\/asaja-palencia-informa\/asaja-considera-insuficiente-la-dotacion-economica-del-ministerio-de-agricultura-para-2023#primaryimage","url":"https:\/\/www.asajacyl.com\/palencia\/wp-content\/uploads\/sites\/3\/2021\/02\/MINISTERIO-AGRICULTURA.jpg","contentUrl":"https:\/\/www.asajacyl.com\/palencia\/wp-content\/uploads\/sites\/3\/2021\/02\/MINISTERIO-AGRICULTURA.jpg","width":1024,"height":671},{"@type":"BreadcrumbList","@id":"https:\/\/www.asajacyl.com\/palencia\/asaja-palencia-informa\/asaja-considera-insuficiente-la-dotacion-economica-del-ministerio-de-agricultura-para-2023#breadcrumb","itemListElement":[{"@type":"ListItem","position":1,"name":"Portada","item":"https:\/\/www.asajacyl.com\/palencia\/"},{"@type":"ListItem","position":2,"name":"ASAJA considera insuficiente la dotaci\u00f3n econ\u00f3mica del Ministerio de Agricultura para 2023"}]},{"@type":"WebSite","@id":"https:\/\/www.asajacyl.com\/palencia\/#website","url":"https:\/\/www.asajacyl.com\/palencia\/","name":"ASAJA Palencia","description":"Otro sitio m\u00e1s de Provincias ASAJA Castilla y Le\u00f3n","potentialAction":[{"@type":"SearchAction","target":{"@type":"EntryPoint","urlTemplate":"https:\/\/www.asajacyl.com\/palencia\/?s={search_term_string}"},"query-input":{"@type":"PropertyValueSpecification","valueRequired":true,"valueName":"search_term_string"}}],"inLanguage":"es"},{"@type":"Person","@id":"https:\/\/www.asajacyl.com\/palencia\/#\/schema\/person\/3ab17aeb03527485c317557fae64aab1","name":"Administrador","image":{"@type":"ImageObject","inLanguage":"es","@id":"https:\/\/www.asajacyl.com\/palencia\/#\/schema\/person\/image\/","url":"https:\/\/secure.gravatar.com\/avatar\/517384810d242ca9e38c180f3c9fb973?s=96&d=mm&r=g","contentUrl":"https:\/\/secure.gravatar.com\/avatar\/517384810d242ca9e38c180f3c9fb973?s=96&d=mm&r=g","caption":"Administrador"},"url":"https:\/\/www.asajacyl.com\/palencia\/author\/carlosrm"}]}},"_links":{"self":[{"href":"https:\/\/www.asajacyl.com\/palencia\/wp-json\/wp\/v2\/posts\/11581"}],"collection":[{"href":"https:\/\/www.asajacyl.com\/palencia\/wp-json\/wp\/v2\/posts"}],"about":[{"href":"https:\/\/www.asajacyl.com\/palencia\/wp-json\/wp\/v2\/types\/post"}],"author":[{"embeddable":true,"href":"https:\/\/www.asajacyl.com\/palencia\/wp-json\/wp\/v2\/users\/9"}],"replies":[{"embeddable":true,"href":"https:\/\/www.asajacyl.com\/palencia\/wp-json\/wp\/v2\/comments?post=11581"}],"version-history":[{"count":1,"href":"https:\/\/www.asajacyl.com\/palencia\/wp-json\/wp\/v2\/posts\/11581\/revisions"}],"predecessor-version":[{"id":11582,"href":"https:\/\/www.asajacyl.com\/palencia\/wp-json\/wp\/v2\/posts\/11581\/revisions\/11582"}],"wp:featuredmedia":[{"embeddable":true,"href":"https:\/\/www.asajacyl.com\/palencia\/wp-json\/wp\/v2\/media\/7955"}],"wp:attachment":[{"href":"https:\/\/www.asajacyl.com\/palencia\/wp-json\/wp\/v2\/media?parent=11581"}],"wp:term":[{"taxonomy":"category","embeddable":true,"href":"https:\/\/www.asajacyl.com\/palencia\/wp-json\/wp\/v2\/categories?post=11581"},{"taxonomy":"post_tag","embeddable":true,"href":"https:\/\/www.asajacyl.com\/palencia\/wp-json\/wp\/v2\/tags?post=11581"}],"curies":[{"name":"wp","href":"https:\/\/api.w.org\/{rel}","templated":true}]}}