{"id":11583,"date":"2022-10-10T10:30:11","date_gmt":"2022-10-10T08:30:11","guid":{"rendered":"https:\/\/www.asajacyl.com\/palencia\/?p=11583"},"modified":"2022-10-10T10:30:13","modified_gmt":"2022-10-10T08:30:13","slug":"la-chd-publica-el-canon-y-tarifa-de-pisuerga-y-carrion","status":"publish","type":"post","link":"https:\/\/www.asajacyl.com\/palencia\/asaja-palencia-informa\/la-chd-publica-el-canon-y-tarifa-de-pisuerga-y-carrion","title":{"rendered":"La CHD publica el canon y tarifa de Pisuerga y Carri\u00f3n"},"content":{"rendered":"\n<p>La Confederaci\u00f3n Hidrogr\u00e1fica del Duero (CHD) ha hecho p\u00fablicos los c\u00e1lculos del canon y tarifa que deber\u00e1n abonar los regantes del y el resto de usuarios de ambos sistema en la campa\u00f1a de 2023. El canon lo satisfar\u00e1n los \u00abbeneficiados por las obras de regulaci\u00f3n de las aguas superficiales o subterr\u00e1neas, financiadas total o parcialmente con cargo al Estado\u00bb y est\u00e1 destinado a \u00abcompensar los costes de la inversi\u00f3n que soporte la Administraci\u00f3n estatal y atender los gastos de explotaci\u00f3n y conservaci\u00f3n de tales obras\u00bb mientras que la tarifa es es abonada por aquellos \u00abbeneficiados por otras obras hidr\u00e1ulicas espec\u00edficas financiadas total o parcialmente a cargo del Estado, incluidas las de correcci\u00f3n del deterioro del dominio p\u00fablico hidr\u00e1ulico, derivado de su utilizaci\u00f3n\u00bb y se destinar\u00e1 a \u00aba compensar los costes de inversi\u00f3n que soporte la Administraci\u00f3n estatal y a atender a los gastos de explotaci\u00f3n y conservaci\u00f3n de tales obras\u00bb.<\/p>\n\n\n\n<p>Los valores calculados para el Pisuerga son los siguientes:<\/p>\n\n\n\n<figure class=\"wp-block-table aligncenter is-style-stripes\"><table><tbody><tr><td class=\"has-text-align-center\" data-align=\"center\"><strong>CANAL<\/strong><\/td><td class=\"has-text-align-center\" data-align=\"center\"><strong>CANON (\u20ac\/ha)<\/strong><\/td><td class=\"has-text-align-center\" data-align=\"center\"><strong>TARIFA (\u20ac\/ha)<\/strong><\/td><td class=\"has-text-align-center\" data-align=\"center\"><strong>TOTAL (\u20ac\/ha)<\/strong><\/td><\/tr><tr><td class=\"has-text-align-center\" data-align=\"center\">Canal de Cervera-Arbejal<\/td><td class=\"has-text-align-center\" data-align=\"center\">34,88<\/td><td class=\"has-text-align-center\" data-align=\"center\">0,40<\/td><td class=\"has-text-align-center\" data-align=\"center\">35,28<\/td><\/tr><tr><td class=\"has-text-align-center\" data-align=\"center\">Canal de Castilla (Ramal Norte)<\/td><td class=\"has-text-align-center\" data-align=\"center\">34,88<\/td><td class=\"has-text-align-center\" data-align=\"center\">75,38<\/td><td class=\"has-text-align-center\" data-align=\"center\">110,26<\/td><\/tr><tr><td class=\"has-text-align-center\" data-align=\"center\">Canal del Pisuerga<\/td><td class=\"has-text-align-center\" data-align=\"center\">34,88<\/td><td class=\"has-text-align-center\" data-align=\"center\">2,99<\/td><td class=\"has-text-align-center\" data-align=\"center\">37,87<\/td><\/tr><tr><td class=\"has-text-align-center\" data-align=\"center\">Canal de Villalaco<\/td><td class=\"has-text-align-center\" data-align=\"center\">34,88<\/td><td class=\"has-text-align-center\" data-align=\"center\">135,27<\/td><td class=\"has-text-align-center\" data-align=\"center\">170,15<\/td><\/tr><\/tbody><\/table><\/figure>\n\n\n\n<p>En el caso del Carri\u00f3n los valores obtenidos han sido los siguientes:<\/p>\n\n\n\n<figure class=\"wp-block-table aligncenter is-style-stripes\"><table><tbody><tr><td><\/td><td class=\"has-text-align-center\" data-align=\"center\"><strong>CANAL<\/strong><\/td><td class=\"has-text-align-center\" data-align=\"center\"><strong>CANON (\u20ac\/ha)<\/strong><\/td><td class=\"has-text-align-center\" data-align=\"center\"><strong>TARIFA (\u20ac\/ha)<\/strong><\/td><td class=\"has-text-align-center\" data-align=\"center\"><strong>TOTAL (\u20ac\/ha)<\/strong><\/td><\/tr><tr><td><\/td><td class=\"has-text-align-center\" data-align=\"center\">Canal de Carri\u00f3n-Salda\u00f1a<\/td><td class=\"has-text-align-center\" data-align=\"center\">46,13<\/td><td class=\"has-text-align-center\" data-align=\"center\">4,58<\/td><td class=\"has-text-align-center\" data-align=\"center\">50,71<\/td><\/tr><tr><td><\/td><td class=\"has-text-align-center\" data-align=\"center\">Canal del Bajo Carri\u00f3n<\/td><td class=\"has-text-align-center\" data-align=\"center\">46,13<\/td><td class=\"has-text-align-center\" data-align=\"center\">4,62<\/td><td class=\"has-text-align-center\" data-align=\"center\">50,75<\/td><\/tr><tr><td><\/td><td class=\"has-text-align-center\" data-align=\"center\">Canal de Castilla (Ramal de Campos)<\/td><td class=\"has-text-align-center\" data-align=\"center\">46,13<\/td><td class=\"has-text-align-center\" data-align=\"center\">27,81<\/td><td class=\"has-text-align-center\" data-align=\"center\">73,94<\/td><\/tr><tr><td><\/td><td class=\"has-text-align-center\" data-align=\"center\">Canal de Castilla (Iniciativa Privada)<\/td><td class=\"has-text-align-center\" data-align=\"center\">46,13<\/td><td class=\"has-text-align-center\" data-align=\"center\">27,79<\/td><td class=\"has-text-align-center\" data-align=\"center\">73,92<\/td><\/tr><tr><td><\/td><td class=\"has-text-align-center\" data-align=\"center\">Canal de la Retenci\u00f3n<\/td><td class=\"has-text-align-center\" data-align=\"center\">46,13<\/td><td class=\"has-text-align-center\" data-align=\"center\">17,98<\/td><td class=\"has-text-align-center\" data-align=\"center\">64,11<\/td><\/tr><tr><td><\/td><td class=\"has-text-align-center\" data-align=\"center\">Conjunto de las Navas<\/td><td class=\"has-text-align-center\" data-align=\"center\">46,13<\/td><td class=\"has-text-align-center\" data-align=\"center\">13,65<\/td><td class=\"has-text-align-center\" data-align=\"center\">59,78<\/td><\/tr><tr><td><\/td><td class=\"has-text-align-center\" data-align=\"center\">Canal de Castilla (Ramal Sur)<\/td><td class=\"has-text-align-center\" data-align=\"center\">46,13<\/td><td class=\"has-text-align-center\" data-align=\"center\">48,78<\/td><td class=\"has-text-align-center\" data-align=\"center\">94,91<\/td><\/tr><tr><td><\/td><td class=\"has-text-align-center\" data-align=\"center\">Canal de Palencia<\/td><td class=\"has-text-align-center\" data-align=\"center\">46,13<\/td><td class=\"has-text-align-center\" data-align=\"center\">31,86<\/td><td class=\"has-text-align-center\" data-align=\"center\">77,99<\/td><\/tr><\/tbody><\/table><\/figure>\n","protected":false},"excerpt":{"rendered":"<p>La Confederaci\u00f3n Hidrogr\u00e1fica del Duero (CHD) ha hecho p\u00fablicos los c\u00e1lculos del canon y tarifa que deber\u00e1n abonar los regantes del y el resto de usuarios de ambos sistema en la campa\u00f1a de 2023. El canon lo satisfar\u00e1n los \u00abbeneficiados por las obras de regulaci\u00f3n de las aguas superficiales o subterr\u00e1neas, financiadas total o parcialmente [&hellip;]<\/p>\n","protected":false},"author":9,"featured_media":11200,"comment_status":"open","ping_status":"open","sticky":false,"template":"","format":"standard","meta":{"footnotes":""},"categories":[9,29,28],"tags":[],"yoast_head":"<!-- This site is optimized with the Yoast SEO plugin v24.5 - https:\/\/yoast.com\/wordpress\/plugins\/seo\/ -->\n<title>La CHD publica el canon y tarifa de Pisuerga y Carri\u00f3n - ASAJA Palencia<\/title>\n<meta name=\"description\" content=\"La Confederaci\u00f3n Hidrogr\u00e1fica del Duero (CHD) ha hecho p\u00fablicos los c\u00e1lculos del canon y tarifa que deber\u00e1n abonar los regantes del y el resto de usuarios\" \/>\n<meta name=\"robots\" content=\"index, follow, max-snippet:-1, max-image-preview:large, max-video-preview:-1\" \/>\n<link rel=\"canonical\" href=\"https:\/\/www.asajacyl.com\/palencia\/asaja-palencia-informa\/la-chd-publica-el-canon-y-tarifa-de-pisuerga-y-carrion\" \/>\n<meta property=\"og:locale\" content=\"es_ES\" \/>\n<meta property=\"og:type\" content=\"article\" \/>\n<meta property=\"og:title\" content=\"La CHD publica el canon y tarifa de Pisuerga y Carri\u00f3n - ASAJA Palencia\" \/>\n<meta property=\"og:description\" content=\"La Confederaci\u00f3n Hidrogr\u00e1fica del Duero (CHD) ha hecho p\u00fablicos los c\u00e1lculos del canon y tarifa que deber\u00e1n abonar los regantes del y el resto de usuarios\" \/>\n<meta property=\"og:url\" content=\"https:\/\/www.asajacyl.com\/palencia\/asaja-palencia-informa\/la-chd-publica-el-canon-y-tarifa-de-pisuerga-y-carrion\" \/>\n<meta property=\"og:site_name\" content=\"ASAJA Palencia\" \/>\n<meta property=\"article:published_time\" content=\"2022-10-10T08:30:11+00:00\" \/>\n<meta property=\"article:modified_time\" content=\"2022-10-10T08:30:13+00:00\" \/>\n<meta property=\"og:image\" content=\"https:\/\/www.asajacyl.com\/palencia\/wp-content\/uploads\/sites\/3\/2022\/08\/CANAL-VILLALACO-2.jpg\" \/>\n\t<meta property=\"og:image:width\" content=\"1024\" \/>\n\t<meta property=\"og:image:height\" content=\"768\" \/>\n\t<meta property=\"og:image:type\" content=\"image\/jpeg\" \/>\n<meta name=\"author\" content=\"Administrador\" \/>\n<meta name=\"twitter:card\" content=\"summary_large_image\" \/>\n<meta name=\"twitter:label1\" content=\"Escrito por\" \/>\n\t<meta name=\"twitter:data1\" content=\"Administrador\" \/>\n\t<meta name=\"twitter:label2\" content=\"Tiempo de lectura\" \/>\n\t<meta name=\"twitter:data2\" content=\"2 minutos\" \/>\n<script type=\"application\/ld+json\" class=\"yoast-schema-graph\">{\"@context\":\"https:\/\/schema.org\",\"@graph\":[{\"@type\":\"WebPage\",\"@id\":\"https:\/\/www.asajacyl.com\/palencia\/asaja-palencia-informa\/la-chd-publica-el-canon-y-tarifa-de-pisuerga-y-carrion\",\"url\":\"https:\/\/www.asajacyl.com\/palencia\/asaja-palencia-informa\/la-chd-publica-el-canon-y-tarifa-de-pisuerga-y-carrion\",\"name\":\"La CHD publica el canon y tarifa de Pisuerga y Carri\u00f3n - ASAJA Palencia\",\"isPartOf\":{\"@id\":\"https:\/\/www.asajacyl.com\/palencia\/#website\"},\"primaryImageOfPage\":{\"@id\":\"https:\/\/www.asajacyl.com\/palencia\/asaja-palencia-informa\/la-chd-publica-el-canon-y-tarifa-de-pisuerga-y-carrion#primaryimage\"},\"image\":{\"@id\":\"https:\/\/www.asajacyl.com\/palencia\/asaja-palencia-informa\/la-chd-publica-el-canon-y-tarifa-de-pisuerga-y-carrion#primaryimage\"},\"thumbnailUrl\":\"https:\/\/www.asajacyl.com\/palencia\/wp-content\/uploads\/sites\/3\/2022\/08\/CANAL-VILLALACO-2.jpg\",\"datePublished\":\"2022-10-10T08:30:11+00:00\",\"dateModified\":\"2022-10-10T08:30:13+00:00\",\"author\":{\"@id\":\"https:\/\/www.asajacyl.com\/palencia\/#\/schema\/person\/3ab17aeb03527485c317557fae64aab1\"},\"description\":\"La Confederaci\u00f3n Hidrogr\u00e1fica del Duero (CHD) ha hecho p\u00fablicos los c\u00e1lculos del canon y tarifa que deber\u00e1n abonar los regantes del y el resto de usuarios\",\"breadcrumb\":{\"@id\":\"https:\/\/www.asajacyl.com\/palencia\/asaja-palencia-informa\/la-chd-publica-el-canon-y-tarifa-de-pisuerga-y-carrion#breadcrumb\"},\"inLanguage\":\"es\",\"potentialAction\":[{\"@type\":\"ReadAction\",\"target\":[\"https:\/\/www.asajacyl.com\/palencia\/asaja-palencia-informa\/la-chd-publica-el-canon-y-tarifa-de-pisuerga-y-carrion\"]}]},{\"@type\":\"ImageObject\",\"inLanguage\":\"es\",\"@id\":\"https:\/\/www.asajacyl.com\/palencia\/asaja-palencia-informa\/la-chd-publica-el-canon-y-tarifa-de-pisuerga-y-carrion#primaryimage\",\"url\":\"https:\/\/www.asajacyl.com\/palencia\/wp-content\/uploads\/sites\/3\/2022\/08\/CANAL-VILLALACO-2.jpg\",\"contentUrl\":\"https:\/\/www.asajacyl.com\/palencia\/wp-content\/uploads\/sites\/3\/2022\/08\/CANAL-VILLALACO-2.jpg\",\"width\":1024,\"height\":768},{\"@type\":\"BreadcrumbList\",\"@id\":\"https:\/\/www.asajacyl.com\/palencia\/asaja-palencia-informa\/la-chd-publica-el-canon-y-tarifa-de-pisuerga-y-carrion#breadcrumb\",\"itemListElement\":[{\"@type\":\"ListItem\",\"position\":1,\"name\":\"Portada\",\"item\":\"https:\/\/www.asajacyl.com\/palencia\/\"},{\"@type\":\"ListItem\",\"position\":2,\"name\":\"La CHD publica el canon y tarifa de Pisuerga y Carri\u00f3n\"}]},{\"@type\":\"WebSite\",\"@id\":\"https:\/\/www.asajacyl.com\/palencia\/#website\",\"url\":\"https:\/\/www.asajacyl.com\/palencia\/\",\"name\":\"ASAJA Palencia\",\"description\":\"Otro sitio m\u00e1s de Provincias ASAJA Castilla y Le\u00f3n\",\"potentialAction\":[{\"@type\":\"SearchAction\",\"target\":{\"@type\":\"EntryPoint\",\"urlTemplate\":\"https:\/\/www.asajacyl.com\/palencia\/?s={search_term_string}\"},\"query-input\":{\"@type\":\"PropertyValueSpecification\",\"valueRequired\":true,\"valueName\":\"search_term_string\"}}],\"inLanguage\":\"es\"},{\"@type\":\"Person\",\"@id\":\"https:\/\/www.asajacyl.com\/palencia\/#\/schema\/person\/3ab17aeb03527485c317557fae64aab1\",\"name\":\"Administrador\",\"image\":{\"@type\":\"ImageObject\",\"inLanguage\":\"es\",\"@id\":\"https:\/\/www.asajacyl.com\/palencia\/#\/schema\/person\/image\/\",\"url\":\"https:\/\/secure.gravatar.com\/avatar\/517384810d242ca9e38c180f3c9fb973?s=96&d=mm&r=g\",\"contentUrl\":\"https:\/\/secure.gravatar.com\/avatar\/517384810d242ca9e38c180f3c9fb973?s=96&d=mm&r=g\",\"caption\":\"Administrador\"},\"url\":\"https:\/\/www.asajacyl.com\/palencia\/author\/carlosrm\"}]}<\/script>\n<!-- \/ Yoast SEO plugin. -->","yoast_head_json":{"title":"La CHD publica el canon y tarifa de Pisuerga y Carri\u00f3n - ASAJA Palencia","description":"La Confederaci\u00f3n Hidrogr\u00e1fica del Duero (CHD) ha hecho p\u00fablicos los c\u00e1lculos del canon y tarifa que deber\u00e1n abonar los regantes del y el resto de usuarios","robots":{"index":"index","follow":"follow","max-snippet":"max-snippet:-1","max-image-preview":"max-image-preview:large","max-video-preview":"max-video-preview:-1"},"canonical":"https:\/\/www.asajacyl.com\/palencia\/asaja-palencia-informa\/la-chd-publica-el-canon-y-tarifa-de-pisuerga-y-carrion","og_locale":"es_ES","og_type":"article","og_title":"La CHD publica el canon y tarifa de Pisuerga y Carri\u00f3n - ASAJA Palencia","og_description":"La Confederaci\u00f3n Hidrogr\u00e1fica del Duero (CHD) ha hecho p\u00fablicos los c\u00e1lculos del canon y tarifa que deber\u00e1n abonar los regantes del y el resto de usuarios","og_url":"https:\/\/www.asajacyl.com\/palencia\/asaja-palencia-informa\/la-chd-publica-el-canon-y-tarifa-de-pisuerga-y-carrion","og_site_name":"ASAJA Palencia","article_published_time":"2022-10-10T08:30:11+00:00","article_modified_time":"2022-10-10T08:30:13+00:00","og_image":[{"width":1024,"height":768,"url":"https:\/\/www.asajacyl.com\/palencia\/wp-content\/uploads\/sites\/3\/2022\/08\/CANAL-VILLALACO-2.jpg","type":"image\/jpeg"}],"author":"Administrador","twitter_card":"summary_large_image","twitter_misc":{"Escrito por":"Administrador","Tiempo de lectura":"2 minutos"},"schema":{"@context":"https:\/\/schema.org","@graph":[{"@type":"WebPage","@id":"https:\/\/www.asajacyl.com\/palencia\/asaja-palencia-informa\/la-chd-publica-el-canon-y-tarifa-de-pisuerga-y-carrion","url":"https:\/\/www.asajacyl.com\/palencia\/asaja-palencia-informa\/la-chd-publica-el-canon-y-tarifa-de-pisuerga-y-carrion","name":"La CHD publica el canon y tarifa de Pisuerga y Carri\u00f3n - ASAJA Palencia","isPartOf":{"@id":"https:\/\/www.asajacyl.com\/palencia\/#website"},"primaryImageOfPage":{"@id":"https:\/\/www.asajacyl.com\/palencia\/asaja-palencia-informa\/la-chd-publica-el-canon-y-tarifa-de-pisuerga-y-carrion#primaryimage"},"image":{"@id":"https:\/\/www.asajacyl.com\/palencia\/asaja-palencia-informa\/la-chd-publica-el-canon-y-tarifa-de-pisuerga-y-carrion#primaryimage"},"thumbnailUrl":"https:\/\/www.asajacyl.com\/palencia\/wp-content\/uploads\/sites\/3\/2022\/08\/CANAL-VILLALACO-2.jpg","datePublished":"2022-10-10T08:30:11+00:00","dateModified":"2022-10-10T08:30:13+00:00","author":{"@id":"https:\/\/www.asajacyl.com\/palencia\/#\/schema\/person\/3ab17aeb03527485c317557fae64aab1"},"description":"La Confederaci\u00f3n Hidrogr\u00e1fica del Duero (CHD) ha hecho p\u00fablicos los c\u00e1lculos del canon y tarifa que deber\u00e1n abonar los regantes del y el resto de usuarios","breadcrumb":{"@id":"https:\/\/www.asajacyl.com\/palencia\/asaja-palencia-informa\/la-chd-publica-el-canon-y-tarifa-de-pisuerga-y-carrion#breadcrumb"},"inLanguage":"es","potentialAction":[{"@type":"ReadAction","target":["https:\/\/www.asajacyl.com\/palencia\/asaja-palencia-informa\/la-chd-publica-el-canon-y-tarifa-de-pisuerga-y-carrion"]}]},{"@type":"ImageObject","inLanguage":"es","@id":"https:\/\/www.asajacyl.com\/palencia\/asaja-palencia-informa\/la-chd-publica-el-canon-y-tarifa-de-pisuerga-y-carrion#primaryimage","url":"https:\/\/www.asajacyl.com\/palencia\/wp-content\/uploads\/sites\/3\/2022\/08\/CANAL-VILLALACO-2.jpg","contentUrl":"https:\/\/www.asajacyl.com\/palencia\/wp-content\/uploads\/sites\/3\/2022\/08\/CANAL-VILLALACO-2.jpg","width":1024,"height":768},{"@type":"BreadcrumbList","@id":"https:\/\/www.asajacyl.com\/palencia\/asaja-palencia-informa\/la-chd-publica-el-canon-y-tarifa-de-pisuerga-y-carrion#breadcrumb","itemListElement":[{"@type":"ListItem","position":1,"name":"Portada","item":"https:\/\/www.asajacyl.com\/palencia\/"},{"@type":"ListItem","position":2,"name":"La CHD publica el canon y tarifa de Pisuerga y Carri\u00f3n"}]},{"@type":"WebSite","@id":"https:\/\/www.asajacyl.com\/palencia\/#website","url":"https:\/\/www.asajacyl.com\/palencia\/","name":"ASAJA Palencia","description":"Otro sitio m\u00e1s de Provincias ASAJA Castilla y Le\u00f3n","potentialAction":[{"@type":"SearchAction","target":{"@type":"EntryPoint","urlTemplate":"https:\/\/www.asajacyl.com\/palencia\/?s={search_term_string}"},"query-input":{"@type":"PropertyValueSpecification","valueRequired":true,"valueName":"search_term_string"}}],"inLanguage":"es"},{"@type":"Person","@id":"https:\/\/www.asajacyl.com\/palencia\/#\/schema\/person\/3ab17aeb03527485c317557fae64aab1","name":"Administrador","image":{"@type":"ImageObject","inLanguage":"es","@id":"https:\/\/www.asajacyl.com\/palencia\/#\/schema\/person\/image\/","url":"https:\/\/secure.gravatar.com\/avatar\/517384810d242ca9e38c180f3c9fb973?s=96&d=mm&r=g","contentUrl":"https:\/\/secure.gravatar.com\/avatar\/517384810d242ca9e38c180f3c9fb973?s=96&d=mm&r=g","caption":"Administrador"},"url":"https:\/\/www.asajacyl.com\/palencia\/author\/carlosrm"}]}},"_links":{"self":[{"href":"https:\/\/www.asajacyl.com\/palencia\/wp-json\/wp\/v2\/posts\/11583"}],"collection":[{"href":"https:\/\/www.asajacyl.com\/palencia\/wp-json\/wp\/v2\/posts"}],"about":[{"href":"https:\/\/www.asajacyl.com\/palencia\/wp-json\/wp\/v2\/types\/post"}],"author":[{"embeddable":true,"href":"https:\/\/www.asajacyl.com\/palencia\/wp-json\/wp\/v2\/users\/9"}],"replies":[{"embeddable":true,"href":"https:\/\/www.asajacyl.com\/palencia\/wp-json\/wp\/v2\/comments?post=11583"}],"version-history":[{"count":1,"href":"https:\/\/www.asajacyl.com\/palencia\/wp-json\/wp\/v2\/posts\/11583\/revisions"}],"predecessor-version":[{"id":11584,"href":"https:\/\/www.asajacyl.com\/palencia\/wp-json\/wp\/v2\/posts\/11583\/revisions\/11584"}],"wp:featuredmedia":[{"embeddable":true,"href":"https:\/\/www.asajacyl.com\/palencia\/wp-json\/wp\/v2\/media\/11200"}],"wp:attachment":[{"href":"https:\/\/www.asajacyl.com\/palencia\/wp-json\/wp\/v2\/media?parent=11583"}],"wp:term":[{"taxonomy":"category","embeddable":true,"href":"https:\/\/www.asajacyl.com\/palencia\/wp-json\/wp\/v2\/categories?post=11583"},{"taxonomy":"post_tag","embeddable":true,"href":"https:\/\/www.asajacyl.com\/palencia\/wp-json\/wp\/v2\/tags?post=11583"}],"curies":[{"name":"wp","href":"https:\/\/api.w.org\/{rel}","templated":true}]}}