{"id":11586,"date":"2022-10-16T07:32:00","date_gmt":"2022-10-16T05:32:00","guid":{"rendered":"https:\/\/www.asajacyl.com\/palencia\/?p=11586"},"modified":"2022-12-07T14:26:38","modified_gmt":"2022-12-07T13:26:38","slug":"la-nueva-pac-ya-esta-aqui","status":"publish","type":"post","link":"https:\/\/www.asajacyl.com\/palencia\/asaja-palencia-informa\/opinion-asaja\/la-nueva-pac-ya-esta-aqui","title":{"rendered":"La nueva PAC ya est\u00e1 aqu\u00ed"},"content":{"rendered":"\n<p>Estos d\u00edas estoy recorriendo la comunidad acompa\u00f1ando a nuestras organizaciones provinciales en las numerosas charlas sobre la nueva PAC que est\u00e1n celebrando con los agricultores y ganaderos. En el tiempo que llevo como agricultor no recuerdo otra sementera m\u00e1s extra\u00f1a y complicada. Por un lado, unos costes de producci\u00f3n desmesurados, que hacen inviable la siembra de ciertos cultivos m\u00e1s exigentes en sus condiciones agron\u00f3micas. Por otro, una normativa que entrar\u00e1 en vigor en enero de 2023 pero que condiciona desde ya las siembras de este oto\u00f1o. Que una parte importante de las ayudas dependan de lo que elijamos sembrar, los ya famosos eco reg\u00edmenes, multiplica nuestras dudas y explica el lleno hasta la bandera de todos los actos que estamos organizando en ASAJA.<\/p>\n\n\n\n<p>En medio de la mara\u00f1a de normativa, que nuestros t\u00e9cnicos van recogiendo y organizando para que la podamos entender y adaptar a nuestra explotaci\u00f3n, ya sabemos que muy probablemente tendremos que contar con cultivos o formas de producir distintas. Eso complica la agricultura que ven\u00edamos haciendo hasta ahora, tanto las pr\u00e1cticas como las cuentas, y por eso es m\u00e1s importante que nunca contar con el asesoramiento del equipo t\u00e9cnico de nuestra organizaci\u00f3n.<\/p>\n\n\n\n<p>Hace ya mucho tiempo, desde que empezaron a circular documentos y borradores que ahora han cuajado en el Plan Estrat\u00e9gico PAC para Espa\u00f1a, en ASAJA dimos la voz de alarma. Ojal\u00e1 que el tiempo no nos hubiera dado la raz\u00f3n. Como dijimos hace ya meses, la PAC 23-27 no es ni profesional ni productiva. Es, en pocas palabras, la peor de las que hemos conocido, por dos razones principales. Primero, va a limitar a\u00fan m\u00e1s la libertad del profesional de la agricultura y la ganader\u00eda para gestionar su explotaci\u00f3n, condicionando sus decisiones agron\u00f3micas a una serie de exigencias muchas veces absurdas. Segundo, va a comprometer el abastecimiento de alimentos. Por si fuera poco, se avecinan m\u00e1s carga burocr\u00e1tica y m\u00e1s controles. Europa y los pa\u00edses miembros quieren una PAC \u201cverde\u201d y poco productiva, y para conseguirlo nos van a llenar de controles cada vez m\u00e1s exhaustivos y multiplicados.<\/p>\n\n\n\n<p>En ASAJA, a trav\u00e9s de nuestra oficina en Bruselas, de nuestra estructura nacional y tambi\u00e9n desde Castilla y Le\u00f3n y sus provincias, hemos dedicado muchas horas a defender a los agricultores y ganaderos frente a esta nueva PAC.&nbsp; Por activa y por pasiva hemos defendido la figura del agricultor activo, del verdadero profesional. Hemos defendido nuestra agricultura continental, m\u00e1s a\u00fan cuando somos deficitarios en Espa\u00f1a de producciones b\u00e1sicas. Y aunque en la negociaci\u00f3n alguna mejora se ha logrado (la rotaci\u00f3n, la diversificaci\u00f3n de cultivos o el pago redistributivo que quer\u00edan eran todav\u00eda peores de lo aprobado finalmente), ha sido siempre una lucha de David frente a Goliat. &nbsp;En este contexto debo criticar la falta de di\u00e1logo real, no de reuniones para cubrir el expediente, con el ministerio. Y tambi\u00e9n que a veces ASAJA se ha quedado sola en la defensa a ultranza de la profesionalidad empresarial, frente a los postulados de otras organizaciones agrarias, que primaban otro tipo de planteamientos m\u00e1s acordes con las modas actuales.<\/p>\n\n\n\n<p>Pero ahora tenemos que pasar de la cr\u00edtica a la informaci\u00f3n, ayudar a nuestros socios para que desarrollen la sementera y el a\u00f1o agr\u00edcola en las mejores condiciones, para lograr la m\u00e1xima rentabilidad posible. Desde ASAJA estamos comprometidos al cien por cien con el sector, y nuestros equipos van a dar lo m\u00e1ximo para ofrecer el mejor apoyo t\u00e9cnico a los profesionales. Esta vez todo es diferente, cada agricultor va a tener que decidir por s\u00ed mismo qu\u00e9 cultivos va a sembrar, en qu\u00e9 porcentaje y en qu\u00e9 fincas. Y seg\u00fan lo haga se incluir\u00e1 en un tipo de ayudas u otro, y elegir si producir o someterse a requisitos para cobrar una ayuda.<\/p>\n\n\n\n<p>Con estas mimbres tenemos que confeccionar la pr\u00f3xima solicitud PAC y elegir qu\u00e9 sembrar este oto\u00f1o. Como agricultor,&nbsp; me voy a poner en manos de los t\u00e9cnicos de ASAJA para que me informen y aconsejen sobre qu\u00e9 puedo y debo hacer. Y lo hago no s\u00f3lo porque soy socio de ASAJA y creo en la organizaci\u00f3n, sino porque s\u00e9 que en ASAJA est\u00e1 el mejor equipo t\u00e9cnico, el que velar\u00e1 mejor por mis intereses profesionales. M\u00e1s de 150 t\u00e9cnicos que conocen la normativa y que cuentan con la informaci\u00f3n actualizada d\u00eda a d\u00eda, porque la m\u00e1quina de la burocracia no para, y adem\u00e1s de farragosa est\u00e1 continuamente a\u00f1adiendo y modificando condiciones.<\/p>\n\n\n\n<p>El grado de complejidad que tiene la nueva PAC con su estructura verde sobrepasa todo sentido com\u00fan y l\u00f3gica. Es absurda por definici\u00f3n, y desde luego en un contexto econ\u00f3mico mundial como el que tenemos, con elevados costes de producci\u00f3n y escasez de materias primas, il\u00f3gica econ\u00f3mica y socialmente. Y a\u00fan as\u00ed, ah\u00ed vamos, a por una nueva sementera, lo m\u00e1s econ\u00f3mica posible, y a por la primera solicitud de la nueva PAC.<\/p>\n","protected":false},"excerpt":{"rendered":"<p>Estos d\u00edas estoy recorriendo la comunidad acompa\u00f1ando a nuestras organizaciones provinciales en las numerosas charlas sobre la nueva PAC que est\u00e1n celebrando con los agricultores y ganaderos. En el tiempo que llevo como agricultor no recuerdo otra sementera m\u00e1s extra\u00f1a y complicada. Por un lado, unos costes de producci\u00f3n desmesurados, que hacen inviable la siembra [&hellip;]<\/p>\n","protected":false},"author":9,"featured_media":5369,"comment_status":"open","ping_status":"open","sticky":false,"template":"","format":"standard","meta":{"footnotes":""},"categories":[30],"tags":[],"yoast_head":"<!-- This site is optimized with the Yoast SEO plugin v24.5 - https:\/\/yoast.com\/wordpress\/plugins\/seo\/ -->\n<title>La nueva PAC ya est\u00e1 aqu\u00ed - ASAJA Palencia<\/title>\n<meta name=\"description\" content=\"Estos d\u00edas estoy recorriendo la comunidad acompa\u00f1ando a nuestras organizaciones provinciales en las numerosas charlas sobre la nueva PAC que est\u00e1n\" \/>\n<meta name=\"robots\" content=\"index, follow, max-snippet:-1, max-image-preview:large, max-video-preview:-1\" \/>\n<link rel=\"canonical\" href=\"https:\/\/www.asajacyl.com\/palencia\/asaja-palencia-informa\/opinion-asaja\/la-nueva-pac-ya-esta-aqui\" \/>\n<meta property=\"og:locale\" content=\"es_ES\" \/>\n<meta property=\"og:type\" content=\"article\" \/>\n<meta property=\"og:title\" content=\"La nueva PAC ya est\u00e1 aqu\u00ed - ASAJA Palencia\" \/>\n<meta property=\"og:description\" content=\"Estos d\u00edas estoy recorriendo la comunidad acompa\u00f1ando a nuestras organizaciones provinciales en las numerosas charlas sobre la nueva PAC que est\u00e1n\" \/>\n<meta property=\"og:url\" content=\"https:\/\/www.asajacyl.com\/palencia\/asaja-palencia-informa\/opinion-asaja\/la-nueva-pac-ya-esta-aqui\" \/>\n<meta property=\"og:site_name\" content=\"ASAJA Palencia\" \/>\n<meta property=\"article:published_time\" content=\"2022-10-16T05:32:00+00:00\" \/>\n<meta property=\"article:modified_time\" content=\"2022-12-07T13:26:38+00:00\" \/>\n<meta property=\"og:image\" content=\"https:\/\/www.asajacyl.com\/palencia\/wp-content\/uploads\/sites\/3\/2018\/09\/donaciano-dujo-opini\u00f3n.jpg\" \/>\n\t<meta property=\"og:image:width\" content=\"394\" \/>\n\t<meta property=\"og:image:height\" content=\"320\" \/>\n\t<meta property=\"og:image:type\" content=\"image\/jpeg\" \/>\n<meta name=\"author\" content=\"Administrador\" \/>\n<meta name=\"twitter:card\" content=\"summary_large_image\" \/>\n<meta name=\"twitter:label1\" content=\"Escrito por\" \/>\n\t<meta name=\"twitter:data1\" content=\"Administrador\" \/>\n\t<meta name=\"twitter:label2\" content=\"Tiempo de lectura\" \/>\n\t<meta name=\"twitter:data2\" content=\"4 minutos\" \/>\n<script type=\"application\/ld+json\" class=\"yoast-schema-graph\">{\"@context\":\"https:\/\/schema.org\",\"@graph\":[{\"@type\":\"WebPage\",\"@id\":\"https:\/\/www.asajacyl.com\/palencia\/asaja-palencia-informa\/opinion-asaja\/la-nueva-pac-ya-esta-aqui\",\"url\":\"https:\/\/www.asajacyl.com\/palencia\/asaja-palencia-informa\/opinion-asaja\/la-nueva-pac-ya-esta-aqui\",\"name\":\"La nueva PAC ya est\u00e1 aqu\u00ed - ASAJA Palencia\",\"isPartOf\":{\"@id\":\"https:\/\/www.asajacyl.com\/palencia\/#website\"},\"primaryImageOfPage\":{\"@id\":\"https:\/\/www.asajacyl.com\/palencia\/asaja-palencia-informa\/opinion-asaja\/la-nueva-pac-ya-esta-aqui#primaryimage\"},\"image\":{\"@id\":\"https:\/\/www.asajacyl.com\/palencia\/asaja-palencia-informa\/opinion-asaja\/la-nueva-pac-ya-esta-aqui#primaryimage\"},\"thumbnailUrl\":\"https:\/\/www.asajacyl.com\/palencia\/wp-content\/uploads\/sites\/3\/2018\/09\/donaciano-dujo-opini\u00f3n.jpg\",\"datePublished\":\"2022-10-16T05:32:00+00:00\",\"dateModified\":\"2022-12-07T13:26:38+00:00\",\"author\":{\"@id\":\"https:\/\/www.asajacyl.com\/palencia\/#\/schema\/person\/3ab17aeb03527485c317557fae64aab1\"},\"description\":\"Estos d\u00edas estoy recorriendo la comunidad acompa\u00f1ando a nuestras organizaciones provinciales en las numerosas charlas sobre la nueva PAC que est\u00e1n\",\"breadcrumb\":{\"@id\":\"https:\/\/www.asajacyl.com\/palencia\/asaja-palencia-informa\/opinion-asaja\/la-nueva-pac-ya-esta-aqui#breadcrumb\"},\"inLanguage\":\"es\",\"potentialAction\":[{\"@type\":\"ReadAction\",\"target\":[\"https:\/\/www.asajacyl.com\/palencia\/asaja-palencia-informa\/opinion-asaja\/la-nueva-pac-ya-esta-aqui\"]}]},{\"@type\":\"ImageObject\",\"inLanguage\":\"es\",\"@id\":\"https:\/\/www.asajacyl.com\/palencia\/asaja-palencia-informa\/opinion-asaja\/la-nueva-pac-ya-esta-aqui#primaryimage\",\"url\":\"https:\/\/www.asajacyl.com\/palencia\/wp-content\/uploads\/sites\/3\/2018\/09\/donaciano-dujo-opini\u00f3n.jpg\",\"contentUrl\":\"https:\/\/www.asajacyl.com\/palencia\/wp-content\/uploads\/sites\/3\/2018\/09\/donaciano-dujo-opini\u00f3n.jpg\",\"width\":394,\"height\":320},{\"@type\":\"BreadcrumbList\",\"@id\":\"https:\/\/www.asajacyl.com\/palencia\/asaja-palencia-informa\/opinion-asaja\/la-nueva-pac-ya-esta-aqui#breadcrumb\",\"itemListElement\":[{\"@type\":\"ListItem\",\"position\":1,\"name\":\"Portada\",\"item\":\"https:\/\/www.asajacyl.com\/palencia\/\"},{\"@type\":\"ListItem\",\"position\":2,\"name\":\"La nueva PAC ya est\u00e1 aqu\u00ed\"}]},{\"@type\":\"WebSite\",\"@id\":\"https:\/\/www.asajacyl.com\/palencia\/#website\",\"url\":\"https:\/\/www.asajacyl.com\/palencia\/\",\"name\":\"ASAJA Palencia\",\"description\":\"Otro sitio m\u00e1s de Provincias ASAJA Castilla y Le\u00f3n\",\"potentialAction\":[{\"@type\":\"SearchAction\",\"target\":{\"@type\":\"EntryPoint\",\"urlTemplate\":\"https:\/\/www.asajacyl.com\/palencia\/?s={search_term_string}\"},\"query-input\":{\"@type\":\"PropertyValueSpecification\",\"valueRequired\":true,\"valueName\":\"search_term_string\"}}],\"inLanguage\":\"es\"},{\"@type\":\"Person\",\"@id\":\"https:\/\/www.asajacyl.com\/palencia\/#\/schema\/person\/3ab17aeb03527485c317557fae64aab1\",\"name\":\"Administrador\",\"image\":{\"@type\":\"ImageObject\",\"inLanguage\":\"es\",\"@id\":\"https:\/\/www.asajacyl.com\/palencia\/#\/schema\/person\/image\/\",\"url\":\"https:\/\/secure.gravatar.com\/avatar\/517384810d242ca9e38c180f3c9fb973?s=96&d=mm&r=g\",\"contentUrl\":\"https:\/\/secure.gravatar.com\/avatar\/517384810d242ca9e38c180f3c9fb973?s=96&d=mm&r=g\",\"caption\":\"Administrador\"},\"url\":\"https:\/\/www.asajacyl.com\/palencia\/author\/carlosrm\"}]}<\/script>\n<!-- \/ Yoast SEO plugin. -->","yoast_head_json":{"title":"La nueva PAC ya est\u00e1 aqu\u00ed - ASAJA Palencia","description":"Estos d\u00edas estoy recorriendo la comunidad acompa\u00f1ando a nuestras organizaciones provinciales en las numerosas charlas sobre la nueva PAC que est\u00e1n","robots":{"index":"index","follow":"follow","max-snippet":"max-snippet:-1","max-image-preview":"max-image-preview:large","max-video-preview":"max-video-preview:-1"},"canonical":"https:\/\/www.asajacyl.com\/palencia\/asaja-palencia-informa\/opinion-asaja\/la-nueva-pac-ya-esta-aqui","og_locale":"es_ES","og_type":"article","og_title":"La nueva PAC ya est\u00e1 aqu\u00ed - ASAJA Palencia","og_description":"Estos d\u00edas estoy recorriendo la comunidad acompa\u00f1ando a nuestras organizaciones provinciales en las numerosas charlas sobre la nueva PAC que est\u00e1n","og_url":"https:\/\/www.asajacyl.com\/palencia\/asaja-palencia-informa\/opinion-asaja\/la-nueva-pac-ya-esta-aqui","og_site_name":"ASAJA Palencia","article_published_time":"2022-10-16T05:32:00+00:00","article_modified_time":"2022-12-07T13:26:38+00:00","og_image":[{"width":394,"height":320,"url":"https:\/\/www.asajacyl.com\/palencia\/wp-content\/uploads\/sites\/3\/2018\/09\/donaciano-dujo-opini\u00f3n.jpg","type":"image\/jpeg"}],"author":"Administrador","twitter_card":"summary_large_image","twitter_misc":{"Escrito por":"Administrador","Tiempo de lectura":"4 minutos"},"schema":{"@context":"https:\/\/schema.org","@graph":[{"@type":"WebPage","@id":"https:\/\/www.asajacyl.com\/palencia\/asaja-palencia-informa\/opinion-asaja\/la-nueva-pac-ya-esta-aqui","url":"https:\/\/www.asajacyl.com\/palencia\/asaja-palencia-informa\/opinion-asaja\/la-nueva-pac-ya-esta-aqui","name":"La nueva PAC ya est\u00e1 aqu\u00ed - ASAJA Palencia","isPartOf":{"@id":"https:\/\/www.asajacyl.com\/palencia\/#website"},"primaryImageOfPage":{"@id":"https:\/\/www.asajacyl.com\/palencia\/asaja-palencia-informa\/opinion-asaja\/la-nueva-pac-ya-esta-aqui#primaryimage"},"image":{"@id":"https:\/\/www.asajacyl.com\/palencia\/asaja-palencia-informa\/opinion-asaja\/la-nueva-pac-ya-esta-aqui#primaryimage"},"thumbnailUrl":"https:\/\/www.asajacyl.com\/palencia\/wp-content\/uploads\/sites\/3\/2018\/09\/donaciano-dujo-opini\u00f3n.jpg","datePublished":"2022-10-16T05:32:00+00:00","dateModified":"2022-12-07T13:26:38+00:00","author":{"@id":"https:\/\/www.asajacyl.com\/palencia\/#\/schema\/person\/3ab17aeb03527485c317557fae64aab1"},"description":"Estos d\u00edas estoy recorriendo la comunidad acompa\u00f1ando a nuestras organizaciones provinciales en las numerosas charlas sobre la nueva PAC que est\u00e1n","breadcrumb":{"@id":"https:\/\/www.asajacyl.com\/palencia\/asaja-palencia-informa\/opinion-asaja\/la-nueva-pac-ya-esta-aqui#breadcrumb"},"inLanguage":"es","potentialAction":[{"@type":"ReadAction","target":["https:\/\/www.asajacyl.com\/palencia\/asaja-palencia-informa\/opinion-asaja\/la-nueva-pac-ya-esta-aqui"]}]},{"@type":"ImageObject","inLanguage":"es","@id":"https:\/\/www.asajacyl.com\/palencia\/asaja-palencia-informa\/opinion-asaja\/la-nueva-pac-ya-esta-aqui#primaryimage","url":"https:\/\/www.asajacyl.com\/palencia\/wp-content\/uploads\/sites\/3\/2018\/09\/donaciano-dujo-opini\u00f3n.jpg","contentUrl":"https:\/\/www.asajacyl.com\/palencia\/wp-content\/uploads\/sites\/3\/2018\/09\/donaciano-dujo-opini\u00f3n.jpg","width":394,"height":320},{"@type":"BreadcrumbList","@id":"https:\/\/www.asajacyl.com\/palencia\/asaja-palencia-informa\/opinion-asaja\/la-nueva-pac-ya-esta-aqui#breadcrumb","itemListElement":[{"@type":"ListItem","position":1,"name":"Portada","item":"https:\/\/www.asajacyl.com\/palencia\/"},{"@type":"ListItem","position":2,"name":"La nueva PAC ya est\u00e1 aqu\u00ed"}]},{"@type":"WebSite","@id":"https:\/\/www.asajacyl.com\/palencia\/#website","url":"https:\/\/www.asajacyl.com\/palencia\/","name":"ASAJA Palencia","description":"Otro sitio m\u00e1s de Provincias ASAJA Castilla y Le\u00f3n","potentialAction":[{"@type":"SearchAction","target":{"@type":"EntryPoint","urlTemplate":"https:\/\/www.asajacyl.com\/palencia\/?s={search_term_string}"},"query-input":{"@type":"PropertyValueSpecification","valueRequired":true,"valueName":"search_term_string"}}],"inLanguage":"es"},{"@type":"Person","@id":"https:\/\/www.asajacyl.com\/palencia\/#\/schema\/person\/3ab17aeb03527485c317557fae64aab1","name":"Administrador","image":{"@type":"ImageObject","inLanguage":"es","@id":"https:\/\/www.asajacyl.com\/palencia\/#\/schema\/person\/image\/","url":"https:\/\/secure.gravatar.com\/avatar\/517384810d242ca9e38c180f3c9fb973?s=96&d=mm&r=g","contentUrl":"https:\/\/secure.gravatar.com\/avatar\/517384810d242ca9e38c180f3c9fb973?s=96&d=mm&r=g","caption":"Administrador"},"url":"https:\/\/www.asajacyl.com\/palencia\/author\/carlosrm"}]}},"_links":{"self":[{"href":"https:\/\/www.asajacyl.com\/palencia\/wp-json\/wp\/v2\/posts\/11586"}],"collection":[{"href":"https:\/\/www.asajacyl.com\/palencia\/wp-json\/wp\/v2\/posts"}],"about":[{"href":"https:\/\/www.asajacyl.com\/palencia\/wp-json\/wp\/v2\/types\/post"}],"author":[{"embeddable":true,"href":"https:\/\/www.asajacyl.com\/palencia\/wp-json\/wp\/v2\/users\/9"}],"replies":[{"embeddable":true,"href":"https:\/\/www.asajacyl.com\/palencia\/wp-json\/wp\/v2\/comments?post=11586"}],"version-history":[{"count":2,"href":"https:\/\/www.asajacyl.com\/palencia\/wp-json\/wp\/v2\/posts\/11586\/revisions"}],"predecessor-version":[{"id":11908,"href":"https:\/\/www.asajacyl.com\/palencia\/wp-json\/wp\/v2\/posts\/11586\/revisions\/11908"}],"wp:featuredmedia":[{"embeddable":true,"href":"https:\/\/www.asajacyl.com\/palencia\/wp-json\/wp\/v2\/media\/5369"}],"wp:attachment":[{"href":"https:\/\/www.asajacyl.com\/palencia\/wp-json\/wp\/v2\/media?parent=11586"}],"wp:term":[{"taxonomy":"category","embeddable":true,"href":"https:\/\/www.asajacyl.com\/palencia\/wp-json\/wp\/v2\/categories?post=11586"},{"taxonomy":"post_tag","embeddable":true,"href":"https:\/\/www.asajacyl.com\/palencia\/wp-json\/wp\/v2\/tags?post=11586"}],"curies":[{"name":"wp","href":"https:\/\/api.w.org\/{rel}","templated":true}]}}