{"id":11588,"date":"2022-10-11T07:34:00","date_gmt":"2022-10-11T05:34:00","guid":{"rendered":"https:\/\/www.asajacyl.com\/palencia\/?p=11588"},"modified":"2022-10-11T07:40:22","modified_gmt":"2022-10-11T05:40:22","slug":"ante-los-precios-exorbitados-de-la-energia-se-requiere-una-respuesta-europea-cohesionada-y-urgente-para-garantizar-el-suministro-alimentario","status":"publish","type":"post","link":"https:\/\/www.asajacyl.com\/palencia\/asaja-palencia-informa\/ante-los-precios-exorbitados-de-la-energia-se-requiere-una-respuesta-europea-cohesionada-y-urgente-para-garantizar-el-suministro-alimentario","title":{"rendered":"Ante los precios exorbitados de la energ\u00eda, se requiere una respuesta europea cohesionada y urgente para garantizar el suministro alimentario"},"content":{"rendered":"\n<p>Los miembros del Praesidium del Copa y de la Cogeca han celebrado una reuni\u00f3n extraordinaria para tratar la actual crisis energ\u00e9tica y sus efectos en el sector agroalimentario. La sesi\u00f3n se ha producido en un momento clave en la esfera pol\u00edtica de la Uni\u00f3n Europea, ya que ha coincidido con la reuni\u00f3n informal de los Jefes de Estado y de Gobierno en Praga.<\/p>\n\n\n\n<p>La subida de los costes de la energ\u00eda y su repercusi\u00f3n en el precio de la electricidad, el gas, los carburantes, los fertilizantes y dem\u00e1s insumos agr\u00edcolas han causado serios apuros para los agricultores y cooperativas agrarias de muchos sectores. Con la subida de los precios del gas y la electricidad, muchos productores est\u00e1n al borde del colapso y se plantean la continuidad de su actividad. Aunque los precios en origen para los agricultores han aumentado, no han logrado cubrir los incrementos mucho mayores de los costes de producci\u00f3n, lo cual tiene graves consecuencias en el contexto actual de creciente inflaci\u00f3n.<\/p>\n\n\n\n<p>\u00abDisponer de alimentos este invierno ser\u00e1 una cuesti\u00f3n tan relevante como poder calentar o iluminar nuestros hogares. En estas circunstancias extraordinarias, con una guerra en Europa y el uso de los suministros alimentarios y energ\u00e9ticos como armamento por parte de Rusia, es esencial preparar una respuesta europea com\u00fan, unida y eficaz que asegure las necesidades de los sectores esenciales de la Uni\u00f3n Europea y sus ciudadanos, a la vez que mantenga el correcto funcionamiento del mercado \u00fanico\u00bb, ha subrayado Christiane Lambert, presidenta del Copa.<\/p>\n\n\n\n<p>Aportar certeza respecto al suministro energ\u00e9tico del sector y respecto a la reducci\u00f3n de la volatilidad de los precios energ\u00e9ticos ser\u00e1 de suma importancia. La Comisi\u00f3n Europea y los Estados miembro deben reconocer el papel fundamental de los agricultores europeos, las cooperativas agrarias y la cadena de suministro agroalimentario. Para ello, deber\u00edan priorizar el sector agroalimentario en los planes de racionamiento del gas que barajan los Estados miembro para adoptar las medidas establecidas por la Comisi\u00f3n en su Comunicaci\u00f3n del pasado julio. Adem\u00e1s, la reducci\u00f3n del consumo energ\u00e9tico durante las horas punta no deber\u00eda aplicarse a la cadena de producci\u00f3n alimentaria. Tambi\u00e9n resulta crucial diversificar el suministro de energ\u00eda aprovechando el papel clave de la bioenerg\u00eda y los biocombustibles provenientes de cultivos, as\u00ed como el potencial de la producci\u00f3n descentralizada de energ\u00eda renovable en las explotaciones.<\/p>\n\n\n\n<p>\u00abPedimos medidas a nivel europeo espec\u00edficas, inmediatas, a corto y medio plazo para los sectores agrarios y forestales, que incluyan intervenciones econ\u00f3micas para garantizar la liquidez, de modo que no haya perturbaciones en las cadenas de suministro alimentario y energ\u00e9tico durante el invierno ni m\u00e1s adelante\u00bb, ha a\u00f1adido Ram\u00f3n Armengol, presidente de la Cogeca.<\/p>\n\n\n\n<p>En cuanto al tope en los precios del gas que se emplea en la producci\u00f3n el\u00e9ctrica, el Copa y la Cogeca toman nota de las declaraciones de la Presidenta de la Comisi\u00f3n, Ursula von der Leyen, e invitan a la Comisi\u00f3n a que realice propuestas prontas y eficaces sobre c\u00f3mo lograr que dicho tope funcione adecuadamente. En particular, es fundamental que las propuestas reduzcan las facturas de energ\u00eda, gas y electricidad, pero sin perturbar ni el suministro ni el mercado de la energ\u00eda a largo plazo.<\/p>\n\n\n\n<p>En cuanto a los abonos, celebramos las recientes declaraciones del Comisario de Agricultura Wojciechowski sobre la creaci\u00f3n de una nueva estrategia para los fertilizantes. Hay que consolidar su disponibilidad y asequibilidad para que los agricultores puedan garantizar una producci\u00f3n alimentaria suficiente. Otra medida fundamental, tal y como figura en el plan de acci\u00f3n del Copa y la Cogeca, es la suspensi\u00f3n de las barreras arancelarias para las importaciones de urea y nitrato de amonio (UAN) procedentes de Trinidad y Tobago y de los EE.UU., as\u00ed como la supresi\u00f3n de los derechos convencionales mientras persista el riesgo de escasez en el mercado europeo.<\/p>\n\n\n\n<p>Los agricultores y las cooperativas de la UE siguen dispuestos a proporcionar a los consumidores alimentos inocuos y de calidad, para lo cual se requieren medidas europeas urgentemente.<\/p>\n","protected":false},"excerpt":{"rendered":"<p>Los miembros del Praesidium del Copa y de la Cogeca han celebrado una reuni\u00f3n extraordinaria para tratar la actual crisis energ\u00e9tica y sus efectos en el sector agroalimentario. La sesi\u00f3n se ha producido en un momento clave en la esfera pol\u00edtica de la Uni\u00f3n Europea, ya que ha coincidido con la reuni\u00f3n informal de los [&hellip;]<\/p>\n","protected":false},"author":9,"featured_media":8194,"comment_status":"open","ping_status":"open","sticky":false,"template":"","format":"standard","meta":{"footnotes":""},"categories":[9,29,28],"tags":[],"yoast_head":"<!-- This site is optimized with the Yoast SEO plugin v24.5 - https:\/\/yoast.com\/wordpress\/plugins\/seo\/ -->\n<title>Ante los precios exorbitados de la energ\u00eda, se requiere una respuesta europea cohesionada y urgente para garantizar el suministro alimentario - ASAJA Palencia<\/title>\n<meta name=\"description\" content=\"Los miembros del Praesidium del Copa y de la Cogeca han celebrado una reuni\u00f3n extraordinaria para tratar la actual crisis energ\u00e9tica y sus efectos en el\" \/>\n<meta name=\"robots\" content=\"index, follow, max-snippet:-1, max-image-preview:large, max-video-preview:-1\" \/>\n<link rel=\"canonical\" href=\"https:\/\/www.asajacyl.com\/palencia\/asaja-palencia-informa\/ante-los-precios-exorbitados-de-la-energia-se-requiere-una-respuesta-europea-cohesionada-y-urgente-para-garantizar-el-suministro-alimentario\" \/>\n<meta property=\"og:locale\" content=\"es_ES\" \/>\n<meta property=\"og:type\" content=\"article\" \/>\n<meta property=\"og:title\" content=\"Ante los precios exorbitados de la energ\u00eda, se requiere una respuesta europea cohesionada y urgente para garantizar el suministro alimentario - ASAJA Palencia\" \/>\n<meta property=\"og:description\" content=\"Los miembros del Praesidium del Copa y de la Cogeca han celebrado una reuni\u00f3n extraordinaria para tratar la actual crisis energ\u00e9tica y sus efectos en el\" \/>\n<meta property=\"og:url\" content=\"https:\/\/www.asajacyl.com\/palencia\/asaja-palencia-informa\/ante-los-precios-exorbitados-de-la-energia-se-requiere-una-respuesta-europea-cohesionada-y-urgente-para-garantizar-el-suministro-alimentario\" \/>\n<meta property=\"og:site_name\" content=\"ASAJA Palencia\" \/>\n<meta property=\"article:published_time\" content=\"2022-10-11T05:34:00+00:00\" \/>\n<meta property=\"article:modified_time\" content=\"2022-10-11T05:40:22+00:00\" \/>\n<meta property=\"og:image\" content=\"https:\/\/www.asajacyl.com\/palencia\/wp-content\/uploads\/sites\/3\/2021\/04\/COPACOGECA.jpg\" \/>\n\t<meta property=\"og:image:width\" content=\"1280\" \/>\n\t<meta property=\"og:image:height\" content=\"693\" \/>\n\t<meta property=\"og:image:type\" content=\"image\/jpeg\" \/>\n<meta name=\"author\" content=\"Administrador\" \/>\n<meta name=\"twitter:card\" content=\"summary_large_image\" \/>\n<meta name=\"twitter:label1\" content=\"Escrito por\" \/>\n\t<meta name=\"twitter:data1\" content=\"Administrador\" \/>\n\t<meta name=\"twitter:label2\" content=\"Tiempo de lectura\" \/>\n\t<meta name=\"twitter:data2\" content=\"3 minutos\" \/>\n<script type=\"application\/ld+json\" class=\"yoast-schema-graph\">{\"@context\":\"https:\/\/schema.org\",\"@graph\":[{\"@type\":\"WebPage\",\"@id\":\"https:\/\/www.asajacyl.com\/palencia\/asaja-palencia-informa\/ante-los-precios-exorbitados-de-la-energia-se-requiere-una-respuesta-europea-cohesionada-y-urgente-para-garantizar-el-suministro-alimentario\",\"url\":\"https:\/\/www.asajacyl.com\/palencia\/asaja-palencia-informa\/ante-los-precios-exorbitados-de-la-energia-se-requiere-una-respuesta-europea-cohesionada-y-urgente-para-garantizar-el-suministro-alimentario\",\"name\":\"Ante los precios exorbitados de la energ\u00eda, se requiere una respuesta europea cohesionada y urgente para garantizar el suministro alimentario - ASAJA Palencia\",\"isPartOf\":{\"@id\":\"https:\/\/www.asajacyl.com\/palencia\/#website\"},\"primaryImageOfPage\":{\"@id\":\"https:\/\/www.asajacyl.com\/palencia\/asaja-palencia-informa\/ante-los-precios-exorbitados-de-la-energia-se-requiere-una-respuesta-europea-cohesionada-y-urgente-para-garantizar-el-suministro-alimentario#primaryimage\"},\"image\":{\"@id\":\"https:\/\/www.asajacyl.com\/palencia\/asaja-palencia-informa\/ante-los-precios-exorbitados-de-la-energia-se-requiere-una-respuesta-europea-cohesionada-y-urgente-para-garantizar-el-suministro-alimentario#primaryimage\"},\"thumbnailUrl\":\"https:\/\/www.asajacyl.com\/palencia\/wp-content\/uploads\/sites\/3\/2021\/04\/COPACOGECA.jpg\",\"datePublished\":\"2022-10-11T05:34:00+00:00\",\"dateModified\":\"2022-10-11T05:40:22+00:00\",\"author\":{\"@id\":\"https:\/\/www.asajacyl.com\/palencia\/#\/schema\/person\/3ab17aeb03527485c317557fae64aab1\"},\"description\":\"Los miembros del Praesidium del Copa y de la Cogeca han celebrado una reuni\u00f3n extraordinaria para tratar la actual crisis energ\u00e9tica y sus efectos en el\",\"breadcrumb\":{\"@id\":\"https:\/\/www.asajacyl.com\/palencia\/asaja-palencia-informa\/ante-los-precios-exorbitados-de-la-energia-se-requiere-una-respuesta-europea-cohesionada-y-urgente-para-garantizar-el-suministro-alimentario#breadcrumb\"},\"inLanguage\":\"es\",\"potentialAction\":[{\"@type\":\"ReadAction\",\"target\":[\"https:\/\/www.asajacyl.com\/palencia\/asaja-palencia-informa\/ante-los-precios-exorbitados-de-la-energia-se-requiere-una-respuesta-europea-cohesionada-y-urgente-para-garantizar-el-suministro-alimentario\"]}]},{\"@type\":\"ImageObject\",\"inLanguage\":\"es\",\"@id\":\"https:\/\/www.asajacyl.com\/palencia\/asaja-palencia-informa\/ante-los-precios-exorbitados-de-la-energia-se-requiere-una-respuesta-europea-cohesionada-y-urgente-para-garantizar-el-suministro-alimentario#primaryimage\",\"url\":\"https:\/\/www.asajacyl.com\/palencia\/wp-content\/uploads\/sites\/3\/2021\/04\/COPACOGECA.jpg\",\"contentUrl\":\"https:\/\/www.asajacyl.com\/palencia\/wp-content\/uploads\/sites\/3\/2021\/04\/COPACOGECA.jpg\",\"width\":1280,\"height\":693},{\"@type\":\"BreadcrumbList\",\"@id\":\"https:\/\/www.asajacyl.com\/palencia\/asaja-palencia-informa\/ante-los-precios-exorbitados-de-la-energia-se-requiere-una-respuesta-europea-cohesionada-y-urgente-para-garantizar-el-suministro-alimentario#breadcrumb\",\"itemListElement\":[{\"@type\":\"ListItem\",\"position\":1,\"name\":\"Portada\",\"item\":\"https:\/\/www.asajacyl.com\/palencia\/\"},{\"@type\":\"ListItem\",\"position\":2,\"name\":\"Ante los precios exorbitados de la energ\u00eda, se requiere una respuesta europea cohesionada y urgente para garantizar el suministro alimentario\"}]},{\"@type\":\"WebSite\",\"@id\":\"https:\/\/www.asajacyl.com\/palencia\/#website\",\"url\":\"https:\/\/www.asajacyl.com\/palencia\/\",\"name\":\"ASAJA Palencia\",\"description\":\"Otro sitio m\u00e1s de Provincias ASAJA Castilla y Le\u00f3n\",\"potentialAction\":[{\"@type\":\"SearchAction\",\"target\":{\"@type\":\"EntryPoint\",\"urlTemplate\":\"https:\/\/www.asajacyl.com\/palencia\/?s={search_term_string}\"},\"query-input\":{\"@type\":\"PropertyValueSpecification\",\"valueRequired\":true,\"valueName\":\"search_term_string\"}}],\"inLanguage\":\"es\"},{\"@type\":\"Person\",\"@id\":\"https:\/\/www.asajacyl.com\/palencia\/#\/schema\/person\/3ab17aeb03527485c317557fae64aab1\",\"name\":\"Administrador\",\"image\":{\"@type\":\"ImageObject\",\"inLanguage\":\"es\",\"@id\":\"https:\/\/www.asajacyl.com\/palencia\/#\/schema\/person\/image\/\",\"url\":\"https:\/\/secure.gravatar.com\/avatar\/517384810d242ca9e38c180f3c9fb973?s=96&d=mm&r=g\",\"contentUrl\":\"https:\/\/secure.gravatar.com\/avatar\/517384810d242ca9e38c180f3c9fb973?s=96&d=mm&r=g\",\"caption\":\"Administrador\"},\"url\":\"https:\/\/www.asajacyl.com\/palencia\/author\/carlosrm\"}]}<\/script>\n<!-- \/ Yoast SEO plugin. -->","yoast_head_json":{"title":"Ante los precios exorbitados de la energ\u00eda, se requiere una respuesta europea cohesionada y urgente para garantizar el suministro alimentario - ASAJA Palencia","description":"Los miembros del Praesidium del Copa y de la Cogeca han celebrado una reuni\u00f3n extraordinaria para tratar la actual crisis energ\u00e9tica y sus efectos en el","robots":{"index":"index","follow":"follow","max-snippet":"max-snippet:-1","max-image-preview":"max-image-preview:large","max-video-preview":"max-video-preview:-1"},"canonical":"https:\/\/www.asajacyl.com\/palencia\/asaja-palencia-informa\/ante-los-precios-exorbitados-de-la-energia-se-requiere-una-respuesta-europea-cohesionada-y-urgente-para-garantizar-el-suministro-alimentario","og_locale":"es_ES","og_type":"article","og_title":"Ante los precios exorbitados de la energ\u00eda, se requiere una respuesta europea cohesionada y urgente para garantizar el suministro alimentario - ASAJA Palencia","og_description":"Los miembros del Praesidium del Copa y de la Cogeca han celebrado una reuni\u00f3n extraordinaria para tratar la actual crisis energ\u00e9tica y sus efectos en el","og_url":"https:\/\/www.asajacyl.com\/palencia\/asaja-palencia-informa\/ante-los-precios-exorbitados-de-la-energia-se-requiere-una-respuesta-europea-cohesionada-y-urgente-para-garantizar-el-suministro-alimentario","og_site_name":"ASAJA Palencia","article_published_time":"2022-10-11T05:34:00+00:00","article_modified_time":"2022-10-11T05:40:22+00:00","og_image":[{"width":1280,"height":693,"url":"https:\/\/www.asajacyl.com\/palencia\/wp-content\/uploads\/sites\/3\/2021\/04\/COPACOGECA.jpg","type":"image\/jpeg"}],"author":"Administrador","twitter_card":"summary_large_image","twitter_misc":{"Escrito por":"Administrador","Tiempo de lectura":"3 minutos"},"schema":{"@context":"https:\/\/schema.org","@graph":[{"@type":"WebPage","@id":"https:\/\/www.asajacyl.com\/palencia\/asaja-palencia-informa\/ante-los-precios-exorbitados-de-la-energia-se-requiere-una-respuesta-europea-cohesionada-y-urgente-para-garantizar-el-suministro-alimentario","url":"https:\/\/www.asajacyl.com\/palencia\/asaja-palencia-informa\/ante-los-precios-exorbitados-de-la-energia-se-requiere-una-respuesta-europea-cohesionada-y-urgente-para-garantizar-el-suministro-alimentario","name":"Ante los precios exorbitados de la energ\u00eda, se requiere una respuesta europea cohesionada y urgente para garantizar el suministro alimentario - ASAJA Palencia","isPartOf":{"@id":"https:\/\/www.asajacyl.com\/palencia\/#website"},"primaryImageOfPage":{"@id":"https:\/\/www.asajacyl.com\/palencia\/asaja-palencia-informa\/ante-los-precios-exorbitados-de-la-energia-se-requiere-una-respuesta-europea-cohesionada-y-urgente-para-garantizar-el-suministro-alimentario#primaryimage"},"image":{"@id":"https:\/\/www.asajacyl.com\/palencia\/asaja-palencia-informa\/ante-los-precios-exorbitados-de-la-energia-se-requiere-una-respuesta-europea-cohesionada-y-urgente-para-garantizar-el-suministro-alimentario#primaryimage"},"thumbnailUrl":"https:\/\/www.asajacyl.com\/palencia\/wp-content\/uploads\/sites\/3\/2021\/04\/COPACOGECA.jpg","datePublished":"2022-10-11T05:34:00+00:00","dateModified":"2022-10-11T05:40:22+00:00","author":{"@id":"https:\/\/www.asajacyl.com\/palencia\/#\/schema\/person\/3ab17aeb03527485c317557fae64aab1"},"description":"Los miembros del Praesidium del Copa y de la Cogeca han celebrado una reuni\u00f3n extraordinaria para tratar la actual crisis energ\u00e9tica y sus efectos en el","breadcrumb":{"@id":"https:\/\/www.asajacyl.com\/palencia\/asaja-palencia-informa\/ante-los-precios-exorbitados-de-la-energia-se-requiere-una-respuesta-europea-cohesionada-y-urgente-para-garantizar-el-suministro-alimentario#breadcrumb"},"inLanguage":"es","potentialAction":[{"@type":"ReadAction","target":["https:\/\/www.asajacyl.com\/palencia\/asaja-palencia-informa\/ante-los-precios-exorbitados-de-la-energia-se-requiere-una-respuesta-europea-cohesionada-y-urgente-para-garantizar-el-suministro-alimentario"]}]},{"@type":"ImageObject","inLanguage":"es","@id":"https:\/\/www.asajacyl.com\/palencia\/asaja-palencia-informa\/ante-los-precios-exorbitados-de-la-energia-se-requiere-una-respuesta-europea-cohesionada-y-urgente-para-garantizar-el-suministro-alimentario#primaryimage","url":"https:\/\/www.asajacyl.com\/palencia\/wp-content\/uploads\/sites\/3\/2021\/04\/COPACOGECA.jpg","contentUrl":"https:\/\/www.asajacyl.com\/palencia\/wp-content\/uploads\/sites\/3\/2021\/04\/COPACOGECA.jpg","width":1280,"height":693},{"@type":"BreadcrumbList","@id":"https:\/\/www.asajacyl.com\/palencia\/asaja-palencia-informa\/ante-los-precios-exorbitados-de-la-energia-se-requiere-una-respuesta-europea-cohesionada-y-urgente-para-garantizar-el-suministro-alimentario#breadcrumb","itemListElement":[{"@type":"ListItem","position":1,"name":"Portada","item":"https:\/\/www.asajacyl.com\/palencia\/"},{"@type":"ListItem","position":2,"name":"Ante los precios exorbitados de la energ\u00eda, se requiere una respuesta europea cohesionada y urgente para garantizar el suministro alimentario"}]},{"@type":"WebSite","@id":"https:\/\/www.asajacyl.com\/palencia\/#website","url":"https:\/\/www.asajacyl.com\/palencia\/","name":"ASAJA Palencia","description":"Otro sitio m\u00e1s de Provincias ASAJA Castilla y Le\u00f3n","potentialAction":[{"@type":"SearchAction","target":{"@type":"EntryPoint","urlTemplate":"https:\/\/www.asajacyl.com\/palencia\/?s={search_term_string}"},"query-input":{"@type":"PropertyValueSpecification","valueRequired":true,"valueName":"search_term_string"}}],"inLanguage":"es"},{"@type":"Person","@id":"https:\/\/www.asajacyl.com\/palencia\/#\/schema\/person\/3ab17aeb03527485c317557fae64aab1","name":"Administrador","image":{"@type":"ImageObject","inLanguage":"es","@id":"https:\/\/www.asajacyl.com\/palencia\/#\/schema\/person\/image\/","url":"https:\/\/secure.gravatar.com\/avatar\/517384810d242ca9e38c180f3c9fb973?s=96&d=mm&r=g","contentUrl":"https:\/\/secure.gravatar.com\/avatar\/517384810d242ca9e38c180f3c9fb973?s=96&d=mm&r=g","caption":"Administrador"},"url":"https:\/\/www.asajacyl.com\/palencia\/author\/carlosrm"}]}},"_links":{"self":[{"href":"https:\/\/www.asajacyl.com\/palencia\/wp-json\/wp\/v2\/posts\/11588"}],"collection":[{"href":"https:\/\/www.asajacyl.com\/palencia\/wp-json\/wp\/v2\/posts"}],"about":[{"href":"https:\/\/www.asajacyl.com\/palencia\/wp-json\/wp\/v2\/types\/post"}],"author":[{"embeddable":true,"href":"https:\/\/www.asajacyl.com\/palencia\/wp-json\/wp\/v2\/users\/9"}],"replies":[{"embeddable":true,"href":"https:\/\/www.asajacyl.com\/palencia\/wp-json\/wp\/v2\/comments?post=11588"}],"version-history":[{"count":1,"href":"https:\/\/www.asajacyl.com\/palencia\/wp-json\/wp\/v2\/posts\/11588\/revisions"}],"predecessor-version":[{"id":11589,"href":"https:\/\/www.asajacyl.com\/palencia\/wp-json\/wp\/v2\/posts\/11588\/revisions\/11589"}],"wp:featuredmedia":[{"embeddable":true,"href":"https:\/\/www.asajacyl.com\/palencia\/wp-json\/wp\/v2\/media\/8194"}],"wp:attachment":[{"href":"https:\/\/www.asajacyl.com\/palencia\/wp-json\/wp\/v2\/media?parent=11588"}],"wp:term":[{"taxonomy":"category","embeddable":true,"href":"https:\/\/www.asajacyl.com\/palencia\/wp-json\/wp\/v2\/categories?post=11588"},{"taxonomy":"post_tag","embeddable":true,"href":"https:\/\/www.asajacyl.com\/palencia\/wp-json\/wp\/v2\/tags?post=11588"}],"curies":[{"name":"wp","href":"https:\/\/api.w.org\/{rel}","templated":true}]}}