{"id":11599,"date":"2022-10-20T17:45:00","date_gmt":"2022-10-20T15:45:00","guid":{"rendered":"https:\/\/www.asajacyl.com\/palencia\/?p=11599"},"modified":"2022-10-18T08:22:39","modified_gmt":"2022-10-18T06:22:39","slug":"se-actualiza-el-sigpac-para-mostrar-las-nuevas-regiones-de-pago","status":"publish","type":"post","link":"https:\/\/www.asajacyl.com\/palencia\/asaja-palencia-informa\/se-actualiza-el-sigpac-para-mostrar-las-nuevas-regiones-de-pago","title":{"rendered":"Se actualiza el SIGPAC para mostrar las nuevas regiones de pago"},"content":{"rendered":"\n<p>El MAPA ha publicado en el Sistema de Informaci\u00f3n Geogr\u00e1fica de Parcelas Agr\u00edcolas de Espa\u00f1a (SIGPAC) la informaci\u00f3n sobre la regi\u00f3n que corresponder\u00e1 a cada recinto en la nueva Ayuda B\u00e1sica a la Renta para la Sostenibilidad (ABRS) de la PAC, que comenzar\u00e1 a aplicarse a partir del 1 de enero de 2023 aunque ya est\u00e1 trayendo de cabeza a todo el sector agrario.<\/p>\n\n\n\n<p>Tras la actualizaci\u00f3n del SIGPAC agricultores y ganaderos pueden consultar para cada recinto en qu\u00e9 regi\u00f3n de ayuda b\u00e1sica a la renta se va a encontrar a partir de 2023. En este sentido, el Plan Estrat\u00e9gico Nacional para la aplicaci\u00f3n de la reforma de la PAC en Espa\u00f1a introduce una \u00absimplificaci\u00f3n\u00bb del modelo de regionalizaci\u00f3n, pasando de las cincuenta actuales a un total de veinte, que se agrupan en secano, regad\u00edo, cultivos permanentes, pastos permanentes y regi\u00f3n balear.<\/p>\n\n\n\n<p>El dato de la regi\u00f3n toma de referencia el uso del suelo en la campa\u00f1a PAC 2020. Es un dato provisional que se har\u00e1 definitivo en febrero de 2023, sirviendo como base para la tramitaci\u00f3n de la pr\u00f3xima PAC.<\/p>\n\n\n\n<p>De forma general, en Palencia las regiones de pago existentes m\u00e1s comunes hasta ahora se transformar\u00e1n como se indica a continuaci\u00f3n:<\/p>\n\n\n\n<figure class=\"wp-block-table aligncenter is-style-stripes\"><table><tbody><tr><td class=\"has-text-align-center\" data-align=\"center\"><strong>GRUPO DE CULTIVO<\/strong><\/td><td class=\"has-text-align-center\" data-align=\"center\"><strong>COMARCA<\/strong><\/td><td class=\"has-text-align-center\" data-align=\"center\"><strong>REGI\u00d3N 2015<\/strong><\/td><td class=\"has-text-align-center\" data-align=\"center\"><strong>REGI\u00d3N 2023<\/strong><\/td><td><\/td><\/tr><tr><td class=\"has-text-align-center\" data-align=\"center\">SECANO<\/td><td class=\"has-text-align-center\" data-align=\"center\">Guardo<\/td><td class=\"has-text-align-center\" data-align=\"center\">0301<\/td><td class=\"has-text-align-center\" data-align=\"center\">Regi\u00f3n 1<\/td><td><\/td><\/tr><tr><td class=\"has-text-align-center\" data-align=\"center\">SECANO<\/td><td class=\"has-text-align-center\" data-align=\"center\">Resto<\/td><td class=\"has-text-align-center\" data-align=\"center\">0401<\/td><td class=\"has-text-align-center\" data-align=\"center\">Regi\u00f3n 1<\/td><td><\/td><\/tr><tr><td class=\"has-text-align-center\" data-align=\"center\">SECANO<\/td><td class=\"has-text-align-center\" data-align=\"center\">El Cerrato<\/td><td class=\"has-text-align-center\" data-align=\"center\">0501<\/td><td class=\"has-text-align-center\" data-align=\"center\">Regi\u00f3n 2<\/td><td><\/td><\/tr><tr><td class=\"has-text-align-center\" data-align=\"center\">REGAD\u00cdO<\/td><td class=\"has-text-align-center\" data-align=\"center\">Guardo\/Cervera\/Aguilar<\/td><td class=\"has-text-align-center\" data-align=\"center\">0601<\/td><td class=\"has-text-align-center\" data-align=\"center\">Regi\u00f3n 6<\/td><td><\/td><\/tr><tr><td class=\"has-text-align-center\" data-align=\"center\">REGAD\u00cdO<\/td><td class=\"has-text-align-center\" data-align=\"center\">El Cerrato\/Campos\/Boedo-Ojeda<\/td><td class=\"has-text-align-center\" data-align=\"center\">1201<\/td><td class=\"has-text-align-center\" data-align=\"center\">Regi\u00f3n 7<\/td><td><\/td><\/tr><tr><td class=\"has-text-align-center\" data-align=\"center\">REGAD\u00cdO<\/td><td class=\"has-text-align-center\" data-align=\"center\">Salda\u00f1a<\/td><td class=\"has-text-align-center\" data-align=\"center\">1601<\/td><td class=\"has-text-align-center\" data-align=\"center\">Regi\u00f3n 8<\/td><td><\/td><\/tr><tr><td class=\"has-text-align-center\" data-align=\"center\">PASTOS<\/td><td class=\"has-text-align-center\" data-align=\"center\">Todas<\/td><td class=\"has-text-align-center\" data-align=\"center\">0203<\/td><td class=\"has-text-align-center\" data-align=\"center\">Regi\u00f3n 16<\/td><td><\/td><\/tr><\/tbody><\/table><\/figure>\n","protected":false},"excerpt":{"rendered":"<p>El MAPA ha publicado en el Sistema de Informaci\u00f3n Geogr\u00e1fica de Parcelas Agr\u00edcolas de Espa\u00f1a (SIGPAC) la informaci\u00f3n sobre la regi\u00f3n que corresponder\u00e1 a cada recinto en la nueva Ayuda B\u00e1sica a la Renta para la Sostenibilidad (ABRS) de la PAC, que comenzar\u00e1 a aplicarse a partir del 1 de enero de 2023 aunque ya [&hellip;]<\/p>\n","protected":false},"author":9,"featured_media":11600,"comment_status":"open","ping_status":"open","sticky":false,"template":"","format":"standard","meta":{"footnotes":""},"categories":[9,29,28],"tags":[],"yoast_head":"<!-- This site is optimized with the Yoast SEO plugin v24.5 - https:\/\/yoast.com\/wordpress\/plugins\/seo\/ -->\n<title>Se actualiza el SIGPAC para mostrar las nuevas regiones de pago - ASAJA Palencia<\/title>\n<meta name=\"description\" content=\"El MAPA ha publicado en el Sistema de Informaci\u00f3n Geogr\u00e1fica de Parcelas Agr\u00edcolas de Espa\u00f1a (SIGPAC) la informaci\u00f3n sobre la regi\u00f3n que corresponder\u00e1 a\" \/>\n<meta name=\"robots\" content=\"index, follow, max-snippet:-1, max-image-preview:large, max-video-preview:-1\" \/>\n<link rel=\"canonical\" href=\"https:\/\/www.asajacyl.com\/palencia\/asaja-palencia-informa\/se-actualiza-el-sigpac-para-mostrar-las-nuevas-regiones-de-pago\" \/>\n<meta property=\"og:locale\" content=\"es_ES\" \/>\n<meta property=\"og:type\" content=\"article\" \/>\n<meta property=\"og:title\" content=\"Se actualiza el SIGPAC para mostrar las nuevas regiones de pago - ASAJA Palencia\" \/>\n<meta property=\"og:description\" content=\"El MAPA ha publicado en el Sistema de Informaci\u00f3n Geogr\u00e1fica de Parcelas Agr\u00edcolas de Espa\u00f1a (SIGPAC) la informaci\u00f3n sobre la regi\u00f3n que corresponder\u00e1 a\" \/>\n<meta property=\"og:url\" content=\"https:\/\/www.asajacyl.com\/palencia\/asaja-palencia-informa\/se-actualiza-el-sigpac-para-mostrar-las-nuevas-regiones-de-pago\" \/>\n<meta property=\"og:site_name\" content=\"ASAJA Palencia\" \/>\n<meta property=\"article:published_time\" content=\"2022-10-20T15:45:00+00:00\" \/>\n<meta property=\"og:image\" content=\"https:\/\/www.asajacyl.com\/palencia\/wp-content\/uploads\/sites\/3\/2022\/10\/SIGPAC.jpg\" \/>\n\t<meta property=\"og:image:width\" content=\"1048\" \/>\n\t<meta property=\"og:image:height\" content=\"903\" \/>\n\t<meta property=\"og:image:type\" content=\"image\/jpeg\" \/>\n<meta name=\"author\" content=\"Administrador\" \/>\n<meta name=\"twitter:card\" content=\"summary_large_image\" \/>\n<meta name=\"twitter:label1\" content=\"Escrito por\" \/>\n\t<meta name=\"twitter:data1\" content=\"Administrador\" \/>\n\t<meta name=\"twitter:label2\" content=\"Tiempo de lectura\" \/>\n\t<meta name=\"twitter:data2\" content=\"2 minutos\" \/>\n<script type=\"application\/ld+json\" class=\"yoast-schema-graph\">{\"@context\":\"https:\/\/schema.org\",\"@graph\":[{\"@type\":\"WebPage\",\"@id\":\"https:\/\/www.asajacyl.com\/palencia\/asaja-palencia-informa\/se-actualiza-el-sigpac-para-mostrar-las-nuevas-regiones-de-pago\",\"url\":\"https:\/\/www.asajacyl.com\/palencia\/asaja-palencia-informa\/se-actualiza-el-sigpac-para-mostrar-las-nuevas-regiones-de-pago\",\"name\":\"Se actualiza el SIGPAC para mostrar las nuevas regiones de pago - ASAJA Palencia\",\"isPartOf\":{\"@id\":\"https:\/\/www.asajacyl.com\/palencia\/#website\"},\"primaryImageOfPage\":{\"@id\":\"https:\/\/www.asajacyl.com\/palencia\/asaja-palencia-informa\/se-actualiza-el-sigpac-para-mostrar-las-nuevas-regiones-de-pago#primaryimage\"},\"image\":{\"@id\":\"https:\/\/www.asajacyl.com\/palencia\/asaja-palencia-informa\/se-actualiza-el-sigpac-para-mostrar-las-nuevas-regiones-de-pago#primaryimage\"},\"thumbnailUrl\":\"https:\/\/www.asajacyl.com\/palencia\/wp-content\/uploads\/sites\/3\/2022\/10\/SIGPAC.jpg\",\"datePublished\":\"2022-10-20T15:45:00+00:00\",\"author\":{\"@id\":\"https:\/\/www.asajacyl.com\/palencia\/#\/schema\/person\/3ab17aeb03527485c317557fae64aab1\"},\"description\":\"El MAPA ha publicado en el Sistema de Informaci\u00f3n Geogr\u00e1fica de Parcelas Agr\u00edcolas de Espa\u00f1a (SIGPAC) la informaci\u00f3n sobre la regi\u00f3n que corresponder\u00e1 a\",\"breadcrumb\":{\"@id\":\"https:\/\/www.asajacyl.com\/palencia\/asaja-palencia-informa\/se-actualiza-el-sigpac-para-mostrar-las-nuevas-regiones-de-pago#breadcrumb\"},\"inLanguage\":\"es\",\"potentialAction\":[{\"@type\":\"ReadAction\",\"target\":[\"https:\/\/www.asajacyl.com\/palencia\/asaja-palencia-informa\/se-actualiza-el-sigpac-para-mostrar-las-nuevas-regiones-de-pago\"]}]},{\"@type\":\"ImageObject\",\"inLanguage\":\"es\",\"@id\":\"https:\/\/www.asajacyl.com\/palencia\/asaja-palencia-informa\/se-actualiza-el-sigpac-para-mostrar-las-nuevas-regiones-de-pago#primaryimage\",\"url\":\"https:\/\/www.asajacyl.com\/palencia\/wp-content\/uploads\/sites\/3\/2022\/10\/SIGPAC.jpg\",\"contentUrl\":\"https:\/\/www.asajacyl.com\/palencia\/wp-content\/uploads\/sites\/3\/2022\/10\/SIGPAC.jpg\",\"width\":1048,\"height\":903},{\"@type\":\"BreadcrumbList\",\"@id\":\"https:\/\/www.asajacyl.com\/palencia\/asaja-palencia-informa\/se-actualiza-el-sigpac-para-mostrar-las-nuevas-regiones-de-pago#breadcrumb\",\"itemListElement\":[{\"@type\":\"ListItem\",\"position\":1,\"name\":\"Portada\",\"item\":\"https:\/\/www.asajacyl.com\/palencia\/\"},{\"@type\":\"ListItem\",\"position\":2,\"name\":\"Se actualiza el SIGPAC para mostrar las nuevas regiones de pago\"}]},{\"@type\":\"WebSite\",\"@id\":\"https:\/\/www.asajacyl.com\/palencia\/#website\",\"url\":\"https:\/\/www.asajacyl.com\/palencia\/\",\"name\":\"ASAJA Palencia\",\"description\":\"Otro sitio m\u00e1s de Provincias ASAJA Castilla y Le\u00f3n\",\"potentialAction\":[{\"@type\":\"SearchAction\",\"target\":{\"@type\":\"EntryPoint\",\"urlTemplate\":\"https:\/\/www.asajacyl.com\/palencia\/?s={search_term_string}\"},\"query-input\":{\"@type\":\"PropertyValueSpecification\",\"valueRequired\":true,\"valueName\":\"search_term_string\"}}],\"inLanguage\":\"es\"},{\"@type\":\"Person\",\"@id\":\"https:\/\/www.asajacyl.com\/palencia\/#\/schema\/person\/3ab17aeb03527485c317557fae64aab1\",\"name\":\"Administrador\",\"image\":{\"@type\":\"ImageObject\",\"inLanguage\":\"es\",\"@id\":\"https:\/\/www.asajacyl.com\/palencia\/#\/schema\/person\/image\/\",\"url\":\"https:\/\/secure.gravatar.com\/avatar\/517384810d242ca9e38c180f3c9fb973?s=96&d=mm&r=g\",\"contentUrl\":\"https:\/\/secure.gravatar.com\/avatar\/517384810d242ca9e38c180f3c9fb973?s=96&d=mm&r=g\",\"caption\":\"Administrador\"},\"url\":\"https:\/\/www.asajacyl.com\/palencia\/author\/carlosrm\"}]}<\/script>\n<!-- \/ Yoast SEO plugin. -->","yoast_head_json":{"title":"Se actualiza el SIGPAC para mostrar las nuevas regiones de pago - ASAJA Palencia","description":"El MAPA ha publicado en el Sistema de Informaci\u00f3n Geogr\u00e1fica de Parcelas Agr\u00edcolas de Espa\u00f1a (SIGPAC) la informaci\u00f3n sobre la regi\u00f3n que corresponder\u00e1 a","robots":{"index":"index","follow":"follow","max-snippet":"max-snippet:-1","max-image-preview":"max-image-preview:large","max-video-preview":"max-video-preview:-1"},"canonical":"https:\/\/www.asajacyl.com\/palencia\/asaja-palencia-informa\/se-actualiza-el-sigpac-para-mostrar-las-nuevas-regiones-de-pago","og_locale":"es_ES","og_type":"article","og_title":"Se actualiza el SIGPAC para mostrar las nuevas regiones de pago - ASAJA Palencia","og_description":"El MAPA ha publicado en el Sistema de Informaci\u00f3n Geogr\u00e1fica de Parcelas Agr\u00edcolas de Espa\u00f1a (SIGPAC) la informaci\u00f3n sobre la regi\u00f3n que corresponder\u00e1 a","og_url":"https:\/\/www.asajacyl.com\/palencia\/asaja-palencia-informa\/se-actualiza-el-sigpac-para-mostrar-las-nuevas-regiones-de-pago","og_site_name":"ASAJA Palencia","article_published_time":"2022-10-20T15:45:00+00:00","og_image":[{"width":1048,"height":903,"url":"https:\/\/www.asajacyl.com\/palencia\/wp-content\/uploads\/sites\/3\/2022\/10\/SIGPAC.jpg","type":"image\/jpeg"}],"author":"Administrador","twitter_card":"summary_large_image","twitter_misc":{"Escrito por":"Administrador","Tiempo de lectura":"2 minutos"},"schema":{"@context":"https:\/\/schema.org","@graph":[{"@type":"WebPage","@id":"https:\/\/www.asajacyl.com\/palencia\/asaja-palencia-informa\/se-actualiza-el-sigpac-para-mostrar-las-nuevas-regiones-de-pago","url":"https:\/\/www.asajacyl.com\/palencia\/asaja-palencia-informa\/se-actualiza-el-sigpac-para-mostrar-las-nuevas-regiones-de-pago","name":"Se actualiza el SIGPAC para mostrar las nuevas regiones de pago - ASAJA Palencia","isPartOf":{"@id":"https:\/\/www.asajacyl.com\/palencia\/#website"},"primaryImageOfPage":{"@id":"https:\/\/www.asajacyl.com\/palencia\/asaja-palencia-informa\/se-actualiza-el-sigpac-para-mostrar-las-nuevas-regiones-de-pago#primaryimage"},"image":{"@id":"https:\/\/www.asajacyl.com\/palencia\/asaja-palencia-informa\/se-actualiza-el-sigpac-para-mostrar-las-nuevas-regiones-de-pago#primaryimage"},"thumbnailUrl":"https:\/\/www.asajacyl.com\/palencia\/wp-content\/uploads\/sites\/3\/2022\/10\/SIGPAC.jpg","datePublished":"2022-10-20T15:45:00+00:00","author":{"@id":"https:\/\/www.asajacyl.com\/palencia\/#\/schema\/person\/3ab17aeb03527485c317557fae64aab1"},"description":"El MAPA ha publicado en el Sistema de Informaci\u00f3n Geogr\u00e1fica de Parcelas Agr\u00edcolas de Espa\u00f1a (SIGPAC) la informaci\u00f3n sobre la regi\u00f3n que corresponder\u00e1 a","breadcrumb":{"@id":"https:\/\/www.asajacyl.com\/palencia\/asaja-palencia-informa\/se-actualiza-el-sigpac-para-mostrar-las-nuevas-regiones-de-pago#breadcrumb"},"inLanguage":"es","potentialAction":[{"@type":"ReadAction","target":["https:\/\/www.asajacyl.com\/palencia\/asaja-palencia-informa\/se-actualiza-el-sigpac-para-mostrar-las-nuevas-regiones-de-pago"]}]},{"@type":"ImageObject","inLanguage":"es","@id":"https:\/\/www.asajacyl.com\/palencia\/asaja-palencia-informa\/se-actualiza-el-sigpac-para-mostrar-las-nuevas-regiones-de-pago#primaryimage","url":"https:\/\/www.asajacyl.com\/palencia\/wp-content\/uploads\/sites\/3\/2022\/10\/SIGPAC.jpg","contentUrl":"https:\/\/www.asajacyl.com\/palencia\/wp-content\/uploads\/sites\/3\/2022\/10\/SIGPAC.jpg","width":1048,"height":903},{"@type":"BreadcrumbList","@id":"https:\/\/www.asajacyl.com\/palencia\/asaja-palencia-informa\/se-actualiza-el-sigpac-para-mostrar-las-nuevas-regiones-de-pago#breadcrumb","itemListElement":[{"@type":"ListItem","position":1,"name":"Portada","item":"https:\/\/www.asajacyl.com\/palencia\/"},{"@type":"ListItem","position":2,"name":"Se actualiza el SIGPAC para mostrar las nuevas regiones de pago"}]},{"@type":"WebSite","@id":"https:\/\/www.asajacyl.com\/palencia\/#website","url":"https:\/\/www.asajacyl.com\/palencia\/","name":"ASAJA Palencia","description":"Otro sitio m\u00e1s de Provincias ASAJA Castilla y Le\u00f3n","potentialAction":[{"@type":"SearchAction","target":{"@type":"EntryPoint","urlTemplate":"https:\/\/www.asajacyl.com\/palencia\/?s={search_term_string}"},"query-input":{"@type":"PropertyValueSpecification","valueRequired":true,"valueName":"search_term_string"}}],"inLanguage":"es"},{"@type":"Person","@id":"https:\/\/www.asajacyl.com\/palencia\/#\/schema\/person\/3ab17aeb03527485c317557fae64aab1","name":"Administrador","image":{"@type":"ImageObject","inLanguage":"es","@id":"https:\/\/www.asajacyl.com\/palencia\/#\/schema\/person\/image\/","url":"https:\/\/secure.gravatar.com\/avatar\/517384810d242ca9e38c180f3c9fb973?s=96&d=mm&r=g","contentUrl":"https:\/\/secure.gravatar.com\/avatar\/517384810d242ca9e38c180f3c9fb973?s=96&d=mm&r=g","caption":"Administrador"},"url":"https:\/\/www.asajacyl.com\/palencia\/author\/carlosrm"}]}},"_links":{"self":[{"href":"https:\/\/www.asajacyl.com\/palencia\/wp-json\/wp\/v2\/posts\/11599"}],"collection":[{"href":"https:\/\/www.asajacyl.com\/palencia\/wp-json\/wp\/v2\/posts"}],"about":[{"href":"https:\/\/www.asajacyl.com\/palencia\/wp-json\/wp\/v2\/types\/post"}],"author":[{"embeddable":true,"href":"https:\/\/www.asajacyl.com\/palencia\/wp-json\/wp\/v2\/users\/9"}],"replies":[{"embeddable":true,"href":"https:\/\/www.asajacyl.com\/palencia\/wp-json\/wp\/v2\/comments?post=11599"}],"version-history":[{"count":1,"href":"https:\/\/www.asajacyl.com\/palencia\/wp-json\/wp\/v2\/posts\/11599\/revisions"}],"predecessor-version":[{"id":11601,"href":"https:\/\/www.asajacyl.com\/palencia\/wp-json\/wp\/v2\/posts\/11599\/revisions\/11601"}],"wp:featuredmedia":[{"embeddable":true,"href":"https:\/\/www.asajacyl.com\/palencia\/wp-json\/wp\/v2\/media\/11600"}],"wp:attachment":[{"href":"https:\/\/www.asajacyl.com\/palencia\/wp-json\/wp\/v2\/media?parent=11599"}],"wp:term":[{"taxonomy":"category","embeddable":true,"href":"https:\/\/www.asajacyl.com\/palencia\/wp-json\/wp\/v2\/categories?post=11599"},{"taxonomy":"post_tag","embeddable":true,"href":"https:\/\/www.asajacyl.com\/palencia\/wp-json\/wp\/v2\/tags?post=11599"}],"curies":[{"name":"wp","href":"https:\/\/api.w.org\/{rel}","templated":true}]}}