{"id":11623,"date":"2022-10-19T07:47:26","date_gmt":"2022-10-19T05:47:26","guid":{"rendered":"https:\/\/www.asajacyl.com\/palencia\/?p=11623"},"modified":"2022-10-19T07:47:27","modified_gmt":"2022-10-19T05:47:27","slug":"ya-se-conocen-los-ganadores-de-los-concursos-de-asaja-para-ninos-y-jovenes-3","status":"publish","type":"post","link":"https:\/\/www.asajacyl.com\/palencia\/asaja-palencia-informa\/ya-se-conocen-los-ganadores-de-los-concursos-de-asaja-para-ninos-y-jovenes-3","title":{"rendered":"Ya se conocen los ganadores de los concursos de ASAJA para ni\u00f1os y j\u00f3venes"},"content":{"rendered":"\n<p>Ya se han fallado el XXIV Concurso Infantil de Pintura del Medio Rural \u201cAs\u00ed es mi pueblo\u201d y el XIV Concurso de Fotograf\u00eda Juvenil \u201cMi pueblo, mi gente\u201d, organizados por ASAJA Castilla y Le\u00f3n con el patrocinio de la Fundaci\u00f3n de Castilla y Le\u00f3n. El jurado, reunido en la sede de las Cortes auton\u00f3micas, ha estado formado por su presidente, Carlos Poll\u00e1n Fern\u00e1ndez; el dibujante y humorista gr\u00e1fico de ABC, Jos\u00e9 Mar\u00eda Nieto; la fot\u00f3grafa Cristina R. Vecino, y Donaciano Dujo, presidente de ASAJA Castilla y Le\u00f3n.<\/p>\n\n\n\n<p>Con el concurso de pintura \u201cAs\u00ed es mi pueblo\u201d se busca que los ni\u00f1os del medio rural de Castilla y Le\u00f3n muestren sobre el papel el d\u00eda a d\u00eda de los pueblos de nuestra regi\u00f3n, dibujando motivos agrarios y ganaderos, paisajes, personas o cualquier otro aspecto cotidiano de la vida rural. El objetivo del concurso \u201cMi pueblo, mi gente\u201d es que los m\u00e1s j\u00f3venes plasmen en fotograf\u00edas diferentes aspectos de la vida en los pueblos en los que residen o veranean, convirtiendo as\u00ed a los adolescentes \u201creporteros\u201d del d\u00eda a d\u00eda rural.<\/p>\n\n\n\n<p>Los premiados en el concurso de pintura infantil \u201cAs\u00ed es mi pueblo\u201d han sido:<\/p>\n\n\n\n<p>Primera categor\u00eda (hasta 5 a\u00f1os de edad):<\/p>\n\n\n\n<ol><li>1\u00ba Eduardo Alfageme Blas, de 3 a\u00f1os, de Tiedra, Valladolid<\/li><li>2\u00ba Martina Ramos Ortiz, de 5 a\u00f1os, de Barrio C\u00f3tar, Burgos<\/li><\/ol>\n\n\n\n<p>Segunda categor\u00eda (de 6 a 9 a\u00f1os de edad):<\/p>\n\n\n\n<ul><li>1\u00ba Mar\u00eda Ligos Mart\u00ednez, de 7 a\u00f1os, de Soria<\/li><li>2\u00ba Ana Ortega Arranz, de 9 a\u00f1os, de Soria<\/li><\/ul>\n\n\n\n<p>Tercera categor\u00eda (de 10 a 12 a\u00f1os):<\/p>\n\n\n\n<ul><li>1\u00ba Ricardo Fern\u00e1ndez Redondo, de 11 a\u00f1os, de San Crist\u00f3bal de Entrevi\u00f1as, Zamora<\/li><li>2\u00ba Marina L\u00f3pez D\u00edez, de 10 a\u00f1os, de Miraveche, Burgos<\/li><\/ul>\n\n\n\n<p>Acc\u00e9sit:<\/p>\n\n\n\n<ul><li><strong>Blanca Luc\u00eda Romero Fern\u00e1ndez, de 12 a\u00f1os, de Palacios del Alcor, Palencia<\/strong><\/li><\/ul>\n\n\n\n<p>Los autores de las fotograf\u00edas premiadas en el concurso \u201cMi pueblo, mi gente\u201d han sido:<\/p>\n\n\n\n<p>Primer premio<\/p>\n\n\n\n<p>Guillermo Fern\u00e1ndez \u00c1lvarez, 16 a\u00f1os, de Santas Martas, Le\u00f3n<\/p>\n\n\n\n<p>Acc\u00e9sit<\/p>\n\n\n\n<p>David Escobar L\u00f3pez, de 13 a\u00f1os, de Pajares de la Lampreana, Zamora<\/p>\n\n\n\n<p>Mar\u00eda Marroqu\u00edn Gonz\u00e1lez, 17 a\u00f1os, de Busto de Bureba, Burgos<\/p>\n\n\n\n<p>Con este certamen, a ASAJA invita a los m\u00e1s j\u00f3venes a valorar los pueblos e implicarse en la construcci\u00f3n del futuro rural. Los ni\u00f1os galardonados en el concurso de dibujo recibir\u00e1n diferentes regalos, consistentes en material de pintura, lotes de libros, juegos educativos, etc. Respecto al concurso de fotograf\u00eda, los premios son econ\u00f3micos (200 y 120 euros, respectivamente, primer premio y acc\u00e9sit). Adem\u00e1s, todos los participantes recibir\u00e1n un peque\u00f1o obsequio en agradecimiento a su participaci\u00f3n.<\/p>\n","protected":false},"excerpt":{"rendered":"<p>Ya se han fallado el XXIV Concurso Infantil de Pintura del Medio Rural \u201cAs\u00ed es mi pueblo\u201d y el XIV Concurso de Fotograf\u00eda Juvenil \u201cMi pueblo, mi gente\u201d, organizados por ASAJA Castilla y Le\u00f3n con el patrocinio de la Fundaci\u00f3n de Castilla y Le\u00f3n. El jurado, reunido en la sede de las Cortes auton\u00f3micas, ha [&hellip;]<\/p>\n","protected":false},"author":9,"featured_media":11625,"comment_status":"open","ping_status":"open","sticky":false,"template":"","format":"standard","meta":{"footnotes":""},"categories":[9,29,28],"tags":[],"yoast_head":"<!-- This site is optimized with the Yoast SEO plugin v24.5 - https:\/\/yoast.com\/wordpress\/plugins\/seo\/ -->\n<title>Ya se conocen los ganadores de los concursos de ASAJA para ni\u00f1os y j\u00f3venes - ASAJA Palencia<\/title>\n<meta name=\"description\" content=\"Ya se han fallado el XXIV Concurso Infantil de Pintura del Medio Rural \u201cAs\u00ed es mi pueblo\u201d y el XIV Concurso de Fotograf\u00eda Juvenil \u201cMi pueblo, mi gente\u201d,\" \/>\n<meta name=\"robots\" content=\"index, follow, max-snippet:-1, max-image-preview:large, max-video-preview:-1\" \/>\n<link rel=\"canonical\" href=\"https:\/\/www.asajacyl.com\/palencia\/asaja-palencia-informa\/ya-se-conocen-los-ganadores-de-los-concursos-de-asaja-para-ninos-y-jovenes-3\" \/>\n<meta property=\"og:locale\" content=\"es_ES\" \/>\n<meta property=\"og:type\" content=\"article\" \/>\n<meta property=\"og:title\" content=\"Ya se conocen los ganadores de los concursos de ASAJA para ni\u00f1os y j\u00f3venes - ASAJA Palencia\" \/>\n<meta property=\"og:description\" content=\"Ya se han fallado el XXIV Concurso Infantil de Pintura del Medio Rural \u201cAs\u00ed es mi pueblo\u201d y el XIV Concurso de Fotograf\u00eda Juvenil \u201cMi pueblo, mi gente\u201d,\" \/>\n<meta property=\"og:url\" content=\"https:\/\/www.asajacyl.com\/palencia\/asaja-palencia-informa\/ya-se-conocen-los-ganadores-de-los-concursos-de-asaja-para-ninos-y-jovenes-3\" \/>\n<meta property=\"og:site_name\" content=\"ASAJA Palencia\" \/>\n<meta property=\"article:published_time\" content=\"2022-10-19T05:47:26+00:00\" \/>\n<meta property=\"article:modified_time\" content=\"2022-10-19T05:47:27+00:00\" \/>\n<meta property=\"og:image\" content=\"https:\/\/www.asajacyl.com\/palencia\/wp-content\/uploads\/sites\/3\/2022\/10\/FALLO-CONCURSO.jpg\" \/>\n\t<meta property=\"og:image:width\" content=\"1024\" \/>\n\t<meta property=\"og:image:height\" content=\"602\" \/>\n\t<meta property=\"og:image:type\" content=\"image\/jpeg\" \/>\n<meta name=\"author\" content=\"Administrador\" \/>\n<meta name=\"twitter:card\" content=\"summary_large_image\" \/>\n<meta name=\"twitter:label1\" content=\"Escrito por\" \/>\n\t<meta name=\"twitter:data1\" content=\"Administrador\" \/>\n\t<meta name=\"twitter:label2\" content=\"Tiempo de lectura\" \/>\n\t<meta name=\"twitter:data2\" content=\"2 minutos\" \/>\n<script type=\"application\/ld+json\" class=\"yoast-schema-graph\">{\"@context\":\"https:\/\/schema.org\",\"@graph\":[{\"@type\":\"WebPage\",\"@id\":\"https:\/\/www.asajacyl.com\/palencia\/asaja-palencia-informa\/ya-se-conocen-los-ganadores-de-los-concursos-de-asaja-para-ninos-y-jovenes-3\",\"url\":\"https:\/\/www.asajacyl.com\/palencia\/asaja-palencia-informa\/ya-se-conocen-los-ganadores-de-los-concursos-de-asaja-para-ninos-y-jovenes-3\",\"name\":\"Ya se conocen los ganadores de los concursos de ASAJA para ni\u00f1os y j\u00f3venes - ASAJA Palencia\",\"isPartOf\":{\"@id\":\"https:\/\/www.asajacyl.com\/palencia\/#website\"},\"primaryImageOfPage\":{\"@id\":\"https:\/\/www.asajacyl.com\/palencia\/asaja-palencia-informa\/ya-se-conocen-los-ganadores-de-los-concursos-de-asaja-para-ninos-y-jovenes-3#primaryimage\"},\"image\":{\"@id\":\"https:\/\/www.asajacyl.com\/palencia\/asaja-palencia-informa\/ya-se-conocen-los-ganadores-de-los-concursos-de-asaja-para-ninos-y-jovenes-3#primaryimage\"},\"thumbnailUrl\":\"https:\/\/www.asajacyl.com\/palencia\/wp-content\/uploads\/sites\/3\/2022\/10\/FALLO-CONCURSO.jpg\",\"datePublished\":\"2022-10-19T05:47:26+00:00\",\"dateModified\":\"2022-10-19T05:47:27+00:00\",\"author\":{\"@id\":\"https:\/\/www.asajacyl.com\/palencia\/#\/schema\/person\/3ab17aeb03527485c317557fae64aab1\"},\"description\":\"Ya se han fallado el XXIV Concurso Infantil de Pintura del Medio Rural \u201cAs\u00ed es mi pueblo\u201d y el XIV Concurso de Fotograf\u00eda Juvenil \u201cMi pueblo, mi gente\u201d,\",\"breadcrumb\":{\"@id\":\"https:\/\/www.asajacyl.com\/palencia\/asaja-palencia-informa\/ya-se-conocen-los-ganadores-de-los-concursos-de-asaja-para-ninos-y-jovenes-3#breadcrumb\"},\"inLanguage\":\"es\",\"potentialAction\":[{\"@type\":\"ReadAction\",\"target\":[\"https:\/\/www.asajacyl.com\/palencia\/asaja-palencia-informa\/ya-se-conocen-los-ganadores-de-los-concursos-de-asaja-para-ninos-y-jovenes-3\"]}]},{\"@type\":\"ImageObject\",\"inLanguage\":\"es\",\"@id\":\"https:\/\/www.asajacyl.com\/palencia\/asaja-palencia-informa\/ya-se-conocen-los-ganadores-de-los-concursos-de-asaja-para-ninos-y-jovenes-3#primaryimage\",\"url\":\"https:\/\/www.asajacyl.com\/palencia\/wp-content\/uploads\/sites\/3\/2022\/10\/FALLO-CONCURSO.jpg\",\"contentUrl\":\"https:\/\/www.asajacyl.com\/palencia\/wp-content\/uploads\/sites\/3\/2022\/10\/FALLO-CONCURSO.jpg\",\"width\":1024,\"height\":602},{\"@type\":\"BreadcrumbList\",\"@id\":\"https:\/\/www.asajacyl.com\/palencia\/asaja-palencia-informa\/ya-se-conocen-los-ganadores-de-los-concursos-de-asaja-para-ninos-y-jovenes-3#breadcrumb\",\"itemListElement\":[{\"@type\":\"ListItem\",\"position\":1,\"name\":\"Portada\",\"item\":\"https:\/\/www.asajacyl.com\/palencia\/\"},{\"@type\":\"ListItem\",\"position\":2,\"name\":\"Ya se conocen los ganadores de los concursos de ASAJA para ni\u00f1os y j\u00f3venes\"}]},{\"@type\":\"WebSite\",\"@id\":\"https:\/\/www.asajacyl.com\/palencia\/#website\",\"url\":\"https:\/\/www.asajacyl.com\/palencia\/\",\"name\":\"ASAJA Palencia\",\"description\":\"Otro sitio m\u00e1s de Provincias ASAJA Castilla y Le\u00f3n\",\"potentialAction\":[{\"@type\":\"SearchAction\",\"target\":{\"@type\":\"EntryPoint\",\"urlTemplate\":\"https:\/\/www.asajacyl.com\/palencia\/?s={search_term_string}\"},\"query-input\":{\"@type\":\"PropertyValueSpecification\",\"valueRequired\":true,\"valueName\":\"search_term_string\"}}],\"inLanguage\":\"es\"},{\"@type\":\"Person\",\"@id\":\"https:\/\/www.asajacyl.com\/palencia\/#\/schema\/person\/3ab17aeb03527485c317557fae64aab1\",\"name\":\"Administrador\",\"image\":{\"@type\":\"ImageObject\",\"inLanguage\":\"es\",\"@id\":\"https:\/\/www.asajacyl.com\/palencia\/#\/schema\/person\/image\/\",\"url\":\"https:\/\/secure.gravatar.com\/avatar\/517384810d242ca9e38c180f3c9fb973?s=96&d=mm&r=g\",\"contentUrl\":\"https:\/\/secure.gravatar.com\/avatar\/517384810d242ca9e38c180f3c9fb973?s=96&d=mm&r=g\",\"caption\":\"Administrador\"},\"url\":\"https:\/\/www.asajacyl.com\/palencia\/author\/carlosrm\"}]}<\/script>\n<!-- \/ Yoast SEO plugin. -->","yoast_head_json":{"title":"Ya se conocen los ganadores de los concursos de ASAJA para ni\u00f1os y j\u00f3venes - ASAJA Palencia","description":"Ya se han fallado el XXIV Concurso Infantil de Pintura del Medio Rural \u201cAs\u00ed es mi pueblo\u201d y el XIV Concurso de Fotograf\u00eda Juvenil \u201cMi pueblo, mi gente\u201d,","robots":{"index":"index","follow":"follow","max-snippet":"max-snippet:-1","max-image-preview":"max-image-preview:large","max-video-preview":"max-video-preview:-1"},"canonical":"https:\/\/www.asajacyl.com\/palencia\/asaja-palencia-informa\/ya-se-conocen-los-ganadores-de-los-concursos-de-asaja-para-ninos-y-jovenes-3","og_locale":"es_ES","og_type":"article","og_title":"Ya se conocen los ganadores de los concursos de ASAJA para ni\u00f1os y j\u00f3venes - ASAJA Palencia","og_description":"Ya se han fallado el XXIV Concurso Infantil de Pintura del Medio Rural \u201cAs\u00ed es mi pueblo\u201d y el XIV Concurso de Fotograf\u00eda Juvenil \u201cMi pueblo, mi gente\u201d,","og_url":"https:\/\/www.asajacyl.com\/palencia\/asaja-palencia-informa\/ya-se-conocen-los-ganadores-de-los-concursos-de-asaja-para-ninos-y-jovenes-3","og_site_name":"ASAJA Palencia","article_published_time":"2022-10-19T05:47:26+00:00","article_modified_time":"2022-10-19T05:47:27+00:00","og_image":[{"width":1024,"height":602,"url":"https:\/\/www.asajacyl.com\/palencia\/wp-content\/uploads\/sites\/3\/2022\/10\/FALLO-CONCURSO.jpg","type":"image\/jpeg"}],"author":"Administrador","twitter_card":"summary_large_image","twitter_misc":{"Escrito por":"Administrador","Tiempo de lectura":"2 minutos"},"schema":{"@context":"https:\/\/schema.org","@graph":[{"@type":"WebPage","@id":"https:\/\/www.asajacyl.com\/palencia\/asaja-palencia-informa\/ya-se-conocen-los-ganadores-de-los-concursos-de-asaja-para-ninos-y-jovenes-3","url":"https:\/\/www.asajacyl.com\/palencia\/asaja-palencia-informa\/ya-se-conocen-los-ganadores-de-los-concursos-de-asaja-para-ninos-y-jovenes-3","name":"Ya se conocen los ganadores de los concursos de ASAJA para ni\u00f1os y j\u00f3venes - ASAJA Palencia","isPartOf":{"@id":"https:\/\/www.asajacyl.com\/palencia\/#website"},"primaryImageOfPage":{"@id":"https:\/\/www.asajacyl.com\/palencia\/asaja-palencia-informa\/ya-se-conocen-los-ganadores-de-los-concursos-de-asaja-para-ninos-y-jovenes-3#primaryimage"},"image":{"@id":"https:\/\/www.asajacyl.com\/palencia\/asaja-palencia-informa\/ya-se-conocen-los-ganadores-de-los-concursos-de-asaja-para-ninos-y-jovenes-3#primaryimage"},"thumbnailUrl":"https:\/\/www.asajacyl.com\/palencia\/wp-content\/uploads\/sites\/3\/2022\/10\/FALLO-CONCURSO.jpg","datePublished":"2022-10-19T05:47:26+00:00","dateModified":"2022-10-19T05:47:27+00:00","author":{"@id":"https:\/\/www.asajacyl.com\/palencia\/#\/schema\/person\/3ab17aeb03527485c317557fae64aab1"},"description":"Ya se han fallado el XXIV Concurso Infantil de Pintura del Medio Rural \u201cAs\u00ed es mi pueblo\u201d y el XIV Concurso de Fotograf\u00eda Juvenil \u201cMi pueblo, mi gente\u201d,","breadcrumb":{"@id":"https:\/\/www.asajacyl.com\/palencia\/asaja-palencia-informa\/ya-se-conocen-los-ganadores-de-los-concursos-de-asaja-para-ninos-y-jovenes-3#breadcrumb"},"inLanguage":"es","potentialAction":[{"@type":"ReadAction","target":["https:\/\/www.asajacyl.com\/palencia\/asaja-palencia-informa\/ya-se-conocen-los-ganadores-de-los-concursos-de-asaja-para-ninos-y-jovenes-3"]}]},{"@type":"ImageObject","inLanguage":"es","@id":"https:\/\/www.asajacyl.com\/palencia\/asaja-palencia-informa\/ya-se-conocen-los-ganadores-de-los-concursos-de-asaja-para-ninos-y-jovenes-3#primaryimage","url":"https:\/\/www.asajacyl.com\/palencia\/wp-content\/uploads\/sites\/3\/2022\/10\/FALLO-CONCURSO.jpg","contentUrl":"https:\/\/www.asajacyl.com\/palencia\/wp-content\/uploads\/sites\/3\/2022\/10\/FALLO-CONCURSO.jpg","width":1024,"height":602},{"@type":"BreadcrumbList","@id":"https:\/\/www.asajacyl.com\/palencia\/asaja-palencia-informa\/ya-se-conocen-los-ganadores-de-los-concursos-de-asaja-para-ninos-y-jovenes-3#breadcrumb","itemListElement":[{"@type":"ListItem","position":1,"name":"Portada","item":"https:\/\/www.asajacyl.com\/palencia\/"},{"@type":"ListItem","position":2,"name":"Ya se conocen los ganadores de los concursos de ASAJA para ni\u00f1os y j\u00f3venes"}]},{"@type":"WebSite","@id":"https:\/\/www.asajacyl.com\/palencia\/#website","url":"https:\/\/www.asajacyl.com\/palencia\/","name":"ASAJA Palencia","description":"Otro sitio m\u00e1s de Provincias ASAJA Castilla y Le\u00f3n","potentialAction":[{"@type":"SearchAction","target":{"@type":"EntryPoint","urlTemplate":"https:\/\/www.asajacyl.com\/palencia\/?s={search_term_string}"},"query-input":{"@type":"PropertyValueSpecification","valueRequired":true,"valueName":"search_term_string"}}],"inLanguage":"es"},{"@type":"Person","@id":"https:\/\/www.asajacyl.com\/palencia\/#\/schema\/person\/3ab17aeb03527485c317557fae64aab1","name":"Administrador","image":{"@type":"ImageObject","inLanguage":"es","@id":"https:\/\/www.asajacyl.com\/palencia\/#\/schema\/person\/image\/","url":"https:\/\/secure.gravatar.com\/avatar\/517384810d242ca9e38c180f3c9fb973?s=96&d=mm&r=g","contentUrl":"https:\/\/secure.gravatar.com\/avatar\/517384810d242ca9e38c180f3c9fb973?s=96&d=mm&r=g","caption":"Administrador"},"url":"https:\/\/www.asajacyl.com\/palencia\/author\/carlosrm"}]}},"_links":{"self":[{"href":"https:\/\/www.asajacyl.com\/palencia\/wp-json\/wp\/v2\/posts\/11623"}],"collection":[{"href":"https:\/\/www.asajacyl.com\/palencia\/wp-json\/wp\/v2\/posts"}],"about":[{"href":"https:\/\/www.asajacyl.com\/palencia\/wp-json\/wp\/v2\/types\/post"}],"author":[{"embeddable":true,"href":"https:\/\/www.asajacyl.com\/palencia\/wp-json\/wp\/v2\/users\/9"}],"replies":[{"embeddable":true,"href":"https:\/\/www.asajacyl.com\/palencia\/wp-json\/wp\/v2\/comments?post=11623"}],"version-history":[{"count":1,"href":"https:\/\/www.asajacyl.com\/palencia\/wp-json\/wp\/v2\/posts\/11623\/revisions"}],"predecessor-version":[{"id":11624,"href":"https:\/\/www.asajacyl.com\/palencia\/wp-json\/wp\/v2\/posts\/11623\/revisions\/11624"}],"wp:featuredmedia":[{"embeddable":true,"href":"https:\/\/www.asajacyl.com\/palencia\/wp-json\/wp\/v2\/media\/11625"}],"wp:attachment":[{"href":"https:\/\/www.asajacyl.com\/palencia\/wp-json\/wp\/v2\/media?parent=11623"}],"wp:term":[{"taxonomy":"category","embeddable":true,"href":"https:\/\/www.asajacyl.com\/palencia\/wp-json\/wp\/v2\/categories?post=11623"},{"taxonomy":"post_tag","embeddable":true,"href":"https:\/\/www.asajacyl.com\/palencia\/wp-json\/wp\/v2\/tags?post=11623"}],"curies":[{"name":"wp","href":"https:\/\/api.w.org\/{rel}","templated":true}]}}