{"id":11652,"date":"2022-10-29T14:51:00","date_gmt":"2022-10-29T12:51:00","guid":{"rendered":"https:\/\/www.asajacyl.com\/palencia\/?p=11652"},"modified":"2022-10-27T14:55:08","modified_gmt":"2022-10-27T12:55:08","slug":"regantes-y-ganaderos-los-mas-afectados-por-el-atraco-del-gobierno-en-las-facturas-de-la-luz","status":"publish","type":"post","link":"https:\/\/www.asajacyl.com\/palencia\/asaja-palencia-informa\/regantes-y-ganaderos-los-mas-afectados-por-el-atraco-del-gobierno-en-las-facturas-de-la-luz","title":{"rendered":"Regantes y ganaderos, los m\u00e1s afectados por el atraco del Gobierno en las facturas de la luz"},"content":{"rendered":"\n<p>En mayo se public\u00f3 el Real Decreto Ley 10\/2022. Esta normativa es la que ha regulado lo que com\u00fanmente se conoce como \u201cel tope del gas\u201d o la \u201cexcepci\u00f3n ib\u00e9rica\u201d, algo que ha hecho un roto en la econom\u00eda de regantes y ganaderos. L\u00f3gicamente el da\u00f1o es mayor cuanto mayor es la dependencia el\u00e9ctrica de la producci\u00f3n en cuesti\u00f3n.<\/p>\n\n\n\n<p>Seg\u00fan el pre\u00e1mbulo de la norma el mecanismo limitar\u00eda el impacto que la escalada de precios del gas natural estaba teniendo en el mercado mayorista de electricidad. Las centrales de ciclo combinado, cuyo combustible es el gas natural, son las que est\u00e1n marcando el precio de la electricidad en el mercado regulado. Esto se debe a la forma de c\u00e1lculo del precio de la energ\u00eda, donde la de generaci\u00f3n m\u00e1s cara marca el precio del conjunto y la idea era la limitaci\u00f3n del precio del gas de manera que bajara el precio de la electricidad. A partir de ah\u00ed se abonar\u00eda la diferencia de precio entre el tope y el precio real participando de este pago todos los usuarios beneficiados por este topado del gas, \u201cbien porque adquieren la energ\u00eda a un precio directamente referenciado al valor del mercado mayorista o bien porque ha firmado o renovado un contrato teniendo ya en cuenta el efecto \u00abbeneficioso\u00bb del mecanismo sobre los mercados mayoristas\u201d.<\/p>\n\n\n\n<p>Esta medida ha provocado un aumento desmedido en los precios de la energ\u00eda, algo por lo que se est\u00e1n viendo perjudicados muchos regantes y comunidades de regantes, y ganaderos, que son los que m\u00e1s uso realizan de la electricidad en nuestra provincia.<\/p>\n\n\n\n<p>A continuaci\u00f3n mostraremos varios ejemplos del incremento sufrido por la energ\u00eda en el caso de regantes y ganaderos. Hay que tener en cuenta que en el a\u00f1o 2021 cambiaron los peajes de acceso y eso supuso una modificaci\u00f3n de los tramos horarios de las tarifas. El cambio, como ya explicamos en su momento fue muy perjudicial para los regantes, que vieron c\u00f3mo se complicaba su situaci\u00f3n si pretend\u00edan evitar los tramos horarios m\u00e1s caros -recordemos que la potencia contratada paga una importante cantidad en las facturas y conviene tener contratado lo m\u00ednimo posible en los tramos m\u00e1s caros- y los ganaderos lo tuvieron a\u00fan peor ya que su actividad no puede variar porque sigue los ciclos biol\u00f3gicos de los animales y no puede buscar cambiar los tramos horarios para ahorrar energ\u00eda. Tambi\u00e9n ha afectado negativamente el precio de la luz, por las nubes en nuestro pa\u00eds desde hace meses, algo que ha hecho que en la renovaci\u00f3n de los contratos del mercado libre se haya incrementado de forma m\u00e1s que notable el coste energ\u00e9tico de las explotaciones agr\u00edcolas y ganaderas.<\/p>\n\n\n\n<p>Las facturas que han llegado en los \u00faltimos meses son exorbitadas. En varios casos que han estudiado los servicios t\u00e9cnicos de ASAJA-Palencia, y que a\u00fan no tienen aplicado \u201cel tope del gas\u201d, se ha constatado un incremento de precio de la factura de entre un 74% a un 147%, es decir que de media se podr\u00eda hablar de que el coste energ\u00e9tico se ha doblado.<\/p>\n\n\n\n<p>Cuando entra en juego el \u201ctope del gas\u201d el tema se recrudece. En los casos estudiados se puede ver unos incrementos de un 200 a un 300% aproximadamente, eliminando la variaci\u00f3n de consumo l\u00f3gica de un a\u00f1o a otro. Estamos hablando de pasar a pagar de tres a cuatro veces m\u00e1s por la electricidad. Una factura mensual que en 2021 era de 3.000 euros este a\u00f1o puede ser de 12.000 euros (caso real) o una factura de 2.000 euros se puede ir a los 6.000 euros (tambi\u00e9n caso real).<br><\/p>\n\n\n\n<p>En esta situaci\u00f3n se encuentran los empresarios espa\u00f1oles, como lo son nuestros agricultores y ganaderos, y es para pensarse si seguir en la brecha o dejar el negocio.<\/p>\n\n\n\n<p>Para m\u00e1s inri, la disposici\u00f3n adicional primera de la Ley de la Cadena Alimentaria, publicada en diciembre del pasado a\u00f1o 2021, recoge que se debe ofertar una doble tarifa para los regantes y una bonificaci\u00f3n del 35% en la factura del gas\u00f3leo y otra de un 15% para los fertilizantes pero estas medidas no se han desarrollado. Un palo m\u00e1s en las ruedas de agricultores y ganaderos, algo a lo que por desgracia ya nos estamos acostumbrando.<\/p>\n","protected":false},"excerpt":{"rendered":"<p>En mayo se public\u00f3 el Real Decreto Ley 10\/2022. Esta normativa es la que ha regulado lo que com\u00fanmente se conoce como \u201cel tope del gas\u201d o la \u201cexcepci\u00f3n ib\u00e9rica\u201d, algo que ha hecho un roto en la econom\u00eda de regantes y ganaderos. L\u00f3gicamente el da\u00f1o es mayor cuanto mayor es la dependencia el\u00e9ctrica de [&hellip;]<\/p>\n","protected":false},"author":9,"featured_media":8402,"comment_status":"open","ping_status":"open","sticky":false,"template":"","format":"standard","meta":{"footnotes":""},"categories":[9,28],"tags":[],"yoast_head":"<!-- This site is optimized with the Yoast SEO plugin v24.5 - https:\/\/yoast.com\/wordpress\/plugins\/seo\/ -->\n<title>Regantes y ganaderos, los m\u00e1s afectados por el atraco del Gobierno en las facturas de la luz - ASAJA Palencia<\/title>\n<meta name=\"description\" content=\"En mayo se public\u00f3 el Real Decreto Ley 10\/2022. Esta normativa es la que ha regulado lo que com\u00fanmente se conoce como \u201cel tope del gas\u201d o la \u201cexcepci\u00f3n\" \/>\n<meta name=\"robots\" content=\"index, follow, max-snippet:-1, max-image-preview:large, max-video-preview:-1\" \/>\n<link rel=\"canonical\" href=\"https:\/\/www.asajacyl.com\/palencia\/asaja-palencia-informa\/regantes-y-ganaderos-los-mas-afectados-por-el-atraco-del-gobierno-en-las-facturas-de-la-luz\" \/>\n<meta property=\"og:locale\" content=\"es_ES\" \/>\n<meta property=\"og:type\" content=\"article\" \/>\n<meta property=\"og:title\" content=\"Regantes y ganaderos, los m\u00e1s afectados por el atraco del Gobierno en las facturas de la luz - ASAJA Palencia\" \/>\n<meta property=\"og:description\" content=\"En mayo se public\u00f3 el Real Decreto Ley 10\/2022. Esta normativa es la que ha regulado lo que com\u00fanmente se conoce como \u201cel tope del gas\u201d o la \u201cexcepci\u00f3n\" \/>\n<meta property=\"og:url\" content=\"https:\/\/www.asajacyl.com\/palencia\/asaja-palencia-informa\/regantes-y-ganaderos-los-mas-afectados-por-el-atraco-del-gobierno-en-las-facturas-de-la-luz\" \/>\n<meta property=\"og:site_name\" content=\"ASAJA Palencia\" \/>\n<meta property=\"article:published_time\" content=\"2022-10-29T12:51:00+00:00\" \/>\n<meta property=\"og:image\" content=\"https:\/\/www.asajacyl.com\/palencia\/wp-content\/uploads\/sites\/3\/2021\/05\/ELECTRICIDAD.jpg\" \/>\n\t<meta property=\"og:image:width\" content=\"986\" \/>\n\t<meta property=\"og:image:height\" content=\"657\" \/>\n\t<meta property=\"og:image:type\" content=\"image\/jpeg\" \/>\n<meta name=\"author\" content=\"Administrador\" \/>\n<meta name=\"twitter:card\" content=\"summary_large_image\" \/>\n<meta name=\"twitter:label1\" content=\"Escrito por\" \/>\n\t<meta name=\"twitter:data1\" content=\"Administrador\" \/>\n\t<meta name=\"twitter:label2\" content=\"Tiempo de lectura\" \/>\n\t<meta name=\"twitter:data2\" content=\"4 minutos\" \/>\n<script type=\"application\/ld+json\" class=\"yoast-schema-graph\">{\"@context\":\"https:\/\/schema.org\",\"@graph\":[{\"@type\":\"WebPage\",\"@id\":\"https:\/\/www.asajacyl.com\/palencia\/asaja-palencia-informa\/regantes-y-ganaderos-los-mas-afectados-por-el-atraco-del-gobierno-en-las-facturas-de-la-luz\",\"url\":\"https:\/\/www.asajacyl.com\/palencia\/asaja-palencia-informa\/regantes-y-ganaderos-los-mas-afectados-por-el-atraco-del-gobierno-en-las-facturas-de-la-luz\",\"name\":\"Regantes y ganaderos, los m\u00e1s afectados por el atraco del Gobierno en las facturas de la luz - ASAJA Palencia\",\"isPartOf\":{\"@id\":\"https:\/\/www.asajacyl.com\/palencia\/#website\"},\"primaryImageOfPage\":{\"@id\":\"https:\/\/www.asajacyl.com\/palencia\/asaja-palencia-informa\/regantes-y-ganaderos-los-mas-afectados-por-el-atraco-del-gobierno-en-las-facturas-de-la-luz#primaryimage\"},\"image\":{\"@id\":\"https:\/\/www.asajacyl.com\/palencia\/asaja-palencia-informa\/regantes-y-ganaderos-los-mas-afectados-por-el-atraco-del-gobierno-en-las-facturas-de-la-luz#primaryimage\"},\"thumbnailUrl\":\"https:\/\/www.asajacyl.com\/palencia\/wp-content\/uploads\/sites\/3\/2021\/05\/ELECTRICIDAD.jpg\",\"datePublished\":\"2022-10-29T12:51:00+00:00\",\"author\":{\"@id\":\"https:\/\/www.asajacyl.com\/palencia\/#\/schema\/person\/3ab17aeb03527485c317557fae64aab1\"},\"description\":\"En mayo se public\u00f3 el Real Decreto Ley 10\/2022. Esta normativa es la que ha regulado lo que com\u00fanmente se conoce como \u201cel tope del gas\u201d o la \u201cexcepci\u00f3n\",\"breadcrumb\":{\"@id\":\"https:\/\/www.asajacyl.com\/palencia\/asaja-palencia-informa\/regantes-y-ganaderos-los-mas-afectados-por-el-atraco-del-gobierno-en-las-facturas-de-la-luz#breadcrumb\"},\"inLanguage\":\"es\",\"potentialAction\":[{\"@type\":\"ReadAction\",\"target\":[\"https:\/\/www.asajacyl.com\/palencia\/asaja-palencia-informa\/regantes-y-ganaderos-los-mas-afectados-por-el-atraco-del-gobierno-en-las-facturas-de-la-luz\"]}]},{\"@type\":\"ImageObject\",\"inLanguage\":\"es\",\"@id\":\"https:\/\/www.asajacyl.com\/palencia\/asaja-palencia-informa\/regantes-y-ganaderos-los-mas-afectados-por-el-atraco-del-gobierno-en-las-facturas-de-la-luz#primaryimage\",\"url\":\"https:\/\/www.asajacyl.com\/palencia\/wp-content\/uploads\/sites\/3\/2021\/05\/ELECTRICIDAD.jpg\",\"contentUrl\":\"https:\/\/www.asajacyl.com\/palencia\/wp-content\/uploads\/sites\/3\/2021\/05\/ELECTRICIDAD.jpg\",\"width\":986,\"height\":657},{\"@type\":\"BreadcrumbList\",\"@id\":\"https:\/\/www.asajacyl.com\/palencia\/asaja-palencia-informa\/regantes-y-ganaderos-los-mas-afectados-por-el-atraco-del-gobierno-en-las-facturas-de-la-luz#breadcrumb\",\"itemListElement\":[{\"@type\":\"ListItem\",\"position\":1,\"name\":\"Portada\",\"item\":\"https:\/\/www.asajacyl.com\/palencia\/\"},{\"@type\":\"ListItem\",\"position\":2,\"name\":\"Regantes y ganaderos, los m\u00e1s afectados por el atraco del Gobierno en las facturas de la luz\"}]},{\"@type\":\"WebSite\",\"@id\":\"https:\/\/www.asajacyl.com\/palencia\/#website\",\"url\":\"https:\/\/www.asajacyl.com\/palencia\/\",\"name\":\"ASAJA Palencia\",\"description\":\"Otro sitio m\u00e1s de Provincias ASAJA Castilla y Le\u00f3n\",\"potentialAction\":[{\"@type\":\"SearchAction\",\"target\":{\"@type\":\"EntryPoint\",\"urlTemplate\":\"https:\/\/www.asajacyl.com\/palencia\/?s={search_term_string}\"},\"query-input\":{\"@type\":\"PropertyValueSpecification\",\"valueRequired\":true,\"valueName\":\"search_term_string\"}}],\"inLanguage\":\"es\"},{\"@type\":\"Person\",\"@id\":\"https:\/\/www.asajacyl.com\/palencia\/#\/schema\/person\/3ab17aeb03527485c317557fae64aab1\",\"name\":\"Administrador\",\"image\":{\"@type\":\"ImageObject\",\"inLanguage\":\"es\",\"@id\":\"https:\/\/www.asajacyl.com\/palencia\/#\/schema\/person\/image\/\",\"url\":\"https:\/\/secure.gravatar.com\/avatar\/517384810d242ca9e38c180f3c9fb973?s=96&d=mm&r=g\",\"contentUrl\":\"https:\/\/secure.gravatar.com\/avatar\/517384810d242ca9e38c180f3c9fb973?s=96&d=mm&r=g\",\"caption\":\"Administrador\"},\"url\":\"https:\/\/www.asajacyl.com\/palencia\/author\/carlosrm\"}]}<\/script>\n<!-- \/ Yoast SEO plugin. -->","yoast_head_json":{"title":"Regantes y ganaderos, los m\u00e1s afectados por el atraco del Gobierno en las facturas de la luz - ASAJA Palencia","description":"En mayo se public\u00f3 el Real Decreto Ley 10\/2022. Esta normativa es la que ha regulado lo que com\u00fanmente se conoce como \u201cel tope del gas\u201d o la \u201cexcepci\u00f3n","robots":{"index":"index","follow":"follow","max-snippet":"max-snippet:-1","max-image-preview":"max-image-preview:large","max-video-preview":"max-video-preview:-1"},"canonical":"https:\/\/www.asajacyl.com\/palencia\/asaja-palencia-informa\/regantes-y-ganaderos-los-mas-afectados-por-el-atraco-del-gobierno-en-las-facturas-de-la-luz","og_locale":"es_ES","og_type":"article","og_title":"Regantes y ganaderos, los m\u00e1s afectados por el atraco del Gobierno en las facturas de la luz - ASAJA Palencia","og_description":"En mayo se public\u00f3 el Real Decreto Ley 10\/2022. Esta normativa es la que ha regulado lo que com\u00fanmente se conoce como \u201cel tope del gas\u201d o la \u201cexcepci\u00f3n","og_url":"https:\/\/www.asajacyl.com\/palencia\/asaja-palencia-informa\/regantes-y-ganaderos-los-mas-afectados-por-el-atraco-del-gobierno-en-las-facturas-de-la-luz","og_site_name":"ASAJA Palencia","article_published_time":"2022-10-29T12:51:00+00:00","og_image":[{"width":986,"height":657,"url":"https:\/\/www.asajacyl.com\/palencia\/wp-content\/uploads\/sites\/3\/2021\/05\/ELECTRICIDAD.jpg","type":"image\/jpeg"}],"author":"Administrador","twitter_card":"summary_large_image","twitter_misc":{"Escrito por":"Administrador","Tiempo de lectura":"4 minutos"},"schema":{"@context":"https:\/\/schema.org","@graph":[{"@type":"WebPage","@id":"https:\/\/www.asajacyl.com\/palencia\/asaja-palencia-informa\/regantes-y-ganaderos-los-mas-afectados-por-el-atraco-del-gobierno-en-las-facturas-de-la-luz","url":"https:\/\/www.asajacyl.com\/palencia\/asaja-palencia-informa\/regantes-y-ganaderos-los-mas-afectados-por-el-atraco-del-gobierno-en-las-facturas-de-la-luz","name":"Regantes y ganaderos, los m\u00e1s afectados por el atraco del Gobierno en las facturas de la luz - ASAJA Palencia","isPartOf":{"@id":"https:\/\/www.asajacyl.com\/palencia\/#website"},"primaryImageOfPage":{"@id":"https:\/\/www.asajacyl.com\/palencia\/asaja-palencia-informa\/regantes-y-ganaderos-los-mas-afectados-por-el-atraco-del-gobierno-en-las-facturas-de-la-luz#primaryimage"},"image":{"@id":"https:\/\/www.asajacyl.com\/palencia\/asaja-palencia-informa\/regantes-y-ganaderos-los-mas-afectados-por-el-atraco-del-gobierno-en-las-facturas-de-la-luz#primaryimage"},"thumbnailUrl":"https:\/\/www.asajacyl.com\/palencia\/wp-content\/uploads\/sites\/3\/2021\/05\/ELECTRICIDAD.jpg","datePublished":"2022-10-29T12:51:00+00:00","author":{"@id":"https:\/\/www.asajacyl.com\/palencia\/#\/schema\/person\/3ab17aeb03527485c317557fae64aab1"},"description":"En mayo se public\u00f3 el Real Decreto Ley 10\/2022. Esta normativa es la que ha regulado lo que com\u00fanmente se conoce como \u201cel tope del gas\u201d o la \u201cexcepci\u00f3n","breadcrumb":{"@id":"https:\/\/www.asajacyl.com\/palencia\/asaja-palencia-informa\/regantes-y-ganaderos-los-mas-afectados-por-el-atraco-del-gobierno-en-las-facturas-de-la-luz#breadcrumb"},"inLanguage":"es","potentialAction":[{"@type":"ReadAction","target":["https:\/\/www.asajacyl.com\/palencia\/asaja-palencia-informa\/regantes-y-ganaderos-los-mas-afectados-por-el-atraco-del-gobierno-en-las-facturas-de-la-luz"]}]},{"@type":"ImageObject","inLanguage":"es","@id":"https:\/\/www.asajacyl.com\/palencia\/asaja-palencia-informa\/regantes-y-ganaderos-los-mas-afectados-por-el-atraco-del-gobierno-en-las-facturas-de-la-luz#primaryimage","url":"https:\/\/www.asajacyl.com\/palencia\/wp-content\/uploads\/sites\/3\/2021\/05\/ELECTRICIDAD.jpg","contentUrl":"https:\/\/www.asajacyl.com\/palencia\/wp-content\/uploads\/sites\/3\/2021\/05\/ELECTRICIDAD.jpg","width":986,"height":657},{"@type":"BreadcrumbList","@id":"https:\/\/www.asajacyl.com\/palencia\/asaja-palencia-informa\/regantes-y-ganaderos-los-mas-afectados-por-el-atraco-del-gobierno-en-las-facturas-de-la-luz#breadcrumb","itemListElement":[{"@type":"ListItem","position":1,"name":"Portada","item":"https:\/\/www.asajacyl.com\/palencia\/"},{"@type":"ListItem","position":2,"name":"Regantes y ganaderos, los m\u00e1s afectados por el atraco del Gobierno en las facturas de la luz"}]},{"@type":"WebSite","@id":"https:\/\/www.asajacyl.com\/palencia\/#website","url":"https:\/\/www.asajacyl.com\/palencia\/","name":"ASAJA Palencia","description":"Otro sitio m\u00e1s de Provincias ASAJA Castilla y Le\u00f3n","potentialAction":[{"@type":"SearchAction","target":{"@type":"EntryPoint","urlTemplate":"https:\/\/www.asajacyl.com\/palencia\/?s={search_term_string}"},"query-input":{"@type":"PropertyValueSpecification","valueRequired":true,"valueName":"search_term_string"}}],"inLanguage":"es"},{"@type":"Person","@id":"https:\/\/www.asajacyl.com\/palencia\/#\/schema\/person\/3ab17aeb03527485c317557fae64aab1","name":"Administrador","image":{"@type":"ImageObject","inLanguage":"es","@id":"https:\/\/www.asajacyl.com\/palencia\/#\/schema\/person\/image\/","url":"https:\/\/secure.gravatar.com\/avatar\/517384810d242ca9e38c180f3c9fb973?s=96&d=mm&r=g","contentUrl":"https:\/\/secure.gravatar.com\/avatar\/517384810d242ca9e38c180f3c9fb973?s=96&d=mm&r=g","caption":"Administrador"},"url":"https:\/\/www.asajacyl.com\/palencia\/author\/carlosrm"}]}},"_links":{"self":[{"href":"https:\/\/www.asajacyl.com\/palencia\/wp-json\/wp\/v2\/posts\/11652"}],"collection":[{"href":"https:\/\/www.asajacyl.com\/palencia\/wp-json\/wp\/v2\/posts"}],"about":[{"href":"https:\/\/www.asajacyl.com\/palencia\/wp-json\/wp\/v2\/types\/post"}],"author":[{"embeddable":true,"href":"https:\/\/www.asajacyl.com\/palencia\/wp-json\/wp\/v2\/users\/9"}],"replies":[{"embeddable":true,"href":"https:\/\/www.asajacyl.com\/palencia\/wp-json\/wp\/v2\/comments?post=11652"}],"version-history":[{"count":1,"href":"https:\/\/www.asajacyl.com\/palencia\/wp-json\/wp\/v2\/posts\/11652\/revisions"}],"predecessor-version":[{"id":11653,"href":"https:\/\/www.asajacyl.com\/palencia\/wp-json\/wp\/v2\/posts\/11652\/revisions\/11653"}],"wp:featuredmedia":[{"embeddable":true,"href":"https:\/\/www.asajacyl.com\/palencia\/wp-json\/wp\/v2\/media\/8402"}],"wp:attachment":[{"href":"https:\/\/www.asajacyl.com\/palencia\/wp-json\/wp\/v2\/media?parent=11652"}],"wp:term":[{"taxonomy":"category","embeddable":true,"href":"https:\/\/www.asajacyl.com\/palencia\/wp-json\/wp\/v2\/categories?post=11652"},{"taxonomy":"post_tag","embeddable":true,"href":"https:\/\/www.asajacyl.com\/palencia\/wp-json\/wp\/v2\/tags?post=11652"}],"curies":[{"name":"wp","href":"https:\/\/api.w.org\/{rel}","templated":true}]}}