{"id":11654,"date":"2022-10-28T14:55:00","date_gmt":"2022-10-28T12:55:00","guid":{"rendered":"https:\/\/www.asajacyl.com\/palencia\/?p=11654"},"modified":"2022-10-27T14:58:55","modified_gmt":"2022-10-27T12:58:55","slug":"acor-ya-esta-recepcionando-remolacha","status":"publish","type":"post","link":"https:\/\/www.asajacyl.com\/palencia\/asaja-palencia-informa\/acor-ya-esta-recepcionando-remolacha","title":{"rendered":"ACOR ya est\u00e1 recepcionando remolacha"},"content":{"rendered":"\n<p>El pasado 20 de octubre la cooperativa ACOR ha iniciado la campa\u00f1a de recepci\u00f3n de remolacha en la f\u00e1brica de Olmedo y tiene previsto que la duraci\u00f3n sea de dos meses. En estos d\u00edas la factor\u00eda est\u00e1 recibiendo 11.000 toneladas diarias, con una riqueza media de 17 grados y un descuento del 6%. La Cooperativa ACOR, ha realizado una apuesta muy importante, con el compromiso de que los agricultores reciban como m\u00ednimo 60 euros por tonelada, para que los remolacheros puedan salir airosos en una campa\u00f1a donde los costes de producci\u00f3n han sido muy altos.<\/p>\n\n\n\n<p>En Palencia, esta campa\u00f1a se ha sembrado de remolacha azucarera 695 hect\u00e1reas solamente, ya que la situaci\u00f3n de los embalses y la consiguiente amenaza de recortar la campa\u00f1a de riego, fren\u00f3 la posibilidad de sembrar una superficie mayor. Lejos quedan ya los tiempos donde en Palencia la remolacha era el cultivo estrella por su rentabilidad, y se dedicaban unas 8.500 hect\u00e1reas.<\/p>\n","protected":false},"excerpt":{"rendered":"<p>El pasado 20 de octubre la cooperativa ACOR ha iniciado la campa\u00f1a de recepci\u00f3n de remolacha en la f\u00e1brica de Olmedo y tiene previsto que la duraci\u00f3n sea de dos meses. En estos d\u00edas la factor\u00eda est\u00e1 recibiendo 11.000 toneladas diarias, con una riqueza media de 17 grados y un descuento del 6%. La Cooperativa [&hellip;]<\/p>\n","protected":false},"author":9,"featured_media":5291,"comment_status":"open","ping_status":"open","sticky":false,"template":"","format":"standard","meta":{"footnotes":""},"categories":[9,29,28],"tags":[],"yoast_head":"<!-- This site is optimized with the Yoast SEO plugin v24.5 - https:\/\/yoast.com\/wordpress\/plugins\/seo\/ -->\n<title>ACOR ya est\u00e1 recepcionando remolacha - ASAJA Palencia<\/title>\n<meta name=\"description\" content=\"El pasado 20 de octubre la cooperativa ACOR ha iniciado la campa\u00f1a de recepci\u00f3n de remolacha en la f\u00e1brica de Olmedo y tiene previsto que la duraci\u00f3n sea\" \/>\n<meta name=\"robots\" content=\"index, follow, max-snippet:-1, max-image-preview:large, max-video-preview:-1\" \/>\n<link rel=\"canonical\" href=\"https:\/\/www.asajacyl.com\/palencia\/asaja-palencia-informa\/acor-ya-esta-recepcionando-remolacha\" \/>\n<meta property=\"og:locale\" content=\"es_ES\" \/>\n<meta property=\"og:type\" content=\"article\" \/>\n<meta property=\"og:title\" content=\"ACOR ya est\u00e1 recepcionando remolacha - ASAJA Palencia\" \/>\n<meta property=\"og:description\" content=\"El pasado 20 de octubre la cooperativa ACOR ha iniciado la campa\u00f1a de recepci\u00f3n de remolacha en la f\u00e1brica de Olmedo y tiene previsto que la duraci\u00f3n sea\" \/>\n<meta property=\"og:url\" content=\"https:\/\/www.asajacyl.com\/palencia\/asaja-palencia-informa\/acor-ya-esta-recepcionando-remolacha\" \/>\n<meta property=\"og:site_name\" content=\"ASAJA Palencia\" \/>\n<meta property=\"article:published_time\" content=\"2022-10-28T12:55:00+00:00\" \/>\n<meta property=\"og:image\" content=\"https:\/\/www.asajacyl.com\/palencia\/wp-content\/uploads\/sites\/3\/2018\/07\/foto-remolacha.-.jpg\" \/>\n\t<meta property=\"og:image:width\" content=\"2500\" \/>\n\t<meta property=\"og:image:height\" content=\"1875\" \/>\n\t<meta property=\"og:image:type\" content=\"image\/jpeg\" \/>\n<meta name=\"author\" content=\"Administrador\" \/>\n<meta name=\"twitter:card\" content=\"summary_large_image\" \/>\n<meta name=\"twitter:label1\" content=\"Escrito por\" \/>\n\t<meta name=\"twitter:data1\" content=\"Administrador\" \/>\n\t<meta name=\"twitter:label2\" content=\"Tiempo de lectura\" \/>\n\t<meta name=\"twitter:data2\" content=\"1 minuto\" \/>\n<script type=\"application\/ld+json\" class=\"yoast-schema-graph\">{\"@context\":\"https:\/\/schema.org\",\"@graph\":[{\"@type\":\"WebPage\",\"@id\":\"https:\/\/www.asajacyl.com\/palencia\/asaja-palencia-informa\/acor-ya-esta-recepcionando-remolacha\",\"url\":\"https:\/\/www.asajacyl.com\/palencia\/asaja-palencia-informa\/acor-ya-esta-recepcionando-remolacha\",\"name\":\"ACOR ya est\u00e1 recepcionando remolacha - ASAJA Palencia\",\"isPartOf\":{\"@id\":\"https:\/\/www.asajacyl.com\/palencia\/#website\"},\"primaryImageOfPage\":{\"@id\":\"https:\/\/www.asajacyl.com\/palencia\/asaja-palencia-informa\/acor-ya-esta-recepcionando-remolacha#primaryimage\"},\"image\":{\"@id\":\"https:\/\/www.asajacyl.com\/palencia\/asaja-palencia-informa\/acor-ya-esta-recepcionando-remolacha#primaryimage\"},\"thumbnailUrl\":\"https:\/\/www.asajacyl.com\/palencia\/wp-content\/uploads\/sites\/3\/2018\/07\/foto-remolacha.-.jpg\",\"datePublished\":\"2022-10-28T12:55:00+00:00\",\"author\":{\"@id\":\"https:\/\/www.asajacyl.com\/palencia\/#\/schema\/person\/3ab17aeb03527485c317557fae64aab1\"},\"description\":\"El pasado 20 de octubre la cooperativa ACOR ha iniciado la campa\u00f1a de recepci\u00f3n de remolacha en la f\u00e1brica de Olmedo y tiene previsto que la duraci\u00f3n sea\",\"breadcrumb\":{\"@id\":\"https:\/\/www.asajacyl.com\/palencia\/asaja-palencia-informa\/acor-ya-esta-recepcionando-remolacha#breadcrumb\"},\"inLanguage\":\"es\",\"potentialAction\":[{\"@type\":\"ReadAction\",\"target\":[\"https:\/\/www.asajacyl.com\/palencia\/asaja-palencia-informa\/acor-ya-esta-recepcionando-remolacha\"]}]},{\"@type\":\"ImageObject\",\"inLanguage\":\"es\",\"@id\":\"https:\/\/www.asajacyl.com\/palencia\/asaja-palencia-informa\/acor-ya-esta-recepcionando-remolacha#primaryimage\",\"url\":\"https:\/\/www.asajacyl.com\/palencia\/wp-content\/uploads\/sites\/3\/2018\/07\/foto-remolacha.-.jpg\",\"contentUrl\":\"https:\/\/www.asajacyl.com\/palencia\/wp-content\/uploads\/sites\/3\/2018\/07\/foto-remolacha.-.jpg\",\"width\":2500,\"height\":1875},{\"@type\":\"BreadcrumbList\",\"@id\":\"https:\/\/www.asajacyl.com\/palencia\/asaja-palencia-informa\/acor-ya-esta-recepcionando-remolacha#breadcrumb\",\"itemListElement\":[{\"@type\":\"ListItem\",\"position\":1,\"name\":\"Portada\",\"item\":\"https:\/\/www.asajacyl.com\/palencia\/\"},{\"@type\":\"ListItem\",\"position\":2,\"name\":\"ACOR ya est\u00e1 recepcionando remolacha\"}]},{\"@type\":\"WebSite\",\"@id\":\"https:\/\/www.asajacyl.com\/palencia\/#website\",\"url\":\"https:\/\/www.asajacyl.com\/palencia\/\",\"name\":\"ASAJA Palencia\",\"description\":\"Otro sitio m\u00e1s de Provincias ASAJA Castilla y Le\u00f3n\",\"potentialAction\":[{\"@type\":\"SearchAction\",\"target\":{\"@type\":\"EntryPoint\",\"urlTemplate\":\"https:\/\/www.asajacyl.com\/palencia\/?s={search_term_string}\"},\"query-input\":{\"@type\":\"PropertyValueSpecification\",\"valueRequired\":true,\"valueName\":\"search_term_string\"}}],\"inLanguage\":\"es\"},{\"@type\":\"Person\",\"@id\":\"https:\/\/www.asajacyl.com\/palencia\/#\/schema\/person\/3ab17aeb03527485c317557fae64aab1\",\"name\":\"Administrador\",\"image\":{\"@type\":\"ImageObject\",\"inLanguage\":\"es\",\"@id\":\"https:\/\/www.asajacyl.com\/palencia\/#\/schema\/person\/image\/\",\"url\":\"https:\/\/secure.gravatar.com\/avatar\/517384810d242ca9e38c180f3c9fb973?s=96&d=mm&r=g\",\"contentUrl\":\"https:\/\/secure.gravatar.com\/avatar\/517384810d242ca9e38c180f3c9fb973?s=96&d=mm&r=g\",\"caption\":\"Administrador\"},\"url\":\"https:\/\/www.asajacyl.com\/palencia\/author\/carlosrm\"}]}<\/script>\n<!-- \/ Yoast SEO plugin. -->","yoast_head_json":{"title":"ACOR ya est\u00e1 recepcionando remolacha - ASAJA Palencia","description":"El pasado 20 de octubre la cooperativa ACOR ha iniciado la campa\u00f1a de recepci\u00f3n de remolacha en la f\u00e1brica de Olmedo y tiene previsto que la duraci\u00f3n sea","robots":{"index":"index","follow":"follow","max-snippet":"max-snippet:-1","max-image-preview":"max-image-preview:large","max-video-preview":"max-video-preview:-1"},"canonical":"https:\/\/www.asajacyl.com\/palencia\/asaja-palencia-informa\/acor-ya-esta-recepcionando-remolacha","og_locale":"es_ES","og_type":"article","og_title":"ACOR ya est\u00e1 recepcionando remolacha - ASAJA Palencia","og_description":"El pasado 20 de octubre la cooperativa ACOR ha iniciado la campa\u00f1a de recepci\u00f3n de remolacha en la f\u00e1brica de Olmedo y tiene previsto que la duraci\u00f3n sea","og_url":"https:\/\/www.asajacyl.com\/palencia\/asaja-palencia-informa\/acor-ya-esta-recepcionando-remolacha","og_site_name":"ASAJA Palencia","article_published_time":"2022-10-28T12:55:00+00:00","og_image":[{"width":2500,"height":1875,"url":"https:\/\/www.asajacyl.com\/palencia\/wp-content\/uploads\/sites\/3\/2018\/07\/foto-remolacha.-.jpg","type":"image\/jpeg"}],"author":"Administrador","twitter_card":"summary_large_image","twitter_misc":{"Escrito por":"Administrador","Tiempo de lectura":"1 minuto"},"schema":{"@context":"https:\/\/schema.org","@graph":[{"@type":"WebPage","@id":"https:\/\/www.asajacyl.com\/palencia\/asaja-palencia-informa\/acor-ya-esta-recepcionando-remolacha","url":"https:\/\/www.asajacyl.com\/palencia\/asaja-palencia-informa\/acor-ya-esta-recepcionando-remolacha","name":"ACOR ya est\u00e1 recepcionando remolacha - ASAJA Palencia","isPartOf":{"@id":"https:\/\/www.asajacyl.com\/palencia\/#website"},"primaryImageOfPage":{"@id":"https:\/\/www.asajacyl.com\/palencia\/asaja-palencia-informa\/acor-ya-esta-recepcionando-remolacha#primaryimage"},"image":{"@id":"https:\/\/www.asajacyl.com\/palencia\/asaja-palencia-informa\/acor-ya-esta-recepcionando-remolacha#primaryimage"},"thumbnailUrl":"https:\/\/www.asajacyl.com\/palencia\/wp-content\/uploads\/sites\/3\/2018\/07\/foto-remolacha.-.jpg","datePublished":"2022-10-28T12:55:00+00:00","author":{"@id":"https:\/\/www.asajacyl.com\/palencia\/#\/schema\/person\/3ab17aeb03527485c317557fae64aab1"},"description":"El pasado 20 de octubre la cooperativa ACOR ha iniciado la campa\u00f1a de recepci\u00f3n de remolacha en la f\u00e1brica de Olmedo y tiene previsto que la duraci\u00f3n sea","breadcrumb":{"@id":"https:\/\/www.asajacyl.com\/palencia\/asaja-palencia-informa\/acor-ya-esta-recepcionando-remolacha#breadcrumb"},"inLanguage":"es","potentialAction":[{"@type":"ReadAction","target":["https:\/\/www.asajacyl.com\/palencia\/asaja-palencia-informa\/acor-ya-esta-recepcionando-remolacha"]}]},{"@type":"ImageObject","inLanguage":"es","@id":"https:\/\/www.asajacyl.com\/palencia\/asaja-palencia-informa\/acor-ya-esta-recepcionando-remolacha#primaryimage","url":"https:\/\/www.asajacyl.com\/palencia\/wp-content\/uploads\/sites\/3\/2018\/07\/foto-remolacha.-.jpg","contentUrl":"https:\/\/www.asajacyl.com\/palencia\/wp-content\/uploads\/sites\/3\/2018\/07\/foto-remolacha.-.jpg","width":2500,"height":1875},{"@type":"BreadcrumbList","@id":"https:\/\/www.asajacyl.com\/palencia\/asaja-palencia-informa\/acor-ya-esta-recepcionando-remolacha#breadcrumb","itemListElement":[{"@type":"ListItem","position":1,"name":"Portada","item":"https:\/\/www.asajacyl.com\/palencia\/"},{"@type":"ListItem","position":2,"name":"ACOR ya est\u00e1 recepcionando remolacha"}]},{"@type":"WebSite","@id":"https:\/\/www.asajacyl.com\/palencia\/#website","url":"https:\/\/www.asajacyl.com\/palencia\/","name":"ASAJA Palencia","description":"Otro sitio m\u00e1s de Provincias ASAJA Castilla y Le\u00f3n","potentialAction":[{"@type":"SearchAction","target":{"@type":"EntryPoint","urlTemplate":"https:\/\/www.asajacyl.com\/palencia\/?s={search_term_string}"},"query-input":{"@type":"PropertyValueSpecification","valueRequired":true,"valueName":"search_term_string"}}],"inLanguage":"es"},{"@type":"Person","@id":"https:\/\/www.asajacyl.com\/palencia\/#\/schema\/person\/3ab17aeb03527485c317557fae64aab1","name":"Administrador","image":{"@type":"ImageObject","inLanguage":"es","@id":"https:\/\/www.asajacyl.com\/palencia\/#\/schema\/person\/image\/","url":"https:\/\/secure.gravatar.com\/avatar\/517384810d242ca9e38c180f3c9fb973?s=96&d=mm&r=g","contentUrl":"https:\/\/secure.gravatar.com\/avatar\/517384810d242ca9e38c180f3c9fb973?s=96&d=mm&r=g","caption":"Administrador"},"url":"https:\/\/www.asajacyl.com\/palencia\/author\/carlosrm"}]}},"_links":{"self":[{"href":"https:\/\/www.asajacyl.com\/palencia\/wp-json\/wp\/v2\/posts\/11654"}],"collection":[{"href":"https:\/\/www.asajacyl.com\/palencia\/wp-json\/wp\/v2\/posts"}],"about":[{"href":"https:\/\/www.asajacyl.com\/palencia\/wp-json\/wp\/v2\/types\/post"}],"author":[{"embeddable":true,"href":"https:\/\/www.asajacyl.com\/palencia\/wp-json\/wp\/v2\/users\/9"}],"replies":[{"embeddable":true,"href":"https:\/\/www.asajacyl.com\/palencia\/wp-json\/wp\/v2\/comments?post=11654"}],"version-history":[{"count":1,"href":"https:\/\/www.asajacyl.com\/palencia\/wp-json\/wp\/v2\/posts\/11654\/revisions"}],"predecessor-version":[{"id":11655,"href":"https:\/\/www.asajacyl.com\/palencia\/wp-json\/wp\/v2\/posts\/11654\/revisions\/11655"}],"wp:featuredmedia":[{"embeddable":true,"href":"https:\/\/www.asajacyl.com\/palencia\/wp-json\/wp\/v2\/media\/5291"}],"wp:attachment":[{"href":"https:\/\/www.asajacyl.com\/palencia\/wp-json\/wp\/v2\/media?parent=11654"}],"wp:term":[{"taxonomy":"category","embeddable":true,"href":"https:\/\/www.asajacyl.com\/palencia\/wp-json\/wp\/v2\/categories?post=11654"},{"taxonomy":"post_tag","embeddable":true,"href":"https:\/\/www.asajacyl.com\/palencia\/wp-json\/wp\/v2\/tags?post=11654"}],"curies":[{"name":"wp","href":"https:\/\/api.w.org\/{rel}","templated":true}]}}