{"id":11659,"date":"2022-11-02T08:57:00","date_gmt":"2022-11-02T07:57:00","guid":{"rendered":"https:\/\/www.asajacyl.com\/palencia\/?p=11659"},"modified":"2022-10-31T13:58:20","modified_gmt":"2022-10-31T12:58:20","slug":"espana-pierde-el-estatus-de-pais-libre-de-la-viruela-ovina-y-caprina","status":"publish","type":"post","link":"https:\/\/www.asajacyl.com\/palencia\/asaja-palencia-informa\/espana-pierde-el-estatus-de-pais-libre-de-la-viruela-ovina-y-caprina","title":{"rendered":"Espa\u00f1a pierde el estatus de pa\u00eds libre de la viruela ovina y caprina"},"content":{"rendered":"\n<p>Desde el pasado 19 de septiembre han aparecido diecisiete focos confirmados de viruela ovina y caprina. Todos ellos se han localizado en las provincias de Granada y Cuenca. En nuestro pa\u00eds no se detectaban casos de esta enfermedad desde el a\u00f1o 1968. La viruela ovina y caprina es end\u00e9mica en \u00c1frica (al norte del Ecuador), Oriente Medio, Turqu\u00eda, Ir\u00e1n, Afganist\u00e1n, India, Nepal, en zonas de la Rep\u00fablica Popular China, y, desde 1984, en Bangladesh. En Grecia ha habido diecinueve casos desde 2007 a 2017.<\/p>\n\n\n\n<p>Espa\u00f1a ha perdido el estatus de pa\u00eds libre de viruela ovina y caprina ante la Organizaci\u00f3n Mundial de la Sanidad Animal (OMSA). Esto influye enormemente en la exportaci\u00f3n de animales a pa\u00edses como Jordania y Arabia Saud\u00ed.<\/p>\n\n\n\n<p>La viruela ovina y caprina es una enfermedad transmitida por un virus de la familia Poxviridae. Produce un cuadro cl\u00ednico en ganado ovino y caprino caracterizado por la aparici\u00f3n de fiebre, n\u00f3dulos y p\u00e1pulas generalizadas, raramente ves\u00edculas, lesiones internas particularmente en pulmones y, finalmente, la muerte.<br><\/p>\n\n\n\n<p>Es muy contagiosa entre el ganado pero no se transmite a los seres humanos y de declaraci\u00f3n obligatoria y, en el caso de aparecer un foco, la pol\u00edtica de erradicaci\u00f3n en la UE est\u00e1 basada en el sacrificio sanitario de los animales afectados y de aqu\u00e9llos que se hallen en contacto o est\u00e9n relacionados epidemiol\u00f3gicamente.<\/p>\n\n\n\n<p>El siguiente folleto informativo ha sido publicado por el MAPA para dar a conocer la enfermedad entre los ganaderos y buscar la forma de erradicarla de nuevo de nuestro pa\u00eds.<\/p>\n\n\n\n<div class=\"wp-block-image\"><figure class=\"aligncenter size-large\"><img loading=\"lazy\" decoding=\"async\" width=\"720\" height=\"1024\" src=\"https:\/\/www.asajacyl.com\/palencia\/wp-content\/uploads\/sites\/3\/2022\/10\/image-8-720x1024.jpg\" alt=\"\" class=\"wp-image-11660\" srcset=\"https:\/\/www.asajacyl.com\/palencia\/wp-content\/uploads\/sites\/3\/2022\/10\/image-8-720x1024.jpg 720w, https:\/\/www.asajacyl.com\/palencia\/wp-content\/uploads\/sites\/3\/2022\/10\/image-8-211x300.jpg 211w, https:\/\/www.asajacyl.com\/palencia\/wp-content\/uploads\/sites\/3\/2022\/10\/image-8-768x1092.jpg 768w, https:\/\/www.asajacyl.com\/palencia\/wp-content\/uploads\/sites\/3\/2022\/10\/image-8-696x989.jpg 696w, https:\/\/www.asajacyl.com\/palencia\/wp-content\/uploads\/sites\/3\/2022\/10\/image-8-295x420.jpg 295w, https:\/\/www.asajacyl.com\/palencia\/wp-content\/uploads\/sites\/3\/2022\/10\/image-8.jpg 932w\" sizes=\"(max-width: 720px) 100vw, 720px\" \/><\/figure><\/div>\n","protected":false},"excerpt":{"rendered":"<p>Desde el pasado 19 de septiembre han aparecido diecisiete focos confirmados de viruela ovina y caprina. Todos ellos se han localizado en las provincias de Granada y Cuenca. En nuestro pa\u00eds no se detectaban casos de esta enfermedad desde el a\u00f1o 1968. La viruela ovina y caprina es end\u00e9mica en \u00c1frica (al norte del Ecuador), [&hellip;]<\/p>\n","protected":false},"author":9,"featured_media":11660,"comment_status":"open","ping_status":"open","sticky":false,"template":"","format":"standard","meta":{"footnotes":""},"categories":[9,29,28],"tags":[],"yoast_head":"<!-- This site is optimized with the Yoast SEO plugin v24.5 - https:\/\/yoast.com\/wordpress\/plugins\/seo\/ -->\n<title>Espa\u00f1a pierde el estatus de pa\u00eds libre de la viruela ovina y caprina - ASAJA Palencia<\/title>\n<meta name=\"description\" content=\"Desde el pasado 19 de septiembre han aparecido diecisiete focos confirmados de viruela ovina y caprina. Todos ellos se han localizado en las provincias de\" \/>\n<meta name=\"robots\" content=\"index, follow, max-snippet:-1, max-image-preview:large, max-video-preview:-1\" \/>\n<link rel=\"canonical\" href=\"https:\/\/www.asajacyl.com\/palencia\/asaja-palencia-informa\/espana-pierde-el-estatus-de-pais-libre-de-la-viruela-ovina-y-caprina\" \/>\n<meta property=\"og:locale\" content=\"es_ES\" \/>\n<meta property=\"og:type\" content=\"article\" \/>\n<meta property=\"og:title\" content=\"Espa\u00f1a pierde el estatus de pa\u00eds libre de la viruela ovina y caprina - ASAJA Palencia\" \/>\n<meta property=\"og:description\" content=\"Desde el pasado 19 de septiembre han aparecido diecisiete focos confirmados de viruela ovina y caprina. Todos ellos se han localizado en las provincias de\" \/>\n<meta property=\"og:url\" content=\"https:\/\/www.asajacyl.com\/palencia\/asaja-palencia-informa\/espana-pierde-el-estatus-de-pais-libre-de-la-viruela-ovina-y-caprina\" \/>\n<meta property=\"og:site_name\" content=\"ASAJA Palencia\" \/>\n<meta property=\"article:published_time\" content=\"2022-11-02T07:57:00+00:00\" \/>\n<meta property=\"og:image\" content=\"https:\/\/www.asajacyl.com\/palencia\/wp-content\/uploads\/sites\/3\/2022\/10\/image-8.jpg\" \/>\n\t<meta property=\"og:image:width\" content=\"932\" \/>\n\t<meta property=\"og:image:height\" content=\"1325\" \/>\n\t<meta property=\"og:image:type\" content=\"image\/jpeg\" \/>\n<meta name=\"author\" content=\"Administrador\" \/>\n<meta name=\"twitter:card\" content=\"summary_large_image\" \/>\n<meta name=\"twitter:label1\" content=\"Escrito por\" \/>\n\t<meta name=\"twitter:data1\" content=\"Administrador\" \/>\n\t<meta name=\"twitter:label2\" content=\"Tiempo de lectura\" \/>\n\t<meta name=\"twitter:data2\" content=\"2 minutos\" \/>\n<script type=\"application\/ld+json\" class=\"yoast-schema-graph\">{\"@context\":\"https:\/\/schema.org\",\"@graph\":[{\"@type\":\"WebPage\",\"@id\":\"https:\/\/www.asajacyl.com\/palencia\/asaja-palencia-informa\/espana-pierde-el-estatus-de-pais-libre-de-la-viruela-ovina-y-caprina\",\"url\":\"https:\/\/www.asajacyl.com\/palencia\/asaja-palencia-informa\/espana-pierde-el-estatus-de-pais-libre-de-la-viruela-ovina-y-caprina\",\"name\":\"Espa\u00f1a pierde el estatus de pa\u00eds libre de la viruela ovina y caprina - ASAJA Palencia\",\"isPartOf\":{\"@id\":\"https:\/\/www.asajacyl.com\/palencia\/#website\"},\"primaryImageOfPage\":{\"@id\":\"https:\/\/www.asajacyl.com\/palencia\/asaja-palencia-informa\/espana-pierde-el-estatus-de-pais-libre-de-la-viruela-ovina-y-caprina#primaryimage\"},\"image\":{\"@id\":\"https:\/\/www.asajacyl.com\/palencia\/asaja-palencia-informa\/espana-pierde-el-estatus-de-pais-libre-de-la-viruela-ovina-y-caprina#primaryimage\"},\"thumbnailUrl\":\"https:\/\/www.asajacyl.com\/palencia\/wp-content\/uploads\/sites\/3\/2022\/10\/image-8.jpg\",\"datePublished\":\"2022-11-02T07:57:00+00:00\",\"author\":{\"@id\":\"https:\/\/www.asajacyl.com\/palencia\/#\/schema\/person\/3ab17aeb03527485c317557fae64aab1\"},\"description\":\"Desde el pasado 19 de septiembre han aparecido diecisiete focos confirmados de viruela ovina y caprina. Todos ellos se han localizado en las provincias de\",\"breadcrumb\":{\"@id\":\"https:\/\/www.asajacyl.com\/palencia\/asaja-palencia-informa\/espana-pierde-el-estatus-de-pais-libre-de-la-viruela-ovina-y-caprina#breadcrumb\"},\"inLanguage\":\"es\",\"potentialAction\":[{\"@type\":\"ReadAction\",\"target\":[\"https:\/\/www.asajacyl.com\/palencia\/asaja-palencia-informa\/espana-pierde-el-estatus-de-pais-libre-de-la-viruela-ovina-y-caprina\"]}]},{\"@type\":\"ImageObject\",\"inLanguage\":\"es\",\"@id\":\"https:\/\/www.asajacyl.com\/palencia\/asaja-palencia-informa\/espana-pierde-el-estatus-de-pais-libre-de-la-viruela-ovina-y-caprina#primaryimage\",\"url\":\"https:\/\/www.asajacyl.com\/palencia\/wp-content\/uploads\/sites\/3\/2022\/10\/image-8.jpg\",\"contentUrl\":\"https:\/\/www.asajacyl.com\/palencia\/wp-content\/uploads\/sites\/3\/2022\/10\/image-8.jpg\",\"width\":932,\"height\":1325},{\"@type\":\"BreadcrumbList\",\"@id\":\"https:\/\/www.asajacyl.com\/palencia\/asaja-palencia-informa\/espana-pierde-el-estatus-de-pais-libre-de-la-viruela-ovina-y-caprina#breadcrumb\",\"itemListElement\":[{\"@type\":\"ListItem\",\"position\":1,\"name\":\"Portada\",\"item\":\"https:\/\/www.asajacyl.com\/palencia\/\"},{\"@type\":\"ListItem\",\"position\":2,\"name\":\"Espa\u00f1a pierde el estatus de pa\u00eds libre de la viruela ovina y caprina\"}]},{\"@type\":\"WebSite\",\"@id\":\"https:\/\/www.asajacyl.com\/palencia\/#website\",\"url\":\"https:\/\/www.asajacyl.com\/palencia\/\",\"name\":\"ASAJA Palencia\",\"description\":\"Otro sitio m\u00e1s de Provincias ASAJA Castilla y Le\u00f3n\",\"potentialAction\":[{\"@type\":\"SearchAction\",\"target\":{\"@type\":\"EntryPoint\",\"urlTemplate\":\"https:\/\/www.asajacyl.com\/palencia\/?s={search_term_string}\"},\"query-input\":{\"@type\":\"PropertyValueSpecification\",\"valueRequired\":true,\"valueName\":\"search_term_string\"}}],\"inLanguage\":\"es\"},{\"@type\":\"Person\",\"@id\":\"https:\/\/www.asajacyl.com\/palencia\/#\/schema\/person\/3ab17aeb03527485c317557fae64aab1\",\"name\":\"Administrador\",\"image\":{\"@type\":\"ImageObject\",\"inLanguage\":\"es\",\"@id\":\"https:\/\/www.asajacyl.com\/palencia\/#\/schema\/person\/image\/\",\"url\":\"https:\/\/secure.gravatar.com\/avatar\/517384810d242ca9e38c180f3c9fb973?s=96&d=mm&r=g\",\"contentUrl\":\"https:\/\/secure.gravatar.com\/avatar\/517384810d242ca9e38c180f3c9fb973?s=96&d=mm&r=g\",\"caption\":\"Administrador\"},\"url\":\"https:\/\/www.asajacyl.com\/palencia\/author\/carlosrm\"}]}<\/script>\n<!-- \/ Yoast SEO plugin. -->","yoast_head_json":{"title":"Espa\u00f1a pierde el estatus de pa\u00eds libre de la viruela ovina y caprina - ASAJA Palencia","description":"Desde el pasado 19 de septiembre han aparecido diecisiete focos confirmados de viruela ovina y caprina. Todos ellos se han localizado en las provincias de","robots":{"index":"index","follow":"follow","max-snippet":"max-snippet:-1","max-image-preview":"max-image-preview:large","max-video-preview":"max-video-preview:-1"},"canonical":"https:\/\/www.asajacyl.com\/palencia\/asaja-palencia-informa\/espana-pierde-el-estatus-de-pais-libre-de-la-viruela-ovina-y-caprina","og_locale":"es_ES","og_type":"article","og_title":"Espa\u00f1a pierde el estatus de pa\u00eds libre de la viruela ovina y caprina - ASAJA Palencia","og_description":"Desde el pasado 19 de septiembre han aparecido diecisiete focos confirmados de viruela ovina y caprina. Todos ellos se han localizado en las provincias de","og_url":"https:\/\/www.asajacyl.com\/palencia\/asaja-palencia-informa\/espana-pierde-el-estatus-de-pais-libre-de-la-viruela-ovina-y-caprina","og_site_name":"ASAJA Palencia","article_published_time":"2022-11-02T07:57:00+00:00","og_image":[{"width":932,"height":1325,"url":"https:\/\/www.asajacyl.com\/palencia\/wp-content\/uploads\/sites\/3\/2022\/10\/image-8.jpg","type":"image\/jpeg"}],"author":"Administrador","twitter_card":"summary_large_image","twitter_misc":{"Escrito por":"Administrador","Tiempo de lectura":"2 minutos"},"schema":{"@context":"https:\/\/schema.org","@graph":[{"@type":"WebPage","@id":"https:\/\/www.asajacyl.com\/palencia\/asaja-palencia-informa\/espana-pierde-el-estatus-de-pais-libre-de-la-viruela-ovina-y-caprina","url":"https:\/\/www.asajacyl.com\/palencia\/asaja-palencia-informa\/espana-pierde-el-estatus-de-pais-libre-de-la-viruela-ovina-y-caprina","name":"Espa\u00f1a pierde el estatus de pa\u00eds libre de la viruela ovina y caprina - ASAJA Palencia","isPartOf":{"@id":"https:\/\/www.asajacyl.com\/palencia\/#website"},"primaryImageOfPage":{"@id":"https:\/\/www.asajacyl.com\/palencia\/asaja-palencia-informa\/espana-pierde-el-estatus-de-pais-libre-de-la-viruela-ovina-y-caprina#primaryimage"},"image":{"@id":"https:\/\/www.asajacyl.com\/palencia\/asaja-palencia-informa\/espana-pierde-el-estatus-de-pais-libre-de-la-viruela-ovina-y-caprina#primaryimage"},"thumbnailUrl":"https:\/\/www.asajacyl.com\/palencia\/wp-content\/uploads\/sites\/3\/2022\/10\/image-8.jpg","datePublished":"2022-11-02T07:57:00+00:00","author":{"@id":"https:\/\/www.asajacyl.com\/palencia\/#\/schema\/person\/3ab17aeb03527485c317557fae64aab1"},"description":"Desde el pasado 19 de septiembre han aparecido diecisiete focos confirmados de viruela ovina y caprina. Todos ellos se han localizado en las provincias de","breadcrumb":{"@id":"https:\/\/www.asajacyl.com\/palencia\/asaja-palencia-informa\/espana-pierde-el-estatus-de-pais-libre-de-la-viruela-ovina-y-caprina#breadcrumb"},"inLanguage":"es","potentialAction":[{"@type":"ReadAction","target":["https:\/\/www.asajacyl.com\/palencia\/asaja-palencia-informa\/espana-pierde-el-estatus-de-pais-libre-de-la-viruela-ovina-y-caprina"]}]},{"@type":"ImageObject","inLanguage":"es","@id":"https:\/\/www.asajacyl.com\/palencia\/asaja-palencia-informa\/espana-pierde-el-estatus-de-pais-libre-de-la-viruela-ovina-y-caprina#primaryimage","url":"https:\/\/www.asajacyl.com\/palencia\/wp-content\/uploads\/sites\/3\/2022\/10\/image-8.jpg","contentUrl":"https:\/\/www.asajacyl.com\/palencia\/wp-content\/uploads\/sites\/3\/2022\/10\/image-8.jpg","width":932,"height":1325},{"@type":"BreadcrumbList","@id":"https:\/\/www.asajacyl.com\/palencia\/asaja-palencia-informa\/espana-pierde-el-estatus-de-pais-libre-de-la-viruela-ovina-y-caprina#breadcrumb","itemListElement":[{"@type":"ListItem","position":1,"name":"Portada","item":"https:\/\/www.asajacyl.com\/palencia\/"},{"@type":"ListItem","position":2,"name":"Espa\u00f1a pierde el estatus de pa\u00eds libre de la viruela ovina y caprina"}]},{"@type":"WebSite","@id":"https:\/\/www.asajacyl.com\/palencia\/#website","url":"https:\/\/www.asajacyl.com\/palencia\/","name":"ASAJA Palencia","description":"Otro sitio m\u00e1s de Provincias ASAJA Castilla y Le\u00f3n","potentialAction":[{"@type":"SearchAction","target":{"@type":"EntryPoint","urlTemplate":"https:\/\/www.asajacyl.com\/palencia\/?s={search_term_string}"},"query-input":{"@type":"PropertyValueSpecification","valueRequired":true,"valueName":"search_term_string"}}],"inLanguage":"es"},{"@type":"Person","@id":"https:\/\/www.asajacyl.com\/palencia\/#\/schema\/person\/3ab17aeb03527485c317557fae64aab1","name":"Administrador","image":{"@type":"ImageObject","inLanguage":"es","@id":"https:\/\/www.asajacyl.com\/palencia\/#\/schema\/person\/image\/","url":"https:\/\/secure.gravatar.com\/avatar\/517384810d242ca9e38c180f3c9fb973?s=96&d=mm&r=g","contentUrl":"https:\/\/secure.gravatar.com\/avatar\/517384810d242ca9e38c180f3c9fb973?s=96&d=mm&r=g","caption":"Administrador"},"url":"https:\/\/www.asajacyl.com\/palencia\/author\/carlosrm"}]}},"_links":{"self":[{"href":"https:\/\/www.asajacyl.com\/palencia\/wp-json\/wp\/v2\/posts\/11659"}],"collection":[{"href":"https:\/\/www.asajacyl.com\/palencia\/wp-json\/wp\/v2\/posts"}],"about":[{"href":"https:\/\/www.asajacyl.com\/palencia\/wp-json\/wp\/v2\/types\/post"}],"author":[{"embeddable":true,"href":"https:\/\/www.asajacyl.com\/palencia\/wp-json\/wp\/v2\/users\/9"}],"replies":[{"embeddable":true,"href":"https:\/\/www.asajacyl.com\/palencia\/wp-json\/wp\/v2\/comments?post=11659"}],"version-history":[{"count":1,"href":"https:\/\/www.asajacyl.com\/palencia\/wp-json\/wp\/v2\/posts\/11659\/revisions"}],"predecessor-version":[{"id":11661,"href":"https:\/\/www.asajacyl.com\/palencia\/wp-json\/wp\/v2\/posts\/11659\/revisions\/11661"}],"wp:featuredmedia":[{"embeddable":true,"href":"https:\/\/www.asajacyl.com\/palencia\/wp-json\/wp\/v2\/media\/11660"}],"wp:attachment":[{"href":"https:\/\/www.asajacyl.com\/palencia\/wp-json\/wp\/v2\/media?parent=11659"}],"wp:term":[{"taxonomy":"category","embeddable":true,"href":"https:\/\/www.asajacyl.com\/palencia\/wp-json\/wp\/v2\/categories?post=11659"},{"taxonomy":"post_tag","embeddable":true,"href":"https:\/\/www.asajacyl.com\/palencia\/wp-json\/wp\/v2\/tags?post=11659"}],"curies":[{"name":"wp","href":"https:\/\/api.w.org\/{rel}","templated":true}]}}