{"id":11683,"date":"2022-11-03T12:27:00","date_gmt":"2022-11-03T11:27:00","guid":{"rendered":"https:\/\/www.asajacyl.com\/palencia\/?p=11683"},"modified":"2022-11-02T12:47:13","modified_gmt":"2022-11-02T11:47:13","slug":"representantes-de-la-comision-se-comprometen-a-restaurar-la-ayuda-asociada-a-las-oleaginosas","status":"publish","type":"post","link":"https:\/\/www.asajacyl.com\/palencia\/asaja-palencia-informa\/representantes-de-la-comision-se-comprometen-a-restaurar-la-ayuda-asociada-a-las-oleaginosas","title":{"rendered":"Representantes de la Comisi\u00f3n se comprometen a restaurar la ayuda asociada a las oleaginosas"},"content":{"rendered":"\n<p>Una representaci\u00f3n de ASAJA, se ha reunido la pasada semana en Bruselas, con representantes de la Comisi\u00f3n Europea, encabezados por el Director General adjunto de la Direcci\u00f3n General de Agricultura Mihail Dumitro, con el objeto de que se pueda recuperar de la ayuda a las oleaginosas -principalmente girasol y colza- como cultivos proteicos.<\/p>\n\n\n\n<p>\u00abLa supresi\u00f3n de la ayuda se debi\u00f3 estrictamente a una decisi\u00f3n pol\u00edtica tomada al m\u00e1s alto nivel, en base a un supuesto informe jur\u00eddico que nadie ha dado a conocer y que nadie nos ha querido ense\u00f1ar\u00bb, as\u00ed lo han manifestado los representantes de ASAJA.<\/p>\n\n\n\n<p>Del resultado de las reuniones celebradas, la expedici\u00f3n de ASAJA se ha mostrado muy satisfecha por el compromiso adquirido de los miembros de la Comisi\u00f3n para la recuperaci\u00f3n de la ayuda al girasol, que ser\u00eda efectiva en la pr\u00f3xima revisi\u00f3n que se haga de la PAC.<\/p>\n\n\n\n<p>El cultivo del girasol ha experimentado un gran crecimiento en la provincia de Palencia, habi\u00e9ndose superado las 59.000 hect\u00e1reas en la \u00faltima campa\u00f1a. La colza se ha incrementado tambi\u00e9n de forma importante, aunque l\u00f3gicamente a otro nivel, super\u00e1ndose las 5.600 hect\u00e1reas. Ambas cifras son r\u00e9cord hist\u00f3rico de superficie en nuestra provincia.<\/p>\n","protected":false},"excerpt":{"rendered":"<p>Una representaci\u00f3n de ASAJA, se ha reunido la pasada semana en Bruselas, con representantes de la Comisi\u00f3n Europea, encabezados por el Director General adjunto de la Direcci\u00f3n General de Agricultura Mihail Dumitro, con el objeto de que se pueda recuperar de la ayuda a las oleaginosas -principalmente girasol y colza- como cultivos proteicos. \u00abLa supresi\u00f3n [&hellip;]<\/p>\n","protected":false},"author":9,"featured_media":10411,"comment_status":"open","ping_status":"open","sticky":false,"template":"","format":"standard","meta":{"footnotes":""},"categories":[9,29,28],"tags":[],"yoast_head":"<!-- This site is optimized with the Yoast SEO plugin v24.5 - https:\/\/yoast.com\/wordpress\/plugins\/seo\/ -->\n<title>Representantes de la Comisi\u00f3n se comprometen a restaurar la ayuda asociada a las oleaginosas - ASAJA Palencia<\/title>\n<meta name=\"description\" content=\"Una representaci\u00f3n de ASAJA, se ha reunido la pasada semana en Bruselas, con representantes de la Comisi\u00f3n Europea, encabezados por el Director General\" \/>\n<meta name=\"robots\" content=\"index, follow, max-snippet:-1, max-image-preview:large, max-video-preview:-1\" \/>\n<link rel=\"canonical\" href=\"https:\/\/www.asajacyl.com\/palencia\/asaja-palencia-informa\/representantes-de-la-comision-se-comprometen-a-restaurar-la-ayuda-asociada-a-las-oleaginosas\" \/>\n<meta property=\"og:locale\" content=\"es_ES\" \/>\n<meta property=\"og:type\" content=\"article\" \/>\n<meta property=\"og:title\" content=\"Representantes de la Comisi\u00f3n se comprometen a restaurar la ayuda asociada a las oleaginosas - ASAJA Palencia\" \/>\n<meta property=\"og:description\" content=\"Una representaci\u00f3n de ASAJA, se ha reunido la pasada semana en Bruselas, con representantes de la Comisi\u00f3n Europea, encabezados por el Director General\" \/>\n<meta property=\"og:url\" content=\"https:\/\/www.asajacyl.com\/palencia\/asaja-palencia-informa\/representantes-de-la-comision-se-comprometen-a-restaurar-la-ayuda-asociada-a-las-oleaginosas\" \/>\n<meta property=\"og:site_name\" content=\"ASAJA Palencia\" \/>\n<meta property=\"article:published_time\" content=\"2022-11-03T11:27:00+00:00\" \/>\n<meta property=\"og:image\" content=\"https:\/\/www.asajacyl.com\/palencia\/wp-content\/uploads\/sites\/3\/2022\/05\/COLZA-3.jpg\" \/>\n\t<meta property=\"og:image:width\" content=\"2500\" \/>\n\t<meta property=\"og:image:height\" content=\"1875\" \/>\n\t<meta property=\"og:image:type\" content=\"image\/jpeg\" \/>\n<meta name=\"author\" content=\"Administrador\" \/>\n<meta name=\"twitter:card\" content=\"summary_large_image\" \/>\n<meta name=\"twitter:label1\" content=\"Escrito por\" \/>\n\t<meta name=\"twitter:data1\" content=\"Administrador\" \/>\n\t<meta name=\"twitter:label2\" content=\"Tiempo de lectura\" \/>\n\t<meta name=\"twitter:data2\" content=\"1 minuto\" \/>\n<script type=\"application\/ld+json\" class=\"yoast-schema-graph\">{\"@context\":\"https:\/\/schema.org\",\"@graph\":[{\"@type\":\"WebPage\",\"@id\":\"https:\/\/www.asajacyl.com\/palencia\/asaja-palencia-informa\/representantes-de-la-comision-se-comprometen-a-restaurar-la-ayuda-asociada-a-las-oleaginosas\",\"url\":\"https:\/\/www.asajacyl.com\/palencia\/asaja-palencia-informa\/representantes-de-la-comision-se-comprometen-a-restaurar-la-ayuda-asociada-a-las-oleaginosas\",\"name\":\"Representantes de la Comisi\u00f3n se comprometen a restaurar la ayuda asociada a las oleaginosas - ASAJA Palencia\",\"isPartOf\":{\"@id\":\"https:\/\/www.asajacyl.com\/palencia\/#website\"},\"primaryImageOfPage\":{\"@id\":\"https:\/\/www.asajacyl.com\/palencia\/asaja-palencia-informa\/representantes-de-la-comision-se-comprometen-a-restaurar-la-ayuda-asociada-a-las-oleaginosas#primaryimage\"},\"image\":{\"@id\":\"https:\/\/www.asajacyl.com\/palencia\/asaja-palencia-informa\/representantes-de-la-comision-se-comprometen-a-restaurar-la-ayuda-asociada-a-las-oleaginosas#primaryimage\"},\"thumbnailUrl\":\"https:\/\/www.asajacyl.com\/palencia\/wp-content\/uploads\/sites\/3\/2022\/05\/COLZA-3.jpg\",\"datePublished\":\"2022-11-03T11:27:00+00:00\",\"author\":{\"@id\":\"https:\/\/www.asajacyl.com\/palencia\/#\/schema\/person\/3ab17aeb03527485c317557fae64aab1\"},\"description\":\"Una representaci\u00f3n de ASAJA, se ha reunido la pasada semana en Bruselas, con representantes de la Comisi\u00f3n Europea, encabezados por el Director General\",\"breadcrumb\":{\"@id\":\"https:\/\/www.asajacyl.com\/palencia\/asaja-palencia-informa\/representantes-de-la-comision-se-comprometen-a-restaurar-la-ayuda-asociada-a-las-oleaginosas#breadcrumb\"},\"inLanguage\":\"es\",\"potentialAction\":[{\"@type\":\"ReadAction\",\"target\":[\"https:\/\/www.asajacyl.com\/palencia\/asaja-palencia-informa\/representantes-de-la-comision-se-comprometen-a-restaurar-la-ayuda-asociada-a-las-oleaginosas\"]}]},{\"@type\":\"ImageObject\",\"inLanguage\":\"es\",\"@id\":\"https:\/\/www.asajacyl.com\/palencia\/asaja-palencia-informa\/representantes-de-la-comision-se-comprometen-a-restaurar-la-ayuda-asociada-a-las-oleaginosas#primaryimage\",\"url\":\"https:\/\/www.asajacyl.com\/palencia\/wp-content\/uploads\/sites\/3\/2022\/05\/COLZA-3.jpg\",\"contentUrl\":\"https:\/\/www.asajacyl.com\/palencia\/wp-content\/uploads\/sites\/3\/2022\/05\/COLZA-3.jpg\",\"width\":2500,\"height\":1875},{\"@type\":\"BreadcrumbList\",\"@id\":\"https:\/\/www.asajacyl.com\/palencia\/asaja-palencia-informa\/representantes-de-la-comision-se-comprometen-a-restaurar-la-ayuda-asociada-a-las-oleaginosas#breadcrumb\",\"itemListElement\":[{\"@type\":\"ListItem\",\"position\":1,\"name\":\"Portada\",\"item\":\"https:\/\/www.asajacyl.com\/palencia\/\"},{\"@type\":\"ListItem\",\"position\":2,\"name\":\"Representantes de la Comisi\u00f3n se comprometen a restaurar la ayuda asociada a las oleaginosas\"}]},{\"@type\":\"WebSite\",\"@id\":\"https:\/\/www.asajacyl.com\/palencia\/#website\",\"url\":\"https:\/\/www.asajacyl.com\/palencia\/\",\"name\":\"ASAJA Palencia\",\"description\":\"Otro sitio m\u00e1s de Provincias ASAJA Castilla y Le\u00f3n\",\"potentialAction\":[{\"@type\":\"SearchAction\",\"target\":{\"@type\":\"EntryPoint\",\"urlTemplate\":\"https:\/\/www.asajacyl.com\/palencia\/?s={search_term_string}\"},\"query-input\":{\"@type\":\"PropertyValueSpecification\",\"valueRequired\":true,\"valueName\":\"search_term_string\"}}],\"inLanguage\":\"es\"},{\"@type\":\"Person\",\"@id\":\"https:\/\/www.asajacyl.com\/palencia\/#\/schema\/person\/3ab17aeb03527485c317557fae64aab1\",\"name\":\"Administrador\",\"image\":{\"@type\":\"ImageObject\",\"inLanguage\":\"es\",\"@id\":\"https:\/\/www.asajacyl.com\/palencia\/#\/schema\/person\/image\/\",\"url\":\"https:\/\/secure.gravatar.com\/avatar\/517384810d242ca9e38c180f3c9fb973?s=96&d=mm&r=g\",\"contentUrl\":\"https:\/\/secure.gravatar.com\/avatar\/517384810d242ca9e38c180f3c9fb973?s=96&d=mm&r=g\",\"caption\":\"Administrador\"},\"url\":\"https:\/\/www.asajacyl.com\/palencia\/author\/carlosrm\"}]}<\/script>\n<!-- \/ Yoast SEO plugin. -->","yoast_head_json":{"title":"Representantes de la Comisi\u00f3n se comprometen a restaurar la ayuda asociada a las oleaginosas - ASAJA Palencia","description":"Una representaci\u00f3n de ASAJA, se ha reunido la pasada semana en Bruselas, con representantes de la Comisi\u00f3n Europea, encabezados por el Director General","robots":{"index":"index","follow":"follow","max-snippet":"max-snippet:-1","max-image-preview":"max-image-preview:large","max-video-preview":"max-video-preview:-1"},"canonical":"https:\/\/www.asajacyl.com\/palencia\/asaja-palencia-informa\/representantes-de-la-comision-se-comprometen-a-restaurar-la-ayuda-asociada-a-las-oleaginosas","og_locale":"es_ES","og_type":"article","og_title":"Representantes de la Comisi\u00f3n se comprometen a restaurar la ayuda asociada a las oleaginosas - ASAJA Palencia","og_description":"Una representaci\u00f3n de ASAJA, se ha reunido la pasada semana en Bruselas, con representantes de la Comisi\u00f3n Europea, encabezados por el Director General","og_url":"https:\/\/www.asajacyl.com\/palencia\/asaja-palencia-informa\/representantes-de-la-comision-se-comprometen-a-restaurar-la-ayuda-asociada-a-las-oleaginosas","og_site_name":"ASAJA Palencia","article_published_time":"2022-11-03T11:27:00+00:00","og_image":[{"width":2500,"height":1875,"url":"https:\/\/www.asajacyl.com\/palencia\/wp-content\/uploads\/sites\/3\/2022\/05\/COLZA-3.jpg","type":"image\/jpeg"}],"author":"Administrador","twitter_card":"summary_large_image","twitter_misc":{"Escrito por":"Administrador","Tiempo de lectura":"1 minuto"},"schema":{"@context":"https:\/\/schema.org","@graph":[{"@type":"WebPage","@id":"https:\/\/www.asajacyl.com\/palencia\/asaja-palencia-informa\/representantes-de-la-comision-se-comprometen-a-restaurar-la-ayuda-asociada-a-las-oleaginosas","url":"https:\/\/www.asajacyl.com\/palencia\/asaja-palencia-informa\/representantes-de-la-comision-se-comprometen-a-restaurar-la-ayuda-asociada-a-las-oleaginosas","name":"Representantes de la Comisi\u00f3n se comprometen a restaurar la ayuda asociada a las oleaginosas - ASAJA Palencia","isPartOf":{"@id":"https:\/\/www.asajacyl.com\/palencia\/#website"},"primaryImageOfPage":{"@id":"https:\/\/www.asajacyl.com\/palencia\/asaja-palencia-informa\/representantes-de-la-comision-se-comprometen-a-restaurar-la-ayuda-asociada-a-las-oleaginosas#primaryimage"},"image":{"@id":"https:\/\/www.asajacyl.com\/palencia\/asaja-palencia-informa\/representantes-de-la-comision-se-comprometen-a-restaurar-la-ayuda-asociada-a-las-oleaginosas#primaryimage"},"thumbnailUrl":"https:\/\/www.asajacyl.com\/palencia\/wp-content\/uploads\/sites\/3\/2022\/05\/COLZA-3.jpg","datePublished":"2022-11-03T11:27:00+00:00","author":{"@id":"https:\/\/www.asajacyl.com\/palencia\/#\/schema\/person\/3ab17aeb03527485c317557fae64aab1"},"description":"Una representaci\u00f3n de ASAJA, se ha reunido la pasada semana en Bruselas, con representantes de la Comisi\u00f3n Europea, encabezados por el Director General","breadcrumb":{"@id":"https:\/\/www.asajacyl.com\/palencia\/asaja-palencia-informa\/representantes-de-la-comision-se-comprometen-a-restaurar-la-ayuda-asociada-a-las-oleaginosas#breadcrumb"},"inLanguage":"es","potentialAction":[{"@type":"ReadAction","target":["https:\/\/www.asajacyl.com\/palencia\/asaja-palencia-informa\/representantes-de-la-comision-se-comprometen-a-restaurar-la-ayuda-asociada-a-las-oleaginosas"]}]},{"@type":"ImageObject","inLanguage":"es","@id":"https:\/\/www.asajacyl.com\/palencia\/asaja-palencia-informa\/representantes-de-la-comision-se-comprometen-a-restaurar-la-ayuda-asociada-a-las-oleaginosas#primaryimage","url":"https:\/\/www.asajacyl.com\/palencia\/wp-content\/uploads\/sites\/3\/2022\/05\/COLZA-3.jpg","contentUrl":"https:\/\/www.asajacyl.com\/palencia\/wp-content\/uploads\/sites\/3\/2022\/05\/COLZA-3.jpg","width":2500,"height":1875},{"@type":"BreadcrumbList","@id":"https:\/\/www.asajacyl.com\/palencia\/asaja-palencia-informa\/representantes-de-la-comision-se-comprometen-a-restaurar-la-ayuda-asociada-a-las-oleaginosas#breadcrumb","itemListElement":[{"@type":"ListItem","position":1,"name":"Portada","item":"https:\/\/www.asajacyl.com\/palencia\/"},{"@type":"ListItem","position":2,"name":"Representantes de la Comisi\u00f3n se comprometen a restaurar la ayuda asociada a las oleaginosas"}]},{"@type":"WebSite","@id":"https:\/\/www.asajacyl.com\/palencia\/#website","url":"https:\/\/www.asajacyl.com\/palencia\/","name":"ASAJA Palencia","description":"Otro sitio m\u00e1s de Provincias ASAJA Castilla y Le\u00f3n","potentialAction":[{"@type":"SearchAction","target":{"@type":"EntryPoint","urlTemplate":"https:\/\/www.asajacyl.com\/palencia\/?s={search_term_string}"},"query-input":{"@type":"PropertyValueSpecification","valueRequired":true,"valueName":"search_term_string"}}],"inLanguage":"es"},{"@type":"Person","@id":"https:\/\/www.asajacyl.com\/palencia\/#\/schema\/person\/3ab17aeb03527485c317557fae64aab1","name":"Administrador","image":{"@type":"ImageObject","inLanguage":"es","@id":"https:\/\/www.asajacyl.com\/palencia\/#\/schema\/person\/image\/","url":"https:\/\/secure.gravatar.com\/avatar\/517384810d242ca9e38c180f3c9fb973?s=96&d=mm&r=g","contentUrl":"https:\/\/secure.gravatar.com\/avatar\/517384810d242ca9e38c180f3c9fb973?s=96&d=mm&r=g","caption":"Administrador"},"url":"https:\/\/www.asajacyl.com\/palencia\/author\/carlosrm"}]}},"_links":{"self":[{"href":"https:\/\/www.asajacyl.com\/palencia\/wp-json\/wp\/v2\/posts\/11683"}],"collection":[{"href":"https:\/\/www.asajacyl.com\/palencia\/wp-json\/wp\/v2\/posts"}],"about":[{"href":"https:\/\/www.asajacyl.com\/palencia\/wp-json\/wp\/v2\/types\/post"}],"author":[{"embeddable":true,"href":"https:\/\/www.asajacyl.com\/palencia\/wp-json\/wp\/v2\/users\/9"}],"replies":[{"embeddable":true,"href":"https:\/\/www.asajacyl.com\/palencia\/wp-json\/wp\/v2\/comments?post=11683"}],"version-history":[{"count":1,"href":"https:\/\/www.asajacyl.com\/palencia\/wp-json\/wp\/v2\/posts\/11683\/revisions"}],"predecessor-version":[{"id":11684,"href":"https:\/\/www.asajacyl.com\/palencia\/wp-json\/wp\/v2\/posts\/11683\/revisions\/11684"}],"wp:featuredmedia":[{"embeddable":true,"href":"https:\/\/www.asajacyl.com\/palencia\/wp-json\/wp\/v2\/media\/10411"}],"wp:attachment":[{"href":"https:\/\/www.asajacyl.com\/palencia\/wp-json\/wp\/v2\/media?parent=11683"}],"wp:term":[{"taxonomy":"category","embeddable":true,"href":"https:\/\/www.asajacyl.com\/palencia\/wp-json\/wp\/v2\/categories?post=11683"},{"taxonomy":"post_tag","embeddable":true,"href":"https:\/\/www.asajacyl.com\/palencia\/wp-json\/wp\/v2\/tags?post=11683"}],"curies":[{"name":"wp","href":"https:\/\/api.w.org\/{rel}","templated":true}]}}