{"id":11707,"date":"2022-11-08T13:08:00","date_gmt":"2022-11-08T12:08:00","guid":{"rendered":"https:\/\/www.asajacyl.com\/palencia\/?p=11707"},"modified":"2022-11-04T13:27:02","modified_gmt":"2022-11-04T12:27:02","slug":"publicados-los-valores-medios-regionales-definitivos-para-la-pac-2022","status":"publish","type":"post","link":"https:\/\/www.asajacyl.com\/palencia\/asaja-palencia-informa\/publicados-los-valores-medios-regionales-definitivos-para-la-pac-2022","title":{"rendered":"Publicados los valores medios regionales definitivos para la PAC 2022"},"content":{"rendered":"\n<p>El MAPA ha dado a conocer los valores medios regionales definitivos que caracterizan a cada una de las regiones del modelo de aplicaci\u00f3n regional para el r\u00e9gimen de pago b\u00e1sico, en relaci\u00f3n con la PAC tramitada en este a\u00f1o 2022.<\/p>\n\n\n\n<p>Este importe es la referencia tomada para incrementar los derechos de pago b\u00e1sico de que est\u00e1n por debajo de un porcentaje sobre dicho valor regional a costa de aquellos derechos que se encuentran por encima. Esta pr\u00e1ctica ha sido repetidamente denunciada por ASAJA ya que ha hecho mucho da\u00f1o al sector de la provincia.<\/p>\n\n\n\n<p>Los valores medios regionales para este a\u00f1o ser\u00e1n los siguientes:<\/p>\n\n\n\n<figure class=\"wp-block-table aligncenter is-style-stripes\"><table><tbody><tr><td class=\"has-text-align-center\" data-align=\"center\"><strong>GRUPO DE CULTIVO<\/strong><\/td><td class=\"has-text-align-center\" data-align=\"center\"><strong>COMARCA<\/strong><\/td><td class=\"has-text-align-center\" data-align=\"center\"><strong>REGI\u00d3N<\/strong><\/td><td class=\"has-text-align-center\" data-align=\"center\"><strong>VALOR MEDIO REGIONAL (\u20ac\/DPB)<\/strong><\/td><\/tr><tr><td class=\"has-text-align-center\" data-align=\"center\">Secano<\/td><td class=\"has-text-align-center\" data-align=\"center\">Guardo<\/td><td class=\"has-text-align-center\" data-align=\"center\">0301<\/td><td class=\"has-text-align-center\" data-align=\"center\">81,76<\/td><\/tr><tr><td class=\"has-text-align-center\" data-align=\"center\">Secano<\/td><td class=\"has-text-align-center\" data-align=\"center\">Resto<\/td><td class=\"has-text-align-center\" data-align=\"center\">0401<\/td><td class=\"has-text-align-center\" data-align=\"center\">89,92<\/td><\/tr><tr><td class=\"has-text-align-center\" data-align=\"center\">Secano<\/td><td class=\"has-text-align-center\" data-align=\"center\">El Cerrato<\/td><td class=\"has-text-align-center\" data-align=\"center\">0501<\/td><td class=\"has-text-align-center\" data-align=\"center\">105,07<\/td><\/tr><tr><td class=\"has-text-align-center\" data-align=\"center\">Regad\u00edo<\/td><td class=\"has-text-align-center\" data-align=\"center\">Guardo\/Cervera\/Aguilar<\/td><td class=\"has-text-align-center\" data-align=\"center\">0601<\/td><td class=\"has-text-align-center\" data-align=\"center\">125,74<\/td><\/tr><tr><td class=\"has-text-align-center\" data-align=\"center\">Regad\u00edo<\/td><td class=\"has-text-align-center\" data-align=\"center\">El Cerrato\/Campos\/Boedo-Ojeda<\/td><td class=\"has-text-align-center\" data-align=\"center\">1201<\/td><td class=\"has-text-align-center\" data-align=\"center\">220,35<\/td><\/tr><tr><td class=\"has-text-align-center\" data-align=\"center\">Regad\u00edo<\/td><td class=\"has-text-align-center\" data-align=\"center\">Salda\u00f1a-Valdavia<\/td><td class=\"has-text-align-center\" data-align=\"center\">1601<\/td><td class=\"has-text-align-center\" data-align=\"center\">272,32<\/td><\/tr><tr><td class=\"has-text-align-center\" data-align=\"center\">Pastos<\/td><td class=\"has-text-align-center\" data-align=\"center\">Todas<\/td><td class=\"has-text-align-center\" data-align=\"center\">0203<\/td><td class=\"has-text-align-center\" data-align=\"center\">80,66<\/td><\/tr><\/tbody><\/table><\/figure>\n","protected":false},"excerpt":{"rendered":"<p>El MAPA ha dado a conocer los valores medios regionales definitivos que caracterizan a cada una de las regiones del modelo de aplicaci\u00f3n regional para el r\u00e9gimen de pago b\u00e1sico, en relaci\u00f3n con la PAC tramitada en este a\u00f1o 2022. Este importe es la referencia tomada para incrementar los derechos de pago b\u00e1sico de que [&hellip;]<\/p>\n","protected":false},"author":9,"featured_media":11708,"comment_status":"open","ping_status":"open","sticky":false,"template":"","format":"standard","meta":{"footnotes":""},"categories":[9,29,28],"tags":[],"yoast_head":"<!-- This site is optimized with the Yoast SEO plugin v24.5 - https:\/\/yoast.com\/wordpress\/plugins\/seo\/ -->\n<title>Publicados los valores medios regionales definitivos para la PAC 2022 - ASAJA Palencia<\/title>\n<meta name=\"description\" content=\"El MAPA ha dado a conocer los valores medios regionales definitivos que caracterizan a cada una de las regiones del modelo de aplicaci\u00f3n regional para el\" \/>\n<meta name=\"robots\" content=\"index, follow, max-snippet:-1, max-image-preview:large, max-video-preview:-1\" \/>\n<link rel=\"canonical\" href=\"https:\/\/www.asajacyl.com\/palencia\/asaja-palencia-informa\/publicados-los-valores-medios-regionales-definitivos-para-la-pac-2022\" \/>\n<meta property=\"og:locale\" content=\"es_ES\" \/>\n<meta property=\"og:type\" content=\"article\" \/>\n<meta property=\"og:title\" content=\"Publicados los valores medios regionales definitivos para la PAC 2022 - ASAJA Palencia\" \/>\n<meta property=\"og:description\" content=\"El MAPA ha dado a conocer los valores medios regionales definitivos que caracterizan a cada una de las regiones del modelo de aplicaci\u00f3n regional para el\" \/>\n<meta property=\"og:url\" content=\"https:\/\/www.asajacyl.com\/palencia\/asaja-palencia-informa\/publicados-los-valores-medios-regionales-definitivos-para-la-pac-2022\" \/>\n<meta property=\"og:site_name\" content=\"ASAJA Palencia\" \/>\n<meta property=\"article:published_time\" content=\"2022-11-08T12:08:00+00:00\" \/>\n<meta property=\"og:image\" content=\"https:\/\/www.asajacyl.com\/palencia\/wp-content\/uploads\/sites\/3\/2022\/11\/TRIGO.jpg\" \/>\n\t<meta property=\"og:image:width\" content=\"2500\" \/>\n\t<meta property=\"og:image:height\" content=\"1875\" \/>\n\t<meta property=\"og:image:type\" content=\"image\/jpeg\" \/>\n<meta name=\"author\" content=\"Administrador\" \/>\n<meta name=\"twitter:card\" content=\"summary_large_image\" \/>\n<meta name=\"twitter:label1\" content=\"Escrito por\" \/>\n\t<meta name=\"twitter:data1\" content=\"Administrador\" \/>\n\t<meta name=\"twitter:label2\" content=\"Tiempo de lectura\" \/>\n\t<meta name=\"twitter:data2\" content=\"1 minuto\" \/>\n<script type=\"application\/ld+json\" class=\"yoast-schema-graph\">{\"@context\":\"https:\/\/schema.org\",\"@graph\":[{\"@type\":\"WebPage\",\"@id\":\"https:\/\/www.asajacyl.com\/palencia\/asaja-palencia-informa\/publicados-los-valores-medios-regionales-definitivos-para-la-pac-2022\",\"url\":\"https:\/\/www.asajacyl.com\/palencia\/asaja-palencia-informa\/publicados-los-valores-medios-regionales-definitivos-para-la-pac-2022\",\"name\":\"Publicados los valores medios regionales definitivos para la PAC 2022 - ASAJA Palencia\",\"isPartOf\":{\"@id\":\"https:\/\/www.asajacyl.com\/palencia\/#website\"},\"primaryImageOfPage\":{\"@id\":\"https:\/\/www.asajacyl.com\/palencia\/asaja-palencia-informa\/publicados-los-valores-medios-regionales-definitivos-para-la-pac-2022#primaryimage\"},\"image\":{\"@id\":\"https:\/\/www.asajacyl.com\/palencia\/asaja-palencia-informa\/publicados-los-valores-medios-regionales-definitivos-para-la-pac-2022#primaryimage\"},\"thumbnailUrl\":\"https:\/\/www.asajacyl.com\/palencia\/wp-content\/uploads\/sites\/3\/2022\/11\/TRIGO.jpg\",\"datePublished\":\"2022-11-08T12:08:00+00:00\",\"author\":{\"@id\":\"https:\/\/www.asajacyl.com\/palencia\/#\/schema\/person\/3ab17aeb03527485c317557fae64aab1\"},\"description\":\"El MAPA ha dado a conocer los valores medios regionales definitivos que caracterizan a cada una de las regiones del modelo de aplicaci\u00f3n regional para el\",\"breadcrumb\":{\"@id\":\"https:\/\/www.asajacyl.com\/palencia\/asaja-palencia-informa\/publicados-los-valores-medios-regionales-definitivos-para-la-pac-2022#breadcrumb\"},\"inLanguage\":\"es\",\"potentialAction\":[{\"@type\":\"ReadAction\",\"target\":[\"https:\/\/www.asajacyl.com\/palencia\/asaja-palencia-informa\/publicados-los-valores-medios-regionales-definitivos-para-la-pac-2022\"]}]},{\"@type\":\"ImageObject\",\"inLanguage\":\"es\",\"@id\":\"https:\/\/www.asajacyl.com\/palencia\/asaja-palencia-informa\/publicados-los-valores-medios-regionales-definitivos-para-la-pac-2022#primaryimage\",\"url\":\"https:\/\/www.asajacyl.com\/palencia\/wp-content\/uploads\/sites\/3\/2022\/11\/TRIGO.jpg\",\"contentUrl\":\"https:\/\/www.asajacyl.com\/palencia\/wp-content\/uploads\/sites\/3\/2022\/11\/TRIGO.jpg\",\"width\":2500,\"height\":1875},{\"@type\":\"BreadcrumbList\",\"@id\":\"https:\/\/www.asajacyl.com\/palencia\/asaja-palencia-informa\/publicados-los-valores-medios-regionales-definitivos-para-la-pac-2022#breadcrumb\",\"itemListElement\":[{\"@type\":\"ListItem\",\"position\":1,\"name\":\"Portada\",\"item\":\"https:\/\/www.asajacyl.com\/palencia\/\"},{\"@type\":\"ListItem\",\"position\":2,\"name\":\"Publicados los valores medios regionales definitivos para la PAC 2022\"}]},{\"@type\":\"WebSite\",\"@id\":\"https:\/\/www.asajacyl.com\/palencia\/#website\",\"url\":\"https:\/\/www.asajacyl.com\/palencia\/\",\"name\":\"ASAJA Palencia\",\"description\":\"Otro sitio m\u00e1s de Provincias ASAJA Castilla y Le\u00f3n\",\"potentialAction\":[{\"@type\":\"SearchAction\",\"target\":{\"@type\":\"EntryPoint\",\"urlTemplate\":\"https:\/\/www.asajacyl.com\/palencia\/?s={search_term_string}\"},\"query-input\":{\"@type\":\"PropertyValueSpecification\",\"valueRequired\":true,\"valueName\":\"search_term_string\"}}],\"inLanguage\":\"es\"},{\"@type\":\"Person\",\"@id\":\"https:\/\/www.asajacyl.com\/palencia\/#\/schema\/person\/3ab17aeb03527485c317557fae64aab1\",\"name\":\"Administrador\",\"image\":{\"@type\":\"ImageObject\",\"inLanguage\":\"es\",\"@id\":\"https:\/\/www.asajacyl.com\/palencia\/#\/schema\/person\/image\/\",\"url\":\"https:\/\/secure.gravatar.com\/avatar\/517384810d242ca9e38c180f3c9fb973?s=96&d=mm&r=g\",\"contentUrl\":\"https:\/\/secure.gravatar.com\/avatar\/517384810d242ca9e38c180f3c9fb973?s=96&d=mm&r=g\",\"caption\":\"Administrador\"},\"url\":\"https:\/\/www.asajacyl.com\/palencia\/author\/carlosrm\"}]}<\/script>\n<!-- \/ Yoast SEO plugin. -->","yoast_head_json":{"title":"Publicados los valores medios regionales definitivos para la PAC 2022 - ASAJA Palencia","description":"El MAPA ha dado a conocer los valores medios regionales definitivos que caracterizan a cada una de las regiones del modelo de aplicaci\u00f3n regional para el","robots":{"index":"index","follow":"follow","max-snippet":"max-snippet:-1","max-image-preview":"max-image-preview:large","max-video-preview":"max-video-preview:-1"},"canonical":"https:\/\/www.asajacyl.com\/palencia\/asaja-palencia-informa\/publicados-los-valores-medios-regionales-definitivos-para-la-pac-2022","og_locale":"es_ES","og_type":"article","og_title":"Publicados los valores medios regionales definitivos para la PAC 2022 - ASAJA Palencia","og_description":"El MAPA ha dado a conocer los valores medios regionales definitivos que caracterizan a cada una de las regiones del modelo de aplicaci\u00f3n regional para el","og_url":"https:\/\/www.asajacyl.com\/palencia\/asaja-palencia-informa\/publicados-los-valores-medios-regionales-definitivos-para-la-pac-2022","og_site_name":"ASAJA Palencia","article_published_time":"2022-11-08T12:08:00+00:00","og_image":[{"width":2500,"height":1875,"url":"https:\/\/www.asajacyl.com\/palencia\/wp-content\/uploads\/sites\/3\/2022\/11\/TRIGO.jpg","type":"image\/jpeg"}],"author":"Administrador","twitter_card":"summary_large_image","twitter_misc":{"Escrito por":"Administrador","Tiempo de lectura":"1 minuto"},"schema":{"@context":"https:\/\/schema.org","@graph":[{"@type":"WebPage","@id":"https:\/\/www.asajacyl.com\/palencia\/asaja-palencia-informa\/publicados-los-valores-medios-regionales-definitivos-para-la-pac-2022","url":"https:\/\/www.asajacyl.com\/palencia\/asaja-palencia-informa\/publicados-los-valores-medios-regionales-definitivos-para-la-pac-2022","name":"Publicados los valores medios regionales definitivos para la PAC 2022 - ASAJA Palencia","isPartOf":{"@id":"https:\/\/www.asajacyl.com\/palencia\/#website"},"primaryImageOfPage":{"@id":"https:\/\/www.asajacyl.com\/palencia\/asaja-palencia-informa\/publicados-los-valores-medios-regionales-definitivos-para-la-pac-2022#primaryimage"},"image":{"@id":"https:\/\/www.asajacyl.com\/palencia\/asaja-palencia-informa\/publicados-los-valores-medios-regionales-definitivos-para-la-pac-2022#primaryimage"},"thumbnailUrl":"https:\/\/www.asajacyl.com\/palencia\/wp-content\/uploads\/sites\/3\/2022\/11\/TRIGO.jpg","datePublished":"2022-11-08T12:08:00+00:00","author":{"@id":"https:\/\/www.asajacyl.com\/palencia\/#\/schema\/person\/3ab17aeb03527485c317557fae64aab1"},"description":"El MAPA ha dado a conocer los valores medios regionales definitivos que caracterizan a cada una de las regiones del modelo de aplicaci\u00f3n regional para el","breadcrumb":{"@id":"https:\/\/www.asajacyl.com\/palencia\/asaja-palencia-informa\/publicados-los-valores-medios-regionales-definitivos-para-la-pac-2022#breadcrumb"},"inLanguage":"es","potentialAction":[{"@type":"ReadAction","target":["https:\/\/www.asajacyl.com\/palencia\/asaja-palencia-informa\/publicados-los-valores-medios-regionales-definitivos-para-la-pac-2022"]}]},{"@type":"ImageObject","inLanguage":"es","@id":"https:\/\/www.asajacyl.com\/palencia\/asaja-palencia-informa\/publicados-los-valores-medios-regionales-definitivos-para-la-pac-2022#primaryimage","url":"https:\/\/www.asajacyl.com\/palencia\/wp-content\/uploads\/sites\/3\/2022\/11\/TRIGO.jpg","contentUrl":"https:\/\/www.asajacyl.com\/palencia\/wp-content\/uploads\/sites\/3\/2022\/11\/TRIGO.jpg","width":2500,"height":1875},{"@type":"BreadcrumbList","@id":"https:\/\/www.asajacyl.com\/palencia\/asaja-palencia-informa\/publicados-los-valores-medios-regionales-definitivos-para-la-pac-2022#breadcrumb","itemListElement":[{"@type":"ListItem","position":1,"name":"Portada","item":"https:\/\/www.asajacyl.com\/palencia\/"},{"@type":"ListItem","position":2,"name":"Publicados los valores medios regionales definitivos para la PAC 2022"}]},{"@type":"WebSite","@id":"https:\/\/www.asajacyl.com\/palencia\/#website","url":"https:\/\/www.asajacyl.com\/palencia\/","name":"ASAJA Palencia","description":"Otro sitio m\u00e1s de Provincias ASAJA Castilla y Le\u00f3n","potentialAction":[{"@type":"SearchAction","target":{"@type":"EntryPoint","urlTemplate":"https:\/\/www.asajacyl.com\/palencia\/?s={search_term_string}"},"query-input":{"@type":"PropertyValueSpecification","valueRequired":true,"valueName":"search_term_string"}}],"inLanguage":"es"},{"@type":"Person","@id":"https:\/\/www.asajacyl.com\/palencia\/#\/schema\/person\/3ab17aeb03527485c317557fae64aab1","name":"Administrador","image":{"@type":"ImageObject","inLanguage":"es","@id":"https:\/\/www.asajacyl.com\/palencia\/#\/schema\/person\/image\/","url":"https:\/\/secure.gravatar.com\/avatar\/517384810d242ca9e38c180f3c9fb973?s=96&d=mm&r=g","contentUrl":"https:\/\/secure.gravatar.com\/avatar\/517384810d242ca9e38c180f3c9fb973?s=96&d=mm&r=g","caption":"Administrador"},"url":"https:\/\/www.asajacyl.com\/palencia\/author\/carlosrm"}]}},"_links":{"self":[{"href":"https:\/\/www.asajacyl.com\/palencia\/wp-json\/wp\/v2\/posts\/11707"}],"collection":[{"href":"https:\/\/www.asajacyl.com\/palencia\/wp-json\/wp\/v2\/posts"}],"about":[{"href":"https:\/\/www.asajacyl.com\/palencia\/wp-json\/wp\/v2\/types\/post"}],"author":[{"embeddable":true,"href":"https:\/\/www.asajacyl.com\/palencia\/wp-json\/wp\/v2\/users\/9"}],"replies":[{"embeddable":true,"href":"https:\/\/www.asajacyl.com\/palencia\/wp-json\/wp\/v2\/comments?post=11707"}],"version-history":[{"count":1,"href":"https:\/\/www.asajacyl.com\/palencia\/wp-json\/wp\/v2\/posts\/11707\/revisions"}],"predecessor-version":[{"id":11715,"href":"https:\/\/www.asajacyl.com\/palencia\/wp-json\/wp\/v2\/posts\/11707\/revisions\/11715"}],"wp:featuredmedia":[{"embeddable":true,"href":"https:\/\/www.asajacyl.com\/palencia\/wp-json\/wp\/v2\/media\/11708"}],"wp:attachment":[{"href":"https:\/\/www.asajacyl.com\/palencia\/wp-json\/wp\/v2\/media?parent=11707"}],"wp:term":[{"taxonomy":"category","embeddable":true,"href":"https:\/\/www.asajacyl.com\/palencia\/wp-json\/wp\/v2\/categories?post=11707"},{"taxonomy":"post_tag","embeddable":true,"href":"https:\/\/www.asajacyl.com\/palencia\/wp-json\/wp\/v2\/tags?post=11707"}],"curies":[{"name":"wp","href":"https:\/\/api.w.org\/{rel}","templated":true}]}}