{"id":11726,"date":"2022-11-10T07:47:00","date_gmt":"2022-11-10T06:47:00","guid":{"rendered":"https:\/\/www.asajacyl.com\/palencia\/?p=11726"},"modified":"2022-11-08T07:51:47","modified_gmt":"2022-11-08T06:51:47","slug":"la-comision-de-agricultura-y-desarrollo-rural-aprueba-un-importante-informe-sobre-la-vision-a-largo-plazo-para-las-zonas-rurales-de-la-ue","status":"publish","type":"post","link":"https:\/\/www.asajacyl.com\/palencia\/asaja-palencia-informa\/la-comision-de-agricultura-y-desarrollo-rural-aprueba-un-importante-informe-sobre-la-vision-a-largo-plazo-para-las-zonas-rurales-de-la-ue","title":{"rendered":"La Comisi\u00f3n de Agricultura y Desarrollo Rural aprueba un importante informe sobre la visi\u00f3n a largo plazo para las zonas rurales de la UE"},"content":{"rendered":"\n<p>El Copa y la Cogeca aplauden el informe de propia iniciativa sobre la \u00abvisi\u00f3n a largo plazo para las zonas rurales de la UE: hacia unas zonas rurales m\u00e1s fuertes, conectadas, resilientes y pr\u00f3speras\u00bb\u037e un informe de la ponente Isabel Carvalhais que ha sido aprobado en la Comisi\u00f3n de Agricultura y Desarrollo Rural (Comisi\u00f3n AGRI).<\/p>\n\n\n\n<p>A ra\u00edz de la publicaci\u00f3n de la Comunicaci\u00f3n de la Comisi\u00f3n Europea el a\u00f1o pasado, el informe aprobado recoge numerosos aspectos importantes para lograr que las zonas rurales de toda la Uni\u00f3n Europea sean m\u00e1s robustas, resilientes e inclusivas. En el informe se exponen con acierto los m\u00faltiples desaf\u00edos que afrontan las zonas rurales pero tambi\u00e9n se destacan las oportunidades existentes en estas regiones.<\/p>\n\n\n\n<p>Si bien el informe no se centra expl\u00edcitamente en la agricultura, el Copa y la Cogeca ven con buenos ojos que incluya un cap\u00edtulo dedicado espec\u00edficamente a la funci\u00f3n central de la agricultura en el medio rural. Es fundamental recalcar la importancia de las zonas rurales a la hora de garantizar la seguridad alimentaria, especialmente en estos tiempos de crisis, de asegurar la eficiencia energ\u00e9tica, mitigar el cambio clim\u00e1tico y atraer innovaci\u00f3n a trav\u00e9s de los sectores agr\u00edcola y forestal. En particular, recibimos con agrado que se reconozca la labor esencial que desempe\u00f1an las cooperativas agr\u00edcolas y forestales en lo que respecta a la sostenibilidad econ\u00f3mica, ambiental y social de las zonas rurales, y a la econom\u00eda local.<\/p>\n\n\n\n<p>En unas declaraciones al respecto, el presidente del Grupo de Trabajo \u00abDesarrollo rural\u00bb del Copa-Cogeca, el Sr. Karl Bauer, recalc\u00f3 lo siguiente: \u00abPara lograr los objetivos estipulados en el informe en las zonas rurales, se necesitan pol\u00edticas congruentes, coherencia entre las ambiciones y los medios, un sistema de incentivos robusto y un planteamiento que huya de las soluciones \u00abde talla \u00fanica\u00bb, puesto que estas regiones son muy diversas. Tal y como se reivindica en el informe, para obtener mejores resultados tambi\u00e9n son fundamentales la sinergia y la coordinaci\u00f3n entre los mecanismos de financiaci\u00f3n de la UE.\u00bb<\/p>\n\n\n\n<p>Aunque en el informe se aluda a las inversiones, hubieran preferido que se hiciera hincapi\u00e9 en la importancia de contar con medidas para la inversi\u00f3n, ya que son una ayuda fundamental para que los agricultores, los propietarios forestales y las cooperativas incrementen el rendimiento global y la sostenibilidad de sus empresas.<\/p>\n\n\n\n<p>Desde el Copa y la Cogeca respaldan de pleno los elementos relacionados con el observatorio rural, el Pacto Rural, el Plan de Acci\u00f3n Rural, el mecanismo de verificaci\u00f3n para las zonas rurales, el \u00e9nfasis en los j\u00f3venes y las mujeres, y la digitalizaci\u00f3n.<\/p>\n\n\n\n<p>Por otra parte, tambi\u00e9n valoran que se trate la cuesti\u00f3n de los grandes carn\u00edvoros y se reconozca el impacto que provocan estas poblaciones en algunas de las zonas m\u00e1s vulnerables. Sin embargo, lamentan la falta de determinaci\u00f3n en cuanto a medidas concretas de gesti\u00f3n activa de los grandes carn\u00edvoros, la prevenci\u00f3n de los ataques y la compensaci\u00f3n de costes, y algunas disposiciones sobre el bienestar animal ante la ferocidad de los ataques. La solidez del texto no refleja la fuerza que ejercen estas especies en las zonas rurales.<\/p>\n\n\n\n<p>No se puede decidir el futuro de las zonas rurales sin la implicaci\u00f3n plena de los actores del medio rural, en concreto, los agricultores, los propietarios forestales y las cooperativas, en los debates pol\u00edticos al respecto.<\/p>\n\n\n\n<p>Por \u00faltimo, desde el Copa y la Cogeca desean resaltar que, si bien las zonas rurales, con la agricultura y silvicultura que en ellas se desarrollan, se enfrentan a m\u00faltiples retos (desde el cambio clim\u00e1tico hasta los servicios y la infraestructura disponibles), el sector agrario es un terreno del que brotan oportunidades para reforzar la capacidad de recuperaci\u00f3n y la sostenibilidad de nuestra econom\u00eda rural y la sociedad de la UE.<\/p>\n","protected":false},"excerpt":{"rendered":"<p>El Copa y la Cogeca aplauden el informe de propia iniciativa sobre la \u00abvisi\u00f3n a largo plazo para las zonas rurales de la UE: hacia unas zonas rurales m\u00e1s fuertes, conectadas, resilientes y pr\u00f3speras\u00bb\u037e un informe de la ponente Isabel Carvalhais que ha sido aprobado en la Comisi\u00f3n de Agricultura y Desarrollo Rural (Comisi\u00f3n AGRI). [&hellip;]<\/p>\n","protected":false},"author":9,"featured_media":8194,"comment_status":"open","ping_status":"open","sticky":false,"template":"","format":"standard","meta":{"footnotes":""},"categories":[9,29,28],"tags":[],"yoast_head":"<!-- This site is optimized with the Yoast SEO plugin v24.5 - https:\/\/yoast.com\/wordpress\/plugins\/seo\/ -->\n<title>La Comisi\u00f3n de Agricultura y Desarrollo Rural aprueba un importante informe sobre la visi\u00f3n a largo plazo para las zonas rurales de la UE - ASAJA Palencia<\/title>\n<meta name=\"description\" content=\"El Copa y la Cogeca aplauden el informe de propia iniciativa sobre la \u00abvisi\u00f3n a largo plazo para las zonas rurales de la UE: hacia unas zonas rurales m\u00e1s\" \/>\n<meta name=\"robots\" content=\"index, follow, max-snippet:-1, max-image-preview:large, max-video-preview:-1\" \/>\n<link rel=\"canonical\" href=\"https:\/\/www.asajacyl.com\/palencia\/asaja-palencia-informa\/la-comision-de-agricultura-y-desarrollo-rural-aprueba-un-importante-informe-sobre-la-vision-a-largo-plazo-para-las-zonas-rurales-de-la-ue\" \/>\n<meta property=\"og:locale\" content=\"es_ES\" \/>\n<meta property=\"og:type\" content=\"article\" \/>\n<meta property=\"og:title\" content=\"La Comisi\u00f3n de Agricultura y Desarrollo Rural aprueba un importante informe sobre la visi\u00f3n a largo plazo para las zonas rurales de la UE - ASAJA Palencia\" \/>\n<meta property=\"og:description\" content=\"El Copa y la Cogeca aplauden el informe de propia iniciativa sobre la \u00abvisi\u00f3n a largo plazo para las zonas rurales de la UE: hacia unas zonas rurales m\u00e1s\" \/>\n<meta property=\"og:url\" content=\"https:\/\/www.asajacyl.com\/palencia\/asaja-palencia-informa\/la-comision-de-agricultura-y-desarrollo-rural-aprueba-un-importante-informe-sobre-la-vision-a-largo-plazo-para-las-zonas-rurales-de-la-ue\" \/>\n<meta property=\"og:site_name\" content=\"ASAJA Palencia\" \/>\n<meta property=\"article:published_time\" content=\"2022-11-10T06:47:00+00:00\" \/>\n<meta property=\"og:image\" content=\"https:\/\/www.asajacyl.com\/palencia\/wp-content\/uploads\/sites\/3\/2021\/04\/COPACOGECA.jpg\" \/>\n\t<meta property=\"og:image:width\" content=\"1280\" \/>\n\t<meta property=\"og:image:height\" content=\"693\" \/>\n\t<meta property=\"og:image:type\" content=\"image\/jpeg\" \/>\n<meta name=\"author\" content=\"Administrador\" \/>\n<meta name=\"twitter:card\" content=\"summary_large_image\" \/>\n<meta name=\"twitter:label1\" content=\"Escrito por\" \/>\n\t<meta name=\"twitter:data1\" content=\"Administrador\" \/>\n\t<meta name=\"twitter:label2\" content=\"Tiempo de lectura\" \/>\n\t<meta name=\"twitter:data2\" content=\"3 minutos\" \/>\n<script type=\"application\/ld+json\" class=\"yoast-schema-graph\">{\"@context\":\"https:\/\/schema.org\",\"@graph\":[{\"@type\":\"WebPage\",\"@id\":\"https:\/\/www.asajacyl.com\/palencia\/asaja-palencia-informa\/la-comision-de-agricultura-y-desarrollo-rural-aprueba-un-importante-informe-sobre-la-vision-a-largo-plazo-para-las-zonas-rurales-de-la-ue\",\"url\":\"https:\/\/www.asajacyl.com\/palencia\/asaja-palencia-informa\/la-comision-de-agricultura-y-desarrollo-rural-aprueba-un-importante-informe-sobre-la-vision-a-largo-plazo-para-las-zonas-rurales-de-la-ue\",\"name\":\"La Comisi\u00f3n de Agricultura y Desarrollo Rural aprueba un importante informe sobre la visi\u00f3n a largo plazo para las zonas rurales de la UE - ASAJA Palencia\",\"isPartOf\":{\"@id\":\"https:\/\/www.asajacyl.com\/palencia\/#website\"},\"primaryImageOfPage\":{\"@id\":\"https:\/\/www.asajacyl.com\/palencia\/asaja-palencia-informa\/la-comision-de-agricultura-y-desarrollo-rural-aprueba-un-importante-informe-sobre-la-vision-a-largo-plazo-para-las-zonas-rurales-de-la-ue#primaryimage\"},\"image\":{\"@id\":\"https:\/\/www.asajacyl.com\/palencia\/asaja-palencia-informa\/la-comision-de-agricultura-y-desarrollo-rural-aprueba-un-importante-informe-sobre-la-vision-a-largo-plazo-para-las-zonas-rurales-de-la-ue#primaryimage\"},\"thumbnailUrl\":\"https:\/\/www.asajacyl.com\/palencia\/wp-content\/uploads\/sites\/3\/2021\/04\/COPACOGECA.jpg\",\"datePublished\":\"2022-11-10T06:47:00+00:00\",\"author\":{\"@id\":\"https:\/\/www.asajacyl.com\/palencia\/#\/schema\/person\/3ab17aeb03527485c317557fae64aab1\"},\"description\":\"El Copa y la Cogeca aplauden el informe de propia iniciativa sobre la \u00abvisi\u00f3n a largo plazo para las zonas rurales de la UE: hacia unas zonas rurales m\u00e1s\",\"breadcrumb\":{\"@id\":\"https:\/\/www.asajacyl.com\/palencia\/asaja-palencia-informa\/la-comision-de-agricultura-y-desarrollo-rural-aprueba-un-importante-informe-sobre-la-vision-a-largo-plazo-para-las-zonas-rurales-de-la-ue#breadcrumb\"},\"inLanguage\":\"es\",\"potentialAction\":[{\"@type\":\"ReadAction\",\"target\":[\"https:\/\/www.asajacyl.com\/palencia\/asaja-palencia-informa\/la-comision-de-agricultura-y-desarrollo-rural-aprueba-un-importante-informe-sobre-la-vision-a-largo-plazo-para-las-zonas-rurales-de-la-ue\"]}]},{\"@type\":\"ImageObject\",\"inLanguage\":\"es\",\"@id\":\"https:\/\/www.asajacyl.com\/palencia\/asaja-palencia-informa\/la-comision-de-agricultura-y-desarrollo-rural-aprueba-un-importante-informe-sobre-la-vision-a-largo-plazo-para-las-zonas-rurales-de-la-ue#primaryimage\",\"url\":\"https:\/\/www.asajacyl.com\/palencia\/wp-content\/uploads\/sites\/3\/2021\/04\/COPACOGECA.jpg\",\"contentUrl\":\"https:\/\/www.asajacyl.com\/palencia\/wp-content\/uploads\/sites\/3\/2021\/04\/COPACOGECA.jpg\",\"width\":1280,\"height\":693},{\"@type\":\"BreadcrumbList\",\"@id\":\"https:\/\/www.asajacyl.com\/palencia\/asaja-palencia-informa\/la-comision-de-agricultura-y-desarrollo-rural-aprueba-un-importante-informe-sobre-la-vision-a-largo-plazo-para-las-zonas-rurales-de-la-ue#breadcrumb\",\"itemListElement\":[{\"@type\":\"ListItem\",\"position\":1,\"name\":\"Portada\",\"item\":\"https:\/\/www.asajacyl.com\/palencia\/\"},{\"@type\":\"ListItem\",\"position\":2,\"name\":\"La Comisi\u00f3n de Agricultura y Desarrollo Rural aprueba un importante informe sobre la visi\u00f3n a largo plazo para las zonas rurales de la UE\"}]},{\"@type\":\"WebSite\",\"@id\":\"https:\/\/www.asajacyl.com\/palencia\/#website\",\"url\":\"https:\/\/www.asajacyl.com\/palencia\/\",\"name\":\"ASAJA Palencia\",\"description\":\"Otro sitio m\u00e1s de Provincias ASAJA Castilla y Le\u00f3n\",\"potentialAction\":[{\"@type\":\"SearchAction\",\"target\":{\"@type\":\"EntryPoint\",\"urlTemplate\":\"https:\/\/www.asajacyl.com\/palencia\/?s={search_term_string}\"},\"query-input\":{\"@type\":\"PropertyValueSpecification\",\"valueRequired\":true,\"valueName\":\"search_term_string\"}}],\"inLanguage\":\"es\"},{\"@type\":\"Person\",\"@id\":\"https:\/\/www.asajacyl.com\/palencia\/#\/schema\/person\/3ab17aeb03527485c317557fae64aab1\",\"name\":\"Administrador\",\"image\":{\"@type\":\"ImageObject\",\"inLanguage\":\"es\",\"@id\":\"https:\/\/www.asajacyl.com\/palencia\/#\/schema\/person\/image\/\",\"url\":\"https:\/\/secure.gravatar.com\/avatar\/517384810d242ca9e38c180f3c9fb973?s=96&d=mm&r=g\",\"contentUrl\":\"https:\/\/secure.gravatar.com\/avatar\/517384810d242ca9e38c180f3c9fb973?s=96&d=mm&r=g\",\"caption\":\"Administrador\"},\"url\":\"https:\/\/www.asajacyl.com\/palencia\/author\/carlosrm\"}]}<\/script>\n<!-- \/ Yoast SEO plugin. -->","yoast_head_json":{"title":"La Comisi\u00f3n de Agricultura y Desarrollo Rural aprueba un importante informe sobre la visi\u00f3n a largo plazo para las zonas rurales de la UE - ASAJA Palencia","description":"El Copa y la Cogeca aplauden el informe de propia iniciativa sobre la \u00abvisi\u00f3n a largo plazo para las zonas rurales de la UE: hacia unas zonas rurales m\u00e1s","robots":{"index":"index","follow":"follow","max-snippet":"max-snippet:-1","max-image-preview":"max-image-preview:large","max-video-preview":"max-video-preview:-1"},"canonical":"https:\/\/www.asajacyl.com\/palencia\/asaja-palencia-informa\/la-comision-de-agricultura-y-desarrollo-rural-aprueba-un-importante-informe-sobre-la-vision-a-largo-plazo-para-las-zonas-rurales-de-la-ue","og_locale":"es_ES","og_type":"article","og_title":"La Comisi\u00f3n de Agricultura y Desarrollo Rural aprueba un importante informe sobre la visi\u00f3n a largo plazo para las zonas rurales de la UE - ASAJA Palencia","og_description":"El Copa y la Cogeca aplauden el informe de propia iniciativa sobre la \u00abvisi\u00f3n a largo plazo para las zonas rurales de la UE: hacia unas zonas rurales m\u00e1s","og_url":"https:\/\/www.asajacyl.com\/palencia\/asaja-palencia-informa\/la-comision-de-agricultura-y-desarrollo-rural-aprueba-un-importante-informe-sobre-la-vision-a-largo-plazo-para-las-zonas-rurales-de-la-ue","og_site_name":"ASAJA Palencia","article_published_time":"2022-11-10T06:47:00+00:00","og_image":[{"width":1280,"height":693,"url":"https:\/\/www.asajacyl.com\/palencia\/wp-content\/uploads\/sites\/3\/2021\/04\/COPACOGECA.jpg","type":"image\/jpeg"}],"author":"Administrador","twitter_card":"summary_large_image","twitter_misc":{"Escrito por":"Administrador","Tiempo de lectura":"3 minutos"},"schema":{"@context":"https:\/\/schema.org","@graph":[{"@type":"WebPage","@id":"https:\/\/www.asajacyl.com\/palencia\/asaja-palencia-informa\/la-comision-de-agricultura-y-desarrollo-rural-aprueba-un-importante-informe-sobre-la-vision-a-largo-plazo-para-las-zonas-rurales-de-la-ue","url":"https:\/\/www.asajacyl.com\/palencia\/asaja-palencia-informa\/la-comision-de-agricultura-y-desarrollo-rural-aprueba-un-importante-informe-sobre-la-vision-a-largo-plazo-para-las-zonas-rurales-de-la-ue","name":"La Comisi\u00f3n de Agricultura y Desarrollo Rural aprueba un importante informe sobre la visi\u00f3n a largo plazo para las zonas rurales de la UE - ASAJA Palencia","isPartOf":{"@id":"https:\/\/www.asajacyl.com\/palencia\/#website"},"primaryImageOfPage":{"@id":"https:\/\/www.asajacyl.com\/palencia\/asaja-palencia-informa\/la-comision-de-agricultura-y-desarrollo-rural-aprueba-un-importante-informe-sobre-la-vision-a-largo-plazo-para-las-zonas-rurales-de-la-ue#primaryimage"},"image":{"@id":"https:\/\/www.asajacyl.com\/palencia\/asaja-palencia-informa\/la-comision-de-agricultura-y-desarrollo-rural-aprueba-un-importante-informe-sobre-la-vision-a-largo-plazo-para-las-zonas-rurales-de-la-ue#primaryimage"},"thumbnailUrl":"https:\/\/www.asajacyl.com\/palencia\/wp-content\/uploads\/sites\/3\/2021\/04\/COPACOGECA.jpg","datePublished":"2022-11-10T06:47:00+00:00","author":{"@id":"https:\/\/www.asajacyl.com\/palencia\/#\/schema\/person\/3ab17aeb03527485c317557fae64aab1"},"description":"El Copa y la Cogeca aplauden el informe de propia iniciativa sobre la \u00abvisi\u00f3n a largo plazo para las zonas rurales de la UE: hacia unas zonas rurales m\u00e1s","breadcrumb":{"@id":"https:\/\/www.asajacyl.com\/palencia\/asaja-palencia-informa\/la-comision-de-agricultura-y-desarrollo-rural-aprueba-un-importante-informe-sobre-la-vision-a-largo-plazo-para-las-zonas-rurales-de-la-ue#breadcrumb"},"inLanguage":"es","potentialAction":[{"@type":"ReadAction","target":["https:\/\/www.asajacyl.com\/palencia\/asaja-palencia-informa\/la-comision-de-agricultura-y-desarrollo-rural-aprueba-un-importante-informe-sobre-la-vision-a-largo-plazo-para-las-zonas-rurales-de-la-ue"]}]},{"@type":"ImageObject","inLanguage":"es","@id":"https:\/\/www.asajacyl.com\/palencia\/asaja-palencia-informa\/la-comision-de-agricultura-y-desarrollo-rural-aprueba-un-importante-informe-sobre-la-vision-a-largo-plazo-para-las-zonas-rurales-de-la-ue#primaryimage","url":"https:\/\/www.asajacyl.com\/palencia\/wp-content\/uploads\/sites\/3\/2021\/04\/COPACOGECA.jpg","contentUrl":"https:\/\/www.asajacyl.com\/palencia\/wp-content\/uploads\/sites\/3\/2021\/04\/COPACOGECA.jpg","width":1280,"height":693},{"@type":"BreadcrumbList","@id":"https:\/\/www.asajacyl.com\/palencia\/asaja-palencia-informa\/la-comision-de-agricultura-y-desarrollo-rural-aprueba-un-importante-informe-sobre-la-vision-a-largo-plazo-para-las-zonas-rurales-de-la-ue#breadcrumb","itemListElement":[{"@type":"ListItem","position":1,"name":"Portada","item":"https:\/\/www.asajacyl.com\/palencia\/"},{"@type":"ListItem","position":2,"name":"La Comisi\u00f3n de Agricultura y Desarrollo Rural aprueba un importante informe sobre la visi\u00f3n a largo plazo para las zonas rurales de la UE"}]},{"@type":"WebSite","@id":"https:\/\/www.asajacyl.com\/palencia\/#website","url":"https:\/\/www.asajacyl.com\/palencia\/","name":"ASAJA Palencia","description":"Otro sitio m\u00e1s de Provincias ASAJA Castilla y Le\u00f3n","potentialAction":[{"@type":"SearchAction","target":{"@type":"EntryPoint","urlTemplate":"https:\/\/www.asajacyl.com\/palencia\/?s={search_term_string}"},"query-input":{"@type":"PropertyValueSpecification","valueRequired":true,"valueName":"search_term_string"}}],"inLanguage":"es"},{"@type":"Person","@id":"https:\/\/www.asajacyl.com\/palencia\/#\/schema\/person\/3ab17aeb03527485c317557fae64aab1","name":"Administrador","image":{"@type":"ImageObject","inLanguage":"es","@id":"https:\/\/www.asajacyl.com\/palencia\/#\/schema\/person\/image\/","url":"https:\/\/secure.gravatar.com\/avatar\/517384810d242ca9e38c180f3c9fb973?s=96&d=mm&r=g","contentUrl":"https:\/\/secure.gravatar.com\/avatar\/517384810d242ca9e38c180f3c9fb973?s=96&d=mm&r=g","caption":"Administrador"},"url":"https:\/\/www.asajacyl.com\/palencia\/author\/carlosrm"}]}},"_links":{"self":[{"href":"https:\/\/www.asajacyl.com\/palencia\/wp-json\/wp\/v2\/posts\/11726"}],"collection":[{"href":"https:\/\/www.asajacyl.com\/palencia\/wp-json\/wp\/v2\/posts"}],"about":[{"href":"https:\/\/www.asajacyl.com\/palencia\/wp-json\/wp\/v2\/types\/post"}],"author":[{"embeddable":true,"href":"https:\/\/www.asajacyl.com\/palencia\/wp-json\/wp\/v2\/users\/9"}],"replies":[{"embeddable":true,"href":"https:\/\/www.asajacyl.com\/palencia\/wp-json\/wp\/v2\/comments?post=11726"}],"version-history":[{"count":1,"href":"https:\/\/www.asajacyl.com\/palencia\/wp-json\/wp\/v2\/posts\/11726\/revisions"}],"predecessor-version":[{"id":11727,"href":"https:\/\/www.asajacyl.com\/palencia\/wp-json\/wp\/v2\/posts\/11726\/revisions\/11727"}],"wp:featuredmedia":[{"embeddable":true,"href":"https:\/\/www.asajacyl.com\/palencia\/wp-json\/wp\/v2\/media\/8194"}],"wp:attachment":[{"href":"https:\/\/www.asajacyl.com\/palencia\/wp-json\/wp\/v2\/media?parent=11726"}],"wp:term":[{"taxonomy":"category","embeddable":true,"href":"https:\/\/www.asajacyl.com\/palencia\/wp-json\/wp\/v2\/categories?post=11726"},{"taxonomy":"post_tag","embeddable":true,"href":"https:\/\/www.asajacyl.com\/palencia\/wp-json\/wp\/v2\/tags?post=11726"}],"curies":[{"name":"wp","href":"https:\/\/api.w.org\/{rel}","templated":true}]}}