{"id":11728,"date":"2022-11-10T13:56:00","date_gmt":"2022-11-10T12:56:00","guid":{"rendered":"https:\/\/www.asajacyl.com\/palencia\/?p=11728"},"modified":"2022-11-09T14:02:02","modified_gmt":"2022-11-09T13:02:02","slug":"castilla-y-leon-llevara-a-bruselas-su-queja-por-la-proteccion-del-lobo","status":"publish","type":"post","link":"https:\/\/www.asajacyl.com\/palencia\/asaja-palencia-informa\/castilla-y-leon-llevara-a-bruselas-su-queja-por-la-proteccion-del-lobo","title":{"rendered":"Castilla y Le\u00f3n llevar\u00e1 a Bruselas su queja por la protecci\u00f3n del lobo"},"content":{"rendered":"\n<p>Los consejeros de Medio Ambiente de Castilla y Le\u00f3n y Galicia se reunir\u00e1n en Bruselas con parlamentarios europeos para denunciar la situaci\u00f3n de indefensi\u00f3n y el impacto negativo que est\u00e1 provocando para el Medio Rural y la ganader\u00eda extensiva las medidas de protecci\u00f3n al lobo que se est\u00e1n efectuando por el Gobierno de Espa\u00f1a.<\/p>\n\n\n\n<p>Conviene recordar que las comunidades de Castilla y Le\u00f3n, Galicia y Cantabria, que albergan el 93% de la poblaci\u00f3n de lobos, est\u00e1n totalmente en contra de la inclusi\u00f3n del lobo en el Listado de Especies Silvestres en R\u00e9gimen de Protecci\u00f3n Especial (LESPRE).<\/p>\n\n\n\n<p>El Ministerio de Transici\u00f3n Ecol\u00f3gica, en una actitud dictatorial, ha dejado fuera del reparto de 20 millones, destinados a compensar a los ganaderos afectados por los ataques de lobo, a Galicia y Castilla y Le\u00f3n, por no secundar sus pol\u00edticas, basadas en criterios muy discutibles y donde ni siquiera existe un censo del n\u00famero de lobos que pueda demostrar el retroceso de la especie, algo que no cuadra con los innumerables ataques sufridos por los ganaderos.<\/p>\n","protected":false},"excerpt":{"rendered":"<p>Los consejeros de Medio Ambiente de Castilla y Le\u00f3n y Galicia se reunir\u00e1n en Bruselas con parlamentarios europeos para denunciar la situaci\u00f3n de indefensi\u00f3n y el impacto negativo que est\u00e1 provocando para el Medio Rural y la ganader\u00eda extensiva las medidas de protecci\u00f3n al lobo que se est\u00e1n efectuando por el Gobierno de Espa\u00f1a. Conviene [&hellip;]<\/p>\n","protected":false},"author":9,"featured_media":10266,"comment_status":"open","ping_status":"open","sticky":false,"template":"","format":"standard","meta":{"footnotes":""},"categories":[9,29,28],"tags":[],"yoast_head":"<!-- This site is optimized with the Yoast SEO plugin v24.5 - https:\/\/yoast.com\/wordpress\/plugins\/seo\/ -->\n<title>Castilla y Le\u00f3n llevar\u00e1 a Bruselas su queja por la protecci\u00f3n del lobo - ASAJA Palencia<\/title>\n<meta name=\"description\" content=\"Los consejeros de Medio Ambiente de Castilla y Le\u00f3n y Galicia se reunir\u00e1n en Bruselas con parlamentarios europeos para denunciar la situaci\u00f3n de\" \/>\n<meta name=\"robots\" content=\"index, follow, max-snippet:-1, max-image-preview:large, max-video-preview:-1\" \/>\n<link rel=\"canonical\" href=\"https:\/\/www.asajacyl.com\/palencia\/asaja-palencia-informa\/castilla-y-leon-llevara-a-bruselas-su-queja-por-la-proteccion-del-lobo\" \/>\n<meta property=\"og:locale\" content=\"es_ES\" \/>\n<meta property=\"og:type\" content=\"article\" \/>\n<meta property=\"og:title\" content=\"Castilla y Le\u00f3n llevar\u00e1 a Bruselas su queja por la protecci\u00f3n del lobo - ASAJA Palencia\" \/>\n<meta property=\"og:description\" content=\"Los consejeros de Medio Ambiente de Castilla y Le\u00f3n y Galicia se reunir\u00e1n en Bruselas con parlamentarios europeos para denunciar la situaci\u00f3n de\" \/>\n<meta property=\"og:url\" content=\"https:\/\/www.asajacyl.com\/palencia\/asaja-palencia-informa\/castilla-y-leon-llevara-a-bruselas-su-queja-por-la-proteccion-del-lobo\" \/>\n<meta property=\"og:site_name\" content=\"ASAJA Palencia\" \/>\n<meta property=\"article:published_time\" content=\"2022-11-10T12:56:00+00:00\" \/>\n<meta property=\"og:image\" content=\"https:\/\/www.asajacyl.com\/palencia\/wp-content\/uploads\/sites\/3\/2022\/04\/2c10b567-cd04-47ab-a51e-36ef3931a007.jpg\" \/>\n\t<meta property=\"og:image:width\" content=\"1200\" \/>\n\t<meta property=\"og:image:height\" content=\"1600\" \/>\n\t<meta property=\"og:image:type\" content=\"image\/jpeg\" \/>\n<meta name=\"author\" content=\"Administrador\" \/>\n<meta name=\"twitter:card\" content=\"summary_large_image\" \/>\n<meta name=\"twitter:label1\" content=\"Escrito por\" \/>\n\t<meta name=\"twitter:data1\" content=\"Administrador\" \/>\n\t<meta name=\"twitter:label2\" content=\"Tiempo de lectura\" \/>\n\t<meta name=\"twitter:data2\" content=\"1 minuto\" \/>\n<script type=\"application\/ld+json\" class=\"yoast-schema-graph\">{\"@context\":\"https:\/\/schema.org\",\"@graph\":[{\"@type\":\"WebPage\",\"@id\":\"https:\/\/www.asajacyl.com\/palencia\/asaja-palencia-informa\/castilla-y-leon-llevara-a-bruselas-su-queja-por-la-proteccion-del-lobo\",\"url\":\"https:\/\/www.asajacyl.com\/palencia\/asaja-palencia-informa\/castilla-y-leon-llevara-a-bruselas-su-queja-por-la-proteccion-del-lobo\",\"name\":\"Castilla y Le\u00f3n llevar\u00e1 a Bruselas su queja por la protecci\u00f3n del lobo - ASAJA Palencia\",\"isPartOf\":{\"@id\":\"https:\/\/www.asajacyl.com\/palencia\/#website\"},\"primaryImageOfPage\":{\"@id\":\"https:\/\/www.asajacyl.com\/palencia\/asaja-palencia-informa\/castilla-y-leon-llevara-a-bruselas-su-queja-por-la-proteccion-del-lobo#primaryimage\"},\"image\":{\"@id\":\"https:\/\/www.asajacyl.com\/palencia\/asaja-palencia-informa\/castilla-y-leon-llevara-a-bruselas-su-queja-por-la-proteccion-del-lobo#primaryimage\"},\"thumbnailUrl\":\"https:\/\/www.asajacyl.com\/palencia\/wp-content\/uploads\/sites\/3\/2022\/04\/2c10b567-cd04-47ab-a51e-36ef3931a007.jpg\",\"datePublished\":\"2022-11-10T12:56:00+00:00\",\"author\":{\"@id\":\"https:\/\/www.asajacyl.com\/palencia\/#\/schema\/person\/3ab17aeb03527485c317557fae64aab1\"},\"description\":\"Los consejeros de Medio Ambiente de Castilla y Le\u00f3n y Galicia se reunir\u00e1n en Bruselas con parlamentarios europeos para denunciar la situaci\u00f3n de\",\"breadcrumb\":{\"@id\":\"https:\/\/www.asajacyl.com\/palencia\/asaja-palencia-informa\/castilla-y-leon-llevara-a-bruselas-su-queja-por-la-proteccion-del-lobo#breadcrumb\"},\"inLanguage\":\"es\",\"potentialAction\":[{\"@type\":\"ReadAction\",\"target\":[\"https:\/\/www.asajacyl.com\/palencia\/asaja-palencia-informa\/castilla-y-leon-llevara-a-bruselas-su-queja-por-la-proteccion-del-lobo\"]}]},{\"@type\":\"ImageObject\",\"inLanguage\":\"es\",\"@id\":\"https:\/\/www.asajacyl.com\/palencia\/asaja-palencia-informa\/castilla-y-leon-llevara-a-bruselas-su-queja-por-la-proteccion-del-lobo#primaryimage\",\"url\":\"https:\/\/www.asajacyl.com\/palencia\/wp-content\/uploads\/sites\/3\/2022\/04\/2c10b567-cd04-47ab-a51e-36ef3931a007.jpg\",\"contentUrl\":\"https:\/\/www.asajacyl.com\/palencia\/wp-content\/uploads\/sites\/3\/2022\/04\/2c10b567-cd04-47ab-a51e-36ef3931a007.jpg\",\"width\":1200,\"height\":1600},{\"@type\":\"BreadcrumbList\",\"@id\":\"https:\/\/www.asajacyl.com\/palencia\/asaja-palencia-informa\/castilla-y-leon-llevara-a-bruselas-su-queja-por-la-proteccion-del-lobo#breadcrumb\",\"itemListElement\":[{\"@type\":\"ListItem\",\"position\":1,\"name\":\"Portada\",\"item\":\"https:\/\/www.asajacyl.com\/palencia\/\"},{\"@type\":\"ListItem\",\"position\":2,\"name\":\"Castilla y Le\u00f3n llevar\u00e1 a Bruselas su queja por la protecci\u00f3n del lobo\"}]},{\"@type\":\"WebSite\",\"@id\":\"https:\/\/www.asajacyl.com\/palencia\/#website\",\"url\":\"https:\/\/www.asajacyl.com\/palencia\/\",\"name\":\"ASAJA Palencia\",\"description\":\"Otro sitio m\u00e1s de Provincias ASAJA Castilla y Le\u00f3n\",\"potentialAction\":[{\"@type\":\"SearchAction\",\"target\":{\"@type\":\"EntryPoint\",\"urlTemplate\":\"https:\/\/www.asajacyl.com\/palencia\/?s={search_term_string}\"},\"query-input\":{\"@type\":\"PropertyValueSpecification\",\"valueRequired\":true,\"valueName\":\"search_term_string\"}}],\"inLanguage\":\"es\"},{\"@type\":\"Person\",\"@id\":\"https:\/\/www.asajacyl.com\/palencia\/#\/schema\/person\/3ab17aeb03527485c317557fae64aab1\",\"name\":\"Administrador\",\"image\":{\"@type\":\"ImageObject\",\"inLanguage\":\"es\",\"@id\":\"https:\/\/www.asajacyl.com\/palencia\/#\/schema\/person\/image\/\",\"url\":\"https:\/\/secure.gravatar.com\/avatar\/517384810d242ca9e38c180f3c9fb973?s=96&d=mm&r=g\",\"contentUrl\":\"https:\/\/secure.gravatar.com\/avatar\/517384810d242ca9e38c180f3c9fb973?s=96&d=mm&r=g\",\"caption\":\"Administrador\"},\"url\":\"https:\/\/www.asajacyl.com\/palencia\/author\/carlosrm\"}]}<\/script>\n<!-- \/ Yoast SEO plugin. -->","yoast_head_json":{"title":"Castilla y Le\u00f3n llevar\u00e1 a Bruselas su queja por la protecci\u00f3n del lobo - ASAJA Palencia","description":"Los consejeros de Medio Ambiente de Castilla y Le\u00f3n y Galicia se reunir\u00e1n en Bruselas con parlamentarios europeos para denunciar la situaci\u00f3n de","robots":{"index":"index","follow":"follow","max-snippet":"max-snippet:-1","max-image-preview":"max-image-preview:large","max-video-preview":"max-video-preview:-1"},"canonical":"https:\/\/www.asajacyl.com\/palencia\/asaja-palencia-informa\/castilla-y-leon-llevara-a-bruselas-su-queja-por-la-proteccion-del-lobo","og_locale":"es_ES","og_type":"article","og_title":"Castilla y Le\u00f3n llevar\u00e1 a Bruselas su queja por la protecci\u00f3n del lobo - ASAJA Palencia","og_description":"Los consejeros de Medio Ambiente de Castilla y Le\u00f3n y Galicia se reunir\u00e1n en Bruselas con parlamentarios europeos para denunciar la situaci\u00f3n de","og_url":"https:\/\/www.asajacyl.com\/palencia\/asaja-palencia-informa\/castilla-y-leon-llevara-a-bruselas-su-queja-por-la-proteccion-del-lobo","og_site_name":"ASAJA Palencia","article_published_time":"2022-11-10T12:56:00+00:00","og_image":[{"width":1200,"height":1600,"url":"https:\/\/www.asajacyl.com\/palencia\/wp-content\/uploads\/sites\/3\/2022\/04\/2c10b567-cd04-47ab-a51e-36ef3931a007.jpg","type":"image\/jpeg"}],"author":"Administrador","twitter_card":"summary_large_image","twitter_misc":{"Escrito por":"Administrador","Tiempo de lectura":"1 minuto"},"schema":{"@context":"https:\/\/schema.org","@graph":[{"@type":"WebPage","@id":"https:\/\/www.asajacyl.com\/palencia\/asaja-palencia-informa\/castilla-y-leon-llevara-a-bruselas-su-queja-por-la-proteccion-del-lobo","url":"https:\/\/www.asajacyl.com\/palencia\/asaja-palencia-informa\/castilla-y-leon-llevara-a-bruselas-su-queja-por-la-proteccion-del-lobo","name":"Castilla y Le\u00f3n llevar\u00e1 a Bruselas su queja por la protecci\u00f3n del lobo - ASAJA Palencia","isPartOf":{"@id":"https:\/\/www.asajacyl.com\/palencia\/#website"},"primaryImageOfPage":{"@id":"https:\/\/www.asajacyl.com\/palencia\/asaja-palencia-informa\/castilla-y-leon-llevara-a-bruselas-su-queja-por-la-proteccion-del-lobo#primaryimage"},"image":{"@id":"https:\/\/www.asajacyl.com\/palencia\/asaja-palencia-informa\/castilla-y-leon-llevara-a-bruselas-su-queja-por-la-proteccion-del-lobo#primaryimage"},"thumbnailUrl":"https:\/\/www.asajacyl.com\/palencia\/wp-content\/uploads\/sites\/3\/2022\/04\/2c10b567-cd04-47ab-a51e-36ef3931a007.jpg","datePublished":"2022-11-10T12:56:00+00:00","author":{"@id":"https:\/\/www.asajacyl.com\/palencia\/#\/schema\/person\/3ab17aeb03527485c317557fae64aab1"},"description":"Los consejeros de Medio Ambiente de Castilla y Le\u00f3n y Galicia se reunir\u00e1n en Bruselas con parlamentarios europeos para denunciar la situaci\u00f3n de","breadcrumb":{"@id":"https:\/\/www.asajacyl.com\/palencia\/asaja-palencia-informa\/castilla-y-leon-llevara-a-bruselas-su-queja-por-la-proteccion-del-lobo#breadcrumb"},"inLanguage":"es","potentialAction":[{"@type":"ReadAction","target":["https:\/\/www.asajacyl.com\/palencia\/asaja-palencia-informa\/castilla-y-leon-llevara-a-bruselas-su-queja-por-la-proteccion-del-lobo"]}]},{"@type":"ImageObject","inLanguage":"es","@id":"https:\/\/www.asajacyl.com\/palencia\/asaja-palencia-informa\/castilla-y-leon-llevara-a-bruselas-su-queja-por-la-proteccion-del-lobo#primaryimage","url":"https:\/\/www.asajacyl.com\/palencia\/wp-content\/uploads\/sites\/3\/2022\/04\/2c10b567-cd04-47ab-a51e-36ef3931a007.jpg","contentUrl":"https:\/\/www.asajacyl.com\/palencia\/wp-content\/uploads\/sites\/3\/2022\/04\/2c10b567-cd04-47ab-a51e-36ef3931a007.jpg","width":1200,"height":1600},{"@type":"BreadcrumbList","@id":"https:\/\/www.asajacyl.com\/palencia\/asaja-palencia-informa\/castilla-y-leon-llevara-a-bruselas-su-queja-por-la-proteccion-del-lobo#breadcrumb","itemListElement":[{"@type":"ListItem","position":1,"name":"Portada","item":"https:\/\/www.asajacyl.com\/palencia\/"},{"@type":"ListItem","position":2,"name":"Castilla y Le\u00f3n llevar\u00e1 a Bruselas su queja por la protecci\u00f3n del lobo"}]},{"@type":"WebSite","@id":"https:\/\/www.asajacyl.com\/palencia\/#website","url":"https:\/\/www.asajacyl.com\/palencia\/","name":"ASAJA Palencia","description":"Otro sitio m\u00e1s de Provincias ASAJA Castilla y Le\u00f3n","potentialAction":[{"@type":"SearchAction","target":{"@type":"EntryPoint","urlTemplate":"https:\/\/www.asajacyl.com\/palencia\/?s={search_term_string}"},"query-input":{"@type":"PropertyValueSpecification","valueRequired":true,"valueName":"search_term_string"}}],"inLanguage":"es"},{"@type":"Person","@id":"https:\/\/www.asajacyl.com\/palencia\/#\/schema\/person\/3ab17aeb03527485c317557fae64aab1","name":"Administrador","image":{"@type":"ImageObject","inLanguage":"es","@id":"https:\/\/www.asajacyl.com\/palencia\/#\/schema\/person\/image\/","url":"https:\/\/secure.gravatar.com\/avatar\/517384810d242ca9e38c180f3c9fb973?s=96&d=mm&r=g","contentUrl":"https:\/\/secure.gravatar.com\/avatar\/517384810d242ca9e38c180f3c9fb973?s=96&d=mm&r=g","caption":"Administrador"},"url":"https:\/\/www.asajacyl.com\/palencia\/author\/carlosrm"}]}},"_links":{"self":[{"href":"https:\/\/www.asajacyl.com\/palencia\/wp-json\/wp\/v2\/posts\/11728"}],"collection":[{"href":"https:\/\/www.asajacyl.com\/palencia\/wp-json\/wp\/v2\/posts"}],"about":[{"href":"https:\/\/www.asajacyl.com\/palencia\/wp-json\/wp\/v2\/types\/post"}],"author":[{"embeddable":true,"href":"https:\/\/www.asajacyl.com\/palencia\/wp-json\/wp\/v2\/users\/9"}],"replies":[{"embeddable":true,"href":"https:\/\/www.asajacyl.com\/palencia\/wp-json\/wp\/v2\/comments?post=11728"}],"version-history":[{"count":1,"href":"https:\/\/www.asajacyl.com\/palencia\/wp-json\/wp\/v2\/posts\/11728\/revisions"}],"predecessor-version":[{"id":11729,"href":"https:\/\/www.asajacyl.com\/palencia\/wp-json\/wp\/v2\/posts\/11728\/revisions\/11729"}],"wp:featuredmedia":[{"embeddable":true,"href":"https:\/\/www.asajacyl.com\/palencia\/wp-json\/wp\/v2\/media\/10266"}],"wp:attachment":[{"href":"https:\/\/www.asajacyl.com\/palencia\/wp-json\/wp\/v2\/media?parent=11728"}],"wp:term":[{"taxonomy":"category","embeddable":true,"href":"https:\/\/www.asajacyl.com\/palencia\/wp-json\/wp\/v2\/categories?post=11728"},{"taxonomy":"post_tag","embeddable":true,"href":"https:\/\/www.asajacyl.com\/palencia\/wp-json\/wp\/v2\/tags?post=11728"}],"curies":[{"name":"wp","href":"https:\/\/api.w.org\/{rel}","templated":true}]}}