{"id":11730,"date":"2022-11-14T14:02:00","date_gmt":"2022-11-14T13:02:00","guid":{"rendered":"https:\/\/www.asajacyl.com\/palencia\/?p=11730"},"modified":"2022-11-11T09:24:20","modified_gmt":"2022-11-11T08:24:20","slug":"jornada-sobre-conduccion-segura-del-tractor","status":"publish","type":"post","link":"https:\/\/www.asajacyl.com\/palencia\/asaja-palencia-informa\/jornada-sobre-conduccion-segura-del-tractor","title":{"rendered":"Jornada sobre conducci\u00f3n segura del tractor"},"content":{"rendered":"\n<p>Bajo el lema \u201cTu vida sin vuelcos\u201d, la Junta de Castilla y Le\u00f3n ha organizado una Jornada T\u00e9cnica de Prevenci\u00f3n de Riesgos Laborales en la Agricultura, donde el objetivo es el fomento del uso seguro del tractor, que es el principal agente material asociado a los accidentes que se producen en la jornada laboral de las actividades de agricultura y ganader\u00eda.<\/p>\n\n\n\n<p>La jornada se celebrar\u00e1 el d\u00eda 30 de noviembre de 11:30 a 13:10 en el Centro Integrado de Formaci\u00f3n Profesional Fiinca de Vi\u00f1alta. La inscripci\u00f3n es gratuita, y es preceptivo cumplimentar un formulario de inscripci\u00f3n en el portal de Trabajo y Prevenci\u00f3n de Riesgos Laborales de la Junta de Castilla y Le\u00f3n (<a href=\"https:\/\/trabajoyprevencion.jcyl.es\/web\/es\/prevencion-riesgos-laborales\/formulario-inscripcion-palencia.html\">ENLACE<\/a>).<\/p>\n\n\n\n<p>En la jornada se tratar\u00e1n los siguientes temas:<\/p>\n\n\n\n<ol><li>Medidas preventivas y de protecci\u00f3n con los tractores<\/li><li>Normas de conducci\u00f3n seguras<\/li><li>Selecci\u00f3n del tractor y de los aperos<\/li><li>Presentaci\u00f3n de las aplicaciones inform\u00e1ticas del INSST: Simulador de conducci\u00f3n del tractor (App Segutractor)<\/li><\/ol>\n\n\n\n<p>Enlace para descargar la aplicaci\u00f3n SEGUTRACTOR:<\/p>\n\n\n\n<ul><li>Dispositivos Apple: <a href=\"https:\/\/apps.apple.com\/mn\/app\/segutractor\/id1600716596\">ENLACE<\/a><\/li><li>Dispositivos Android: <a href=\"https:\/\/play.google.com\/store\/apps\/details?id=com.Instituto_Nacional_de_Seguridad_y_Salud_en_el_Trabajo.Segutractor&amp;gl=US\">ENLACE<\/a><\/li><\/ul>\n\n\n\n<div class=\"wp-block-image\"><figure class=\"aligncenter size-large\"><img loading=\"lazy\" decoding=\"async\" width=\"715\" height=\"1024\" src=\"https:\/\/www.asajacyl.com\/palencia\/wp-content\/uploads\/sites\/3\/2022\/11\/image-3-715x1024.jpg\" alt=\"\" class=\"wp-image-11731\" srcset=\"https:\/\/www.asajacyl.com\/palencia\/wp-content\/uploads\/sites\/3\/2022\/11\/image-3-715x1024.jpg 715w, https:\/\/www.asajacyl.com\/palencia\/wp-content\/uploads\/sites\/3\/2022\/11\/image-3-209x300.jpg 209w, https:\/\/www.asajacyl.com\/palencia\/wp-content\/uploads\/sites\/3\/2022\/11\/image-3-768x1100.jpg 768w, https:\/\/www.asajacyl.com\/palencia\/wp-content\/uploads\/sites\/3\/2022\/11\/image-3-696x997.jpg 696w, https:\/\/www.asajacyl.com\/palencia\/wp-content\/uploads\/sites\/3\/2022\/11\/image-3-293x420.jpg 293w, https:\/\/www.asajacyl.com\/palencia\/wp-content\/uploads\/sites\/3\/2022\/11\/image-3.jpg 904w\" sizes=\"(max-width: 715px) 100vw, 715px\" \/><\/figure><\/div>\n\n\n\n<div class=\"wp-block-image\"><figure class=\"aligncenter size-large\"><img loading=\"lazy\" decoding=\"async\" width=\"721\" height=\"1024\" src=\"https:\/\/www.asajacyl.com\/palencia\/wp-content\/uploads\/sites\/3\/2022\/11\/image-3-721x1024.png\" alt=\"\" class=\"wp-image-11732\" srcset=\"https:\/\/www.asajacyl.com\/palencia\/wp-content\/uploads\/sites\/3\/2022\/11\/image-3-721x1024.png 721w, https:\/\/www.asajacyl.com\/palencia\/wp-content\/uploads\/sites\/3\/2022\/11\/image-3-211x300.png 211w, https:\/\/www.asajacyl.com\/palencia\/wp-content\/uploads\/sites\/3\/2022\/11\/image-3-768x1091.png 768w, https:\/\/www.asajacyl.com\/palencia\/wp-content\/uploads\/sites\/3\/2022\/11\/image-3-696x989.png 696w, https:\/\/www.asajacyl.com\/palencia\/wp-content\/uploads\/sites\/3\/2022\/11\/image-3-296x420.png 296w, https:\/\/www.asajacyl.com\/palencia\/wp-content\/uploads\/sites\/3\/2022\/11\/image-3.png 901w\" sizes=\"(max-width: 721px) 100vw, 721px\" \/><\/figure><\/div>\n","protected":false},"excerpt":{"rendered":"<p>Bajo el lema \u201cTu vida sin vuelcos\u201d, la Junta de Castilla y Le\u00f3n ha organizado una Jornada T\u00e9cnica de Prevenci\u00f3n de Riesgos Laborales en la Agricultura, donde el objetivo es el fomento del uso seguro del tractor, que es el principal agente material asociado a los accidentes que se producen en la jornada laboral de [&hellip;]<\/p>\n","protected":false},"author":9,"featured_media":11731,"comment_status":"open","ping_status":"open","sticky":false,"template":"","format":"standard","meta":{"footnotes":""},"categories":[9,29,28],"tags":[],"yoast_head":"<!-- This site is optimized with the Yoast SEO plugin v24.5 - https:\/\/yoast.com\/wordpress\/plugins\/seo\/ -->\n<title>Jornada sobre conducci\u00f3n segura del tractor - ASAJA Palencia<\/title>\n<meta name=\"description\" content=\"Bajo el lema \u201cTu vida sin vuelcos\u201d, la Junta de Castilla y Le\u00f3n ha organizado una Jornada T\u00e9cnica de Prevenci\u00f3n de Riesgos Laborales en la Agricultura,\" \/>\n<meta name=\"robots\" content=\"index, follow, max-snippet:-1, max-image-preview:large, max-video-preview:-1\" \/>\n<link rel=\"canonical\" href=\"https:\/\/www.asajacyl.com\/palencia\/asaja-palencia-informa\/jornada-sobre-conduccion-segura-del-tractor\" \/>\n<meta property=\"og:locale\" content=\"es_ES\" \/>\n<meta property=\"og:type\" content=\"article\" \/>\n<meta property=\"og:title\" content=\"Jornada sobre conducci\u00f3n segura del tractor - ASAJA Palencia\" \/>\n<meta property=\"og:description\" content=\"Bajo el lema \u201cTu vida sin vuelcos\u201d, la Junta de Castilla y Le\u00f3n ha organizado una Jornada T\u00e9cnica de Prevenci\u00f3n de Riesgos Laborales en la Agricultura,\" \/>\n<meta property=\"og:url\" content=\"https:\/\/www.asajacyl.com\/palencia\/asaja-palencia-informa\/jornada-sobre-conduccion-segura-del-tractor\" \/>\n<meta property=\"og:site_name\" content=\"ASAJA Palencia\" \/>\n<meta property=\"article:published_time\" content=\"2022-11-14T13:02:00+00:00\" \/>\n<meta property=\"og:image\" content=\"https:\/\/www.asajacyl.com\/palencia\/wp-content\/uploads\/sites\/3\/2022\/11\/image-3.jpg\" \/>\n\t<meta property=\"og:image:width\" content=\"904\" \/>\n\t<meta property=\"og:image:height\" content=\"1295\" \/>\n\t<meta property=\"og:image:type\" content=\"image\/jpeg\" \/>\n<meta name=\"author\" content=\"Administrador\" \/>\n<meta name=\"twitter:card\" content=\"summary_large_image\" \/>\n<meta name=\"twitter:label1\" content=\"Escrito por\" \/>\n\t<meta name=\"twitter:data1\" content=\"Administrador\" \/>\n\t<meta name=\"twitter:label2\" content=\"Tiempo de lectura\" \/>\n\t<meta name=\"twitter:data2\" content=\"2 minutos\" \/>\n<script type=\"application\/ld+json\" class=\"yoast-schema-graph\">{\"@context\":\"https:\/\/schema.org\",\"@graph\":[{\"@type\":\"WebPage\",\"@id\":\"https:\/\/www.asajacyl.com\/palencia\/asaja-palencia-informa\/jornada-sobre-conduccion-segura-del-tractor\",\"url\":\"https:\/\/www.asajacyl.com\/palencia\/asaja-palencia-informa\/jornada-sobre-conduccion-segura-del-tractor\",\"name\":\"Jornada sobre conducci\u00f3n segura del tractor - ASAJA Palencia\",\"isPartOf\":{\"@id\":\"https:\/\/www.asajacyl.com\/palencia\/#website\"},\"primaryImageOfPage\":{\"@id\":\"https:\/\/www.asajacyl.com\/palencia\/asaja-palencia-informa\/jornada-sobre-conduccion-segura-del-tractor#primaryimage\"},\"image\":{\"@id\":\"https:\/\/www.asajacyl.com\/palencia\/asaja-palencia-informa\/jornada-sobre-conduccion-segura-del-tractor#primaryimage\"},\"thumbnailUrl\":\"https:\/\/www.asajacyl.com\/palencia\/wp-content\/uploads\/sites\/3\/2022\/11\/image-3.jpg\",\"datePublished\":\"2022-11-14T13:02:00+00:00\",\"author\":{\"@id\":\"https:\/\/www.asajacyl.com\/palencia\/#\/schema\/person\/3ab17aeb03527485c317557fae64aab1\"},\"description\":\"Bajo el lema \u201cTu vida sin vuelcos\u201d, la Junta de Castilla y Le\u00f3n ha organizado una Jornada T\u00e9cnica de Prevenci\u00f3n de Riesgos Laborales en la Agricultura,\",\"breadcrumb\":{\"@id\":\"https:\/\/www.asajacyl.com\/palencia\/asaja-palencia-informa\/jornada-sobre-conduccion-segura-del-tractor#breadcrumb\"},\"inLanguage\":\"es\",\"potentialAction\":[{\"@type\":\"ReadAction\",\"target\":[\"https:\/\/www.asajacyl.com\/palencia\/asaja-palencia-informa\/jornada-sobre-conduccion-segura-del-tractor\"]}]},{\"@type\":\"ImageObject\",\"inLanguage\":\"es\",\"@id\":\"https:\/\/www.asajacyl.com\/palencia\/asaja-palencia-informa\/jornada-sobre-conduccion-segura-del-tractor#primaryimage\",\"url\":\"https:\/\/www.asajacyl.com\/palencia\/wp-content\/uploads\/sites\/3\/2022\/11\/image-3.jpg\",\"contentUrl\":\"https:\/\/www.asajacyl.com\/palencia\/wp-content\/uploads\/sites\/3\/2022\/11\/image-3.jpg\",\"width\":904,\"height\":1295},{\"@type\":\"BreadcrumbList\",\"@id\":\"https:\/\/www.asajacyl.com\/palencia\/asaja-palencia-informa\/jornada-sobre-conduccion-segura-del-tractor#breadcrumb\",\"itemListElement\":[{\"@type\":\"ListItem\",\"position\":1,\"name\":\"Portada\",\"item\":\"https:\/\/www.asajacyl.com\/palencia\/\"},{\"@type\":\"ListItem\",\"position\":2,\"name\":\"Jornada sobre conducci\u00f3n segura del tractor\"}]},{\"@type\":\"WebSite\",\"@id\":\"https:\/\/www.asajacyl.com\/palencia\/#website\",\"url\":\"https:\/\/www.asajacyl.com\/palencia\/\",\"name\":\"ASAJA Palencia\",\"description\":\"Otro sitio m\u00e1s de Provincias ASAJA Castilla y Le\u00f3n\",\"potentialAction\":[{\"@type\":\"SearchAction\",\"target\":{\"@type\":\"EntryPoint\",\"urlTemplate\":\"https:\/\/www.asajacyl.com\/palencia\/?s={search_term_string}\"},\"query-input\":{\"@type\":\"PropertyValueSpecification\",\"valueRequired\":true,\"valueName\":\"search_term_string\"}}],\"inLanguage\":\"es\"},{\"@type\":\"Person\",\"@id\":\"https:\/\/www.asajacyl.com\/palencia\/#\/schema\/person\/3ab17aeb03527485c317557fae64aab1\",\"name\":\"Administrador\",\"image\":{\"@type\":\"ImageObject\",\"inLanguage\":\"es\",\"@id\":\"https:\/\/www.asajacyl.com\/palencia\/#\/schema\/person\/image\/\",\"url\":\"https:\/\/secure.gravatar.com\/avatar\/517384810d242ca9e38c180f3c9fb973?s=96&d=mm&r=g\",\"contentUrl\":\"https:\/\/secure.gravatar.com\/avatar\/517384810d242ca9e38c180f3c9fb973?s=96&d=mm&r=g\",\"caption\":\"Administrador\"},\"url\":\"https:\/\/www.asajacyl.com\/palencia\/author\/carlosrm\"}]}<\/script>\n<!-- \/ Yoast SEO plugin. -->","yoast_head_json":{"title":"Jornada sobre conducci\u00f3n segura del tractor - ASAJA Palencia","description":"Bajo el lema \u201cTu vida sin vuelcos\u201d, la Junta de Castilla y Le\u00f3n ha organizado una Jornada T\u00e9cnica de Prevenci\u00f3n de Riesgos Laborales en la Agricultura,","robots":{"index":"index","follow":"follow","max-snippet":"max-snippet:-1","max-image-preview":"max-image-preview:large","max-video-preview":"max-video-preview:-1"},"canonical":"https:\/\/www.asajacyl.com\/palencia\/asaja-palencia-informa\/jornada-sobre-conduccion-segura-del-tractor","og_locale":"es_ES","og_type":"article","og_title":"Jornada sobre conducci\u00f3n segura del tractor - ASAJA Palencia","og_description":"Bajo el lema \u201cTu vida sin vuelcos\u201d, la Junta de Castilla y Le\u00f3n ha organizado una Jornada T\u00e9cnica de Prevenci\u00f3n de Riesgos Laborales en la Agricultura,","og_url":"https:\/\/www.asajacyl.com\/palencia\/asaja-palencia-informa\/jornada-sobre-conduccion-segura-del-tractor","og_site_name":"ASAJA Palencia","article_published_time":"2022-11-14T13:02:00+00:00","og_image":[{"width":904,"height":1295,"url":"https:\/\/www.asajacyl.com\/palencia\/wp-content\/uploads\/sites\/3\/2022\/11\/image-3.jpg","type":"image\/jpeg"}],"author":"Administrador","twitter_card":"summary_large_image","twitter_misc":{"Escrito por":"Administrador","Tiempo de lectura":"2 minutos"},"schema":{"@context":"https:\/\/schema.org","@graph":[{"@type":"WebPage","@id":"https:\/\/www.asajacyl.com\/palencia\/asaja-palencia-informa\/jornada-sobre-conduccion-segura-del-tractor","url":"https:\/\/www.asajacyl.com\/palencia\/asaja-palencia-informa\/jornada-sobre-conduccion-segura-del-tractor","name":"Jornada sobre conducci\u00f3n segura del tractor - ASAJA Palencia","isPartOf":{"@id":"https:\/\/www.asajacyl.com\/palencia\/#website"},"primaryImageOfPage":{"@id":"https:\/\/www.asajacyl.com\/palencia\/asaja-palencia-informa\/jornada-sobre-conduccion-segura-del-tractor#primaryimage"},"image":{"@id":"https:\/\/www.asajacyl.com\/palencia\/asaja-palencia-informa\/jornada-sobre-conduccion-segura-del-tractor#primaryimage"},"thumbnailUrl":"https:\/\/www.asajacyl.com\/palencia\/wp-content\/uploads\/sites\/3\/2022\/11\/image-3.jpg","datePublished":"2022-11-14T13:02:00+00:00","author":{"@id":"https:\/\/www.asajacyl.com\/palencia\/#\/schema\/person\/3ab17aeb03527485c317557fae64aab1"},"description":"Bajo el lema \u201cTu vida sin vuelcos\u201d, la Junta de Castilla y Le\u00f3n ha organizado una Jornada T\u00e9cnica de Prevenci\u00f3n de Riesgos Laborales en la Agricultura,","breadcrumb":{"@id":"https:\/\/www.asajacyl.com\/palencia\/asaja-palencia-informa\/jornada-sobre-conduccion-segura-del-tractor#breadcrumb"},"inLanguage":"es","potentialAction":[{"@type":"ReadAction","target":["https:\/\/www.asajacyl.com\/palencia\/asaja-palencia-informa\/jornada-sobre-conduccion-segura-del-tractor"]}]},{"@type":"ImageObject","inLanguage":"es","@id":"https:\/\/www.asajacyl.com\/palencia\/asaja-palencia-informa\/jornada-sobre-conduccion-segura-del-tractor#primaryimage","url":"https:\/\/www.asajacyl.com\/palencia\/wp-content\/uploads\/sites\/3\/2022\/11\/image-3.jpg","contentUrl":"https:\/\/www.asajacyl.com\/palencia\/wp-content\/uploads\/sites\/3\/2022\/11\/image-3.jpg","width":904,"height":1295},{"@type":"BreadcrumbList","@id":"https:\/\/www.asajacyl.com\/palencia\/asaja-palencia-informa\/jornada-sobre-conduccion-segura-del-tractor#breadcrumb","itemListElement":[{"@type":"ListItem","position":1,"name":"Portada","item":"https:\/\/www.asajacyl.com\/palencia\/"},{"@type":"ListItem","position":2,"name":"Jornada sobre conducci\u00f3n segura del tractor"}]},{"@type":"WebSite","@id":"https:\/\/www.asajacyl.com\/palencia\/#website","url":"https:\/\/www.asajacyl.com\/palencia\/","name":"ASAJA Palencia","description":"Otro sitio m\u00e1s de Provincias ASAJA Castilla y Le\u00f3n","potentialAction":[{"@type":"SearchAction","target":{"@type":"EntryPoint","urlTemplate":"https:\/\/www.asajacyl.com\/palencia\/?s={search_term_string}"},"query-input":{"@type":"PropertyValueSpecification","valueRequired":true,"valueName":"search_term_string"}}],"inLanguage":"es"},{"@type":"Person","@id":"https:\/\/www.asajacyl.com\/palencia\/#\/schema\/person\/3ab17aeb03527485c317557fae64aab1","name":"Administrador","image":{"@type":"ImageObject","inLanguage":"es","@id":"https:\/\/www.asajacyl.com\/palencia\/#\/schema\/person\/image\/","url":"https:\/\/secure.gravatar.com\/avatar\/517384810d242ca9e38c180f3c9fb973?s=96&d=mm&r=g","contentUrl":"https:\/\/secure.gravatar.com\/avatar\/517384810d242ca9e38c180f3c9fb973?s=96&d=mm&r=g","caption":"Administrador"},"url":"https:\/\/www.asajacyl.com\/palencia\/author\/carlosrm"}]}},"_links":{"self":[{"href":"https:\/\/www.asajacyl.com\/palencia\/wp-json\/wp\/v2\/posts\/11730"}],"collection":[{"href":"https:\/\/www.asajacyl.com\/palencia\/wp-json\/wp\/v2\/posts"}],"about":[{"href":"https:\/\/www.asajacyl.com\/palencia\/wp-json\/wp\/v2\/types\/post"}],"author":[{"embeddable":true,"href":"https:\/\/www.asajacyl.com\/palencia\/wp-json\/wp\/v2\/users\/9"}],"replies":[{"embeddable":true,"href":"https:\/\/www.asajacyl.com\/palencia\/wp-json\/wp\/v2\/comments?post=11730"}],"version-history":[{"count":1,"href":"https:\/\/www.asajacyl.com\/palencia\/wp-json\/wp\/v2\/posts\/11730\/revisions"}],"predecessor-version":[{"id":11733,"href":"https:\/\/www.asajacyl.com\/palencia\/wp-json\/wp\/v2\/posts\/11730\/revisions\/11733"}],"wp:featuredmedia":[{"embeddable":true,"href":"https:\/\/www.asajacyl.com\/palencia\/wp-json\/wp\/v2\/media\/11731"}],"wp:attachment":[{"href":"https:\/\/www.asajacyl.com\/palencia\/wp-json\/wp\/v2\/media?parent=11730"}],"wp:term":[{"taxonomy":"category","embeddable":true,"href":"https:\/\/www.asajacyl.com\/palencia\/wp-json\/wp\/v2\/categories?post=11730"},{"taxonomy":"post_tag","embeddable":true,"href":"https:\/\/www.asajacyl.com\/palencia\/wp-json\/wp\/v2\/tags?post=11730"}],"curies":[{"name":"wp","href":"https:\/\/api.w.org\/{rel}","templated":true}]}}