{"id":11734,"date":"2022-11-13T14:44:00","date_gmt":"2022-11-13T13:44:00","guid":{"rendered":"https:\/\/www.asajacyl.com\/palencia\/?p=11734"},"modified":"2022-11-11T09:24:42","modified_gmt":"2022-11-11T08:24:42","slug":"enesa-dara-continuidad-en-2023-a-las-subvenciones-de-2022","status":"publish","type":"post","link":"https:\/\/www.asajacyl.com\/palencia\/asaja-palencia-informa\/enesa-dara-continuidad-en-2023-a-las-subvenciones-de-2022","title":{"rendered":"ENESA dar\u00e1 continuidad en 2023 a las subvenciones de 2022"},"content":{"rendered":"\n<p>La subvenci\u00f3n base se mantendr\u00e1 en el plan 2023 tal y como est\u00e1 en el plan 2022 por lo que los agricultores y ganaderos contar\u00e1n con 10 puntos porcentuales m\u00e1s de subvenci\u00f3n base que en los anteriores diez a\u00f1os.<\/p>\n\n\n\n<p>De esta medida podr\u00e1n beneficiarse la mayor\u00eda de asegurados, gracias a la aprobaci\u00f3n del 44\u00ba Plan de Seguros Agrarios Combinados para 2023, que destina una partida de 317,7 millones de euros para subvencionar las p\u00f3lizas de los seguros agrarios. Esta cantidad supone un aumento de 60 millones de euros respecto a la cantidad destinada el a\u00f1o anterior.<\/p>\n\n\n\n<p>Como media, la subvenci\u00f3n del MAPA representa el 40% del coste de las p\u00f3lizas que se pueden contratar con Agroseguro en las diferentes l\u00edneas tanto de agrarios como de seguros ganaderos. Este mayor apoyo p\u00fablico, es muy importante para las explotaciones agrarias, pues el coste medio del seguro agrario no sufre subidas este a\u00f1o, cuando el resto de los imputs que soportan los profesionales del campo se han disparado.<\/p>\n","protected":false},"excerpt":{"rendered":"<p>La subvenci\u00f3n base se mantendr\u00e1 en el plan 2023 tal y como est\u00e1 en el plan 2022 por lo que los agricultores y ganaderos contar\u00e1n con 10 puntos porcentuales m\u00e1s de subvenci\u00f3n base que en los anteriores diez a\u00f1os. De esta medida podr\u00e1n beneficiarse la mayor\u00eda de asegurados, gracias a la aprobaci\u00f3n del 44\u00ba Plan [&hellip;]<\/p>\n","protected":false},"author":9,"featured_media":11709,"comment_status":"open","ping_status":"open","sticky":false,"template":"","format":"standard","meta":{"footnotes":""},"categories":[9,29,28],"tags":[],"yoast_head":"<!-- This site is optimized with the Yoast SEO plugin v24.5 - https:\/\/yoast.com\/wordpress\/plugins\/seo\/ -->\n<title>ENESA dar\u00e1 continuidad en 2023 a las subvenciones de 2022 - ASAJA Palencia<\/title>\n<meta name=\"description\" content=\"La subvenci\u00f3n base se mantendr\u00e1 en el plan 2023 tal y como est\u00e1 en el plan 2022 por lo que los agricultores y ganaderos contar\u00e1n con 10 puntos\" \/>\n<meta name=\"robots\" content=\"index, follow, max-snippet:-1, max-image-preview:large, max-video-preview:-1\" \/>\n<link rel=\"canonical\" href=\"https:\/\/www.asajacyl.com\/palencia\/asaja-palencia-informa\/enesa-dara-continuidad-en-2023-a-las-subvenciones-de-2022\" \/>\n<meta property=\"og:locale\" content=\"es_ES\" \/>\n<meta property=\"og:type\" content=\"article\" \/>\n<meta property=\"og:title\" content=\"ENESA dar\u00e1 continuidad en 2023 a las subvenciones de 2022 - ASAJA Palencia\" \/>\n<meta property=\"og:description\" content=\"La subvenci\u00f3n base se mantendr\u00e1 en el plan 2023 tal y como est\u00e1 en el plan 2022 por lo que los agricultores y ganaderos contar\u00e1n con 10 puntos\" \/>\n<meta property=\"og:url\" content=\"https:\/\/www.asajacyl.com\/palencia\/asaja-palencia-informa\/enesa-dara-continuidad-en-2023-a-las-subvenciones-de-2022\" \/>\n<meta property=\"og:site_name\" content=\"ASAJA Palencia\" \/>\n<meta property=\"article:published_time\" content=\"2022-11-13T13:44:00+00:00\" \/>\n<meta property=\"og:image\" content=\"https:\/\/www.asajacyl.com\/palencia\/wp-content\/uploads\/sites\/3\/2022\/11\/SIEMBRA.jpg\" \/>\n\t<meta property=\"og:image:width\" content=\"2000\" \/>\n\t<meta property=\"og:image:height\" content=\"900\" \/>\n\t<meta property=\"og:image:type\" content=\"image\/jpeg\" \/>\n<meta name=\"author\" content=\"Administrador\" \/>\n<meta name=\"twitter:card\" content=\"summary_large_image\" \/>\n<meta name=\"twitter:label1\" content=\"Escrito por\" \/>\n\t<meta name=\"twitter:data1\" content=\"Administrador\" \/>\n\t<meta name=\"twitter:label2\" content=\"Tiempo de lectura\" \/>\n\t<meta name=\"twitter:data2\" content=\"1 minuto\" \/>\n<script type=\"application\/ld+json\" class=\"yoast-schema-graph\">{\"@context\":\"https:\/\/schema.org\",\"@graph\":[{\"@type\":\"WebPage\",\"@id\":\"https:\/\/www.asajacyl.com\/palencia\/asaja-palencia-informa\/enesa-dara-continuidad-en-2023-a-las-subvenciones-de-2022\",\"url\":\"https:\/\/www.asajacyl.com\/palencia\/asaja-palencia-informa\/enesa-dara-continuidad-en-2023-a-las-subvenciones-de-2022\",\"name\":\"ENESA dar\u00e1 continuidad en 2023 a las subvenciones de 2022 - ASAJA Palencia\",\"isPartOf\":{\"@id\":\"https:\/\/www.asajacyl.com\/palencia\/#website\"},\"primaryImageOfPage\":{\"@id\":\"https:\/\/www.asajacyl.com\/palencia\/asaja-palencia-informa\/enesa-dara-continuidad-en-2023-a-las-subvenciones-de-2022#primaryimage\"},\"image\":{\"@id\":\"https:\/\/www.asajacyl.com\/palencia\/asaja-palencia-informa\/enesa-dara-continuidad-en-2023-a-las-subvenciones-de-2022#primaryimage\"},\"thumbnailUrl\":\"https:\/\/www.asajacyl.com\/palencia\/wp-content\/uploads\/sites\/3\/2022\/11\/SIEMBRA.jpg\",\"datePublished\":\"2022-11-13T13:44:00+00:00\",\"author\":{\"@id\":\"https:\/\/www.asajacyl.com\/palencia\/#\/schema\/person\/3ab17aeb03527485c317557fae64aab1\"},\"description\":\"La subvenci\u00f3n base se mantendr\u00e1 en el plan 2023 tal y como est\u00e1 en el plan 2022 por lo que los agricultores y ganaderos contar\u00e1n con 10 puntos\",\"breadcrumb\":{\"@id\":\"https:\/\/www.asajacyl.com\/palencia\/asaja-palencia-informa\/enesa-dara-continuidad-en-2023-a-las-subvenciones-de-2022#breadcrumb\"},\"inLanguage\":\"es\",\"potentialAction\":[{\"@type\":\"ReadAction\",\"target\":[\"https:\/\/www.asajacyl.com\/palencia\/asaja-palencia-informa\/enesa-dara-continuidad-en-2023-a-las-subvenciones-de-2022\"]}]},{\"@type\":\"ImageObject\",\"inLanguage\":\"es\",\"@id\":\"https:\/\/www.asajacyl.com\/palencia\/asaja-palencia-informa\/enesa-dara-continuidad-en-2023-a-las-subvenciones-de-2022#primaryimage\",\"url\":\"https:\/\/www.asajacyl.com\/palencia\/wp-content\/uploads\/sites\/3\/2022\/11\/SIEMBRA.jpg\",\"contentUrl\":\"https:\/\/www.asajacyl.com\/palencia\/wp-content\/uploads\/sites\/3\/2022\/11\/SIEMBRA.jpg\",\"width\":2000,\"height\":900},{\"@type\":\"BreadcrumbList\",\"@id\":\"https:\/\/www.asajacyl.com\/palencia\/asaja-palencia-informa\/enesa-dara-continuidad-en-2023-a-las-subvenciones-de-2022#breadcrumb\",\"itemListElement\":[{\"@type\":\"ListItem\",\"position\":1,\"name\":\"Portada\",\"item\":\"https:\/\/www.asajacyl.com\/palencia\/\"},{\"@type\":\"ListItem\",\"position\":2,\"name\":\"ENESA dar\u00e1 continuidad en 2023 a las subvenciones de 2022\"}]},{\"@type\":\"WebSite\",\"@id\":\"https:\/\/www.asajacyl.com\/palencia\/#website\",\"url\":\"https:\/\/www.asajacyl.com\/palencia\/\",\"name\":\"ASAJA Palencia\",\"description\":\"Otro sitio m\u00e1s de Provincias ASAJA Castilla y Le\u00f3n\",\"potentialAction\":[{\"@type\":\"SearchAction\",\"target\":{\"@type\":\"EntryPoint\",\"urlTemplate\":\"https:\/\/www.asajacyl.com\/palencia\/?s={search_term_string}\"},\"query-input\":{\"@type\":\"PropertyValueSpecification\",\"valueRequired\":true,\"valueName\":\"search_term_string\"}}],\"inLanguage\":\"es\"},{\"@type\":\"Person\",\"@id\":\"https:\/\/www.asajacyl.com\/palencia\/#\/schema\/person\/3ab17aeb03527485c317557fae64aab1\",\"name\":\"Administrador\",\"image\":{\"@type\":\"ImageObject\",\"inLanguage\":\"es\",\"@id\":\"https:\/\/www.asajacyl.com\/palencia\/#\/schema\/person\/image\/\",\"url\":\"https:\/\/secure.gravatar.com\/avatar\/517384810d242ca9e38c180f3c9fb973?s=96&d=mm&r=g\",\"contentUrl\":\"https:\/\/secure.gravatar.com\/avatar\/517384810d242ca9e38c180f3c9fb973?s=96&d=mm&r=g\",\"caption\":\"Administrador\"},\"url\":\"https:\/\/www.asajacyl.com\/palencia\/author\/carlosrm\"}]}<\/script>\n<!-- \/ Yoast SEO plugin. -->","yoast_head_json":{"title":"ENESA dar\u00e1 continuidad en 2023 a las subvenciones de 2022 - ASAJA Palencia","description":"La subvenci\u00f3n base se mantendr\u00e1 en el plan 2023 tal y como est\u00e1 en el plan 2022 por lo que los agricultores y ganaderos contar\u00e1n con 10 puntos","robots":{"index":"index","follow":"follow","max-snippet":"max-snippet:-1","max-image-preview":"max-image-preview:large","max-video-preview":"max-video-preview:-1"},"canonical":"https:\/\/www.asajacyl.com\/palencia\/asaja-palencia-informa\/enesa-dara-continuidad-en-2023-a-las-subvenciones-de-2022","og_locale":"es_ES","og_type":"article","og_title":"ENESA dar\u00e1 continuidad en 2023 a las subvenciones de 2022 - ASAJA Palencia","og_description":"La subvenci\u00f3n base se mantendr\u00e1 en el plan 2023 tal y como est\u00e1 en el plan 2022 por lo que los agricultores y ganaderos contar\u00e1n con 10 puntos","og_url":"https:\/\/www.asajacyl.com\/palencia\/asaja-palencia-informa\/enesa-dara-continuidad-en-2023-a-las-subvenciones-de-2022","og_site_name":"ASAJA Palencia","article_published_time":"2022-11-13T13:44:00+00:00","og_image":[{"width":2000,"height":900,"url":"https:\/\/www.asajacyl.com\/palencia\/wp-content\/uploads\/sites\/3\/2022\/11\/SIEMBRA.jpg","type":"image\/jpeg"}],"author":"Administrador","twitter_card":"summary_large_image","twitter_misc":{"Escrito por":"Administrador","Tiempo de lectura":"1 minuto"},"schema":{"@context":"https:\/\/schema.org","@graph":[{"@type":"WebPage","@id":"https:\/\/www.asajacyl.com\/palencia\/asaja-palencia-informa\/enesa-dara-continuidad-en-2023-a-las-subvenciones-de-2022","url":"https:\/\/www.asajacyl.com\/palencia\/asaja-palencia-informa\/enesa-dara-continuidad-en-2023-a-las-subvenciones-de-2022","name":"ENESA dar\u00e1 continuidad en 2023 a las subvenciones de 2022 - ASAJA Palencia","isPartOf":{"@id":"https:\/\/www.asajacyl.com\/palencia\/#website"},"primaryImageOfPage":{"@id":"https:\/\/www.asajacyl.com\/palencia\/asaja-palencia-informa\/enesa-dara-continuidad-en-2023-a-las-subvenciones-de-2022#primaryimage"},"image":{"@id":"https:\/\/www.asajacyl.com\/palencia\/asaja-palencia-informa\/enesa-dara-continuidad-en-2023-a-las-subvenciones-de-2022#primaryimage"},"thumbnailUrl":"https:\/\/www.asajacyl.com\/palencia\/wp-content\/uploads\/sites\/3\/2022\/11\/SIEMBRA.jpg","datePublished":"2022-11-13T13:44:00+00:00","author":{"@id":"https:\/\/www.asajacyl.com\/palencia\/#\/schema\/person\/3ab17aeb03527485c317557fae64aab1"},"description":"La subvenci\u00f3n base se mantendr\u00e1 en el plan 2023 tal y como est\u00e1 en el plan 2022 por lo que los agricultores y ganaderos contar\u00e1n con 10 puntos","breadcrumb":{"@id":"https:\/\/www.asajacyl.com\/palencia\/asaja-palencia-informa\/enesa-dara-continuidad-en-2023-a-las-subvenciones-de-2022#breadcrumb"},"inLanguage":"es","potentialAction":[{"@type":"ReadAction","target":["https:\/\/www.asajacyl.com\/palencia\/asaja-palencia-informa\/enesa-dara-continuidad-en-2023-a-las-subvenciones-de-2022"]}]},{"@type":"ImageObject","inLanguage":"es","@id":"https:\/\/www.asajacyl.com\/palencia\/asaja-palencia-informa\/enesa-dara-continuidad-en-2023-a-las-subvenciones-de-2022#primaryimage","url":"https:\/\/www.asajacyl.com\/palencia\/wp-content\/uploads\/sites\/3\/2022\/11\/SIEMBRA.jpg","contentUrl":"https:\/\/www.asajacyl.com\/palencia\/wp-content\/uploads\/sites\/3\/2022\/11\/SIEMBRA.jpg","width":2000,"height":900},{"@type":"BreadcrumbList","@id":"https:\/\/www.asajacyl.com\/palencia\/asaja-palencia-informa\/enesa-dara-continuidad-en-2023-a-las-subvenciones-de-2022#breadcrumb","itemListElement":[{"@type":"ListItem","position":1,"name":"Portada","item":"https:\/\/www.asajacyl.com\/palencia\/"},{"@type":"ListItem","position":2,"name":"ENESA dar\u00e1 continuidad en 2023 a las subvenciones de 2022"}]},{"@type":"WebSite","@id":"https:\/\/www.asajacyl.com\/palencia\/#website","url":"https:\/\/www.asajacyl.com\/palencia\/","name":"ASAJA Palencia","description":"Otro sitio m\u00e1s de Provincias ASAJA Castilla y Le\u00f3n","potentialAction":[{"@type":"SearchAction","target":{"@type":"EntryPoint","urlTemplate":"https:\/\/www.asajacyl.com\/palencia\/?s={search_term_string}"},"query-input":{"@type":"PropertyValueSpecification","valueRequired":true,"valueName":"search_term_string"}}],"inLanguage":"es"},{"@type":"Person","@id":"https:\/\/www.asajacyl.com\/palencia\/#\/schema\/person\/3ab17aeb03527485c317557fae64aab1","name":"Administrador","image":{"@type":"ImageObject","inLanguage":"es","@id":"https:\/\/www.asajacyl.com\/palencia\/#\/schema\/person\/image\/","url":"https:\/\/secure.gravatar.com\/avatar\/517384810d242ca9e38c180f3c9fb973?s=96&d=mm&r=g","contentUrl":"https:\/\/secure.gravatar.com\/avatar\/517384810d242ca9e38c180f3c9fb973?s=96&d=mm&r=g","caption":"Administrador"},"url":"https:\/\/www.asajacyl.com\/palencia\/author\/carlosrm"}]}},"_links":{"self":[{"href":"https:\/\/www.asajacyl.com\/palencia\/wp-json\/wp\/v2\/posts\/11734"}],"collection":[{"href":"https:\/\/www.asajacyl.com\/palencia\/wp-json\/wp\/v2\/posts"}],"about":[{"href":"https:\/\/www.asajacyl.com\/palencia\/wp-json\/wp\/v2\/types\/post"}],"author":[{"embeddable":true,"href":"https:\/\/www.asajacyl.com\/palencia\/wp-json\/wp\/v2\/users\/9"}],"replies":[{"embeddable":true,"href":"https:\/\/www.asajacyl.com\/palencia\/wp-json\/wp\/v2\/comments?post=11734"}],"version-history":[{"count":1,"href":"https:\/\/www.asajacyl.com\/palencia\/wp-json\/wp\/v2\/posts\/11734\/revisions"}],"predecessor-version":[{"id":11740,"href":"https:\/\/www.asajacyl.com\/palencia\/wp-json\/wp\/v2\/posts\/11734\/revisions\/11740"}],"wp:featuredmedia":[{"embeddable":true,"href":"https:\/\/www.asajacyl.com\/palencia\/wp-json\/wp\/v2\/media\/11709"}],"wp:attachment":[{"href":"https:\/\/www.asajacyl.com\/palencia\/wp-json\/wp\/v2\/media?parent=11734"}],"wp:term":[{"taxonomy":"category","embeddable":true,"href":"https:\/\/www.asajacyl.com\/palencia\/wp-json\/wp\/v2\/categories?post=11734"},{"taxonomy":"post_tag","embeddable":true,"href":"https:\/\/www.asajacyl.com\/palencia\/wp-json\/wp\/v2\/tags?post=11734"}],"curies":[{"name":"wp","href":"https:\/\/api.w.org\/{rel}","templated":true}]}}