{"id":11745,"date":"2022-11-12T09:23:56","date_gmt":"2022-11-12T08:23:56","guid":{"rendered":"https:\/\/www.asajacyl.com\/palencia\/?p=11745"},"modified":"2022-11-11T09:24:32","modified_gmt":"2022-11-11T08:24:32","slug":"ya-en-marcha-el-erasmus-agrario-y-ganadero-de-asaja","status":"publish","type":"post","link":"https:\/\/www.asajacyl.com\/palencia\/asaja-palencia-informa\/ya-en-marcha-el-erasmus-agrario-y-ganadero-de-asaja","title":{"rendered":"Ya en marcha el \u201cErasmus\u201d agrario y ganadero de ASAJA"},"content":{"rendered":"\n<p>Nerea y Diego son los primeros j\u00f3venes que participan en el \u201cErasmus Agrario\u201d que organizamos desde ASAJA, en colaboraci\u00f3n con la Junta de Castilla y Le\u00f3n. Gracias a este programa de movilidad los nuevos profesionales agrarios y ganaderos pueden adquirir y consolidar conocimientos \u00fatiles para aplicar en su actividad.<\/p>\n\n\n\n<p>Diego Garc\u00eda S\u00e1nchez, vallisoletano, que realiz\u00f3 con nuestra organizaci\u00f3n el curso de incorporaci\u00f3n a la empresa agraria, con la idea de trabajar en el sector, ha estado en una de las explotaciones modelo de nuestros socios, en concreto \u201cMontes Torozos S.L.\u201d. La explotaci\u00f3n est\u00e1 integrada por una granja de vacuno de carne limus\u00edn en Pinarnegrillo y otra en Villabr\u00e1gima. La ganader\u00eda es semiextensiva. Las madres (nodrizas) est\u00e1n sueltas por el campo y todos los d\u00edas se las da de comer en los amarres. Hay 18 corrales que cuentan con 25-35 vacas y un toro por corral. Las cr\u00edas son destetadas a los 3-4 meses aproximadamente, existiendo cebaderos en la propia explotaci\u00f3n. En los mismos se engordan a los teneros hasta su venta.<\/p>\n\n\n\n<p>Nerea del R\u00edo G\u00f3mez, de Robladillo de Ucieza, Palencia, es una joven titular de una explotaci\u00f3n ganadera, interesada en conocer y aprender c\u00f3mo funcionan otros profesionales. La explotaci\u00f3n de acogida es \u201cHijos de Candelas S.C\u201d, situada en Hontoria de Cerrato (Palencia). Es una explotaci\u00f3n ganadera de ovino de aptitud l\u00e1ctea, formada por 1.100 hembras reproductoras y 300 de reposici\u00f3n. Es una explotaci\u00f3n comprometida con el bienestar de los animales, y destina el esti\u00e9rcol de la explotaci\u00f3n ganadera a mantener la fertilidad de las explotaciones agr\u00edcolas colindantes. Destina su producci\u00f3n a la venta de leche a la industria quesera y tambi\u00e9n vende lechazos.<\/p>\n\n\n\n<p>En pocos d\u00edas participar\u00e1 en el \u201cErasmus agrario\u201d otra joven, Milagros, que tambi\u00e9n ha hecho el curso de incorporaci\u00f3n con ASAJA. Est\u00e1 previsto tambi\u00e9n que otros cuatro alumnos se sumen tras la pausa navide\u00f1a. ASAJA ha elaborado un amplio y diverso cat\u00e1logo de explotaciones de referencia en todas las provincias de Castilla y Le\u00f3n, que cubren diferentes modelos productivos: tanto de agricultura de secano como regad\u00edo, as\u00ed como ecol\u00f3gica, como ganader\u00eda, desde ovino, caprino y vacuno, de carne o de leche, pasando por el porcino, la producci\u00f3n de queso o la helicicultura.<\/p>\n\n\n\n<p>El \u201cErasmus Agrario\u201d est\u00e1 enfocado a capacitar prioritariamente a los j\u00f3venes que van a incorporarse o reci\u00e9n incorporados a la actividad agraria, para que puedan afrontar propuestas de innovaci\u00f3n y tecnificaci\u00f3n y mejorar as\u00ed la eficiencia y competitividad de las explotaciones. Las estancias de los j\u00f3venes en la explotaci\u00f3n son gratuitas y tienen una duraci\u00f3n de entre 5 y 15 d\u00edas laborables, con siete horas de experiencia pr\u00e1ctica diaria. Las jornadas podr\u00e1n ir acompa\u00f1adas de diferentes visitas a centros tecnol\u00f3gicos, empresas de servicios, industrias agroalimentarias punteras en el territorio regional.<\/p>\n\n\n\n<p>ASAJA Castilla y Le\u00f3n es una de las entidades gestoras de este programa y se encarga de identificar explotaciones punteras que acogen a los j\u00f3venes, disponiendo de un cat\u00e1logo de explotaciones de referencia. Adem\u00e1s, selecciona y propone, a la Consejer\u00eda de Agricultura, Ganader\u00eda y Desarrollo Rural los destinatarios, juntamente con las explotaciones de acogida elegidas.<\/p>\n","protected":false},"excerpt":{"rendered":"<p>Nerea y Diego son los primeros j\u00f3venes que participan en el \u201cErasmus Agrario\u201d que organizamos desde ASAJA, en colaboraci\u00f3n con la Junta de Castilla y Le\u00f3n. Gracias a este programa de movilidad los nuevos profesionales agrarios y ganaderos pueden adquirir y consolidar conocimientos \u00fatiles para aplicar en su actividad. Diego Garc\u00eda S\u00e1nchez, vallisoletano, que realiz\u00f3 [&hellip;]<\/p>\n","protected":false},"author":9,"featured_media":11746,"comment_status":"open","ping_status":"open","sticky":false,"template":"","format":"standard","meta":{"footnotes":""},"categories":[9,29,28],"tags":[],"yoast_head":"<!-- This site is optimized with the Yoast SEO plugin v24.5 - https:\/\/yoast.com\/wordpress\/plugins\/seo\/ -->\n<title>Ya en marcha el \u201cErasmus\u201d agrario y ganadero de ASAJA - ASAJA Palencia<\/title>\n<meta name=\"description\" content=\"Nerea y Diego son los primeros j\u00f3venes que participan en el \u201cErasmus Agrario\u201d que organizamos desde ASAJA, en colaboraci\u00f3n con la Junta de Castilla y\" \/>\n<meta name=\"robots\" content=\"index, follow, max-snippet:-1, max-image-preview:large, max-video-preview:-1\" \/>\n<link rel=\"canonical\" href=\"https:\/\/www.asajacyl.com\/palencia\/asaja-palencia-informa\/ya-en-marcha-el-erasmus-agrario-y-ganadero-de-asaja\" \/>\n<meta property=\"og:locale\" content=\"es_ES\" \/>\n<meta property=\"og:type\" content=\"article\" \/>\n<meta property=\"og:title\" content=\"Ya en marcha el \u201cErasmus\u201d agrario y ganadero de ASAJA - ASAJA Palencia\" \/>\n<meta property=\"og:description\" content=\"Nerea y Diego son los primeros j\u00f3venes que participan en el \u201cErasmus Agrario\u201d que organizamos desde ASAJA, en colaboraci\u00f3n con la Junta de Castilla y\" \/>\n<meta property=\"og:url\" content=\"https:\/\/www.asajacyl.com\/palencia\/asaja-palencia-informa\/ya-en-marcha-el-erasmus-agrario-y-ganadero-de-asaja\" \/>\n<meta property=\"og:site_name\" content=\"ASAJA Palencia\" \/>\n<meta property=\"article:published_time\" content=\"2022-11-12T08:23:56+00:00\" \/>\n<meta property=\"og:image\" content=\"https:\/\/www.asajacyl.com\/palencia\/wp-content\/uploads\/sites\/3\/2022\/11\/ERASMUS.jpg\" \/>\n\t<meta property=\"og:image:width\" content=\"805\" \/>\n\t<meta property=\"og:image:height\" content=\"1024\" \/>\n\t<meta property=\"og:image:type\" content=\"image\/jpeg\" \/>\n<meta name=\"author\" content=\"Administrador\" \/>\n<meta name=\"twitter:card\" content=\"summary_large_image\" \/>\n<meta name=\"twitter:label1\" content=\"Escrito por\" \/>\n\t<meta name=\"twitter:data1\" content=\"Administrador\" \/>\n\t<meta name=\"twitter:label2\" content=\"Tiempo de lectura\" \/>\n\t<meta name=\"twitter:data2\" content=\"3 minutos\" \/>\n<script type=\"application\/ld+json\" class=\"yoast-schema-graph\">{\"@context\":\"https:\/\/schema.org\",\"@graph\":[{\"@type\":\"WebPage\",\"@id\":\"https:\/\/www.asajacyl.com\/palencia\/asaja-palencia-informa\/ya-en-marcha-el-erasmus-agrario-y-ganadero-de-asaja\",\"url\":\"https:\/\/www.asajacyl.com\/palencia\/asaja-palencia-informa\/ya-en-marcha-el-erasmus-agrario-y-ganadero-de-asaja\",\"name\":\"Ya en marcha el \u201cErasmus\u201d agrario y ganadero de ASAJA - ASAJA Palencia\",\"isPartOf\":{\"@id\":\"https:\/\/www.asajacyl.com\/palencia\/#website\"},\"primaryImageOfPage\":{\"@id\":\"https:\/\/www.asajacyl.com\/palencia\/asaja-palencia-informa\/ya-en-marcha-el-erasmus-agrario-y-ganadero-de-asaja#primaryimage\"},\"image\":{\"@id\":\"https:\/\/www.asajacyl.com\/palencia\/asaja-palencia-informa\/ya-en-marcha-el-erasmus-agrario-y-ganadero-de-asaja#primaryimage\"},\"thumbnailUrl\":\"https:\/\/www.asajacyl.com\/palencia\/wp-content\/uploads\/sites\/3\/2022\/11\/ERASMUS.jpg\",\"datePublished\":\"2022-11-12T08:23:56+00:00\",\"author\":{\"@id\":\"https:\/\/www.asajacyl.com\/palencia\/#\/schema\/person\/3ab17aeb03527485c317557fae64aab1\"},\"description\":\"Nerea y Diego son los primeros j\u00f3venes que participan en el \u201cErasmus Agrario\u201d que organizamos desde ASAJA, en colaboraci\u00f3n con la Junta de Castilla y\",\"breadcrumb\":{\"@id\":\"https:\/\/www.asajacyl.com\/palencia\/asaja-palencia-informa\/ya-en-marcha-el-erasmus-agrario-y-ganadero-de-asaja#breadcrumb\"},\"inLanguage\":\"es\",\"potentialAction\":[{\"@type\":\"ReadAction\",\"target\":[\"https:\/\/www.asajacyl.com\/palencia\/asaja-palencia-informa\/ya-en-marcha-el-erasmus-agrario-y-ganadero-de-asaja\"]}]},{\"@type\":\"ImageObject\",\"inLanguage\":\"es\",\"@id\":\"https:\/\/www.asajacyl.com\/palencia\/asaja-palencia-informa\/ya-en-marcha-el-erasmus-agrario-y-ganadero-de-asaja#primaryimage\",\"url\":\"https:\/\/www.asajacyl.com\/palencia\/wp-content\/uploads\/sites\/3\/2022\/11\/ERASMUS.jpg\",\"contentUrl\":\"https:\/\/www.asajacyl.com\/palencia\/wp-content\/uploads\/sites\/3\/2022\/11\/ERASMUS.jpg\",\"width\":805,\"height\":1024},{\"@type\":\"BreadcrumbList\",\"@id\":\"https:\/\/www.asajacyl.com\/palencia\/asaja-palencia-informa\/ya-en-marcha-el-erasmus-agrario-y-ganadero-de-asaja#breadcrumb\",\"itemListElement\":[{\"@type\":\"ListItem\",\"position\":1,\"name\":\"Portada\",\"item\":\"https:\/\/www.asajacyl.com\/palencia\/\"},{\"@type\":\"ListItem\",\"position\":2,\"name\":\"Ya en marcha el \u201cErasmus\u201d agrario y ganadero de ASAJA\"}]},{\"@type\":\"WebSite\",\"@id\":\"https:\/\/www.asajacyl.com\/palencia\/#website\",\"url\":\"https:\/\/www.asajacyl.com\/palencia\/\",\"name\":\"ASAJA Palencia\",\"description\":\"Otro sitio m\u00e1s de Provincias ASAJA Castilla y Le\u00f3n\",\"potentialAction\":[{\"@type\":\"SearchAction\",\"target\":{\"@type\":\"EntryPoint\",\"urlTemplate\":\"https:\/\/www.asajacyl.com\/palencia\/?s={search_term_string}\"},\"query-input\":{\"@type\":\"PropertyValueSpecification\",\"valueRequired\":true,\"valueName\":\"search_term_string\"}}],\"inLanguage\":\"es\"},{\"@type\":\"Person\",\"@id\":\"https:\/\/www.asajacyl.com\/palencia\/#\/schema\/person\/3ab17aeb03527485c317557fae64aab1\",\"name\":\"Administrador\",\"image\":{\"@type\":\"ImageObject\",\"inLanguage\":\"es\",\"@id\":\"https:\/\/www.asajacyl.com\/palencia\/#\/schema\/person\/image\/\",\"url\":\"https:\/\/secure.gravatar.com\/avatar\/517384810d242ca9e38c180f3c9fb973?s=96&d=mm&r=g\",\"contentUrl\":\"https:\/\/secure.gravatar.com\/avatar\/517384810d242ca9e38c180f3c9fb973?s=96&d=mm&r=g\",\"caption\":\"Administrador\"},\"url\":\"https:\/\/www.asajacyl.com\/palencia\/author\/carlosrm\"}]}<\/script>\n<!-- \/ Yoast SEO plugin. -->","yoast_head_json":{"title":"Ya en marcha el \u201cErasmus\u201d agrario y ganadero de ASAJA - ASAJA Palencia","description":"Nerea y Diego son los primeros j\u00f3venes que participan en el \u201cErasmus Agrario\u201d que organizamos desde ASAJA, en colaboraci\u00f3n con la Junta de Castilla y","robots":{"index":"index","follow":"follow","max-snippet":"max-snippet:-1","max-image-preview":"max-image-preview:large","max-video-preview":"max-video-preview:-1"},"canonical":"https:\/\/www.asajacyl.com\/palencia\/asaja-palencia-informa\/ya-en-marcha-el-erasmus-agrario-y-ganadero-de-asaja","og_locale":"es_ES","og_type":"article","og_title":"Ya en marcha el \u201cErasmus\u201d agrario y ganadero de ASAJA - ASAJA Palencia","og_description":"Nerea y Diego son los primeros j\u00f3venes que participan en el \u201cErasmus Agrario\u201d que organizamos desde ASAJA, en colaboraci\u00f3n con la Junta de Castilla y","og_url":"https:\/\/www.asajacyl.com\/palencia\/asaja-palencia-informa\/ya-en-marcha-el-erasmus-agrario-y-ganadero-de-asaja","og_site_name":"ASAJA Palencia","article_published_time":"2022-11-12T08:23:56+00:00","og_image":[{"width":805,"height":1024,"url":"https:\/\/www.asajacyl.com\/palencia\/wp-content\/uploads\/sites\/3\/2022\/11\/ERASMUS.jpg","type":"image\/jpeg"}],"author":"Administrador","twitter_card":"summary_large_image","twitter_misc":{"Escrito por":"Administrador","Tiempo de lectura":"3 minutos"},"schema":{"@context":"https:\/\/schema.org","@graph":[{"@type":"WebPage","@id":"https:\/\/www.asajacyl.com\/palencia\/asaja-palencia-informa\/ya-en-marcha-el-erasmus-agrario-y-ganadero-de-asaja","url":"https:\/\/www.asajacyl.com\/palencia\/asaja-palencia-informa\/ya-en-marcha-el-erasmus-agrario-y-ganadero-de-asaja","name":"Ya en marcha el \u201cErasmus\u201d agrario y ganadero de ASAJA - ASAJA Palencia","isPartOf":{"@id":"https:\/\/www.asajacyl.com\/palencia\/#website"},"primaryImageOfPage":{"@id":"https:\/\/www.asajacyl.com\/palencia\/asaja-palencia-informa\/ya-en-marcha-el-erasmus-agrario-y-ganadero-de-asaja#primaryimage"},"image":{"@id":"https:\/\/www.asajacyl.com\/palencia\/asaja-palencia-informa\/ya-en-marcha-el-erasmus-agrario-y-ganadero-de-asaja#primaryimage"},"thumbnailUrl":"https:\/\/www.asajacyl.com\/palencia\/wp-content\/uploads\/sites\/3\/2022\/11\/ERASMUS.jpg","datePublished":"2022-11-12T08:23:56+00:00","author":{"@id":"https:\/\/www.asajacyl.com\/palencia\/#\/schema\/person\/3ab17aeb03527485c317557fae64aab1"},"description":"Nerea y Diego son los primeros j\u00f3venes que participan en el \u201cErasmus Agrario\u201d que organizamos desde ASAJA, en colaboraci\u00f3n con la Junta de Castilla y","breadcrumb":{"@id":"https:\/\/www.asajacyl.com\/palencia\/asaja-palencia-informa\/ya-en-marcha-el-erasmus-agrario-y-ganadero-de-asaja#breadcrumb"},"inLanguage":"es","potentialAction":[{"@type":"ReadAction","target":["https:\/\/www.asajacyl.com\/palencia\/asaja-palencia-informa\/ya-en-marcha-el-erasmus-agrario-y-ganadero-de-asaja"]}]},{"@type":"ImageObject","inLanguage":"es","@id":"https:\/\/www.asajacyl.com\/palencia\/asaja-palencia-informa\/ya-en-marcha-el-erasmus-agrario-y-ganadero-de-asaja#primaryimage","url":"https:\/\/www.asajacyl.com\/palencia\/wp-content\/uploads\/sites\/3\/2022\/11\/ERASMUS.jpg","contentUrl":"https:\/\/www.asajacyl.com\/palencia\/wp-content\/uploads\/sites\/3\/2022\/11\/ERASMUS.jpg","width":805,"height":1024},{"@type":"BreadcrumbList","@id":"https:\/\/www.asajacyl.com\/palencia\/asaja-palencia-informa\/ya-en-marcha-el-erasmus-agrario-y-ganadero-de-asaja#breadcrumb","itemListElement":[{"@type":"ListItem","position":1,"name":"Portada","item":"https:\/\/www.asajacyl.com\/palencia\/"},{"@type":"ListItem","position":2,"name":"Ya en marcha el \u201cErasmus\u201d agrario y ganadero de ASAJA"}]},{"@type":"WebSite","@id":"https:\/\/www.asajacyl.com\/palencia\/#website","url":"https:\/\/www.asajacyl.com\/palencia\/","name":"ASAJA Palencia","description":"Otro sitio m\u00e1s de Provincias ASAJA Castilla y Le\u00f3n","potentialAction":[{"@type":"SearchAction","target":{"@type":"EntryPoint","urlTemplate":"https:\/\/www.asajacyl.com\/palencia\/?s={search_term_string}"},"query-input":{"@type":"PropertyValueSpecification","valueRequired":true,"valueName":"search_term_string"}}],"inLanguage":"es"},{"@type":"Person","@id":"https:\/\/www.asajacyl.com\/palencia\/#\/schema\/person\/3ab17aeb03527485c317557fae64aab1","name":"Administrador","image":{"@type":"ImageObject","inLanguage":"es","@id":"https:\/\/www.asajacyl.com\/palencia\/#\/schema\/person\/image\/","url":"https:\/\/secure.gravatar.com\/avatar\/517384810d242ca9e38c180f3c9fb973?s=96&d=mm&r=g","contentUrl":"https:\/\/secure.gravatar.com\/avatar\/517384810d242ca9e38c180f3c9fb973?s=96&d=mm&r=g","caption":"Administrador"},"url":"https:\/\/www.asajacyl.com\/palencia\/author\/carlosrm"}]}},"_links":{"self":[{"href":"https:\/\/www.asajacyl.com\/palencia\/wp-json\/wp\/v2\/posts\/11745"}],"collection":[{"href":"https:\/\/www.asajacyl.com\/palencia\/wp-json\/wp\/v2\/posts"}],"about":[{"href":"https:\/\/www.asajacyl.com\/palencia\/wp-json\/wp\/v2\/types\/post"}],"author":[{"embeddable":true,"href":"https:\/\/www.asajacyl.com\/palencia\/wp-json\/wp\/v2\/users\/9"}],"replies":[{"embeddable":true,"href":"https:\/\/www.asajacyl.com\/palencia\/wp-json\/wp\/v2\/comments?post=11745"}],"version-history":[{"count":1,"href":"https:\/\/www.asajacyl.com\/palencia\/wp-json\/wp\/v2\/posts\/11745\/revisions"}],"predecessor-version":[{"id":11747,"href":"https:\/\/www.asajacyl.com\/palencia\/wp-json\/wp\/v2\/posts\/11745\/revisions\/11747"}],"wp:featuredmedia":[{"embeddable":true,"href":"https:\/\/www.asajacyl.com\/palencia\/wp-json\/wp\/v2\/media\/11746"}],"wp:attachment":[{"href":"https:\/\/www.asajacyl.com\/palencia\/wp-json\/wp\/v2\/media?parent=11745"}],"wp:term":[{"taxonomy":"category","embeddable":true,"href":"https:\/\/www.asajacyl.com\/palencia\/wp-json\/wp\/v2\/categories?post=11745"},{"taxonomy":"post_tag","embeddable":true,"href":"https:\/\/www.asajacyl.com\/palencia\/wp-json\/wp\/v2\/tags?post=11745"}],"curies":[{"name":"wp","href":"https:\/\/api.w.org\/{rel}","templated":true}]}}