{"id":11761,"date":"2022-11-16T14:56:00","date_gmt":"2022-11-16T13:56:00","guid":{"rendered":"https:\/\/www.asajacyl.com\/palencia\/?p=11761"},"modified":"2022-11-15T14:58:41","modified_gmt":"2022-11-15T13:58:41","slug":"asaja-pide-que-la-consejeria-se-ponga-las-pilas-y-cumpla-todos-sus-compromisos-con-el-sector","status":"publish","type":"post","link":"https:\/\/www.asajacyl.com\/palencia\/asaja-palencia-informa\/asaja-pide-que-la-consejeria-se-ponga-las-pilas-y-cumpla-todos-sus-compromisos-con-el-sector","title":{"rendered":"ASAJA pide que la Consejer\u00eda se \u00abponga las pilas\u00bb y cumpla todos sus compromisos con el sector"},"content":{"rendered":"\n<p>ASAJA ha participado hoy en la reuni\u00f3n del Consejo Agrario de Castilla y Le\u00f3n, en la que ha pedido con firmeza a Gerardo Due\u00f1as que su Consejer\u00eda cumpla los compromisos anunciados con los agricultores y ganaderos y que siguen sin ser resueltos. Entre ellos, tal como ha subrayado Donaciano Dujo, presidente regional de la organizaci\u00f3n profesional agraria, est\u00e1n las ayudas a sectores afectados por la guerra en Ucrania, \u201c14,2 millones de euros que anunciaron a bombo y platillo hace dos meses y no sabemos si llegan con retraso o directamente han desaparecido\u201d.<\/p>\n\n\n\n<p>Pero tambi\u00e9n siguen sin conocerse los compromisos de las ayudas agroambientales que deben cumplir los cultivos y las producciones ganaderas, a los que tienen que atenerse las siembras que ya est\u00e1n realizando los agricultores, porque es tiempo de ello y el campo no sabe de plazos y burocracia.<\/p>\n\n\n\n<p>Adem\u00e1s, contra lo ocurrido en otras Comunidades Aut\u00f3nomas que ya han publicado sus excepcionalidades, en Castilla y Le\u00f3n no se conoce a\u00fan de qu\u00e9 forma se flexibilizar\u00e1n las normas de la nueva PAC, los l\u00edmites en los que deben trabajar los agricultores y ganaderos en sus tierras, que ya est\u00e1n sembrando desde hace semanas.<\/p>\n\n\n\n<p>Y lo mismo ocurre con las ayudas a zonas afectadas por los grav\u00edsimos incendios de este verano, ayudas que otros sectores econ\u00f3micos de esas zonas ya han recibido y para las que ha transferido fondos la Consejer\u00eda de Hacienda, pero que la Consejer\u00eda de Agricultura y Ganader\u00eda todav\u00eda no ha convocado.<\/p>\n\n\n\n<p>Desde ASAJA nuestro mensaje ha sido claro: \u201cla Consejer\u00eda tiene que ponerse las pilas de una vez, anunciar y no resolver no es admisible, y menos cuando el sector est\u00e1 atravesando una de las peores crisis de rentabilidad que se recuerdan\u201d, ha criticado Donaciano Dujo.<\/p>\n","protected":false},"excerpt":{"rendered":"<p>ASAJA ha participado hoy en la reuni\u00f3n del Consejo Agrario de Castilla y Le\u00f3n, en la que ha pedido con firmeza a Gerardo Due\u00f1as que su Consejer\u00eda cumpla los compromisos anunciados con los agricultores y ganaderos y que siguen sin ser resueltos. Entre ellos, tal como ha subrayado Donaciano Dujo, presidente regional de la organizaci\u00f3n [&hellip;]<\/p>\n","protected":false},"author":9,"featured_media":11711,"comment_status":"open","ping_status":"open","sticky":false,"template":"","format":"standard","meta":{"footnotes":""},"categories":[9,29,28],"tags":[],"yoast_head":"<!-- This site is optimized with the Yoast SEO plugin v24.5 - https:\/\/yoast.com\/wordpress\/plugins\/seo\/ -->\n<title>ASAJA pide que la Consejer\u00eda se &quot;ponga las pilas&quot; y cumpla todos sus compromisos con el sector - ASAJA Palencia<\/title>\n<meta name=\"description\" content=\"ASAJA ha participado hoy en la reuni\u00f3n del Consejo Agrario de Castilla y Le\u00f3n, en la que ha pedido con firmeza a Gerardo Due\u00f1as que su Consejer\u00eda cumpla\" \/>\n<meta name=\"robots\" content=\"index, follow, max-snippet:-1, max-image-preview:large, max-video-preview:-1\" \/>\n<link rel=\"canonical\" href=\"https:\/\/www.asajacyl.com\/palencia\/asaja-palencia-informa\/asaja-pide-que-la-consejeria-se-ponga-las-pilas-y-cumpla-todos-sus-compromisos-con-el-sector\" \/>\n<meta property=\"og:locale\" content=\"es_ES\" \/>\n<meta property=\"og:type\" content=\"article\" \/>\n<meta property=\"og:title\" content=\"ASAJA pide que la Consejer\u00eda se &quot;ponga las pilas&quot; y cumpla todos sus compromisos con el sector - ASAJA Palencia\" \/>\n<meta property=\"og:description\" content=\"ASAJA ha participado hoy en la reuni\u00f3n del Consejo Agrario de Castilla y Le\u00f3n, en la que ha pedido con firmeza a Gerardo Due\u00f1as que su Consejer\u00eda cumpla\" \/>\n<meta property=\"og:url\" content=\"https:\/\/www.asajacyl.com\/palencia\/asaja-palencia-informa\/asaja-pide-que-la-consejeria-se-ponga-las-pilas-y-cumpla-todos-sus-compromisos-con-el-sector\" \/>\n<meta property=\"og:site_name\" content=\"ASAJA Palencia\" \/>\n<meta property=\"article:published_time\" content=\"2022-11-16T13:56:00+00:00\" \/>\n<meta property=\"og:image\" content=\"https:\/\/www.asajacyl.com\/palencia\/wp-content\/uploads\/sites\/3\/2022\/11\/FORRAJE-EMPACADO-ALFALFA-2.jpg\" \/>\n\t<meta property=\"og:image:width\" content=\"2500\" \/>\n\t<meta property=\"og:image:height\" content=\"1875\" \/>\n\t<meta property=\"og:image:type\" content=\"image\/jpeg\" \/>\n<meta name=\"author\" content=\"Administrador\" \/>\n<meta name=\"twitter:card\" content=\"summary_large_image\" \/>\n<meta name=\"twitter:label1\" content=\"Escrito por\" \/>\n\t<meta name=\"twitter:data1\" content=\"Administrador\" \/>\n\t<meta name=\"twitter:label2\" content=\"Tiempo de lectura\" \/>\n\t<meta name=\"twitter:data2\" content=\"2 minutos\" \/>\n<script type=\"application\/ld+json\" class=\"yoast-schema-graph\">{\"@context\":\"https:\/\/schema.org\",\"@graph\":[{\"@type\":\"WebPage\",\"@id\":\"https:\/\/www.asajacyl.com\/palencia\/asaja-palencia-informa\/asaja-pide-que-la-consejeria-se-ponga-las-pilas-y-cumpla-todos-sus-compromisos-con-el-sector\",\"url\":\"https:\/\/www.asajacyl.com\/palencia\/asaja-palencia-informa\/asaja-pide-que-la-consejeria-se-ponga-las-pilas-y-cumpla-todos-sus-compromisos-con-el-sector\",\"name\":\"ASAJA pide que la Consejer\u00eda se \\\"ponga las pilas\\\" y cumpla todos sus compromisos con el sector - ASAJA Palencia\",\"isPartOf\":{\"@id\":\"https:\/\/www.asajacyl.com\/palencia\/#website\"},\"primaryImageOfPage\":{\"@id\":\"https:\/\/www.asajacyl.com\/palencia\/asaja-palencia-informa\/asaja-pide-que-la-consejeria-se-ponga-las-pilas-y-cumpla-todos-sus-compromisos-con-el-sector#primaryimage\"},\"image\":{\"@id\":\"https:\/\/www.asajacyl.com\/palencia\/asaja-palencia-informa\/asaja-pide-que-la-consejeria-se-ponga-las-pilas-y-cumpla-todos-sus-compromisos-con-el-sector#primaryimage\"},\"thumbnailUrl\":\"https:\/\/www.asajacyl.com\/palencia\/wp-content\/uploads\/sites\/3\/2022\/11\/FORRAJE-EMPACADO-ALFALFA-2.jpg\",\"datePublished\":\"2022-11-16T13:56:00+00:00\",\"author\":{\"@id\":\"https:\/\/www.asajacyl.com\/palencia\/#\/schema\/person\/3ab17aeb03527485c317557fae64aab1\"},\"description\":\"ASAJA ha participado hoy en la reuni\u00f3n del Consejo Agrario de Castilla y Le\u00f3n, en la que ha pedido con firmeza a Gerardo Due\u00f1as que su Consejer\u00eda cumpla\",\"breadcrumb\":{\"@id\":\"https:\/\/www.asajacyl.com\/palencia\/asaja-palencia-informa\/asaja-pide-que-la-consejeria-se-ponga-las-pilas-y-cumpla-todos-sus-compromisos-con-el-sector#breadcrumb\"},\"inLanguage\":\"es\",\"potentialAction\":[{\"@type\":\"ReadAction\",\"target\":[\"https:\/\/www.asajacyl.com\/palencia\/asaja-palencia-informa\/asaja-pide-que-la-consejeria-se-ponga-las-pilas-y-cumpla-todos-sus-compromisos-con-el-sector\"]}]},{\"@type\":\"ImageObject\",\"inLanguage\":\"es\",\"@id\":\"https:\/\/www.asajacyl.com\/palencia\/asaja-palencia-informa\/asaja-pide-que-la-consejeria-se-ponga-las-pilas-y-cumpla-todos-sus-compromisos-con-el-sector#primaryimage\",\"url\":\"https:\/\/www.asajacyl.com\/palencia\/wp-content\/uploads\/sites\/3\/2022\/11\/FORRAJE-EMPACADO-ALFALFA-2.jpg\",\"contentUrl\":\"https:\/\/www.asajacyl.com\/palencia\/wp-content\/uploads\/sites\/3\/2022\/11\/FORRAJE-EMPACADO-ALFALFA-2.jpg\",\"width\":2500,\"height\":1875},{\"@type\":\"BreadcrumbList\",\"@id\":\"https:\/\/www.asajacyl.com\/palencia\/asaja-palencia-informa\/asaja-pide-que-la-consejeria-se-ponga-las-pilas-y-cumpla-todos-sus-compromisos-con-el-sector#breadcrumb\",\"itemListElement\":[{\"@type\":\"ListItem\",\"position\":1,\"name\":\"Portada\",\"item\":\"https:\/\/www.asajacyl.com\/palencia\/\"},{\"@type\":\"ListItem\",\"position\":2,\"name\":\"ASAJA pide que la Consejer\u00eda se \u00abponga las pilas\u00bb y cumpla todos sus compromisos con el sector\"}]},{\"@type\":\"WebSite\",\"@id\":\"https:\/\/www.asajacyl.com\/palencia\/#website\",\"url\":\"https:\/\/www.asajacyl.com\/palencia\/\",\"name\":\"ASAJA Palencia\",\"description\":\"Otro sitio m\u00e1s de Provincias ASAJA Castilla y Le\u00f3n\",\"potentialAction\":[{\"@type\":\"SearchAction\",\"target\":{\"@type\":\"EntryPoint\",\"urlTemplate\":\"https:\/\/www.asajacyl.com\/palencia\/?s={search_term_string}\"},\"query-input\":{\"@type\":\"PropertyValueSpecification\",\"valueRequired\":true,\"valueName\":\"search_term_string\"}}],\"inLanguage\":\"es\"},{\"@type\":\"Person\",\"@id\":\"https:\/\/www.asajacyl.com\/palencia\/#\/schema\/person\/3ab17aeb03527485c317557fae64aab1\",\"name\":\"Administrador\",\"image\":{\"@type\":\"ImageObject\",\"inLanguage\":\"es\",\"@id\":\"https:\/\/www.asajacyl.com\/palencia\/#\/schema\/person\/image\/\",\"url\":\"https:\/\/secure.gravatar.com\/avatar\/517384810d242ca9e38c180f3c9fb973?s=96&d=mm&r=g\",\"contentUrl\":\"https:\/\/secure.gravatar.com\/avatar\/517384810d242ca9e38c180f3c9fb973?s=96&d=mm&r=g\",\"caption\":\"Administrador\"},\"url\":\"https:\/\/www.asajacyl.com\/palencia\/author\/carlosrm\"}]}<\/script>\n<!-- \/ Yoast SEO plugin. -->","yoast_head_json":{"title":"ASAJA pide que la Consejer\u00eda se \"ponga las pilas\" y cumpla todos sus compromisos con el sector - ASAJA Palencia","description":"ASAJA ha participado hoy en la reuni\u00f3n del Consejo Agrario de Castilla y Le\u00f3n, en la que ha pedido con firmeza a Gerardo Due\u00f1as que su Consejer\u00eda cumpla","robots":{"index":"index","follow":"follow","max-snippet":"max-snippet:-1","max-image-preview":"max-image-preview:large","max-video-preview":"max-video-preview:-1"},"canonical":"https:\/\/www.asajacyl.com\/palencia\/asaja-palencia-informa\/asaja-pide-que-la-consejeria-se-ponga-las-pilas-y-cumpla-todos-sus-compromisos-con-el-sector","og_locale":"es_ES","og_type":"article","og_title":"ASAJA pide que la Consejer\u00eda se \"ponga las pilas\" y cumpla todos sus compromisos con el sector - ASAJA Palencia","og_description":"ASAJA ha participado hoy en la reuni\u00f3n del Consejo Agrario de Castilla y Le\u00f3n, en la que ha pedido con firmeza a Gerardo Due\u00f1as que su Consejer\u00eda cumpla","og_url":"https:\/\/www.asajacyl.com\/palencia\/asaja-palencia-informa\/asaja-pide-que-la-consejeria-se-ponga-las-pilas-y-cumpla-todos-sus-compromisos-con-el-sector","og_site_name":"ASAJA Palencia","article_published_time":"2022-11-16T13:56:00+00:00","og_image":[{"width":2500,"height":1875,"url":"https:\/\/www.asajacyl.com\/palencia\/wp-content\/uploads\/sites\/3\/2022\/11\/FORRAJE-EMPACADO-ALFALFA-2.jpg","type":"image\/jpeg"}],"author":"Administrador","twitter_card":"summary_large_image","twitter_misc":{"Escrito por":"Administrador","Tiempo de lectura":"2 minutos"},"schema":{"@context":"https:\/\/schema.org","@graph":[{"@type":"WebPage","@id":"https:\/\/www.asajacyl.com\/palencia\/asaja-palencia-informa\/asaja-pide-que-la-consejeria-se-ponga-las-pilas-y-cumpla-todos-sus-compromisos-con-el-sector","url":"https:\/\/www.asajacyl.com\/palencia\/asaja-palencia-informa\/asaja-pide-que-la-consejeria-se-ponga-las-pilas-y-cumpla-todos-sus-compromisos-con-el-sector","name":"ASAJA pide que la Consejer\u00eda se \"ponga las pilas\" y cumpla todos sus compromisos con el sector - ASAJA Palencia","isPartOf":{"@id":"https:\/\/www.asajacyl.com\/palencia\/#website"},"primaryImageOfPage":{"@id":"https:\/\/www.asajacyl.com\/palencia\/asaja-palencia-informa\/asaja-pide-que-la-consejeria-se-ponga-las-pilas-y-cumpla-todos-sus-compromisos-con-el-sector#primaryimage"},"image":{"@id":"https:\/\/www.asajacyl.com\/palencia\/asaja-palencia-informa\/asaja-pide-que-la-consejeria-se-ponga-las-pilas-y-cumpla-todos-sus-compromisos-con-el-sector#primaryimage"},"thumbnailUrl":"https:\/\/www.asajacyl.com\/palencia\/wp-content\/uploads\/sites\/3\/2022\/11\/FORRAJE-EMPACADO-ALFALFA-2.jpg","datePublished":"2022-11-16T13:56:00+00:00","author":{"@id":"https:\/\/www.asajacyl.com\/palencia\/#\/schema\/person\/3ab17aeb03527485c317557fae64aab1"},"description":"ASAJA ha participado hoy en la reuni\u00f3n del Consejo Agrario de Castilla y Le\u00f3n, en la que ha pedido con firmeza a Gerardo Due\u00f1as que su Consejer\u00eda cumpla","breadcrumb":{"@id":"https:\/\/www.asajacyl.com\/palencia\/asaja-palencia-informa\/asaja-pide-que-la-consejeria-se-ponga-las-pilas-y-cumpla-todos-sus-compromisos-con-el-sector#breadcrumb"},"inLanguage":"es","potentialAction":[{"@type":"ReadAction","target":["https:\/\/www.asajacyl.com\/palencia\/asaja-palencia-informa\/asaja-pide-que-la-consejeria-se-ponga-las-pilas-y-cumpla-todos-sus-compromisos-con-el-sector"]}]},{"@type":"ImageObject","inLanguage":"es","@id":"https:\/\/www.asajacyl.com\/palencia\/asaja-palencia-informa\/asaja-pide-que-la-consejeria-se-ponga-las-pilas-y-cumpla-todos-sus-compromisos-con-el-sector#primaryimage","url":"https:\/\/www.asajacyl.com\/palencia\/wp-content\/uploads\/sites\/3\/2022\/11\/FORRAJE-EMPACADO-ALFALFA-2.jpg","contentUrl":"https:\/\/www.asajacyl.com\/palencia\/wp-content\/uploads\/sites\/3\/2022\/11\/FORRAJE-EMPACADO-ALFALFA-2.jpg","width":2500,"height":1875},{"@type":"BreadcrumbList","@id":"https:\/\/www.asajacyl.com\/palencia\/asaja-palencia-informa\/asaja-pide-que-la-consejeria-se-ponga-las-pilas-y-cumpla-todos-sus-compromisos-con-el-sector#breadcrumb","itemListElement":[{"@type":"ListItem","position":1,"name":"Portada","item":"https:\/\/www.asajacyl.com\/palencia\/"},{"@type":"ListItem","position":2,"name":"ASAJA pide que la Consejer\u00eda se \u00abponga las pilas\u00bb y cumpla todos sus compromisos con el sector"}]},{"@type":"WebSite","@id":"https:\/\/www.asajacyl.com\/palencia\/#website","url":"https:\/\/www.asajacyl.com\/palencia\/","name":"ASAJA Palencia","description":"Otro sitio m\u00e1s de Provincias ASAJA Castilla y Le\u00f3n","potentialAction":[{"@type":"SearchAction","target":{"@type":"EntryPoint","urlTemplate":"https:\/\/www.asajacyl.com\/palencia\/?s={search_term_string}"},"query-input":{"@type":"PropertyValueSpecification","valueRequired":true,"valueName":"search_term_string"}}],"inLanguage":"es"},{"@type":"Person","@id":"https:\/\/www.asajacyl.com\/palencia\/#\/schema\/person\/3ab17aeb03527485c317557fae64aab1","name":"Administrador","image":{"@type":"ImageObject","inLanguage":"es","@id":"https:\/\/www.asajacyl.com\/palencia\/#\/schema\/person\/image\/","url":"https:\/\/secure.gravatar.com\/avatar\/517384810d242ca9e38c180f3c9fb973?s=96&d=mm&r=g","contentUrl":"https:\/\/secure.gravatar.com\/avatar\/517384810d242ca9e38c180f3c9fb973?s=96&d=mm&r=g","caption":"Administrador"},"url":"https:\/\/www.asajacyl.com\/palencia\/author\/carlosrm"}]}},"_links":{"self":[{"href":"https:\/\/www.asajacyl.com\/palencia\/wp-json\/wp\/v2\/posts\/11761"}],"collection":[{"href":"https:\/\/www.asajacyl.com\/palencia\/wp-json\/wp\/v2\/posts"}],"about":[{"href":"https:\/\/www.asajacyl.com\/palencia\/wp-json\/wp\/v2\/types\/post"}],"author":[{"embeddable":true,"href":"https:\/\/www.asajacyl.com\/palencia\/wp-json\/wp\/v2\/users\/9"}],"replies":[{"embeddable":true,"href":"https:\/\/www.asajacyl.com\/palencia\/wp-json\/wp\/v2\/comments?post=11761"}],"version-history":[{"count":1,"href":"https:\/\/www.asajacyl.com\/palencia\/wp-json\/wp\/v2\/posts\/11761\/revisions"}],"predecessor-version":[{"id":11762,"href":"https:\/\/www.asajacyl.com\/palencia\/wp-json\/wp\/v2\/posts\/11761\/revisions\/11762"}],"wp:featuredmedia":[{"embeddable":true,"href":"https:\/\/www.asajacyl.com\/palencia\/wp-json\/wp\/v2\/media\/11711"}],"wp:attachment":[{"href":"https:\/\/www.asajacyl.com\/palencia\/wp-json\/wp\/v2\/media?parent=11761"}],"wp:term":[{"taxonomy":"category","embeddable":true,"href":"https:\/\/www.asajacyl.com\/palencia\/wp-json\/wp\/v2\/categories?post=11761"},{"taxonomy":"post_tag","embeddable":true,"href":"https:\/\/www.asajacyl.com\/palencia\/wp-json\/wp\/v2\/tags?post=11761"}],"curies":[{"name":"wp","href":"https:\/\/api.w.org\/{rel}","templated":true}]}}