{"id":11766,"date":"2022-11-17T09:58:00","date_gmt":"2022-11-17T08:58:00","guid":{"rendered":"https:\/\/www.asajacyl.com\/palencia\/?p=11766"},"modified":"2022-11-17T12:34:41","modified_gmt":"2022-11-17T11:34:41","slug":"el-glifosato-parece-que-seguira-un-ano-mas","status":"publish","type":"post","link":"https:\/\/www.asajacyl.com\/palencia\/asaja-palencia-informa\/el-glifosato-parece-que-seguira-un-ano-mas","title":{"rendered":"El glifosato parece que seguir\u00e1 un a\u00f1o m\u00e1s"},"content":{"rendered":"\n<p>El glifosato es un herbicida ampliamente utilizado en Palencia y totalmente necesario para realizar la pr\u00e1ctica agr\u00edcola de la siembra directa. Por su parte, la siembra directa es algo que fomenta Espa\u00f1a, que ha incluido en el Plan Estrat\u00e9gico de la PAC dicha pr\u00e1ctica, junto con la de rotaciones de cultivo, en uno de los ecorreg\u00edmenes a que se pueden acoger los agricultores pero que no podr\u00eda llevarse a cabo si el glifosato.<\/p>\n\n\n\n<p>El 15 de diciembre de 2022 expira la pr\u00f3rroga que las instituciones europeas dieron al al glifosato en el a\u00f1o 2017 y recientemente ha tenido lugar una votaci\u00f3n para decidir sobre la extensi\u00f3n de su uso habiendo sido el resultado de la votaci\u00f3n el siguiente:<\/p>\n\n\n\n<ul><li>En contra: Luxemburgo, Malta y Croacia (1,16% de la poblaci\u00f3n de la UE)<\/li><li>Abstenci\u00f3n: Alemania, Francia y Eslovaquia (34,11% de la poblaci\u00f3n de la UE)<\/li><li>A favor: Espa\u00f1a y el resto de pa\u00edses de la UE (64,73% de la poblaci\u00f3n de la UE)<\/li><\/ul>\n\n\n\n<p>Con esa votaci\u00f3n no se alcanz\u00f3 la mayor\u00eda cualificada necesaria (55% de pa\u00edses a favor y 65% de la poblaci\u00f3n) por lo que la conclusi\u00f3n fue \u00absin dictamen\u00bb, algo que hace que ahora la Comisi\u00f3n tenga que tomar una decisi\u00f3n antes del d\u00eda 15 de diciembre.<\/p>\n\n\n\n<p>Como nada ha cambiado y el glifosato tiene hist\u00f3ricamente todos los informes favorables por parte de la Agencia Europea de Sustancias y Mezclas Qu\u00edmicas (ECHA) lo previsible es que la Comisi\u00f3n prolongue un a\u00f1o m\u00e1s la autorizaci\u00f3n de uso del glifosato ya que en julio de 2023 se deber\u00eda reevaluar la vigencia de la autorizaci\u00f3n de este herbicida.<\/p>\n\n\n\n<p>Es del todo injusto que una materia activa que tiene todos los estudios cient\u00edficos de su parte sea prohibida por realizar cesiones a lobbies ecologistas. La Comisi\u00f3n Europea tendr\u00e1 que dar validez a los dict\u00e1menes que la ciencia indique y en 2023 dar un permiso prolongado para este herbicicida.<\/p>\n\n\n\n<p> <\/p>\n","protected":false},"excerpt":{"rendered":"<p>El glifosato es un herbicida ampliamente utilizado en Palencia y totalmente necesario para realizar la pr\u00e1ctica agr\u00edcola de la siembra directa. Por su parte, la siembra directa es algo que fomenta Espa\u00f1a, que ha incluido en el Plan Estrat\u00e9gico de la PAC dicha pr\u00e1ctica, junto con la de rotaciones de cultivo, en uno de los [&hellip;]<\/p>\n","protected":false},"author":9,"featured_media":11773,"comment_status":"open","ping_status":"open","sticky":false,"template":"","format":"standard","meta":{"footnotes":""},"categories":[9,29,28],"tags":[],"yoast_head":"<!-- This site is optimized with the Yoast SEO plugin v24.5 - https:\/\/yoast.com\/wordpress\/plugins\/seo\/ -->\n<title>El glifosato parece que seguir\u00e1 un a\u00f1o m\u00e1s - ASAJA Palencia<\/title>\n<meta name=\"description\" content=\"El glifosato es un herbicida ampliamente utilizado en Palencia y totalmente necesario para realizar la pr\u00e1ctica agr\u00edcola de la siembra directa. Por su\" \/>\n<meta name=\"robots\" content=\"index, follow, max-snippet:-1, max-image-preview:large, max-video-preview:-1\" \/>\n<link rel=\"canonical\" href=\"https:\/\/www.asajacyl.com\/palencia\/asaja-palencia-informa\/el-glifosato-parece-que-seguira-un-ano-mas\" \/>\n<meta property=\"og:locale\" content=\"es_ES\" \/>\n<meta property=\"og:type\" content=\"article\" \/>\n<meta property=\"og:title\" content=\"El glifosato parece que seguir\u00e1 un a\u00f1o m\u00e1s - ASAJA Palencia\" \/>\n<meta property=\"og:description\" content=\"El glifosato es un herbicida ampliamente utilizado en Palencia y totalmente necesario para realizar la pr\u00e1ctica agr\u00edcola de la siembra directa. Por su\" \/>\n<meta property=\"og:url\" content=\"https:\/\/www.asajacyl.com\/palencia\/asaja-palencia-informa\/el-glifosato-parece-que-seguira-un-ano-mas\" \/>\n<meta property=\"og:site_name\" content=\"ASAJA Palencia\" \/>\n<meta property=\"article:published_time\" content=\"2022-11-17T08:58:00+00:00\" \/>\n<meta property=\"article:modified_time\" content=\"2022-11-17T11:34:41+00:00\" \/>\n<meta property=\"og:image\" content=\"https:\/\/www.asajacyl.com\/palencia\/wp-content\/uploads\/sites\/3\/2022\/11\/SIEMBRA-DIRECTA-TRIGO.jpg\" \/>\n\t<meta property=\"og:image:width\" content=\"2500\" \/>\n\t<meta property=\"og:image:height\" content=\"1875\" \/>\n\t<meta property=\"og:image:type\" content=\"image\/jpeg\" \/>\n<meta name=\"author\" content=\"Administrador\" \/>\n<meta name=\"twitter:card\" content=\"summary_large_image\" \/>\n<meta name=\"twitter:label1\" content=\"Escrito por\" \/>\n\t<meta name=\"twitter:data1\" content=\"Administrador\" \/>\n\t<meta name=\"twitter:label2\" content=\"Tiempo de lectura\" \/>\n\t<meta name=\"twitter:data2\" content=\"2 minutos\" \/>\n<script type=\"application\/ld+json\" class=\"yoast-schema-graph\">{\"@context\":\"https:\/\/schema.org\",\"@graph\":[{\"@type\":\"WebPage\",\"@id\":\"https:\/\/www.asajacyl.com\/palencia\/asaja-palencia-informa\/el-glifosato-parece-que-seguira-un-ano-mas\",\"url\":\"https:\/\/www.asajacyl.com\/palencia\/asaja-palencia-informa\/el-glifosato-parece-que-seguira-un-ano-mas\",\"name\":\"El glifosato parece que seguir\u00e1 un a\u00f1o m\u00e1s - ASAJA Palencia\",\"isPartOf\":{\"@id\":\"https:\/\/www.asajacyl.com\/palencia\/#website\"},\"primaryImageOfPage\":{\"@id\":\"https:\/\/www.asajacyl.com\/palencia\/asaja-palencia-informa\/el-glifosato-parece-que-seguira-un-ano-mas#primaryimage\"},\"image\":{\"@id\":\"https:\/\/www.asajacyl.com\/palencia\/asaja-palencia-informa\/el-glifosato-parece-que-seguira-un-ano-mas#primaryimage\"},\"thumbnailUrl\":\"https:\/\/www.asajacyl.com\/palencia\/wp-content\/uploads\/sites\/3\/2022\/11\/SIEMBRA-DIRECTA-TRIGO.jpg\",\"datePublished\":\"2022-11-17T08:58:00+00:00\",\"dateModified\":\"2022-11-17T11:34:41+00:00\",\"author\":{\"@id\":\"https:\/\/www.asajacyl.com\/palencia\/#\/schema\/person\/3ab17aeb03527485c317557fae64aab1\"},\"description\":\"El glifosato es un herbicida ampliamente utilizado en Palencia y totalmente necesario para realizar la pr\u00e1ctica agr\u00edcola de la siembra directa. Por su\",\"breadcrumb\":{\"@id\":\"https:\/\/www.asajacyl.com\/palencia\/asaja-palencia-informa\/el-glifosato-parece-que-seguira-un-ano-mas#breadcrumb\"},\"inLanguage\":\"es\",\"potentialAction\":[{\"@type\":\"ReadAction\",\"target\":[\"https:\/\/www.asajacyl.com\/palencia\/asaja-palencia-informa\/el-glifosato-parece-que-seguira-un-ano-mas\"]}]},{\"@type\":\"ImageObject\",\"inLanguage\":\"es\",\"@id\":\"https:\/\/www.asajacyl.com\/palencia\/asaja-palencia-informa\/el-glifosato-parece-que-seguira-un-ano-mas#primaryimage\",\"url\":\"https:\/\/www.asajacyl.com\/palencia\/wp-content\/uploads\/sites\/3\/2022\/11\/SIEMBRA-DIRECTA-TRIGO.jpg\",\"contentUrl\":\"https:\/\/www.asajacyl.com\/palencia\/wp-content\/uploads\/sites\/3\/2022\/11\/SIEMBRA-DIRECTA-TRIGO.jpg\",\"width\":2500,\"height\":1875},{\"@type\":\"BreadcrumbList\",\"@id\":\"https:\/\/www.asajacyl.com\/palencia\/asaja-palencia-informa\/el-glifosato-parece-que-seguira-un-ano-mas#breadcrumb\",\"itemListElement\":[{\"@type\":\"ListItem\",\"position\":1,\"name\":\"Portada\",\"item\":\"https:\/\/www.asajacyl.com\/palencia\/\"},{\"@type\":\"ListItem\",\"position\":2,\"name\":\"El glifosato parece que seguir\u00e1 un a\u00f1o m\u00e1s\"}]},{\"@type\":\"WebSite\",\"@id\":\"https:\/\/www.asajacyl.com\/palencia\/#website\",\"url\":\"https:\/\/www.asajacyl.com\/palencia\/\",\"name\":\"ASAJA Palencia\",\"description\":\"Otro sitio m\u00e1s de Provincias ASAJA Castilla y Le\u00f3n\",\"potentialAction\":[{\"@type\":\"SearchAction\",\"target\":{\"@type\":\"EntryPoint\",\"urlTemplate\":\"https:\/\/www.asajacyl.com\/palencia\/?s={search_term_string}\"},\"query-input\":{\"@type\":\"PropertyValueSpecification\",\"valueRequired\":true,\"valueName\":\"search_term_string\"}}],\"inLanguage\":\"es\"},{\"@type\":\"Person\",\"@id\":\"https:\/\/www.asajacyl.com\/palencia\/#\/schema\/person\/3ab17aeb03527485c317557fae64aab1\",\"name\":\"Administrador\",\"image\":{\"@type\":\"ImageObject\",\"inLanguage\":\"es\",\"@id\":\"https:\/\/www.asajacyl.com\/palencia\/#\/schema\/person\/image\/\",\"url\":\"https:\/\/secure.gravatar.com\/avatar\/517384810d242ca9e38c180f3c9fb973?s=96&d=mm&r=g\",\"contentUrl\":\"https:\/\/secure.gravatar.com\/avatar\/517384810d242ca9e38c180f3c9fb973?s=96&d=mm&r=g\",\"caption\":\"Administrador\"},\"url\":\"https:\/\/www.asajacyl.com\/palencia\/author\/carlosrm\"}]}<\/script>\n<!-- \/ Yoast SEO plugin. -->","yoast_head_json":{"title":"El glifosato parece que seguir\u00e1 un a\u00f1o m\u00e1s - ASAJA Palencia","description":"El glifosato es un herbicida ampliamente utilizado en Palencia y totalmente necesario para realizar la pr\u00e1ctica agr\u00edcola de la siembra directa. Por su","robots":{"index":"index","follow":"follow","max-snippet":"max-snippet:-1","max-image-preview":"max-image-preview:large","max-video-preview":"max-video-preview:-1"},"canonical":"https:\/\/www.asajacyl.com\/palencia\/asaja-palencia-informa\/el-glifosato-parece-que-seguira-un-ano-mas","og_locale":"es_ES","og_type":"article","og_title":"El glifosato parece que seguir\u00e1 un a\u00f1o m\u00e1s - ASAJA Palencia","og_description":"El glifosato es un herbicida ampliamente utilizado en Palencia y totalmente necesario para realizar la pr\u00e1ctica agr\u00edcola de la siembra directa. Por su","og_url":"https:\/\/www.asajacyl.com\/palencia\/asaja-palencia-informa\/el-glifosato-parece-que-seguira-un-ano-mas","og_site_name":"ASAJA Palencia","article_published_time":"2022-11-17T08:58:00+00:00","article_modified_time":"2022-11-17T11:34:41+00:00","og_image":[{"width":2500,"height":1875,"url":"https:\/\/www.asajacyl.com\/palencia\/wp-content\/uploads\/sites\/3\/2022\/11\/SIEMBRA-DIRECTA-TRIGO.jpg","type":"image\/jpeg"}],"author":"Administrador","twitter_card":"summary_large_image","twitter_misc":{"Escrito por":"Administrador","Tiempo de lectura":"2 minutos"},"schema":{"@context":"https:\/\/schema.org","@graph":[{"@type":"WebPage","@id":"https:\/\/www.asajacyl.com\/palencia\/asaja-palencia-informa\/el-glifosato-parece-que-seguira-un-ano-mas","url":"https:\/\/www.asajacyl.com\/palencia\/asaja-palencia-informa\/el-glifosato-parece-que-seguira-un-ano-mas","name":"El glifosato parece que seguir\u00e1 un a\u00f1o m\u00e1s - ASAJA Palencia","isPartOf":{"@id":"https:\/\/www.asajacyl.com\/palencia\/#website"},"primaryImageOfPage":{"@id":"https:\/\/www.asajacyl.com\/palencia\/asaja-palencia-informa\/el-glifosato-parece-que-seguira-un-ano-mas#primaryimage"},"image":{"@id":"https:\/\/www.asajacyl.com\/palencia\/asaja-palencia-informa\/el-glifosato-parece-que-seguira-un-ano-mas#primaryimage"},"thumbnailUrl":"https:\/\/www.asajacyl.com\/palencia\/wp-content\/uploads\/sites\/3\/2022\/11\/SIEMBRA-DIRECTA-TRIGO.jpg","datePublished":"2022-11-17T08:58:00+00:00","dateModified":"2022-11-17T11:34:41+00:00","author":{"@id":"https:\/\/www.asajacyl.com\/palencia\/#\/schema\/person\/3ab17aeb03527485c317557fae64aab1"},"description":"El glifosato es un herbicida ampliamente utilizado en Palencia y totalmente necesario para realizar la pr\u00e1ctica agr\u00edcola de la siembra directa. Por su","breadcrumb":{"@id":"https:\/\/www.asajacyl.com\/palencia\/asaja-palencia-informa\/el-glifosato-parece-que-seguira-un-ano-mas#breadcrumb"},"inLanguage":"es","potentialAction":[{"@type":"ReadAction","target":["https:\/\/www.asajacyl.com\/palencia\/asaja-palencia-informa\/el-glifosato-parece-que-seguira-un-ano-mas"]}]},{"@type":"ImageObject","inLanguage":"es","@id":"https:\/\/www.asajacyl.com\/palencia\/asaja-palencia-informa\/el-glifosato-parece-que-seguira-un-ano-mas#primaryimage","url":"https:\/\/www.asajacyl.com\/palencia\/wp-content\/uploads\/sites\/3\/2022\/11\/SIEMBRA-DIRECTA-TRIGO.jpg","contentUrl":"https:\/\/www.asajacyl.com\/palencia\/wp-content\/uploads\/sites\/3\/2022\/11\/SIEMBRA-DIRECTA-TRIGO.jpg","width":2500,"height":1875},{"@type":"BreadcrumbList","@id":"https:\/\/www.asajacyl.com\/palencia\/asaja-palencia-informa\/el-glifosato-parece-que-seguira-un-ano-mas#breadcrumb","itemListElement":[{"@type":"ListItem","position":1,"name":"Portada","item":"https:\/\/www.asajacyl.com\/palencia\/"},{"@type":"ListItem","position":2,"name":"El glifosato parece que seguir\u00e1 un a\u00f1o m\u00e1s"}]},{"@type":"WebSite","@id":"https:\/\/www.asajacyl.com\/palencia\/#website","url":"https:\/\/www.asajacyl.com\/palencia\/","name":"ASAJA Palencia","description":"Otro sitio m\u00e1s de Provincias ASAJA Castilla y Le\u00f3n","potentialAction":[{"@type":"SearchAction","target":{"@type":"EntryPoint","urlTemplate":"https:\/\/www.asajacyl.com\/palencia\/?s={search_term_string}"},"query-input":{"@type":"PropertyValueSpecification","valueRequired":true,"valueName":"search_term_string"}}],"inLanguage":"es"},{"@type":"Person","@id":"https:\/\/www.asajacyl.com\/palencia\/#\/schema\/person\/3ab17aeb03527485c317557fae64aab1","name":"Administrador","image":{"@type":"ImageObject","inLanguage":"es","@id":"https:\/\/www.asajacyl.com\/palencia\/#\/schema\/person\/image\/","url":"https:\/\/secure.gravatar.com\/avatar\/517384810d242ca9e38c180f3c9fb973?s=96&d=mm&r=g","contentUrl":"https:\/\/secure.gravatar.com\/avatar\/517384810d242ca9e38c180f3c9fb973?s=96&d=mm&r=g","caption":"Administrador"},"url":"https:\/\/www.asajacyl.com\/palencia\/author\/carlosrm"}]}},"_links":{"self":[{"href":"https:\/\/www.asajacyl.com\/palencia\/wp-json\/wp\/v2\/posts\/11766"}],"collection":[{"href":"https:\/\/www.asajacyl.com\/palencia\/wp-json\/wp\/v2\/posts"}],"about":[{"href":"https:\/\/www.asajacyl.com\/palencia\/wp-json\/wp\/v2\/types\/post"}],"author":[{"embeddable":true,"href":"https:\/\/www.asajacyl.com\/palencia\/wp-json\/wp\/v2\/users\/9"}],"replies":[{"embeddable":true,"href":"https:\/\/www.asajacyl.com\/palencia\/wp-json\/wp\/v2\/comments?post=11766"}],"version-history":[{"count":2,"href":"https:\/\/www.asajacyl.com\/palencia\/wp-json\/wp\/v2\/posts\/11766\/revisions"}],"predecessor-version":[{"id":11779,"href":"https:\/\/www.asajacyl.com\/palencia\/wp-json\/wp\/v2\/posts\/11766\/revisions\/11779"}],"wp:featuredmedia":[{"embeddable":true,"href":"https:\/\/www.asajacyl.com\/palencia\/wp-json\/wp\/v2\/media\/11773"}],"wp:attachment":[{"href":"https:\/\/www.asajacyl.com\/palencia\/wp-json\/wp\/v2\/media?parent=11766"}],"wp:term":[{"taxonomy":"category","embeddable":true,"href":"https:\/\/www.asajacyl.com\/palencia\/wp-json\/wp\/v2\/categories?post=11766"},{"taxonomy":"post_tag","embeddable":true,"href":"https:\/\/www.asajacyl.com\/palencia\/wp-json\/wp\/v2\/tags?post=11766"}],"curies":[{"name":"wp","href":"https:\/\/api.w.org\/{rel}","templated":true}]}}