{"id":11785,"date":"2022-11-20T18:57:00","date_gmt":"2022-11-20T17:57:00","guid":{"rendered":"https:\/\/www.asajacyl.com\/palencia\/?p=11785"},"modified":"2022-11-17T19:06:57","modified_gmt":"2022-11-17T18:06:57","slug":"nueva-campana-de-inlac-ensalzando-al-queso","status":"publish","type":"post","link":"https:\/\/www.asajacyl.com\/palencia\/asaja-palencia-informa\/nueva-campana-de-inlac-ensalzando-al-queso","title":{"rendered":"Nueva campa\u00f1a de INLAC ensalzando al queso"},"content":{"rendered":"\n<p>La Organizaci\u00f3n Interprofesional L\u00e1ctea (InLac), a la que los ganaderos palentinos aportan unos 36.000 euros anuales, est\u00e1 impulsando la campa\u00f1a de divulgaci\u00f3n \u201cQuesea\u201d, con el objetivo de dar a conocer la enorme variedad, prestigio y valores de los quesos de origen nacional.<\/p>\n\n\n\n<p>Entre otros aspectos, el queso contiene prote\u00ednas de alto valor biol\u00f3gico y calcio, que es uno de los minerales m\u00e1s importantes para el cuerpo humano. Este mineral ayuda a formar y mantener los dientes y los huesos sanos, pero tambi\u00e9n es esencial para el funcionamiento del sistema nervioso y muscular. Adem\u00e1s, ayuda a que la sangre circule a trav\u00e9s de los vasos sangu\u00edneos y a liberar hormonas y enzimas que influyen en casi todas las funciones del organismo.<\/p>\n\n\n\n<p>Existe un amplio consenso entre la comunidad m\u00e9dica y cient\u00edfica que apunta la necesidad de consumir 3 l\u00e1cteos al d\u00eda en todas las edades, desde la ni\u00f1ez hasta la edad avanzada.<\/p>\n","protected":false},"excerpt":{"rendered":"<p>La Organizaci\u00f3n Interprofesional L\u00e1ctea (InLac), a la que los ganaderos palentinos aportan unos 36.000 euros anuales, est\u00e1 impulsando la campa\u00f1a de divulgaci\u00f3n \u201cQuesea\u201d, con el objetivo de dar a conocer la enorme variedad, prestigio y valores de los quesos de origen nacional. Entre otros aspectos, el queso contiene prote\u00ednas de alto valor biol\u00f3gico y calcio, [&hellip;]<\/p>\n","protected":false},"author":9,"featured_media":11786,"comment_status":"open","ping_status":"open","sticky":false,"template":"","format":"standard","meta":{"footnotes":""},"categories":[9,29,28],"tags":[],"yoast_head":"<!-- This site is optimized with the Yoast SEO plugin v24.5 - https:\/\/yoast.com\/wordpress\/plugins\/seo\/ -->\n<title>Nueva campa\u00f1a de INLAC ensalzando al queso - ASAJA Palencia<\/title>\n<meta name=\"description\" content=\"La Organizaci\u00f3n Interprofesional L\u00e1ctea (InLac), a la que los ganaderos palentinos aportan unos 36.000 euros anuales, est\u00e1 impulsando la campa\u00f1a de\" \/>\n<meta name=\"robots\" content=\"index, follow, max-snippet:-1, max-image-preview:large, max-video-preview:-1\" \/>\n<link rel=\"canonical\" href=\"https:\/\/www.asajacyl.com\/palencia\/asaja-palencia-informa\/nueva-campana-de-inlac-ensalzando-al-queso\" \/>\n<meta property=\"og:locale\" content=\"es_ES\" \/>\n<meta property=\"og:type\" content=\"article\" \/>\n<meta property=\"og:title\" content=\"Nueva campa\u00f1a de INLAC ensalzando al queso - ASAJA Palencia\" \/>\n<meta property=\"og:description\" content=\"La Organizaci\u00f3n Interprofesional L\u00e1ctea (InLac), a la que los ganaderos palentinos aportan unos 36.000 euros anuales, est\u00e1 impulsando la campa\u00f1a de\" \/>\n<meta property=\"og:url\" content=\"https:\/\/www.asajacyl.com\/palencia\/asaja-palencia-informa\/nueva-campana-de-inlac-ensalzando-al-queso\" \/>\n<meta property=\"og:site_name\" content=\"ASAJA Palencia\" \/>\n<meta property=\"article:published_time\" content=\"2022-11-20T17:57:00+00:00\" \/>\n<meta property=\"og:image\" content=\"https:\/\/www.asajacyl.com\/palencia\/wp-content\/uploads\/sites\/3\/2022\/11\/QUESEA-INLAC.jpg\" \/>\n\t<meta property=\"og:image:width\" content=\"1290\" \/>\n\t<meta property=\"og:image:height\" content=\"768\" \/>\n\t<meta property=\"og:image:type\" content=\"image\/jpeg\" \/>\n<meta name=\"author\" content=\"Administrador\" \/>\n<meta name=\"twitter:card\" content=\"summary_large_image\" \/>\n<meta name=\"twitter:label1\" content=\"Escrito por\" \/>\n\t<meta name=\"twitter:data1\" content=\"Administrador\" \/>\n\t<meta name=\"twitter:label2\" content=\"Tiempo de lectura\" \/>\n\t<meta name=\"twitter:data2\" content=\"1 minuto\" \/>\n<script type=\"application\/ld+json\" class=\"yoast-schema-graph\">{\"@context\":\"https:\/\/schema.org\",\"@graph\":[{\"@type\":\"WebPage\",\"@id\":\"https:\/\/www.asajacyl.com\/palencia\/asaja-palencia-informa\/nueva-campana-de-inlac-ensalzando-al-queso\",\"url\":\"https:\/\/www.asajacyl.com\/palencia\/asaja-palencia-informa\/nueva-campana-de-inlac-ensalzando-al-queso\",\"name\":\"Nueva campa\u00f1a de INLAC ensalzando al queso - ASAJA Palencia\",\"isPartOf\":{\"@id\":\"https:\/\/www.asajacyl.com\/palencia\/#website\"},\"primaryImageOfPage\":{\"@id\":\"https:\/\/www.asajacyl.com\/palencia\/asaja-palencia-informa\/nueva-campana-de-inlac-ensalzando-al-queso#primaryimage\"},\"image\":{\"@id\":\"https:\/\/www.asajacyl.com\/palencia\/asaja-palencia-informa\/nueva-campana-de-inlac-ensalzando-al-queso#primaryimage\"},\"thumbnailUrl\":\"https:\/\/www.asajacyl.com\/palencia\/wp-content\/uploads\/sites\/3\/2022\/11\/QUESEA-INLAC.jpg\",\"datePublished\":\"2022-11-20T17:57:00+00:00\",\"author\":{\"@id\":\"https:\/\/www.asajacyl.com\/palencia\/#\/schema\/person\/3ab17aeb03527485c317557fae64aab1\"},\"description\":\"La Organizaci\u00f3n Interprofesional L\u00e1ctea (InLac), a la que los ganaderos palentinos aportan unos 36.000 euros anuales, est\u00e1 impulsando la campa\u00f1a de\",\"breadcrumb\":{\"@id\":\"https:\/\/www.asajacyl.com\/palencia\/asaja-palencia-informa\/nueva-campana-de-inlac-ensalzando-al-queso#breadcrumb\"},\"inLanguage\":\"es\",\"potentialAction\":[{\"@type\":\"ReadAction\",\"target\":[\"https:\/\/www.asajacyl.com\/palencia\/asaja-palencia-informa\/nueva-campana-de-inlac-ensalzando-al-queso\"]}]},{\"@type\":\"ImageObject\",\"inLanguage\":\"es\",\"@id\":\"https:\/\/www.asajacyl.com\/palencia\/asaja-palencia-informa\/nueva-campana-de-inlac-ensalzando-al-queso#primaryimage\",\"url\":\"https:\/\/www.asajacyl.com\/palencia\/wp-content\/uploads\/sites\/3\/2022\/11\/QUESEA-INLAC.jpg\",\"contentUrl\":\"https:\/\/www.asajacyl.com\/palencia\/wp-content\/uploads\/sites\/3\/2022\/11\/QUESEA-INLAC.jpg\",\"width\":1290,\"height\":768},{\"@type\":\"BreadcrumbList\",\"@id\":\"https:\/\/www.asajacyl.com\/palencia\/asaja-palencia-informa\/nueva-campana-de-inlac-ensalzando-al-queso#breadcrumb\",\"itemListElement\":[{\"@type\":\"ListItem\",\"position\":1,\"name\":\"Portada\",\"item\":\"https:\/\/www.asajacyl.com\/palencia\/\"},{\"@type\":\"ListItem\",\"position\":2,\"name\":\"Nueva campa\u00f1a de INLAC ensalzando al queso\"}]},{\"@type\":\"WebSite\",\"@id\":\"https:\/\/www.asajacyl.com\/palencia\/#website\",\"url\":\"https:\/\/www.asajacyl.com\/palencia\/\",\"name\":\"ASAJA Palencia\",\"description\":\"Otro sitio m\u00e1s de Provincias ASAJA Castilla y Le\u00f3n\",\"potentialAction\":[{\"@type\":\"SearchAction\",\"target\":{\"@type\":\"EntryPoint\",\"urlTemplate\":\"https:\/\/www.asajacyl.com\/palencia\/?s={search_term_string}\"},\"query-input\":{\"@type\":\"PropertyValueSpecification\",\"valueRequired\":true,\"valueName\":\"search_term_string\"}}],\"inLanguage\":\"es\"},{\"@type\":\"Person\",\"@id\":\"https:\/\/www.asajacyl.com\/palencia\/#\/schema\/person\/3ab17aeb03527485c317557fae64aab1\",\"name\":\"Administrador\",\"image\":{\"@type\":\"ImageObject\",\"inLanguage\":\"es\",\"@id\":\"https:\/\/www.asajacyl.com\/palencia\/#\/schema\/person\/image\/\",\"url\":\"https:\/\/secure.gravatar.com\/avatar\/517384810d242ca9e38c180f3c9fb973?s=96&d=mm&r=g\",\"contentUrl\":\"https:\/\/secure.gravatar.com\/avatar\/517384810d242ca9e38c180f3c9fb973?s=96&d=mm&r=g\",\"caption\":\"Administrador\"},\"url\":\"https:\/\/www.asajacyl.com\/palencia\/author\/carlosrm\"}]}<\/script>\n<!-- \/ Yoast SEO plugin. -->","yoast_head_json":{"title":"Nueva campa\u00f1a de INLAC ensalzando al queso - ASAJA Palencia","description":"La Organizaci\u00f3n Interprofesional L\u00e1ctea (InLac), a la que los ganaderos palentinos aportan unos 36.000 euros anuales, est\u00e1 impulsando la campa\u00f1a de","robots":{"index":"index","follow":"follow","max-snippet":"max-snippet:-1","max-image-preview":"max-image-preview:large","max-video-preview":"max-video-preview:-1"},"canonical":"https:\/\/www.asajacyl.com\/palencia\/asaja-palencia-informa\/nueva-campana-de-inlac-ensalzando-al-queso","og_locale":"es_ES","og_type":"article","og_title":"Nueva campa\u00f1a de INLAC ensalzando al queso - ASAJA Palencia","og_description":"La Organizaci\u00f3n Interprofesional L\u00e1ctea (InLac), a la que los ganaderos palentinos aportan unos 36.000 euros anuales, est\u00e1 impulsando la campa\u00f1a de","og_url":"https:\/\/www.asajacyl.com\/palencia\/asaja-palencia-informa\/nueva-campana-de-inlac-ensalzando-al-queso","og_site_name":"ASAJA Palencia","article_published_time":"2022-11-20T17:57:00+00:00","og_image":[{"width":1290,"height":768,"url":"https:\/\/www.asajacyl.com\/palencia\/wp-content\/uploads\/sites\/3\/2022\/11\/QUESEA-INLAC.jpg","type":"image\/jpeg"}],"author":"Administrador","twitter_card":"summary_large_image","twitter_misc":{"Escrito por":"Administrador","Tiempo de lectura":"1 minuto"},"schema":{"@context":"https:\/\/schema.org","@graph":[{"@type":"WebPage","@id":"https:\/\/www.asajacyl.com\/palencia\/asaja-palencia-informa\/nueva-campana-de-inlac-ensalzando-al-queso","url":"https:\/\/www.asajacyl.com\/palencia\/asaja-palencia-informa\/nueva-campana-de-inlac-ensalzando-al-queso","name":"Nueva campa\u00f1a de INLAC ensalzando al queso - ASAJA Palencia","isPartOf":{"@id":"https:\/\/www.asajacyl.com\/palencia\/#website"},"primaryImageOfPage":{"@id":"https:\/\/www.asajacyl.com\/palencia\/asaja-palencia-informa\/nueva-campana-de-inlac-ensalzando-al-queso#primaryimage"},"image":{"@id":"https:\/\/www.asajacyl.com\/palencia\/asaja-palencia-informa\/nueva-campana-de-inlac-ensalzando-al-queso#primaryimage"},"thumbnailUrl":"https:\/\/www.asajacyl.com\/palencia\/wp-content\/uploads\/sites\/3\/2022\/11\/QUESEA-INLAC.jpg","datePublished":"2022-11-20T17:57:00+00:00","author":{"@id":"https:\/\/www.asajacyl.com\/palencia\/#\/schema\/person\/3ab17aeb03527485c317557fae64aab1"},"description":"La Organizaci\u00f3n Interprofesional L\u00e1ctea (InLac), a la que los ganaderos palentinos aportan unos 36.000 euros anuales, est\u00e1 impulsando la campa\u00f1a de","breadcrumb":{"@id":"https:\/\/www.asajacyl.com\/palencia\/asaja-palencia-informa\/nueva-campana-de-inlac-ensalzando-al-queso#breadcrumb"},"inLanguage":"es","potentialAction":[{"@type":"ReadAction","target":["https:\/\/www.asajacyl.com\/palencia\/asaja-palencia-informa\/nueva-campana-de-inlac-ensalzando-al-queso"]}]},{"@type":"ImageObject","inLanguage":"es","@id":"https:\/\/www.asajacyl.com\/palencia\/asaja-palencia-informa\/nueva-campana-de-inlac-ensalzando-al-queso#primaryimage","url":"https:\/\/www.asajacyl.com\/palencia\/wp-content\/uploads\/sites\/3\/2022\/11\/QUESEA-INLAC.jpg","contentUrl":"https:\/\/www.asajacyl.com\/palencia\/wp-content\/uploads\/sites\/3\/2022\/11\/QUESEA-INLAC.jpg","width":1290,"height":768},{"@type":"BreadcrumbList","@id":"https:\/\/www.asajacyl.com\/palencia\/asaja-palencia-informa\/nueva-campana-de-inlac-ensalzando-al-queso#breadcrumb","itemListElement":[{"@type":"ListItem","position":1,"name":"Portada","item":"https:\/\/www.asajacyl.com\/palencia\/"},{"@type":"ListItem","position":2,"name":"Nueva campa\u00f1a de INLAC ensalzando al queso"}]},{"@type":"WebSite","@id":"https:\/\/www.asajacyl.com\/palencia\/#website","url":"https:\/\/www.asajacyl.com\/palencia\/","name":"ASAJA Palencia","description":"Otro sitio m\u00e1s de Provincias ASAJA Castilla y Le\u00f3n","potentialAction":[{"@type":"SearchAction","target":{"@type":"EntryPoint","urlTemplate":"https:\/\/www.asajacyl.com\/palencia\/?s={search_term_string}"},"query-input":{"@type":"PropertyValueSpecification","valueRequired":true,"valueName":"search_term_string"}}],"inLanguage":"es"},{"@type":"Person","@id":"https:\/\/www.asajacyl.com\/palencia\/#\/schema\/person\/3ab17aeb03527485c317557fae64aab1","name":"Administrador","image":{"@type":"ImageObject","inLanguage":"es","@id":"https:\/\/www.asajacyl.com\/palencia\/#\/schema\/person\/image\/","url":"https:\/\/secure.gravatar.com\/avatar\/517384810d242ca9e38c180f3c9fb973?s=96&d=mm&r=g","contentUrl":"https:\/\/secure.gravatar.com\/avatar\/517384810d242ca9e38c180f3c9fb973?s=96&d=mm&r=g","caption":"Administrador"},"url":"https:\/\/www.asajacyl.com\/palencia\/author\/carlosrm"}]}},"_links":{"self":[{"href":"https:\/\/www.asajacyl.com\/palencia\/wp-json\/wp\/v2\/posts\/11785"}],"collection":[{"href":"https:\/\/www.asajacyl.com\/palencia\/wp-json\/wp\/v2\/posts"}],"about":[{"href":"https:\/\/www.asajacyl.com\/palencia\/wp-json\/wp\/v2\/types\/post"}],"author":[{"embeddable":true,"href":"https:\/\/www.asajacyl.com\/palencia\/wp-json\/wp\/v2\/users\/9"}],"replies":[{"embeddable":true,"href":"https:\/\/www.asajacyl.com\/palencia\/wp-json\/wp\/v2\/comments?post=11785"}],"version-history":[{"count":1,"href":"https:\/\/www.asajacyl.com\/palencia\/wp-json\/wp\/v2\/posts\/11785\/revisions"}],"predecessor-version":[{"id":11787,"href":"https:\/\/www.asajacyl.com\/palencia\/wp-json\/wp\/v2\/posts\/11785\/revisions\/11787"}],"wp:featuredmedia":[{"embeddable":true,"href":"https:\/\/www.asajacyl.com\/palencia\/wp-json\/wp\/v2\/media\/11786"}],"wp:attachment":[{"href":"https:\/\/www.asajacyl.com\/palencia\/wp-json\/wp\/v2\/media?parent=11785"}],"wp:term":[{"taxonomy":"category","embeddable":true,"href":"https:\/\/www.asajacyl.com\/palencia\/wp-json\/wp\/v2\/categories?post=11785"},{"taxonomy":"post_tag","embeddable":true,"href":"https:\/\/www.asajacyl.com\/palencia\/wp-json\/wp\/v2\/tags?post=11785"}],"curies":[{"name":"wp","href":"https:\/\/api.w.org\/{rel}","templated":true}]}}