{"id":11794,"date":"2022-11-23T11:27:00","date_gmt":"2022-11-23T10:27:00","guid":{"rendered":"https:\/\/www.asajacyl.com\/palencia\/?p=11794"},"modified":"2022-11-22T10:10:12","modified_gmt":"2022-11-22T09:10:12","slug":"el-presupuesto-de-la-consejeria-de-agricultura-y-ganaderia-aumenta-un-13","status":"publish","type":"post","link":"https:\/\/www.asajacyl.com\/palencia\/asaja-palencia-informa\/el-presupuesto-de-la-consejeria-de-agricultura-y-ganaderia-aumenta-un-13","title":{"rendered":"El presupuesto de la consejer\u00eda de agricultura y ganader\u00eda aumenta un 13%"},"content":{"rendered":"\n<p>El Consejero de Agricultura, Ganader\u00eda y Desarrollo Rural, Gerardo Due\u00f1as, ha presentado en la Cortes Regionales, los presupuesto para el a\u00f1o 2023, que se destinar\u00e1n al sector agrario y que suponen 1523 millones de euros, de los cuales 924 corresponden a la PAC, y m\u00e1s de 598 destinados a pol\u00edticas gestionadas directamente por la Consejer\u00eda de Agricultura. El objetivo no es otro que la b\u00fasqueda de competitividad del sector primario, agr\u00edcola y ganadero y el apoyo a la agroindustria de Castilla y Le\u00f3n.<\/p>\n\n\n\n<p>Los presupuestos aprobados, destinan partidas a los seguros agrarios, la incorporaci\u00f3n de los j\u00f3venes, mejora de infraestructuras rurales, modernizaci\u00f3n de regad\u00edos, y la formaci\u00f3n y asesoramiento, adem\u00e1s del dise\u00f1o de planes estrat\u00e9gicos para mejorar la calidad de la agroindustria.<\/p>\n\n\n\n<p>Dentro de la parte del presupuesto dedicada a inversiones reales se incluyen obras que se van a realizar o que ya pueden estar en proceso de realizaci\u00f3n y cuyos costes totales se pueden dividir en presupuestos de varios a\u00f1os, de forma paralela a su ejecuci\u00f3n. Las inversiones reales que la Junta tiene previstas para Palencia son las siguientes:<\/p>\n\n\n\n<ul><li>Obra de la presa sobre el arroyo Las Cuevas en Castrej\u00f3n de la Pe\u00f1a. La obra tiene un coste total de 11,841 millones de euros. Se llevan ejecutados 4,032 millones previos a 2022, en el a\u00f1o 2022 se presupuestaron 3,389 millones, para 2023 se presupuestan 2,494 millones y para 2024 se calculan 1,926 millones.<\/li><li>Modernizaci\u00f3n del regad\u00edo e infraestructuras rurales de Becerril del Carpio. El total de la obra asciende a 4,988 millones de euros. Se han ejecutado 3,006 millones antes de 2022, el presupuesto de 2022 era de 1,599 millones y en 2023 se deber\u00eda rematar la obra con 0,383 millones m\u00e1s.<\/li><li>Modernizaci\u00f3n del sector G de la Comunidad de Regantes Canal del Pisuerga (Santoyo, Boadilla del Camino y Fr\u00f3mista). La obra tendr\u00e1 un coste de 7,800 millones habi\u00e9ndose presupuestado 1,200 millones para el a\u00f1o 2023; 3,500 millones para 2024 y 3,100 millones para 2025.<\/li><li>Modernizaci\u00f3n del resto de sectores de la Comunidad de Regantes Canal del Pisuerga con un total de 14 millones de euros presupuestados. En 2023 se presupuestan 0,250 millones, en 2024 se presupuestan 1,100 millones, en 2025 el presupuesto 2 millones y a partir de ah\u00ed quedar\u00e1n 10,650 millones m\u00e1s por ejecutar.<\/li><li>Instalaci\u00f3n de planta fotovoltaica de autoconsumo en la Comunidad de Regantes San Isidro (Soto de Cerrato). El importe de la obra ser\u00e1 de 1,041 millones de euros y deber\u00edan estar ejecutados 0,696 millones en este a\u00f1o 2022 mientras que la obra se deber\u00eda terminar en 2023 con un importe a\u00f1adido de 0,345 millones.<\/li><li>Modernizaci\u00f3n de la Comunidad de Regantes del Canal de Palenzuela y Quintana del Puente. El presupuesto total de la obra es de 2,150 millones de euros, habi\u00e9ndose presupuestado para 2023 un montante de 0,150 millones de euros; 0,450 millones m\u00e1s para 2024; y 1,550 millones m\u00e1s para 2025.<\/li><li>Modernizaci\u00f3n de la Comunidad de Regantes de Las Vegas de Carri\u00f3n, Salda\u00f1a y Villamoronta. El coste total atribuido a la obra es de 4,7 millones de euros de los que 0,150 millones se presupuestan para 2023; 0,500 millones para 2024; 2 millones para 2025 y 2,050 millones para los a\u00f1os siguientes.<\/li><\/ul>\n","protected":false},"excerpt":{"rendered":"<p>El Consejero de Agricultura, Ganader\u00eda y Desarrollo Rural, Gerardo Due\u00f1as, ha presentado en la Cortes Regionales, los presupuesto para el a\u00f1o 2023, que se destinar\u00e1n al sector agrario y que suponen 1523 millones de euros, de los cuales 924 corresponden a la PAC, y m\u00e1s de 598 destinados a pol\u00edticas gestionadas directamente por la Consejer\u00eda [&hellip;]<\/p>\n","protected":false},"author":9,"featured_media":11691,"comment_status":"open","ping_status":"open","sticky":false,"template":"","format":"standard","meta":{"footnotes":""},"categories":[9,29,28],"tags":[],"yoast_head":"<!-- This site is optimized with the Yoast SEO plugin v24.5 - https:\/\/yoast.com\/wordpress\/plugins\/seo\/ -->\n<title>El presupuesto de la consejer\u00eda de agricultura y ganader\u00eda aumenta un 13% - ASAJA Palencia<\/title>\n<meta name=\"description\" content=\"El Consejero de Agricultura, Ganader\u00eda y Desarrollo Rural, Gerardo Due\u00f1as, ha presentado en la Cortes Regionales, los presupuesto para el a\u00f1o 2023, que se\" \/>\n<meta name=\"robots\" content=\"index, follow, max-snippet:-1, max-image-preview:large, max-video-preview:-1\" \/>\n<link rel=\"canonical\" href=\"https:\/\/www.asajacyl.com\/palencia\/asaja-palencia-informa\/el-presupuesto-de-la-consejeria-de-agricultura-y-ganaderia-aumenta-un-13\" \/>\n<meta property=\"og:locale\" content=\"es_ES\" \/>\n<meta property=\"og:type\" content=\"article\" \/>\n<meta property=\"og:title\" content=\"El presupuesto de la consejer\u00eda de agricultura y ganader\u00eda aumenta un 13% - ASAJA Palencia\" \/>\n<meta property=\"og:description\" content=\"El Consejero de Agricultura, Ganader\u00eda y Desarrollo Rural, Gerardo Due\u00f1as, ha presentado en la Cortes Regionales, los presupuesto para el a\u00f1o 2023, que se\" \/>\n<meta property=\"og:url\" content=\"https:\/\/www.asajacyl.com\/palencia\/asaja-palencia-informa\/el-presupuesto-de-la-consejeria-de-agricultura-y-ganaderia-aumenta-un-13\" \/>\n<meta property=\"og:site_name\" content=\"ASAJA Palencia\" \/>\n<meta property=\"article:published_time\" content=\"2022-11-23T10:27:00+00:00\" \/>\n<meta property=\"og:image\" content=\"https:\/\/www.asajacyl.com\/palencia\/wp-content\/uploads\/sites\/3\/2022\/11\/EUROS.jpg\" \/>\n\t<meta property=\"og:image:width\" content=\"1599\" \/>\n\t<meta property=\"og:image:height\" content=\"1199\" \/>\n\t<meta property=\"og:image:type\" content=\"image\/jpeg\" \/>\n<meta name=\"author\" content=\"Administrador\" \/>\n<meta name=\"twitter:card\" content=\"summary_large_image\" \/>\n<meta name=\"twitter:label1\" content=\"Escrito por\" \/>\n\t<meta name=\"twitter:data1\" content=\"Administrador\" \/>\n\t<meta name=\"twitter:label2\" content=\"Tiempo de lectura\" \/>\n\t<meta name=\"twitter:data2\" content=\"3 minutos\" \/>\n<script type=\"application\/ld+json\" class=\"yoast-schema-graph\">{\"@context\":\"https:\/\/schema.org\",\"@graph\":[{\"@type\":\"WebPage\",\"@id\":\"https:\/\/www.asajacyl.com\/palencia\/asaja-palencia-informa\/el-presupuesto-de-la-consejeria-de-agricultura-y-ganaderia-aumenta-un-13\",\"url\":\"https:\/\/www.asajacyl.com\/palencia\/asaja-palencia-informa\/el-presupuesto-de-la-consejeria-de-agricultura-y-ganaderia-aumenta-un-13\",\"name\":\"El presupuesto de la consejer\u00eda de agricultura y ganader\u00eda aumenta un 13% - ASAJA Palencia\",\"isPartOf\":{\"@id\":\"https:\/\/www.asajacyl.com\/palencia\/#website\"},\"primaryImageOfPage\":{\"@id\":\"https:\/\/www.asajacyl.com\/palencia\/asaja-palencia-informa\/el-presupuesto-de-la-consejeria-de-agricultura-y-ganaderia-aumenta-un-13#primaryimage\"},\"image\":{\"@id\":\"https:\/\/www.asajacyl.com\/palencia\/asaja-palencia-informa\/el-presupuesto-de-la-consejeria-de-agricultura-y-ganaderia-aumenta-un-13#primaryimage\"},\"thumbnailUrl\":\"https:\/\/www.asajacyl.com\/palencia\/wp-content\/uploads\/sites\/3\/2022\/11\/EUROS.jpg\",\"datePublished\":\"2022-11-23T10:27:00+00:00\",\"author\":{\"@id\":\"https:\/\/www.asajacyl.com\/palencia\/#\/schema\/person\/3ab17aeb03527485c317557fae64aab1\"},\"description\":\"El Consejero de Agricultura, Ganader\u00eda y Desarrollo Rural, Gerardo Due\u00f1as, ha presentado en la Cortes Regionales, los presupuesto para el a\u00f1o 2023, que se\",\"breadcrumb\":{\"@id\":\"https:\/\/www.asajacyl.com\/palencia\/asaja-palencia-informa\/el-presupuesto-de-la-consejeria-de-agricultura-y-ganaderia-aumenta-un-13#breadcrumb\"},\"inLanguage\":\"es\",\"potentialAction\":[{\"@type\":\"ReadAction\",\"target\":[\"https:\/\/www.asajacyl.com\/palencia\/asaja-palencia-informa\/el-presupuesto-de-la-consejeria-de-agricultura-y-ganaderia-aumenta-un-13\"]}]},{\"@type\":\"ImageObject\",\"inLanguage\":\"es\",\"@id\":\"https:\/\/www.asajacyl.com\/palencia\/asaja-palencia-informa\/el-presupuesto-de-la-consejeria-de-agricultura-y-ganaderia-aumenta-un-13#primaryimage\",\"url\":\"https:\/\/www.asajacyl.com\/palencia\/wp-content\/uploads\/sites\/3\/2022\/11\/EUROS.jpg\",\"contentUrl\":\"https:\/\/www.asajacyl.com\/palencia\/wp-content\/uploads\/sites\/3\/2022\/11\/EUROS.jpg\",\"width\":1599,\"height\":1199},{\"@type\":\"BreadcrumbList\",\"@id\":\"https:\/\/www.asajacyl.com\/palencia\/asaja-palencia-informa\/el-presupuesto-de-la-consejeria-de-agricultura-y-ganaderia-aumenta-un-13#breadcrumb\",\"itemListElement\":[{\"@type\":\"ListItem\",\"position\":1,\"name\":\"Portada\",\"item\":\"https:\/\/www.asajacyl.com\/palencia\/\"},{\"@type\":\"ListItem\",\"position\":2,\"name\":\"El presupuesto de la consejer\u00eda de agricultura y ganader\u00eda aumenta un 13%\"}]},{\"@type\":\"WebSite\",\"@id\":\"https:\/\/www.asajacyl.com\/palencia\/#website\",\"url\":\"https:\/\/www.asajacyl.com\/palencia\/\",\"name\":\"ASAJA Palencia\",\"description\":\"Otro sitio m\u00e1s de Provincias ASAJA Castilla y Le\u00f3n\",\"potentialAction\":[{\"@type\":\"SearchAction\",\"target\":{\"@type\":\"EntryPoint\",\"urlTemplate\":\"https:\/\/www.asajacyl.com\/palencia\/?s={search_term_string}\"},\"query-input\":{\"@type\":\"PropertyValueSpecification\",\"valueRequired\":true,\"valueName\":\"search_term_string\"}}],\"inLanguage\":\"es\"},{\"@type\":\"Person\",\"@id\":\"https:\/\/www.asajacyl.com\/palencia\/#\/schema\/person\/3ab17aeb03527485c317557fae64aab1\",\"name\":\"Administrador\",\"image\":{\"@type\":\"ImageObject\",\"inLanguage\":\"es\",\"@id\":\"https:\/\/www.asajacyl.com\/palencia\/#\/schema\/person\/image\/\",\"url\":\"https:\/\/secure.gravatar.com\/avatar\/517384810d242ca9e38c180f3c9fb973?s=96&d=mm&r=g\",\"contentUrl\":\"https:\/\/secure.gravatar.com\/avatar\/517384810d242ca9e38c180f3c9fb973?s=96&d=mm&r=g\",\"caption\":\"Administrador\"},\"url\":\"https:\/\/www.asajacyl.com\/palencia\/author\/carlosrm\"}]}<\/script>\n<!-- \/ Yoast SEO plugin. -->","yoast_head_json":{"title":"El presupuesto de la consejer\u00eda de agricultura y ganader\u00eda aumenta un 13% - ASAJA Palencia","description":"El Consejero de Agricultura, Ganader\u00eda y Desarrollo Rural, Gerardo Due\u00f1as, ha presentado en la Cortes Regionales, los presupuesto para el a\u00f1o 2023, que se","robots":{"index":"index","follow":"follow","max-snippet":"max-snippet:-1","max-image-preview":"max-image-preview:large","max-video-preview":"max-video-preview:-1"},"canonical":"https:\/\/www.asajacyl.com\/palencia\/asaja-palencia-informa\/el-presupuesto-de-la-consejeria-de-agricultura-y-ganaderia-aumenta-un-13","og_locale":"es_ES","og_type":"article","og_title":"El presupuesto de la consejer\u00eda de agricultura y ganader\u00eda aumenta un 13% - ASAJA Palencia","og_description":"El Consejero de Agricultura, Ganader\u00eda y Desarrollo Rural, Gerardo Due\u00f1as, ha presentado en la Cortes Regionales, los presupuesto para el a\u00f1o 2023, que se","og_url":"https:\/\/www.asajacyl.com\/palencia\/asaja-palencia-informa\/el-presupuesto-de-la-consejeria-de-agricultura-y-ganaderia-aumenta-un-13","og_site_name":"ASAJA Palencia","article_published_time":"2022-11-23T10:27:00+00:00","og_image":[{"width":1599,"height":1199,"url":"https:\/\/www.asajacyl.com\/palencia\/wp-content\/uploads\/sites\/3\/2022\/11\/EUROS.jpg","type":"image\/jpeg"}],"author":"Administrador","twitter_card":"summary_large_image","twitter_misc":{"Escrito por":"Administrador","Tiempo de lectura":"3 minutos"},"schema":{"@context":"https:\/\/schema.org","@graph":[{"@type":"WebPage","@id":"https:\/\/www.asajacyl.com\/palencia\/asaja-palencia-informa\/el-presupuesto-de-la-consejeria-de-agricultura-y-ganaderia-aumenta-un-13","url":"https:\/\/www.asajacyl.com\/palencia\/asaja-palencia-informa\/el-presupuesto-de-la-consejeria-de-agricultura-y-ganaderia-aumenta-un-13","name":"El presupuesto de la consejer\u00eda de agricultura y ganader\u00eda aumenta un 13% - ASAJA Palencia","isPartOf":{"@id":"https:\/\/www.asajacyl.com\/palencia\/#website"},"primaryImageOfPage":{"@id":"https:\/\/www.asajacyl.com\/palencia\/asaja-palencia-informa\/el-presupuesto-de-la-consejeria-de-agricultura-y-ganaderia-aumenta-un-13#primaryimage"},"image":{"@id":"https:\/\/www.asajacyl.com\/palencia\/asaja-palencia-informa\/el-presupuesto-de-la-consejeria-de-agricultura-y-ganaderia-aumenta-un-13#primaryimage"},"thumbnailUrl":"https:\/\/www.asajacyl.com\/palencia\/wp-content\/uploads\/sites\/3\/2022\/11\/EUROS.jpg","datePublished":"2022-11-23T10:27:00+00:00","author":{"@id":"https:\/\/www.asajacyl.com\/palencia\/#\/schema\/person\/3ab17aeb03527485c317557fae64aab1"},"description":"El Consejero de Agricultura, Ganader\u00eda y Desarrollo Rural, Gerardo Due\u00f1as, ha presentado en la Cortes Regionales, los presupuesto para el a\u00f1o 2023, que se","breadcrumb":{"@id":"https:\/\/www.asajacyl.com\/palencia\/asaja-palencia-informa\/el-presupuesto-de-la-consejeria-de-agricultura-y-ganaderia-aumenta-un-13#breadcrumb"},"inLanguage":"es","potentialAction":[{"@type":"ReadAction","target":["https:\/\/www.asajacyl.com\/palencia\/asaja-palencia-informa\/el-presupuesto-de-la-consejeria-de-agricultura-y-ganaderia-aumenta-un-13"]}]},{"@type":"ImageObject","inLanguage":"es","@id":"https:\/\/www.asajacyl.com\/palencia\/asaja-palencia-informa\/el-presupuesto-de-la-consejeria-de-agricultura-y-ganaderia-aumenta-un-13#primaryimage","url":"https:\/\/www.asajacyl.com\/palencia\/wp-content\/uploads\/sites\/3\/2022\/11\/EUROS.jpg","contentUrl":"https:\/\/www.asajacyl.com\/palencia\/wp-content\/uploads\/sites\/3\/2022\/11\/EUROS.jpg","width":1599,"height":1199},{"@type":"BreadcrumbList","@id":"https:\/\/www.asajacyl.com\/palencia\/asaja-palencia-informa\/el-presupuesto-de-la-consejeria-de-agricultura-y-ganaderia-aumenta-un-13#breadcrumb","itemListElement":[{"@type":"ListItem","position":1,"name":"Portada","item":"https:\/\/www.asajacyl.com\/palencia\/"},{"@type":"ListItem","position":2,"name":"El presupuesto de la consejer\u00eda de agricultura y ganader\u00eda aumenta un 13%"}]},{"@type":"WebSite","@id":"https:\/\/www.asajacyl.com\/palencia\/#website","url":"https:\/\/www.asajacyl.com\/palencia\/","name":"ASAJA Palencia","description":"Otro sitio m\u00e1s de Provincias ASAJA Castilla y Le\u00f3n","potentialAction":[{"@type":"SearchAction","target":{"@type":"EntryPoint","urlTemplate":"https:\/\/www.asajacyl.com\/palencia\/?s={search_term_string}"},"query-input":{"@type":"PropertyValueSpecification","valueRequired":true,"valueName":"search_term_string"}}],"inLanguage":"es"},{"@type":"Person","@id":"https:\/\/www.asajacyl.com\/palencia\/#\/schema\/person\/3ab17aeb03527485c317557fae64aab1","name":"Administrador","image":{"@type":"ImageObject","inLanguage":"es","@id":"https:\/\/www.asajacyl.com\/palencia\/#\/schema\/person\/image\/","url":"https:\/\/secure.gravatar.com\/avatar\/517384810d242ca9e38c180f3c9fb973?s=96&d=mm&r=g","contentUrl":"https:\/\/secure.gravatar.com\/avatar\/517384810d242ca9e38c180f3c9fb973?s=96&d=mm&r=g","caption":"Administrador"},"url":"https:\/\/www.asajacyl.com\/palencia\/author\/carlosrm"}]}},"_links":{"self":[{"href":"https:\/\/www.asajacyl.com\/palencia\/wp-json\/wp\/v2\/posts\/11794"}],"collection":[{"href":"https:\/\/www.asajacyl.com\/palencia\/wp-json\/wp\/v2\/posts"}],"about":[{"href":"https:\/\/www.asajacyl.com\/palencia\/wp-json\/wp\/v2\/types\/post"}],"author":[{"embeddable":true,"href":"https:\/\/www.asajacyl.com\/palencia\/wp-json\/wp\/v2\/users\/9"}],"replies":[{"embeddable":true,"href":"https:\/\/www.asajacyl.com\/palencia\/wp-json\/wp\/v2\/comments?post=11794"}],"version-history":[{"count":2,"href":"https:\/\/www.asajacyl.com\/palencia\/wp-json\/wp\/v2\/posts\/11794\/revisions"}],"predecessor-version":[{"id":11797,"href":"https:\/\/www.asajacyl.com\/palencia\/wp-json\/wp\/v2\/posts\/11794\/revisions\/11797"}],"wp:featuredmedia":[{"embeddable":true,"href":"https:\/\/www.asajacyl.com\/palencia\/wp-json\/wp\/v2\/media\/11691"}],"wp:attachment":[{"href":"https:\/\/www.asajacyl.com\/palencia\/wp-json\/wp\/v2\/media?parent=11794"}],"wp:term":[{"taxonomy":"category","embeddable":true,"href":"https:\/\/www.asajacyl.com\/palencia\/wp-json\/wp\/v2\/categories?post=11794"},{"taxonomy":"post_tag","embeddable":true,"href":"https:\/\/www.asajacyl.com\/palencia\/wp-json\/wp\/v2\/tags?post=11794"}],"curies":[{"name":"wp","href":"https:\/\/api.w.org\/{rel}","templated":true}]}}