{"id":11798,"date":"2022-11-28T12:31:00","date_gmt":"2022-11-28T11:31:00","guid":{"rendered":"https:\/\/www.asajacyl.com\/palencia\/?p=11798"},"modified":"2022-11-25T07:46:29","modified_gmt":"2022-11-25T06:46:29","slug":"castilla-y-leon-expone-en-el-parlamento-europeo-la-critica-situacion-que-viven-los-ganaderos-tras-el-cambio-de-estatus-del-lobo","status":"publish","type":"post","link":"https:\/\/www.asajacyl.com\/palencia\/asaja-palencia-informa\/castilla-y-leon-expone-en-el-parlamento-europeo-la-critica-situacion-que-viven-los-ganaderos-tras-el-cambio-de-estatus-del-lobo","title":{"rendered":"Castilla y Le\u00f3n expone en el Parlamento Europeo la cr\u00edtica situaci\u00f3n que viven los ganaderos tras el cambio de estatus del lobo"},"content":{"rendered":"\n<p>El consejero de Medio Ambiente, Vivienda y Ordenaci\u00f3n del Territorio de Castilla y Le\u00f3n, Juan Carlos Su\u00e1rez-Qui\u00f1ones, representando a su vez a los responsables de Galicia, Asturias y Cantabria, se ha reunido en el Parlamento Europeo, en Bruselas, con representantes del \u00abIntergrupo de biodiversidad y mundo rural\u00bb del Parlamento Europeo, portavoces del Partido Popular Europeo y de los Socialistas Europeos.<\/p>\n\n\n\n<p>Ha denunciado que el Gobierno espa\u00f1ol ha remitido a Europa una informaci\u00f3n err\u00f3nea sobre la evoluci\u00f3n del censo del lobo en Espa\u00f1a, que es favorable y est\u00e1 en clara expansi\u00f3n.<\/p>\n\n\n\n<p>Con estos encuentros, el consejero ha buscado el apoyo de la Euroc\u00e1mara para que pueda gestionarse por las autonom\u00edas el lobo en sus territorios, en el marco de la Directiva Europea H\u00e1bitats, como antes de septiembre de 2021, tras el cambio de r\u00e9gimen -con la inclusi\u00f3n del lobo en el LESPRE-, que no obedece a intereses generales y que ha ido m\u00e1s all\u00e1 del ya exigente r\u00e9gimen de protecci\u00f3n europeo, y camina en sentido contrario a lo que pa\u00edses con poblaci\u00f3n de lobo pretenden en Europa que es una flexibilizaci\u00f3n de la normativa europea.<\/p>\n","protected":false},"excerpt":{"rendered":"<p>El consejero de Medio Ambiente, Vivienda y Ordenaci\u00f3n del Territorio de Castilla y Le\u00f3n, Juan Carlos Su\u00e1rez-Qui\u00f1ones, representando a su vez a los responsables de Galicia, Asturias y Cantabria, se ha reunido en el Parlamento Europeo, en Bruselas, con representantes del \u00abIntergrupo de biodiversidad y mundo rural\u00bb del Parlamento Europeo, portavoces del Partido Popular Europeo [&hellip;]<\/p>\n","protected":false},"author":9,"featured_media":10266,"comment_status":"open","ping_status":"open","sticky":false,"template":"","format":"standard","meta":{"footnotes":""},"categories":[9,29,28],"tags":[],"yoast_head":"<!-- This site is optimized with the Yoast SEO plugin v24.5 - https:\/\/yoast.com\/wordpress\/plugins\/seo\/ -->\n<title>Castilla y Le\u00f3n expone en el Parlamento Europeo la cr\u00edtica situaci\u00f3n que viven los ganaderos tras el cambio de estatus del lobo - ASAJA Palencia<\/title>\n<meta name=\"description\" content=\"El consejero de Medio Ambiente, Vivienda y Ordenaci\u00f3n del Territorio de Castilla y Le\u00f3n, Juan Carlos Su\u00e1rez-Qui\u00f1ones, representando a su vez a los\" \/>\n<meta name=\"robots\" content=\"index, follow, max-snippet:-1, max-image-preview:large, max-video-preview:-1\" \/>\n<link rel=\"canonical\" href=\"https:\/\/www.asajacyl.com\/palencia\/asaja-palencia-informa\/castilla-y-leon-expone-en-el-parlamento-europeo-la-critica-situacion-que-viven-los-ganaderos-tras-el-cambio-de-estatus-del-lobo\" \/>\n<meta property=\"og:locale\" content=\"es_ES\" \/>\n<meta property=\"og:type\" content=\"article\" \/>\n<meta property=\"og:title\" content=\"Castilla y Le\u00f3n expone en el Parlamento Europeo la cr\u00edtica situaci\u00f3n que viven los ganaderos tras el cambio de estatus del lobo - ASAJA Palencia\" \/>\n<meta property=\"og:description\" content=\"El consejero de Medio Ambiente, Vivienda y Ordenaci\u00f3n del Territorio de Castilla y Le\u00f3n, Juan Carlos Su\u00e1rez-Qui\u00f1ones, representando a su vez a los\" \/>\n<meta property=\"og:url\" content=\"https:\/\/www.asajacyl.com\/palencia\/asaja-palencia-informa\/castilla-y-leon-expone-en-el-parlamento-europeo-la-critica-situacion-que-viven-los-ganaderos-tras-el-cambio-de-estatus-del-lobo\" \/>\n<meta property=\"og:site_name\" content=\"ASAJA Palencia\" \/>\n<meta property=\"article:published_time\" content=\"2022-11-28T11:31:00+00:00\" \/>\n<meta property=\"og:image\" content=\"https:\/\/www.asajacyl.com\/palencia\/wp-content\/uploads\/sites\/3\/2022\/04\/2c10b567-cd04-47ab-a51e-36ef3931a007.jpg\" \/>\n\t<meta property=\"og:image:width\" content=\"1200\" \/>\n\t<meta property=\"og:image:height\" content=\"1600\" \/>\n\t<meta property=\"og:image:type\" content=\"image\/jpeg\" \/>\n<meta name=\"author\" content=\"Administrador\" \/>\n<meta name=\"twitter:card\" content=\"summary_large_image\" \/>\n<meta name=\"twitter:label1\" content=\"Escrito por\" \/>\n\t<meta name=\"twitter:data1\" content=\"Administrador\" \/>\n\t<meta name=\"twitter:label2\" content=\"Tiempo de lectura\" \/>\n\t<meta name=\"twitter:data2\" content=\"1 minuto\" \/>\n<script type=\"application\/ld+json\" class=\"yoast-schema-graph\">{\"@context\":\"https:\/\/schema.org\",\"@graph\":[{\"@type\":\"WebPage\",\"@id\":\"https:\/\/www.asajacyl.com\/palencia\/asaja-palencia-informa\/castilla-y-leon-expone-en-el-parlamento-europeo-la-critica-situacion-que-viven-los-ganaderos-tras-el-cambio-de-estatus-del-lobo\",\"url\":\"https:\/\/www.asajacyl.com\/palencia\/asaja-palencia-informa\/castilla-y-leon-expone-en-el-parlamento-europeo-la-critica-situacion-que-viven-los-ganaderos-tras-el-cambio-de-estatus-del-lobo\",\"name\":\"Castilla y Le\u00f3n expone en el Parlamento Europeo la cr\u00edtica situaci\u00f3n que viven los ganaderos tras el cambio de estatus del lobo - ASAJA Palencia\",\"isPartOf\":{\"@id\":\"https:\/\/www.asajacyl.com\/palencia\/#website\"},\"primaryImageOfPage\":{\"@id\":\"https:\/\/www.asajacyl.com\/palencia\/asaja-palencia-informa\/castilla-y-leon-expone-en-el-parlamento-europeo-la-critica-situacion-que-viven-los-ganaderos-tras-el-cambio-de-estatus-del-lobo#primaryimage\"},\"image\":{\"@id\":\"https:\/\/www.asajacyl.com\/palencia\/asaja-palencia-informa\/castilla-y-leon-expone-en-el-parlamento-europeo-la-critica-situacion-que-viven-los-ganaderos-tras-el-cambio-de-estatus-del-lobo#primaryimage\"},\"thumbnailUrl\":\"https:\/\/www.asajacyl.com\/palencia\/wp-content\/uploads\/sites\/3\/2022\/04\/2c10b567-cd04-47ab-a51e-36ef3931a007.jpg\",\"datePublished\":\"2022-11-28T11:31:00+00:00\",\"author\":{\"@id\":\"https:\/\/www.asajacyl.com\/palencia\/#\/schema\/person\/3ab17aeb03527485c317557fae64aab1\"},\"description\":\"El consejero de Medio Ambiente, Vivienda y Ordenaci\u00f3n del Territorio de Castilla y Le\u00f3n, Juan Carlos Su\u00e1rez-Qui\u00f1ones, representando a su vez a los\",\"breadcrumb\":{\"@id\":\"https:\/\/www.asajacyl.com\/palencia\/asaja-palencia-informa\/castilla-y-leon-expone-en-el-parlamento-europeo-la-critica-situacion-que-viven-los-ganaderos-tras-el-cambio-de-estatus-del-lobo#breadcrumb\"},\"inLanguage\":\"es\",\"potentialAction\":[{\"@type\":\"ReadAction\",\"target\":[\"https:\/\/www.asajacyl.com\/palencia\/asaja-palencia-informa\/castilla-y-leon-expone-en-el-parlamento-europeo-la-critica-situacion-que-viven-los-ganaderos-tras-el-cambio-de-estatus-del-lobo\"]}]},{\"@type\":\"ImageObject\",\"inLanguage\":\"es\",\"@id\":\"https:\/\/www.asajacyl.com\/palencia\/asaja-palencia-informa\/castilla-y-leon-expone-en-el-parlamento-europeo-la-critica-situacion-que-viven-los-ganaderos-tras-el-cambio-de-estatus-del-lobo#primaryimage\",\"url\":\"https:\/\/www.asajacyl.com\/palencia\/wp-content\/uploads\/sites\/3\/2022\/04\/2c10b567-cd04-47ab-a51e-36ef3931a007.jpg\",\"contentUrl\":\"https:\/\/www.asajacyl.com\/palencia\/wp-content\/uploads\/sites\/3\/2022\/04\/2c10b567-cd04-47ab-a51e-36ef3931a007.jpg\",\"width\":1200,\"height\":1600},{\"@type\":\"BreadcrumbList\",\"@id\":\"https:\/\/www.asajacyl.com\/palencia\/asaja-palencia-informa\/castilla-y-leon-expone-en-el-parlamento-europeo-la-critica-situacion-que-viven-los-ganaderos-tras-el-cambio-de-estatus-del-lobo#breadcrumb\",\"itemListElement\":[{\"@type\":\"ListItem\",\"position\":1,\"name\":\"Portada\",\"item\":\"https:\/\/www.asajacyl.com\/palencia\/\"},{\"@type\":\"ListItem\",\"position\":2,\"name\":\"Castilla y Le\u00f3n expone en el Parlamento Europeo la cr\u00edtica situaci\u00f3n que viven los ganaderos tras el cambio de estatus del lobo\"}]},{\"@type\":\"WebSite\",\"@id\":\"https:\/\/www.asajacyl.com\/palencia\/#website\",\"url\":\"https:\/\/www.asajacyl.com\/palencia\/\",\"name\":\"ASAJA Palencia\",\"description\":\"Otro sitio m\u00e1s de Provincias ASAJA Castilla y Le\u00f3n\",\"potentialAction\":[{\"@type\":\"SearchAction\",\"target\":{\"@type\":\"EntryPoint\",\"urlTemplate\":\"https:\/\/www.asajacyl.com\/palencia\/?s={search_term_string}\"},\"query-input\":{\"@type\":\"PropertyValueSpecification\",\"valueRequired\":true,\"valueName\":\"search_term_string\"}}],\"inLanguage\":\"es\"},{\"@type\":\"Person\",\"@id\":\"https:\/\/www.asajacyl.com\/palencia\/#\/schema\/person\/3ab17aeb03527485c317557fae64aab1\",\"name\":\"Administrador\",\"image\":{\"@type\":\"ImageObject\",\"inLanguage\":\"es\",\"@id\":\"https:\/\/www.asajacyl.com\/palencia\/#\/schema\/person\/image\/\",\"url\":\"https:\/\/secure.gravatar.com\/avatar\/517384810d242ca9e38c180f3c9fb973?s=96&d=mm&r=g\",\"contentUrl\":\"https:\/\/secure.gravatar.com\/avatar\/517384810d242ca9e38c180f3c9fb973?s=96&d=mm&r=g\",\"caption\":\"Administrador\"},\"url\":\"https:\/\/www.asajacyl.com\/palencia\/author\/carlosrm\"}]}<\/script>\n<!-- \/ Yoast SEO plugin. -->","yoast_head_json":{"title":"Castilla y Le\u00f3n expone en el Parlamento Europeo la cr\u00edtica situaci\u00f3n que viven los ganaderos tras el cambio de estatus del lobo - ASAJA Palencia","description":"El consejero de Medio Ambiente, Vivienda y Ordenaci\u00f3n del Territorio de Castilla y Le\u00f3n, Juan Carlos Su\u00e1rez-Qui\u00f1ones, representando a su vez a los","robots":{"index":"index","follow":"follow","max-snippet":"max-snippet:-1","max-image-preview":"max-image-preview:large","max-video-preview":"max-video-preview:-1"},"canonical":"https:\/\/www.asajacyl.com\/palencia\/asaja-palencia-informa\/castilla-y-leon-expone-en-el-parlamento-europeo-la-critica-situacion-que-viven-los-ganaderos-tras-el-cambio-de-estatus-del-lobo","og_locale":"es_ES","og_type":"article","og_title":"Castilla y Le\u00f3n expone en el Parlamento Europeo la cr\u00edtica situaci\u00f3n que viven los ganaderos tras el cambio de estatus del lobo - ASAJA Palencia","og_description":"El consejero de Medio Ambiente, Vivienda y Ordenaci\u00f3n del Territorio de Castilla y Le\u00f3n, Juan Carlos Su\u00e1rez-Qui\u00f1ones, representando a su vez a los","og_url":"https:\/\/www.asajacyl.com\/palencia\/asaja-palencia-informa\/castilla-y-leon-expone-en-el-parlamento-europeo-la-critica-situacion-que-viven-los-ganaderos-tras-el-cambio-de-estatus-del-lobo","og_site_name":"ASAJA Palencia","article_published_time":"2022-11-28T11:31:00+00:00","og_image":[{"width":1200,"height":1600,"url":"https:\/\/www.asajacyl.com\/palencia\/wp-content\/uploads\/sites\/3\/2022\/04\/2c10b567-cd04-47ab-a51e-36ef3931a007.jpg","type":"image\/jpeg"}],"author":"Administrador","twitter_card":"summary_large_image","twitter_misc":{"Escrito por":"Administrador","Tiempo de lectura":"1 minuto"},"schema":{"@context":"https:\/\/schema.org","@graph":[{"@type":"WebPage","@id":"https:\/\/www.asajacyl.com\/palencia\/asaja-palencia-informa\/castilla-y-leon-expone-en-el-parlamento-europeo-la-critica-situacion-que-viven-los-ganaderos-tras-el-cambio-de-estatus-del-lobo","url":"https:\/\/www.asajacyl.com\/palencia\/asaja-palencia-informa\/castilla-y-leon-expone-en-el-parlamento-europeo-la-critica-situacion-que-viven-los-ganaderos-tras-el-cambio-de-estatus-del-lobo","name":"Castilla y Le\u00f3n expone en el Parlamento Europeo la cr\u00edtica situaci\u00f3n que viven los ganaderos tras el cambio de estatus del lobo - ASAJA Palencia","isPartOf":{"@id":"https:\/\/www.asajacyl.com\/palencia\/#website"},"primaryImageOfPage":{"@id":"https:\/\/www.asajacyl.com\/palencia\/asaja-palencia-informa\/castilla-y-leon-expone-en-el-parlamento-europeo-la-critica-situacion-que-viven-los-ganaderos-tras-el-cambio-de-estatus-del-lobo#primaryimage"},"image":{"@id":"https:\/\/www.asajacyl.com\/palencia\/asaja-palencia-informa\/castilla-y-leon-expone-en-el-parlamento-europeo-la-critica-situacion-que-viven-los-ganaderos-tras-el-cambio-de-estatus-del-lobo#primaryimage"},"thumbnailUrl":"https:\/\/www.asajacyl.com\/palencia\/wp-content\/uploads\/sites\/3\/2022\/04\/2c10b567-cd04-47ab-a51e-36ef3931a007.jpg","datePublished":"2022-11-28T11:31:00+00:00","author":{"@id":"https:\/\/www.asajacyl.com\/palencia\/#\/schema\/person\/3ab17aeb03527485c317557fae64aab1"},"description":"El consejero de Medio Ambiente, Vivienda y Ordenaci\u00f3n del Territorio de Castilla y Le\u00f3n, Juan Carlos Su\u00e1rez-Qui\u00f1ones, representando a su vez a los","breadcrumb":{"@id":"https:\/\/www.asajacyl.com\/palencia\/asaja-palencia-informa\/castilla-y-leon-expone-en-el-parlamento-europeo-la-critica-situacion-que-viven-los-ganaderos-tras-el-cambio-de-estatus-del-lobo#breadcrumb"},"inLanguage":"es","potentialAction":[{"@type":"ReadAction","target":["https:\/\/www.asajacyl.com\/palencia\/asaja-palencia-informa\/castilla-y-leon-expone-en-el-parlamento-europeo-la-critica-situacion-que-viven-los-ganaderos-tras-el-cambio-de-estatus-del-lobo"]}]},{"@type":"ImageObject","inLanguage":"es","@id":"https:\/\/www.asajacyl.com\/palencia\/asaja-palencia-informa\/castilla-y-leon-expone-en-el-parlamento-europeo-la-critica-situacion-que-viven-los-ganaderos-tras-el-cambio-de-estatus-del-lobo#primaryimage","url":"https:\/\/www.asajacyl.com\/palencia\/wp-content\/uploads\/sites\/3\/2022\/04\/2c10b567-cd04-47ab-a51e-36ef3931a007.jpg","contentUrl":"https:\/\/www.asajacyl.com\/palencia\/wp-content\/uploads\/sites\/3\/2022\/04\/2c10b567-cd04-47ab-a51e-36ef3931a007.jpg","width":1200,"height":1600},{"@type":"BreadcrumbList","@id":"https:\/\/www.asajacyl.com\/palencia\/asaja-palencia-informa\/castilla-y-leon-expone-en-el-parlamento-europeo-la-critica-situacion-que-viven-los-ganaderos-tras-el-cambio-de-estatus-del-lobo#breadcrumb","itemListElement":[{"@type":"ListItem","position":1,"name":"Portada","item":"https:\/\/www.asajacyl.com\/palencia\/"},{"@type":"ListItem","position":2,"name":"Castilla y Le\u00f3n expone en el Parlamento Europeo la cr\u00edtica situaci\u00f3n que viven los ganaderos tras el cambio de estatus del lobo"}]},{"@type":"WebSite","@id":"https:\/\/www.asajacyl.com\/palencia\/#website","url":"https:\/\/www.asajacyl.com\/palencia\/","name":"ASAJA Palencia","description":"Otro sitio m\u00e1s de Provincias ASAJA Castilla y Le\u00f3n","potentialAction":[{"@type":"SearchAction","target":{"@type":"EntryPoint","urlTemplate":"https:\/\/www.asajacyl.com\/palencia\/?s={search_term_string}"},"query-input":{"@type":"PropertyValueSpecification","valueRequired":true,"valueName":"search_term_string"}}],"inLanguage":"es"},{"@type":"Person","@id":"https:\/\/www.asajacyl.com\/palencia\/#\/schema\/person\/3ab17aeb03527485c317557fae64aab1","name":"Administrador","image":{"@type":"ImageObject","inLanguage":"es","@id":"https:\/\/www.asajacyl.com\/palencia\/#\/schema\/person\/image\/","url":"https:\/\/secure.gravatar.com\/avatar\/517384810d242ca9e38c180f3c9fb973?s=96&d=mm&r=g","contentUrl":"https:\/\/secure.gravatar.com\/avatar\/517384810d242ca9e38c180f3c9fb973?s=96&d=mm&r=g","caption":"Administrador"},"url":"https:\/\/www.asajacyl.com\/palencia\/author\/carlosrm"}]}},"_links":{"self":[{"href":"https:\/\/www.asajacyl.com\/palencia\/wp-json\/wp\/v2\/posts\/11798"}],"collection":[{"href":"https:\/\/www.asajacyl.com\/palencia\/wp-json\/wp\/v2\/posts"}],"about":[{"href":"https:\/\/www.asajacyl.com\/palencia\/wp-json\/wp\/v2\/types\/post"}],"author":[{"embeddable":true,"href":"https:\/\/www.asajacyl.com\/palencia\/wp-json\/wp\/v2\/users\/9"}],"replies":[{"embeddable":true,"href":"https:\/\/www.asajacyl.com\/palencia\/wp-json\/wp\/v2\/comments?post=11798"}],"version-history":[{"count":2,"href":"https:\/\/www.asajacyl.com\/palencia\/wp-json\/wp\/v2\/posts\/11798\/revisions"}],"predecessor-version":[{"id":11828,"href":"https:\/\/www.asajacyl.com\/palencia\/wp-json\/wp\/v2\/posts\/11798\/revisions\/11828"}],"wp:featuredmedia":[{"embeddable":true,"href":"https:\/\/www.asajacyl.com\/palencia\/wp-json\/wp\/v2\/media\/10266"}],"wp:attachment":[{"href":"https:\/\/www.asajacyl.com\/palencia\/wp-json\/wp\/v2\/media?parent=11798"}],"wp:term":[{"taxonomy":"category","embeddable":true,"href":"https:\/\/www.asajacyl.com\/palencia\/wp-json\/wp\/v2\/categories?post=11798"},{"taxonomy":"post_tag","embeddable":true,"href":"https:\/\/www.asajacyl.com\/palencia\/wp-json\/wp\/v2\/tags?post=11798"}],"curies":[{"name":"wp","href":"https:\/\/api.w.org\/{rel}","templated":true}]}}