{"id":11805,"date":"2022-11-21T13:14:13","date_gmt":"2022-11-21T12:14:13","guid":{"rendered":"https:\/\/www.asajacyl.com\/palencia\/?p=11805"},"modified":"2022-11-21T13:14:15","modified_gmt":"2022-11-21T12:14:15","slug":"el-pasado-fin-de-semana-tuvo-lugar-la-xii-convencion-de-empleados-de-asaja-en-castilla-y-leon","status":"publish","type":"post","link":"https:\/\/www.asajacyl.com\/palencia\/asaja-palencia-informa\/el-pasado-fin-de-semana-tuvo-lugar-la-xii-convencion-de-empleados-de-asaja-en-castilla-y-leon","title":{"rendered":"El pasado fin de semana tuvo lugar la XII Convenci\u00f3n de Empleados de ASAJA en Castilla y Le\u00f3n"},"content":{"rendered":"\n<p>El s\u00e1bado se clausur\u00f3 la Convenci\u00f3n de Empleados de ASAJA en Castilla y Le\u00f3n, que ha reunido desde ayer en Zamora a los cerca de 150 profesionales que trabajan en la principal organizaci\u00f3n profesional agraria de la Comunidad Aut\u00f3noma. Se cumple la duod\u00e9cima edici\u00f3n de este encuentro, que se celebra anualmente, aunque tuvo que ser interrumpido durante dos a\u00f1os a causa de la pandemia.<\/p>\n\n\n\n<p>Con la Convenci\u00f3n de empleados se procura por un lado favorecer la comunicaci\u00f3n entre el amplio equipo de t\u00e9cnicos que asesora al sector agroganadero, y por otro propiciar la actualizaci\u00f3n de conocimientos y de unos sistemas de trabajo que a\u00fanan una creciente digitalizaci\u00f3n con el absolutamente necesario trato personal. ASAJA, principal OPA de la Comunidad Aut\u00f3noma, mantiene una red de 45 oficinas en todo el territorio y un equipo muy profesional que no ha dejado de crecer, para atender la demanda de servicios cada vez m\u00e1s especializados que exigen los profesionales del campo del siglo XXI.<\/p>\n\n\n\n<p>La jornada de ayer, que se celebra en los Salones del Hotel Rey Don Sancho, fue inaugurada por Donaciano Dujo y Ram\u00f3n Romo, presidente de ASAJA Castilla y Le\u00f3n y secretario de ASAJA-Zamora. El programa ha incluido ponencias de especialistas, y tambi\u00e9n mesas de trabajo de los t\u00e9cnicos de las distintas ASAJA provinciales. Entre otros, ha intervenido Jaime Zafra, responsable de Comunicaci\u00f3n de Provacuno; David Frontela, experto en Comunicaci\u00f3n y profesor de la UVA; Luis Miguel de Dios, escritor y periodista, y Ana Plaza, directora de Gabinete y Comunicaci\u00f3n Institucional en ASAJA nacional.<\/p>\n\n\n\n<p>Adem\u00e1s, los participantes en el encuentro se han trasladado a Moraleja del Vino para visitar las instalaciones de COBADU, una de las cooperativas m\u00e1s importantes de nuestro pa\u00eds y el coraz\u00f3n econ\u00f3mico y social de la provincia de Zamora.<\/p>\n\n\n\n<p>El equipo de profesionales de ASAJA es la cara visible de la organizaci\u00f3n, en ellos conf\u00edan los agricultores y ganaderos y a ellos les consultan cualquier tipo de problema. ASAJA entiende que ser la organizaci\u00f3n agraria mayoritaria del campo de Castilla y Le\u00f3n le obliga a ir tambi\u00e9n en cabeza a la hora de ampliar y renovar conocimientos para dar los mejores servicios a los profesionales de la agricultura y la ganader\u00eda. En estas semanas, los t\u00e9cnicos de todas las ASAJA provinciales y regional est\u00e1n volcados en atender las dudas y cuestiones que plantean los agricultores y ganaderos sobre la nueva y enrevesada PAC.<\/p>\n\n\n\n<p>Desde las oficinas de ASAJA en las provincias de la regi\u00f3n se ofrecen numerosos servicios, desde la gesti\u00f3n de ayudas al asesoramiento t\u00e9cnico o jur\u00eddico, seguros, o formaci\u00f3n continua de los agricultores y ganaderos, un cap\u00edtulo reforzado con una activa plataforma online en la que continuamente se realizan cursos de incorporaci\u00f3n a la empresa agraria y ganadera, la puerta de acceso de los j\u00f3venes que llegan al sector. Unos servicios que est\u00e1n en continuo cambio y expansi\u00f3n, para estar a la altura de lo que merece un sector primario cada vez m\u00e1s especializado e informado.<\/p>\n","protected":false},"excerpt":{"rendered":"<p>El s\u00e1bado se clausur\u00f3 la Convenci\u00f3n de Empleados de ASAJA en Castilla y Le\u00f3n, que ha reunido desde ayer en Zamora a los cerca de 150 profesionales que trabajan en la principal organizaci\u00f3n profesional agraria de la Comunidad Aut\u00f3noma. Se cumple la duod\u00e9cima edici\u00f3n de este encuentro, que se celebra anualmente, aunque tuvo que ser [&hellip;]<\/p>\n","protected":false},"author":9,"featured_media":11803,"comment_status":"open","ping_status":"open","sticky":false,"template":"","format":"standard","meta":{"footnotes":""},"categories":[9,29,28],"tags":[],"yoast_head":"<!-- This site is optimized with the Yoast SEO plugin v24.5 - https:\/\/yoast.com\/wordpress\/plugins\/seo\/ -->\n<title>El pasado fin de semana tuvo lugar la XII Convenci\u00f3n de Empleados de ASAJA en Castilla y Le\u00f3n - ASAJA Palencia<\/title>\n<meta name=\"description\" content=\"El s\u00e1bado se clausur\u00f3 la Convenci\u00f3n de Empleados de ASAJA en Castilla y Le\u00f3n, que ha reunido desde ayer en Zamora a los cerca de 150 profesionales que\" \/>\n<meta name=\"robots\" content=\"index, follow, max-snippet:-1, max-image-preview:large, max-video-preview:-1\" \/>\n<link rel=\"canonical\" href=\"https:\/\/www.asajacyl.com\/palencia\/asaja-palencia-informa\/el-pasado-fin-de-semana-tuvo-lugar-la-xii-convencion-de-empleados-de-asaja-en-castilla-y-leon\" \/>\n<meta property=\"og:locale\" content=\"es_ES\" \/>\n<meta property=\"og:type\" content=\"article\" \/>\n<meta property=\"og:title\" content=\"El pasado fin de semana tuvo lugar la XII Convenci\u00f3n de Empleados de ASAJA en Castilla y Le\u00f3n - ASAJA Palencia\" \/>\n<meta property=\"og:description\" content=\"El s\u00e1bado se clausur\u00f3 la Convenci\u00f3n de Empleados de ASAJA en Castilla y Le\u00f3n, que ha reunido desde ayer en Zamora a los cerca de 150 profesionales que\" \/>\n<meta property=\"og:url\" content=\"https:\/\/www.asajacyl.com\/palencia\/asaja-palencia-informa\/el-pasado-fin-de-semana-tuvo-lugar-la-xii-convencion-de-empleados-de-asaja-en-castilla-y-leon\" \/>\n<meta property=\"og:site_name\" content=\"ASAJA Palencia\" \/>\n<meta property=\"article:published_time\" content=\"2022-11-21T12:14:13+00:00\" \/>\n<meta property=\"article:modified_time\" content=\"2022-11-21T12:14:15+00:00\" \/>\n<meta property=\"og:image\" content=\"https:\/\/www.asajacyl.com\/palencia\/wp-content\/uploads\/sites\/3\/2022\/11\/EMPLEADOS-ASAJA.jpg\" \/>\n\t<meta property=\"og:image:width\" content=\"2500\" \/>\n\t<meta property=\"og:image:height\" content=\"1536\" \/>\n\t<meta property=\"og:image:type\" content=\"image\/jpeg\" \/>\n<meta name=\"author\" content=\"Administrador\" \/>\n<meta name=\"twitter:card\" content=\"summary_large_image\" \/>\n<meta name=\"twitter:label1\" content=\"Escrito por\" \/>\n\t<meta name=\"twitter:data1\" content=\"Administrador\" \/>\n\t<meta name=\"twitter:label2\" content=\"Tiempo de lectura\" \/>\n\t<meta name=\"twitter:data2\" content=\"3 minutos\" \/>\n<script type=\"application\/ld+json\" class=\"yoast-schema-graph\">{\"@context\":\"https:\/\/schema.org\",\"@graph\":[{\"@type\":\"WebPage\",\"@id\":\"https:\/\/www.asajacyl.com\/palencia\/asaja-palencia-informa\/el-pasado-fin-de-semana-tuvo-lugar-la-xii-convencion-de-empleados-de-asaja-en-castilla-y-leon\",\"url\":\"https:\/\/www.asajacyl.com\/palencia\/asaja-palencia-informa\/el-pasado-fin-de-semana-tuvo-lugar-la-xii-convencion-de-empleados-de-asaja-en-castilla-y-leon\",\"name\":\"El pasado fin de semana tuvo lugar la XII Convenci\u00f3n de Empleados de ASAJA en Castilla y Le\u00f3n - ASAJA Palencia\",\"isPartOf\":{\"@id\":\"https:\/\/www.asajacyl.com\/palencia\/#website\"},\"primaryImageOfPage\":{\"@id\":\"https:\/\/www.asajacyl.com\/palencia\/asaja-palencia-informa\/el-pasado-fin-de-semana-tuvo-lugar-la-xii-convencion-de-empleados-de-asaja-en-castilla-y-leon#primaryimage\"},\"image\":{\"@id\":\"https:\/\/www.asajacyl.com\/palencia\/asaja-palencia-informa\/el-pasado-fin-de-semana-tuvo-lugar-la-xii-convencion-de-empleados-de-asaja-en-castilla-y-leon#primaryimage\"},\"thumbnailUrl\":\"https:\/\/www.asajacyl.com\/palencia\/wp-content\/uploads\/sites\/3\/2022\/11\/EMPLEADOS-ASAJA.jpg\",\"datePublished\":\"2022-11-21T12:14:13+00:00\",\"dateModified\":\"2022-11-21T12:14:15+00:00\",\"author\":{\"@id\":\"https:\/\/www.asajacyl.com\/palencia\/#\/schema\/person\/3ab17aeb03527485c317557fae64aab1\"},\"description\":\"El s\u00e1bado se clausur\u00f3 la Convenci\u00f3n de Empleados de ASAJA en Castilla y Le\u00f3n, que ha reunido desde ayer en Zamora a los cerca de 150 profesionales que\",\"breadcrumb\":{\"@id\":\"https:\/\/www.asajacyl.com\/palencia\/asaja-palencia-informa\/el-pasado-fin-de-semana-tuvo-lugar-la-xii-convencion-de-empleados-de-asaja-en-castilla-y-leon#breadcrumb\"},\"inLanguage\":\"es\",\"potentialAction\":[{\"@type\":\"ReadAction\",\"target\":[\"https:\/\/www.asajacyl.com\/palencia\/asaja-palencia-informa\/el-pasado-fin-de-semana-tuvo-lugar-la-xii-convencion-de-empleados-de-asaja-en-castilla-y-leon\"]}]},{\"@type\":\"ImageObject\",\"inLanguage\":\"es\",\"@id\":\"https:\/\/www.asajacyl.com\/palencia\/asaja-palencia-informa\/el-pasado-fin-de-semana-tuvo-lugar-la-xii-convencion-de-empleados-de-asaja-en-castilla-y-leon#primaryimage\",\"url\":\"https:\/\/www.asajacyl.com\/palencia\/wp-content\/uploads\/sites\/3\/2022\/11\/EMPLEADOS-ASAJA.jpg\",\"contentUrl\":\"https:\/\/www.asajacyl.com\/palencia\/wp-content\/uploads\/sites\/3\/2022\/11\/EMPLEADOS-ASAJA.jpg\",\"width\":2500,\"height\":1536},{\"@type\":\"BreadcrumbList\",\"@id\":\"https:\/\/www.asajacyl.com\/palencia\/asaja-palencia-informa\/el-pasado-fin-de-semana-tuvo-lugar-la-xii-convencion-de-empleados-de-asaja-en-castilla-y-leon#breadcrumb\",\"itemListElement\":[{\"@type\":\"ListItem\",\"position\":1,\"name\":\"Portada\",\"item\":\"https:\/\/www.asajacyl.com\/palencia\/\"},{\"@type\":\"ListItem\",\"position\":2,\"name\":\"El pasado fin de semana tuvo lugar la XII Convenci\u00f3n de Empleados de ASAJA en Castilla y Le\u00f3n\"}]},{\"@type\":\"WebSite\",\"@id\":\"https:\/\/www.asajacyl.com\/palencia\/#website\",\"url\":\"https:\/\/www.asajacyl.com\/palencia\/\",\"name\":\"ASAJA Palencia\",\"description\":\"Otro sitio m\u00e1s de Provincias ASAJA Castilla y Le\u00f3n\",\"potentialAction\":[{\"@type\":\"SearchAction\",\"target\":{\"@type\":\"EntryPoint\",\"urlTemplate\":\"https:\/\/www.asajacyl.com\/palencia\/?s={search_term_string}\"},\"query-input\":{\"@type\":\"PropertyValueSpecification\",\"valueRequired\":true,\"valueName\":\"search_term_string\"}}],\"inLanguage\":\"es\"},{\"@type\":\"Person\",\"@id\":\"https:\/\/www.asajacyl.com\/palencia\/#\/schema\/person\/3ab17aeb03527485c317557fae64aab1\",\"name\":\"Administrador\",\"image\":{\"@type\":\"ImageObject\",\"inLanguage\":\"es\",\"@id\":\"https:\/\/www.asajacyl.com\/palencia\/#\/schema\/person\/image\/\",\"url\":\"https:\/\/secure.gravatar.com\/avatar\/517384810d242ca9e38c180f3c9fb973?s=96&d=mm&r=g\",\"contentUrl\":\"https:\/\/secure.gravatar.com\/avatar\/517384810d242ca9e38c180f3c9fb973?s=96&d=mm&r=g\",\"caption\":\"Administrador\"},\"url\":\"https:\/\/www.asajacyl.com\/palencia\/author\/carlosrm\"}]}<\/script>\n<!-- \/ Yoast SEO plugin. -->","yoast_head_json":{"title":"El pasado fin de semana tuvo lugar la XII Convenci\u00f3n de Empleados de ASAJA en Castilla y Le\u00f3n - ASAJA Palencia","description":"El s\u00e1bado se clausur\u00f3 la Convenci\u00f3n de Empleados de ASAJA en Castilla y Le\u00f3n, que ha reunido desde ayer en Zamora a los cerca de 150 profesionales que","robots":{"index":"index","follow":"follow","max-snippet":"max-snippet:-1","max-image-preview":"max-image-preview:large","max-video-preview":"max-video-preview:-1"},"canonical":"https:\/\/www.asajacyl.com\/palencia\/asaja-palencia-informa\/el-pasado-fin-de-semana-tuvo-lugar-la-xii-convencion-de-empleados-de-asaja-en-castilla-y-leon","og_locale":"es_ES","og_type":"article","og_title":"El pasado fin de semana tuvo lugar la XII Convenci\u00f3n de Empleados de ASAJA en Castilla y Le\u00f3n - ASAJA Palencia","og_description":"El s\u00e1bado se clausur\u00f3 la Convenci\u00f3n de Empleados de ASAJA en Castilla y Le\u00f3n, que ha reunido desde ayer en Zamora a los cerca de 150 profesionales que","og_url":"https:\/\/www.asajacyl.com\/palencia\/asaja-palencia-informa\/el-pasado-fin-de-semana-tuvo-lugar-la-xii-convencion-de-empleados-de-asaja-en-castilla-y-leon","og_site_name":"ASAJA Palencia","article_published_time":"2022-11-21T12:14:13+00:00","article_modified_time":"2022-11-21T12:14:15+00:00","og_image":[{"width":2500,"height":1536,"url":"https:\/\/www.asajacyl.com\/palencia\/wp-content\/uploads\/sites\/3\/2022\/11\/EMPLEADOS-ASAJA.jpg","type":"image\/jpeg"}],"author":"Administrador","twitter_card":"summary_large_image","twitter_misc":{"Escrito por":"Administrador","Tiempo de lectura":"3 minutos"},"schema":{"@context":"https:\/\/schema.org","@graph":[{"@type":"WebPage","@id":"https:\/\/www.asajacyl.com\/palencia\/asaja-palencia-informa\/el-pasado-fin-de-semana-tuvo-lugar-la-xii-convencion-de-empleados-de-asaja-en-castilla-y-leon","url":"https:\/\/www.asajacyl.com\/palencia\/asaja-palencia-informa\/el-pasado-fin-de-semana-tuvo-lugar-la-xii-convencion-de-empleados-de-asaja-en-castilla-y-leon","name":"El pasado fin de semana tuvo lugar la XII Convenci\u00f3n de Empleados de ASAJA en Castilla y Le\u00f3n - ASAJA Palencia","isPartOf":{"@id":"https:\/\/www.asajacyl.com\/palencia\/#website"},"primaryImageOfPage":{"@id":"https:\/\/www.asajacyl.com\/palencia\/asaja-palencia-informa\/el-pasado-fin-de-semana-tuvo-lugar-la-xii-convencion-de-empleados-de-asaja-en-castilla-y-leon#primaryimage"},"image":{"@id":"https:\/\/www.asajacyl.com\/palencia\/asaja-palencia-informa\/el-pasado-fin-de-semana-tuvo-lugar-la-xii-convencion-de-empleados-de-asaja-en-castilla-y-leon#primaryimage"},"thumbnailUrl":"https:\/\/www.asajacyl.com\/palencia\/wp-content\/uploads\/sites\/3\/2022\/11\/EMPLEADOS-ASAJA.jpg","datePublished":"2022-11-21T12:14:13+00:00","dateModified":"2022-11-21T12:14:15+00:00","author":{"@id":"https:\/\/www.asajacyl.com\/palencia\/#\/schema\/person\/3ab17aeb03527485c317557fae64aab1"},"description":"El s\u00e1bado se clausur\u00f3 la Convenci\u00f3n de Empleados de ASAJA en Castilla y Le\u00f3n, que ha reunido desde ayer en Zamora a los cerca de 150 profesionales que","breadcrumb":{"@id":"https:\/\/www.asajacyl.com\/palencia\/asaja-palencia-informa\/el-pasado-fin-de-semana-tuvo-lugar-la-xii-convencion-de-empleados-de-asaja-en-castilla-y-leon#breadcrumb"},"inLanguage":"es","potentialAction":[{"@type":"ReadAction","target":["https:\/\/www.asajacyl.com\/palencia\/asaja-palencia-informa\/el-pasado-fin-de-semana-tuvo-lugar-la-xii-convencion-de-empleados-de-asaja-en-castilla-y-leon"]}]},{"@type":"ImageObject","inLanguage":"es","@id":"https:\/\/www.asajacyl.com\/palencia\/asaja-palencia-informa\/el-pasado-fin-de-semana-tuvo-lugar-la-xii-convencion-de-empleados-de-asaja-en-castilla-y-leon#primaryimage","url":"https:\/\/www.asajacyl.com\/palencia\/wp-content\/uploads\/sites\/3\/2022\/11\/EMPLEADOS-ASAJA.jpg","contentUrl":"https:\/\/www.asajacyl.com\/palencia\/wp-content\/uploads\/sites\/3\/2022\/11\/EMPLEADOS-ASAJA.jpg","width":2500,"height":1536},{"@type":"BreadcrumbList","@id":"https:\/\/www.asajacyl.com\/palencia\/asaja-palencia-informa\/el-pasado-fin-de-semana-tuvo-lugar-la-xii-convencion-de-empleados-de-asaja-en-castilla-y-leon#breadcrumb","itemListElement":[{"@type":"ListItem","position":1,"name":"Portada","item":"https:\/\/www.asajacyl.com\/palencia\/"},{"@type":"ListItem","position":2,"name":"El pasado fin de semana tuvo lugar la XII Convenci\u00f3n de Empleados de ASAJA en Castilla y Le\u00f3n"}]},{"@type":"WebSite","@id":"https:\/\/www.asajacyl.com\/palencia\/#website","url":"https:\/\/www.asajacyl.com\/palencia\/","name":"ASAJA Palencia","description":"Otro sitio m\u00e1s de Provincias ASAJA Castilla y Le\u00f3n","potentialAction":[{"@type":"SearchAction","target":{"@type":"EntryPoint","urlTemplate":"https:\/\/www.asajacyl.com\/palencia\/?s={search_term_string}"},"query-input":{"@type":"PropertyValueSpecification","valueRequired":true,"valueName":"search_term_string"}}],"inLanguage":"es"},{"@type":"Person","@id":"https:\/\/www.asajacyl.com\/palencia\/#\/schema\/person\/3ab17aeb03527485c317557fae64aab1","name":"Administrador","image":{"@type":"ImageObject","inLanguage":"es","@id":"https:\/\/www.asajacyl.com\/palencia\/#\/schema\/person\/image\/","url":"https:\/\/secure.gravatar.com\/avatar\/517384810d242ca9e38c180f3c9fb973?s=96&d=mm&r=g","contentUrl":"https:\/\/secure.gravatar.com\/avatar\/517384810d242ca9e38c180f3c9fb973?s=96&d=mm&r=g","caption":"Administrador"},"url":"https:\/\/www.asajacyl.com\/palencia\/author\/carlosrm"}]}},"_links":{"self":[{"href":"https:\/\/www.asajacyl.com\/palencia\/wp-json\/wp\/v2\/posts\/11805"}],"collection":[{"href":"https:\/\/www.asajacyl.com\/palencia\/wp-json\/wp\/v2\/posts"}],"about":[{"href":"https:\/\/www.asajacyl.com\/palencia\/wp-json\/wp\/v2\/types\/post"}],"author":[{"embeddable":true,"href":"https:\/\/www.asajacyl.com\/palencia\/wp-json\/wp\/v2\/users\/9"}],"replies":[{"embeddable":true,"href":"https:\/\/www.asajacyl.com\/palencia\/wp-json\/wp\/v2\/comments?post=11805"}],"version-history":[{"count":1,"href":"https:\/\/www.asajacyl.com\/palencia\/wp-json\/wp\/v2\/posts\/11805\/revisions"}],"predecessor-version":[{"id":11806,"href":"https:\/\/www.asajacyl.com\/palencia\/wp-json\/wp\/v2\/posts\/11805\/revisions\/11806"}],"wp:featuredmedia":[{"embeddable":true,"href":"https:\/\/www.asajacyl.com\/palencia\/wp-json\/wp\/v2\/media\/11803"}],"wp:attachment":[{"href":"https:\/\/www.asajacyl.com\/palencia\/wp-json\/wp\/v2\/media?parent=11805"}],"wp:term":[{"taxonomy":"category","embeddable":true,"href":"https:\/\/www.asajacyl.com\/palencia\/wp-json\/wp\/v2\/categories?post=11805"},{"taxonomy":"post_tag","embeddable":true,"href":"https:\/\/www.asajacyl.com\/palencia\/wp-json\/wp\/v2\/tags?post=11805"}],"curies":[{"name":"wp","href":"https:\/\/api.w.org\/{rel}","templated":true}]}}